{"id":10587,"date":"2024-11-23T12:24:50","date_gmt":"2024-11-23T12:24:50","guid":{"rendered":"https:\/\/www.letsportsrock.com\/?p=10587"},"modified":"2024-11-23T12:24:50","modified_gmt":"2024-11-23T12:24:50","slug":"george-becali-anunta-demisia-de-la-fcsb-din-cauza-rezultatelor-slabe","status":"publish","type":"post","link":"https:\/\/www.letsportsrock.com\/?p=10587","title":{"rendered":"George Becali anun\u021b\u0103 demisia de la FCSB din cauza rezultatelor slabe&#8230;."},"content":{"rendered":"<div class=\"d79db4796efc26332eabfc3f5dafbc76\" data-index=\"1\" style=\"float: none; margin:10px 0 10px 0; text-align:center;\">\n<div class=\"hb-ad-inarticle\">\r\n    <div class=\"hb-ad-inner\"> \r\n    <div class=\"hbagency_cls\"  id=\"hbagency_space_111930\"><\/div><\/div> <\/div>\n<\/div>\n<p>&nbsp;<\/p>\n<p>George Becali, patronul echipei de fotbal FCSB, a anun\u021bat ast\u0103zi c\u0103 va renun\u021ba la func\u021bia de conduc\u0103tor al clubului, invoc\u00e2nd ca principal motiv rezultatele slabe ale echipei din ultima perioad\u0103. Decizia vine la scurt timp dup\u0103 o serie de performan\u021be dezam\u0103gitoare \u00een competi\u021biile interne \u0219i interna\u021bionale, care au pus presiune pe conducerea clubului.<\/p>\n<p>&nbsp;<\/p>\n<p>\u00centr-o declara\u021bie oficial\u0103, Becali a subliniat c\u0103 \u00ee\u0219i asum\u0103 responsabilitatea pentru forma slab\u0103 a echipei \u0219i c\u0103, de\u0219i iube\u0219te FCSB \u0219i fotbalul, considera c\u0103 este momentul s\u0103 fac\u0103 o schimbare. \u201eAm luat decizia de a m\u0103 retrage pentru c\u0103 nu mai pot s\u0103 accept aceste rezultate. FCSB merit\u0103 mai mult \u0219i simt c\u0103 este momentul s\u0103 las loc altcuiva care poate aduce echipa pe drumul cel bun\u201d, a declarat Becali.<\/p>\n<p>&nbsp;<\/p>\n<p>Sub conducerea lui Becali, FCSB a avut at\u00e2t momente de glorie, c\u00e2t \u0219i perioade dificile, iar acest antrenor \u0219i om de afaceri a fost adesea \u00een centrul controversei din cauza deciziilor sale ferme \u0219i a stilului s\u0103u de conducere. De\u0219i FCSB a reu\u0219it s\u0103 c\u00e2\u0219tige titluri de campionat \u0219i s\u0103 joace \u00een cupele europene, \u00een ultima vreme echipa a avut rezultate sub a\u0219tept\u0103rile fanilor \u0219i ale conducerii.<\/p>\n<p>&nbsp;<\/p>\n<p>Conform surselor apropiate clubului, Becali va r\u0103m\u00e2ne totu\u0219i un sus\u021bin\u0103tor al echipei \u0219i va continua s\u0103 fie implicat financiar, dar nu va mai avea niciun rol activ \u00een conducerea zilnic\u0103. De asemenea, se speculeaz\u0103 deja despre cine ar putea prelua conducerea FCSB, iar numele antrenorilor \u0219i oamenilor de afaceri din Rom\u00e2nia sunt deja pe cale de a fi luate \u00een considerare pentru aceast\u0103 func\u021bie crucial\u0103.<\/p>\n\n<div style=\"font-size: 0px; height: 0px; line-height: 0px; margin: 0; padding: 0; clear: both;\"><\/div>","protected":false},"excerpt":{"rendered":"<p>&nbsp; George Becali, patronul echipei de fotbal FCSB, a anun\u021bat ast\u0103zi c\u0103 va renun\u021ba la func\u021bia de conduc\u0103tor al clubului, invoc\u00e2nd ca principal motiv rezultatele slabe ale echipei din ultima perioad\u0103. Decizia vine la scurt timp dup\u0103 o serie de performan\u021be dezam\u0103gitoare \u00een competi\u021biile interne \u0219i interna\u021bionale, care au pus presiune pe conducerea clubului. &nbsp; [&hellip;]<\/p>\n","protected":false},"author":1,"featured_media":10588,"comment_status":"open","ping_status":"open","sticky":false,"template":"","format":"standard","meta":{"_jetpack_memberships_contains_paid_content":false,"footnotes":""},"categories":[1],"tags":[],"class_list":["post-10587","post","type-post","status-publish","format-standard","has-post-thumbnail","hentry","category-uncategorized"],"yoast_head":"<!-- This site is optimized with the Yoast SEO plugin v27.4 - https:\/\/yoast.com\/product\/yoast-seo-wordpress\/ -->\n<title>George Becali anun\u021b\u0103 demisia de la FCSB din cauza rezul<\/title>\n<meta name=\"description\" content=\"George Becali anun\u021b\u0103 demisia de la FCSB din cauza rezultatelor slabe.........................................\" \/>\n<meta name=\"robots\" content=\"index, follow, max-snippet:-1, max-image-preview:large, max-video-preview:-1\" \/>\n<link rel=\"canonical\" href=\"https:\/\/www.letsportsrock.com\/?p=10587\" \/>\n<meta property=\"og:locale\" content=\"en_US\" \/>\n<meta property=\"og:type\" content=\"article\" \/>\n<meta property=\"og:title\" content=\"George Becali anun\u021b\u0103 demisia de la FCSB din cauza rezul\" \/>\n<meta property=\"og:description\" content=\"George Becali anun\u021b\u0103 demisia de la FCSB din cauza rezultatelor slabe.........................................\" \/>\n<meta property=\"og:url\" content=\"https:\/\/www.letsportsrock.com\/?p=10587\" \/>\n<meta property=\"og:site_name\" content=\"letsportsrock\" \/>\n<meta property=\"article:published_time\" content=\"2024-11-23T12:24:50+00:00\" \/>\n<meta property=\"og:image\" content=\"https:\/\/www.letsportsrock.com\/wp-content\/uploads\/2024\/11\/images-36-3.jpeg\" \/>\n\t<meta property=\"og:image:width\" content=\"677\" \/>\n\t<meta property=\"og:image:height\" content=\"453\" \/>\n\t<meta property=\"og:image:type\" content=\"image\/jpeg\" \/>\n<meta name=\"author\" content=\"letsportsrock\" \/>\n<meta name=\"twitter:card\" content=\"summary_large_image\" \/>\n<meta name=\"twitter:label1\" content=\"Written by\" \/>\n\t<meta name=\"twitter:data1\" content=\"letsportsrock\" \/>\n\t<meta name=\"twitter:label2\" content=\"Est. reading time\" \/>\n\t<meta name=\"twitter:data2\" content=\"2 minutes\" \/>\n<script type=\"application\/ld+json\" class=\"yoast-schema-graph\">{\"@context\":\"https:\\\/\\\/schema.org\",\"@graph\":[{\"@type\":\"Article\",\"@id\":\"https:\\\/\\\/www.letsportsrock.com\\\/?p=10587#article\",\"isPartOf\":{\"@id\":\"https:\\\/\\\/www.letsportsrock.com\\\/?p=10587\"},\"author\":{\"name\":\"letsportsrock\",\"@id\":\"https:\\\/\\\/www.letsportsrock.com\\\/#\\\/schema\\\/person\\\/a454ac24e58b214ddd97e4b5afb0bf01\"},\"headline\":\"George Becali anun\u021b\u0103 demisia de la FCSB din cauza rezultatelor slabe&#8230;.\",\"datePublished\":\"2024-11-23T12:24:50+00:00\",\"mainEntityOfPage\":{\"@id\":\"https:\\\/\\\/www.letsportsrock.com\\\/?p=10587\"},\"wordCount\":298,\"commentCount\":0,\"image\":{\"@id\":\"https:\\\/\\\/www.letsportsrock.com\\\/?p=10587#primaryimage\"},\"thumbnailUrl\":\"https:\\\/\\\/www.letsportsrock.com\\\/wp-content\\\/uploads\\\/2024\\\/11\\\/images-36-3.jpeg\",\"inLanguage\":\"en-US\",\"potentialAction\":[{\"@type\":\"CommentAction\",\"name\":\"Comment\",\"target\":[\"https:\\\/\\\/www.letsportsrock.com\\\/?p=10587#respond\"]}]},{\"@type\":\"WebPage\",\"@id\":\"https:\\\/\\\/www.letsportsrock.com\\\/?p=10587\",\"url\":\"https:\\\/\\\/www.letsportsrock.com\\\/?p=10587\",\"name\":\"George Becali anun\u021b\u0103 demisia de la FCSB din cauza rezul\",\"isPartOf\":{\"@id\":\"https:\\\/\\\/www.letsportsrock.com\\\/#website\"},\"primaryImageOfPage\":{\"@id\":\"https:\\\/\\\/www.letsportsrock.com\\\/?p=10587#primaryimage\"},\"image\":{\"@id\":\"https:\\\/\\\/www.letsportsrock.com\\\/?p=10587#primaryimage\"},\"thumbnailUrl\":\"https:\\\/\\\/www.letsportsrock.com\\\/wp-content\\\/uploads\\\/2024\\\/11\\\/images-36-3.jpeg\",\"datePublished\":\"2024-11-23T12:24:50+00:00\",\"author\":{\"@id\":\"https:\\\/\\\/www.letsportsrock.com\\\/#\\\/schema\\\/person\\\/a454ac24e58b214ddd97e4b5afb0bf01\"},\"description\":\"George Becali anun\u021b\u0103 demisia de la FCSB din cauza rezultatelor slabe.........................................\",\"breadcrumb\":{\"@id\":\"https:\\\/\\\/www.letsportsrock.com\\\/?p=10587#breadcrumb\"},\"inLanguage\":\"en-US\",\"potentialAction\":[{\"@type\":\"ReadAction\",\"target\":[\"https:\\\/\\\/www.letsportsrock.com\\\/?p=10587\"]}]},{\"@type\":\"ImageObject\",\"inLanguage\":\"en-US\",\"@id\":\"https:\\\/\\\/www.letsportsrock.com\\\/?p=10587#primaryimage\",\"url\":\"https:\\\/\\\/www.letsportsrock.com\\\/wp-content\\\/uploads\\\/2024\\\/11\\\/images-36-3.jpeg\",\"contentUrl\":\"https:\\\/\\\/www.letsportsrock.com\\\/wp-content\\\/uploads\\\/2024\\\/11\\\/images-36-3.jpeg\",\"width\":677,\"height\":453},{\"@type\":\"BreadcrumbList\",\"@id\":\"https:\\\/\\\/www.letsportsrock.com\\\/?p=10587#breadcrumb\",\"itemListElement\":[{\"@type\":\"ListItem\",\"position\":1,\"name\":\"Home\",\"item\":\"https:\\\/\\\/www.letsportsrock.com\\\/\"},{\"@type\":\"ListItem\",\"position\":2,\"name\":\"George Becali anun\u021b\u0103 demisia de la FCSB din cauza rezultatelor slabe&#8230;.\"}]},{\"@type\":\"WebSite\",\"@id\":\"https:\\\/\\\/www.letsportsrock.com\\\/#website\",\"url\":\"https:\\\/\\\/www.letsportsrock.com\\\/\",\"name\":\"letsportsrock\",\"description\":\"Sport News and Updates\",\"potentialAction\":[{\"@type\":\"SearchAction\",\"target\":{\"@type\":\"EntryPoint\",\"urlTemplate\":\"https:\\\/\\\/www.letsportsrock.com\\\/?s={search_term_string}\"},\"query-input\":{\"@type\":\"PropertyValueSpecification\",\"valueRequired\":true,\"valueName\":\"search_term_string\"}}],\"inLanguage\":\"en-US\"},{\"@type\":\"Person\",\"@id\":\"https:\\\/\\\/www.letsportsrock.com\\\/#\\\/schema\\\/person\\\/a454ac24e58b214ddd97e4b5afb0bf01\",\"name\":\"letsportsrock\",\"image\":{\"@type\":\"ImageObject\",\"inLanguage\":\"en-US\",\"@id\":\"https:\\\/\\\/secure.gravatar.com\\\/avatar\\\/f8ef950cbb7574c0bc874094b8d307659bfe2d7aa4a9d26fa6917eff010748f9?s=96&d=mm&r=g\",\"url\":\"https:\\\/\\\/secure.gravatar.com\\\/avatar\\\/f8ef950cbb7574c0bc874094b8d307659bfe2d7aa4a9d26fa6917eff010748f9?s=96&d=mm&r=g\",\"contentUrl\":\"https:\\\/\\\/secure.gravatar.com\\\/avatar\\\/f8ef950cbb7574c0bc874094b8d307659bfe2d7aa4a9d26fa6917eff010748f9?s=96&d=mm&r=g\",\"caption\":\"letsportsrock\"},\"sameAs\":[\"https:\\\/\\\/www.letsportsrock.com\"],\"url\":\"https:\\\/\\\/www.letsportsrock.com\\\/?author=1\"}]}<\/script>\n<!-- \/ Yoast SEO plugin. -->","yoast_head_json":{"title":"George Becali anun\u021b\u0103 demisia de la FCSB din cauza rezul","description":"George Becali anun\u021b\u0103 demisia de la FCSB din cauza rezultatelor slabe.........................................","robots":{"index":"index","follow":"follow","max-snippet":"max-snippet:-1","max-image-preview":"max-image-preview:large","max-video-preview":"max-video-preview:-1"},"canonical":"https:\/\/www.letsportsrock.com\/?p=10587","og_locale":"en_US","og_type":"article","og_title":"George Becali anun\u021b\u0103 demisia de la FCSB din cauza rezul","og_description":"George Becali anun\u021b\u0103 demisia de la FCSB din cauza rezultatelor slabe.........................................","og_url":"https:\/\/www.letsportsrock.com\/?p=10587","og_site_name":"letsportsrock","article_published_time":"2024-11-23T12:24:50+00:00","og_image":[{"width":677,"height":453,"url":"https:\/\/www.letsportsrock.com\/wp-content\/uploads\/2024\/11\/images-36-3.jpeg","type":"image\/jpeg"}],"author":"letsportsrock","twitter_card":"summary_large_image","twitter_misc":{"Written by":"letsportsrock","Est. reading time":"2 minutes"},"schema":{"@context":"https:\/\/schema.org","@graph":[{"@type":"Article","@id":"https:\/\/www.letsportsrock.com\/?p=10587#article","isPartOf":{"@id":"https:\/\/www.letsportsrock.com\/?p=10587"},"author":{"name":"letsportsrock","@id":"https:\/\/www.letsportsrock.com\/#\/schema\/person\/a454ac24e58b214ddd97e4b5afb0bf01"},"headline":"George Becali anun\u021b\u0103 demisia de la FCSB din cauza rezultatelor slabe&#8230;.","datePublished":"2024-11-23T12:24:50+00:00","mainEntityOfPage":{"@id":"https:\/\/www.letsportsrock.com\/?p=10587"},"wordCount":298,"commentCount":0,"image":{"@id":"https:\/\/www.letsportsrock.com\/?p=10587#primaryimage"},"thumbnailUrl":"https:\/\/www.letsportsrock.com\/wp-content\/uploads\/2024\/11\/images-36-3.jpeg","inLanguage":"en-US","potentialAction":[{"@type":"CommentAction","name":"Comment","target":["https:\/\/www.letsportsrock.com\/?p=10587#respond"]}]},{"@type":"WebPage","@id":"https:\/\/www.letsportsrock.com\/?p=10587","url":"https:\/\/www.letsportsrock.com\/?p=10587","name":"George Becali anun\u021b\u0103 demisia de la FCSB din cauza rezul","isPartOf":{"@id":"https:\/\/www.letsportsrock.com\/#website"},"primaryImageOfPage":{"@id":"https:\/\/www.letsportsrock.com\/?p=10587#primaryimage"},"image":{"@id":"https:\/\/www.letsportsrock.com\/?p=10587#primaryimage"},"thumbnailUrl":"https:\/\/www.letsportsrock.com\/wp-content\/uploads\/2024\/11\/images-36-3.jpeg","datePublished":"2024-11-23T12:24:50+00:00","author":{"@id":"https:\/\/www.letsportsrock.com\/#\/schema\/person\/a454ac24e58b214ddd97e4b5afb0bf01"},"description":"George Becali anun\u021b\u0103 demisia de la FCSB din cauza rezultatelor slabe.........................................","breadcrumb":{"@id":"https:\/\/www.letsportsrock.com\/?p=10587#breadcrumb"},"inLanguage":"en-US","potentialAction":[{"@type":"ReadAction","target":["https:\/\/www.letsportsrock.com\/?p=10587"]}]},{"@type":"ImageObject","inLanguage":"en-US","@id":"https:\/\/www.letsportsrock.com\/?p=10587#primaryimage","url":"https:\/\/www.letsportsrock.com\/wp-content\/uploads\/2024\/11\/images-36-3.jpeg","contentUrl":"https:\/\/www.letsportsrock.com\/wp-content\/uploads\/2024\/11\/images-36-3.jpeg","width":677,"height":453},{"@type":"BreadcrumbList","@id":"https:\/\/www.letsportsrock.com\/?p=10587#breadcrumb","itemListElement":[{"@type":"ListItem","position":1,"name":"Home","item":"https:\/\/www.letsportsrock.com\/"},{"@type":"ListItem","position":2,"name":"George Becali anun\u021b\u0103 demisia de la FCSB din cauza rezultatelor slabe&#8230;."}]},{"@type":"WebSite","@id":"https:\/\/www.letsportsrock.com\/#website","url":"https:\/\/www.letsportsrock.com\/","name":"letsportsrock","description":"Sport News and Updates","potentialAction":[{"@type":"SearchAction","target":{"@type":"EntryPoint","urlTemplate":"https:\/\/www.letsportsrock.com\/?s={search_term_string}"},"query-input":{"@type":"PropertyValueSpecification","valueRequired":true,"valueName":"search_term_string"}}],"inLanguage":"en-US"},{"@type":"Person","@id":"https:\/\/www.letsportsrock.com\/#\/schema\/person\/a454ac24e58b214ddd97e4b5afb0bf01","name":"letsportsrock","image":{"@type":"ImageObject","inLanguage":"en-US","@id":"https:\/\/secure.gravatar.com\/avatar\/f8ef950cbb7574c0bc874094b8d307659bfe2d7aa4a9d26fa6917eff010748f9?s=96&d=mm&r=g","url":"https:\/\/secure.gravatar.com\/avatar\/f8ef950cbb7574c0bc874094b8d307659bfe2d7aa4a9d26fa6917eff010748f9?s=96&d=mm&r=g","contentUrl":"https:\/\/secure.gravatar.com\/avatar\/f8ef950cbb7574c0bc874094b8d307659bfe2d7aa4a9d26fa6917eff010748f9?s=96&d=mm&r=g","caption":"letsportsrock"},"sameAs":["https:\/\/www.letsportsrock.com"],"url":"https:\/\/www.letsportsrock.com\/?author=1"}]}},"jetpack_featured_media_url":"https:\/\/www.letsportsrock.com\/wp-content\/uploads\/2024\/11\/images-36-3.jpeg","jetpack_sharing_enabled":true,"_links":{"self":[{"href":"https:\/\/www.letsportsrock.com\/index.php?rest_route=\/wp\/v2\/posts\/10587","targetHints":{"allow":["GET"]}}],"collection":[{"href":"https:\/\/www.letsportsrock.com\/index.php?rest_route=\/wp\/v2\/posts"}],"about":[{"href":"https:\/\/www.letsportsrock.com\/index.php?rest_route=\/wp\/v2\/types\/post"}],"author":[{"embeddable":true,"href":"https:\/\/www.letsportsrock.com\/index.php?rest_route=\/wp\/v2\/users\/1"}],"replies":[{"embeddable":true,"href":"https:\/\/www.letsportsrock.com\/index.php?rest_route=%2Fwp%2Fv2%2Fcomments&post=10587"}],"version-history":[{"count":1,"href":"https:\/\/www.letsportsrock.com\/index.php?rest_route=\/wp\/v2\/posts\/10587\/revisions"}],"predecessor-version":[{"id":10589,"href":"https:\/\/www.letsportsrock.com\/index.php?rest_route=\/wp\/v2\/posts\/10587\/revisions\/10589"}],"wp:featuredmedia":[{"embeddable":true,"href":"https:\/\/www.letsportsrock.com\/index.php?rest_route=\/wp\/v2\/media\/10588"}],"wp:attachment":[{"href":"https:\/\/www.letsportsrock.com\/index.php?rest_route=%2Fwp%2Fv2%2Fmedia&parent=10587"}],"wp:term":[{"taxonomy":"category","embeddable":true,"href":"https:\/\/www.letsportsrock.com\/index.php?rest_route=%2Fwp%2Fv2%2Fcategories&post=10587"},{"taxonomy":"post_tag","embeddable":true,"href":"https:\/\/www.letsportsrock.com\/index.php?rest_route=%2Fwp%2Fv2%2Ftags&post=10587"}],"curies":[{"name":"wp","href":"https:\/\/api.w.org\/{rel}","templated":true}]}}