{"id":10757,"date":"2024-11-27T09:53:30","date_gmt":"2024-11-27T09:53:30","guid":{"rendered":"https:\/\/www.letsportsrock.com\/?p=10757"},"modified":"2024-11-27T09:53:30","modified_gmt":"2024-11-27T09:53:30","slug":"afacere-finalizata-fc-rapid-bucuresti-a-semnat-in-urma-cu-cateva-minute-cu-kylian-mbappe-transferul-depasind-valoarea-de","status":"publish","type":"post","link":"https:\/\/www.letsportsrock.com\/?p=10757","title":{"rendered":"AFACERE FINALIZAT\u0102: FC Rapid Bucure\u0219ti a semnat \u00een urm\u0103 cu c\u00e2teva minute cu Kylian Mbapp\u00e9, transferul dep\u0103\u0219ind valoarea de&#8230;"},"content":{"rendered":"<div class=\"d79db4796efc26332eabfc3f5dafbc76\" data-index=\"1\" style=\"float: none; margin:10px 0 10px 0; text-align:center;\">\n<div class=\"hb-ad-inarticle\">\r\n    <div class=\"hb-ad-inner\"> \r\n    <div class=\"hbagency_cls\"  id=\"hbagency_space_111930\"><\/div><\/div> <\/div>\n<\/div>\n<p>&nbsp;<\/p>\n<p>&nbsp;<\/p>\n<p>\u00centr-o mi\u0219care spectaculoas\u0103 care a \u0219ocat lumea fotbalului, FC Rapid Bucure\u0219ti a anun\u021bat semnarea unui contract cu superstarul francez Kylian Mbapp\u00e9. Transferul, considerat unul dintre cele mai mari din istoria fotbalului rom\u00e2nesc, a fost finalizat \u00een urm\u0103 cu c\u00e2teva minute, iar suma pl\u0103tit\u0103 pentru acest transfer este una impresionant\u0103, dep\u0103\u0219ind 150 de milioane de euro.<\/p>\n<p>&nbsp;<\/p>\n<p>Mbapp\u00e9, \u00een v\u00e2rst\u0103 de 25 de ani, este unul dintre cei mai buni juc\u0103tori ai lumii \u0219i a c\u00e2\u0219tigat multiple trofee interna\u021bionale cu na\u021bionala Fran\u021bei, inclusiv Cupa Mondial\u0103 din 2018. Dup\u0103 un sezon excep\u021bional la Paris Saint-Germain, \u00een care a continuat s\u0103 \u00ee\u0219i demonstreze calit\u0103\u021bile de juc\u0103tor de top, decizia de a semna cu FC Rapid Bucure\u0219ti a surprins pe toat\u0103 lumea.<\/p>\n<p>&nbsp;<\/p>\n<p>Surse apropiate clubului au dezv\u0103luit c\u0103 transferul a fost posibil datorit\u0103 unui acord financiar semnificativ \u00eentre Rapid \u0219i sponsorii interna\u021bionali ai clubului. De asemenea, transferul vine \u00eentr-un moment \u00een care clubul bucure\u0219tean \u00ee\u0219i propune s\u0103 \u00ee\u0219i consolideze pozi\u021bia pe plan european \u0219i s\u0103 atrag\u0103 mai mul\u021bi fani din afacerea global\u0103 a fotbalului.<\/p>\n<p>&nbsp;<\/p>\n<p>Mbapp\u00e9 va semna un contract pe o perioad\u0103 de patru ani cu Rapid, iar pre\u0219edintele clubului, George Copos, a declarat c\u0103 \u201eeste un pas imens pentru Rapid \u0219i pentru fotbalul rom\u00e2nesc \u00een general. Kylian Mbapp\u00e9 este un juc\u0103tor care va duce echipa noastr\u0103 la urm\u0103torul nivel \u0219i va aduce o nou\u0103 er\u0103 \u00een istoria clubului\u201d.<\/p>\n<p>&nbsp;<\/p>\n<p>Mbapp\u00e9 urmeaz\u0103 s\u0103 ajung\u0103 la Bucure\u0219ti \u00een zilele urm\u0103toare, iar fanii echipei Rapid sunt deja \u00een delir, preg\u0103tindu-se s\u0103 \u00ee\u0219i vad\u0103 idolul pe stadionul Giule\u0219ti.<\/p>\n\n<div style=\"font-size: 0px; height: 0px; line-height: 0px; margin: 0; padding: 0; clear: both;\"><\/div>","protected":false},"excerpt":{"rendered":"<p>&nbsp; &nbsp; \u00centr-o mi\u0219care spectaculoas\u0103 care a \u0219ocat lumea fotbalului, FC Rapid Bucure\u0219ti a anun\u021bat semnarea unui contract cu superstarul francez Kylian Mbapp\u00e9. Transferul, considerat unul dintre cele mai mari din istoria fotbalului rom\u00e2nesc, a fost finalizat \u00een urm\u0103 cu c\u00e2teva minute, iar suma pl\u0103tit\u0103 pentru acest transfer este una impresionant\u0103, dep\u0103\u0219ind 150 de milioane [&hellip;]<\/p>\n","protected":false},"author":1,"featured_media":10758,"comment_status":"open","ping_status":"open","sticky":false,"template":"","format":"standard","meta":{"_jetpack_memberships_contains_paid_content":false,"footnotes":""},"categories":[1],"tags":[],"class_list":["post-10757","post","type-post","status-publish","format-standard","has-post-thumbnail","hentry","category-uncategorized"],"yoast_head":"<!-- This site is optimized with the Yoast SEO plugin v27.4 - https:\/\/yoast.com\/product\/yoast-seo-wordpress\/ -->\n<title>AFACERE FINALIZAT\u0102: FC Rapid Bucure\u0219ti a semnat \u00een urm\u0103<\/title>\n<meta name=\"description\" content=\"AFACERE FINALIZAT\u0102: FC Rapid Bucure\u0219ti a semnat \u00een urm\u0103 cu c\u00e2teva minute cu Kylian Mbapp\u00e9, transferul dep\u0103\u0219ind valoarea de...\" \/>\n<meta name=\"robots\" content=\"index, follow, max-snippet:-1, max-image-preview:large, max-video-preview:-1\" \/>\n<link rel=\"canonical\" href=\"https:\/\/www.letsportsrock.com\/?p=10757\" \/>\n<meta property=\"og:locale\" content=\"en_US\" \/>\n<meta property=\"og:type\" content=\"article\" \/>\n<meta property=\"og:title\" content=\"AFACERE FINALIZAT\u0102: FC Rapid Bucure\u0219ti a semnat \u00een urm\u0103\" \/>\n<meta property=\"og:description\" content=\"AFACERE FINALIZAT\u0102: FC Rapid Bucure\u0219ti a semnat \u00een urm\u0103 cu c\u00e2teva minute cu Kylian Mbapp\u00e9, transferul dep\u0103\u0219ind valoarea de...\" \/>\n<meta property=\"og:url\" content=\"https:\/\/www.letsportsrock.com\/?p=10757\" \/>\n<meta property=\"og:site_name\" content=\"letsportsrock\" \/>\n<meta property=\"article:published_time\" content=\"2024-11-27T09:53:30+00:00\" \/>\n<meta property=\"og:image\" content=\"https:\/\/www.letsportsrock.com\/wp-content\/uploads\/2024\/11\/images-59.jpeg\" \/>\n\t<meta property=\"og:image:width\" content=\"678\" \/>\n\t<meta property=\"og:image:height\" content=\"452\" \/>\n\t<meta property=\"og:image:type\" content=\"image\/jpeg\" \/>\n<meta name=\"author\" content=\"letsportsrock\" \/>\n<meta name=\"twitter:card\" content=\"summary_large_image\" \/>\n<meta name=\"twitter:label1\" content=\"Written by\" \/>\n\t<meta name=\"twitter:data1\" content=\"letsportsrock\" \/>\n\t<meta name=\"twitter:label2\" content=\"Est. reading time\" \/>\n\t<meta name=\"twitter:data2\" content=\"2 minutes\" \/>\n<script type=\"application\/ld+json\" class=\"yoast-schema-graph\">{\"@context\":\"https:\\\/\\\/schema.org\",\"@graph\":[{\"@type\":\"Article\",\"@id\":\"https:\\\/\\\/www.letsportsrock.com\\\/?p=10757#article\",\"isPartOf\":{\"@id\":\"https:\\\/\\\/www.letsportsrock.com\\\/?p=10757\"},\"author\":{\"name\":\"letsportsrock\",\"@id\":\"https:\\\/\\\/www.letsportsrock.com\\\/#\\\/schema\\\/person\\\/a454ac24e58b214ddd97e4b5afb0bf01\"},\"headline\":\"AFACERE FINALIZAT\u0102: FC Rapid Bucure\u0219ti a semnat \u00een urm\u0103 cu c\u00e2teva minute cu Kylian Mbapp\u00e9, transferul dep\u0103\u0219ind valoarea de&#8230;\",\"datePublished\":\"2024-11-27T09:53:30+00:00\",\"mainEntityOfPage\":{\"@id\":\"https:\\\/\\\/www.letsportsrock.com\\\/?p=10757\"},\"wordCount\":304,\"commentCount\":0,\"image\":{\"@id\":\"https:\\\/\\\/www.letsportsrock.com\\\/?p=10757#primaryimage\"},\"thumbnailUrl\":\"https:\\\/\\\/www.letsportsrock.com\\\/wp-content\\\/uploads\\\/2024\\\/11\\\/images-59.jpeg\",\"inLanguage\":\"en-US\",\"potentialAction\":[{\"@type\":\"CommentAction\",\"name\":\"Comment\",\"target\":[\"https:\\\/\\\/www.letsportsrock.com\\\/?p=10757#respond\"]}]},{\"@type\":\"WebPage\",\"@id\":\"https:\\\/\\\/www.letsportsrock.com\\\/?p=10757\",\"url\":\"https:\\\/\\\/www.letsportsrock.com\\\/?p=10757\",\"name\":\"AFACERE FINALIZAT\u0102: FC Rapid Bucure\u0219ti a semnat \u00een urm\u0103\",\"isPartOf\":{\"@id\":\"https:\\\/\\\/www.letsportsrock.com\\\/#website\"},\"primaryImageOfPage\":{\"@id\":\"https:\\\/\\\/www.letsportsrock.com\\\/?p=10757#primaryimage\"},\"image\":{\"@id\":\"https:\\\/\\\/www.letsportsrock.com\\\/?p=10757#primaryimage\"},\"thumbnailUrl\":\"https:\\\/\\\/www.letsportsrock.com\\\/wp-content\\\/uploads\\\/2024\\\/11\\\/images-59.jpeg\",\"datePublished\":\"2024-11-27T09:53:30+00:00\",\"author\":{\"@id\":\"https:\\\/\\\/www.letsportsrock.com\\\/#\\\/schema\\\/person\\\/a454ac24e58b214ddd97e4b5afb0bf01\"},\"description\":\"AFACERE FINALIZAT\u0102: FC Rapid Bucure\u0219ti a semnat \u00een urm\u0103 cu c\u00e2teva minute cu Kylian Mbapp\u00e9, transferul dep\u0103\u0219ind valoarea de...\",\"breadcrumb\":{\"@id\":\"https:\\\/\\\/www.letsportsrock.com\\\/?p=10757#breadcrumb\"},\"inLanguage\":\"en-US\",\"potentialAction\":[{\"@type\":\"ReadAction\",\"target\":[\"https:\\\/\\\/www.letsportsrock.com\\\/?p=10757\"]}]},{\"@type\":\"ImageObject\",\"inLanguage\":\"en-US\",\"@id\":\"https:\\\/\\\/www.letsportsrock.com\\\/?p=10757#primaryimage\",\"url\":\"https:\\\/\\\/www.letsportsrock.com\\\/wp-content\\\/uploads\\\/2024\\\/11\\\/images-59.jpeg\",\"contentUrl\":\"https:\\\/\\\/www.letsportsrock.com\\\/wp-content\\\/uploads\\\/2024\\\/11\\\/images-59.jpeg\",\"width\":678,\"height\":452},{\"@type\":\"BreadcrumbList\",\"@id\":\"https:\\\/\\\/www.letsportsrock.com\\\/?p=10757#breadcrumb\",\"itemListElement\":[{\"@type\":\"ListItem\",\"position\":1,\"name\":\"Home\",\"item\":\"https:\\\/\\\/www.letsportsrock.com\\\/\"},{\"@type\":\"ListItem\",\"position\":2,\"name\":\"AFACERE FINALIZAT\u0102: FC Rapid Bucure\u0219ti a semnat \u00een urm\u0103 cu c\u00e2teva minute cu Kylian Mbapp\u00e9, transferul dep\u0103\u0219ind valoarea de&#8230;\"}]},{\"@type\":\"WebSite\",\"@id\":\"https:\\\/\\\/www.letsportsrock.com\\\/#website\",\"url\":\"https:\\\/\\\/www.letsportsrock.com\\\/\",\"name\":\"letsportsrock\",\"description\":\"Sport News and Updates\",\"potentialAction\":[{\"@type\":\"SearchAction\",\"target\":{\"@type\":\"EntryPoint\",\"urlTemplate\":\"https:\\\/\\\/www.letsportsrock.com\\\/?s={search_term_string}\"},\"query-input\":{\"@type\":\"PropertyValueSpecification\",\"valueRequired\":true,\"valueName\":\"search_term_string\"}}],\"inLanguage\":\"en-US\"},{\"@type\":\"Person\",\"@id\":\"https:\\\/\\\/www.letsportsrock.com\\\/#\\\/schema\\\/person\\\/a454ac24e58b214ddd97e4b5afb0bf01\",\"name\":\"letsportsrock\",\"image\":{\"@type\":\"ImageObject\",\"inLanguage\":\"en-US\",\"@id\":\"https:\\\/\\\/secure.gravatar.com\\\/avatar\\\/f8ef950cbb7574c0bc874094b8d307659bfe2d7aa4a9d26fa6917eff010748f9?s=96&d=mm&r=g\",\"url\":\"https:\\\/\\\/secure.gravatar.com\\\/avatar\\\/f8ef950cbb7574c0bc874094b8d307659bfe2d7aa4a9d26fa6917eff010748f9?s=96&d=mm&r=g\",\"contentUrl\":\"https:\\\/\\\/secure.gravatar.com\\\/avatar\\\/f8ef950cbb7574c0bc874094b8d307659bfe2d7aa4a9d26fa6917eff010748f9?s=96&d=mm&r=g\",\"caption\":\"letsportsrock\"},\"sameAs\":[\"https:\\\/\\\/www.letsportsrock.com\"],\"url\":\"https:\\\/\\\/www.letsportsrock.com\\\/?author=1\"}]}<\/script>\n<!-- \/ Yoast SEO plugin. -->","yoast_head_json":{"title":"AFACERE FINALIZAT\u0102: FC Rapid Bucure\u0219ti a semnat \u00een urm\u0103","description":"AFACERE FINALIZAT\u0102: FC Rapid Bucure\u0219ti a semnat \u00een urm\u0103 cu c\u00e2teva minute cu Kylian Mbapp\u00e9, transferul dep\u0103\u0219ind valoarea de...","robots":{"index":"index","follow":"follow","max-snippet":"max-snippet:-1","max-image-preview":"max-image-preview:large","max-video-preview":"max-video-preview:-1"},"canonical":"https:\/\/www.letsportsrock.com\/?p=10757","og_locale":"en_US","og_type":"article","og_title":"AFACERE FINALIZAT\u0102: FC Rapid Bucure\u0219ti a semnat \u00een urm\u0103","og_description":"AFACERE FINALIZAT\u0102: FC Rapid Bucure\u0219ti a semnat \u00een urm\u0103 cu c\u00e2teva minute cu Kylian Mbapp\u00e9, transferul dep\u0103\u0219ind valoarea de...","og_url":"https:\/\/www.letsportsrock.com\/?p=10757","og_site_name":"letsportsrock","article_published_time":"2024-11-27T09:53:30+00:00","og_image":[{"width":678,"height":452,"url":"https:\/\/www.letsportsrock.com\/wp-content\/uploads\/2024\/11\/images-59.jpeg","type":"image\/jpeg"}],"author":"letsportsrock","twitter_card":"summary_large_image","twitter_misc":{"Written by":"letsportsrock","Est. reading time":"2 minutes"},"schema":{"@context":"https:\/\/schema.org","@graph":[{"@type":"Article","@id":"https:\/\/www.letsportsrock.com\/?p=10757#article","isPartOf":{"@id":"https:\/\/www.letsportsrock.com\/?p=10757"},"author":{"name":"letsportsrock","@id":"https:\/\/www.letsportsrock.com\/#\/schema\/person\/a454ac24e58b214ddd97e4b5afb0bf01"},"headline":"AFACERE FINALIZAT\u0102: FC Rapid Bucure\u0219ti a semnat \u00een urm\u0103 cu c\u00e2teva minute cu Kylian Mbapp\u00e9, transferul dep\u0103\u0219ind valoarea de&#8230;","datePublished":"2024-11-27T09:53:30+00:00","mainEntityOfPage":{"@id":"https:\/\/www.letsportsrock.com\/?p=10757"},"wordCount":304,"commentCount":0,"image":{"@id":"https:\/\/www.letsportsrock.com\/?p=10757#primaryimage"},"thumbnailUrl":"https:\/\/www.letsportsrock.com\/wp-content\/uploads\/2024\/11\/images-59.jpeg","inLanguage":"en-US","potentialAction":[{"@type":"CommentAction","name":"Comment","target":["https:\/\/www.letsportsrock.com\/?p=10757#respond"]}]},{"@type":"WebPage","@id":"https:\/\/www.letsportsrock.com\/?p=10757","url":"https:\/\/www.letsportsrock.com\/?p=10757","name":"AFACERE FINALIZAT\u0102: FC Rapid Bucure\u0219ti a semnat \u00een urm\u0103","isPartOf":{"@id":"https:\/\/www.letsportsrock.com\/#website"},"primaryImageOfPage":{"@id":"https:\/\/www.letsportsrock.com\/?p=10757#primaryimage"},"image":{"@id":"https:\/\/www.letsportsrock.com\/?p=10757#primaryimage"},"thumbnailUrl":"https:\/\/www.letsportsrock.com\/wp-content\/uploads\/2024\/11\/images-59.jpeg","datePublished":"2024-11-27T09:53:30+00:00","author":{"@id":"https:\/\/www.letsportsrock.com\/#\/schema\/person\/a454ac24e58b214ddd97e4b5afb0bf01"},"description":"AFACERE FINALIZAT\u0102: FC Rapid Bucure\u0219ti a semnat \u00een urm\u0103 cu c\u00e2teva minute cu Kylian Mbapp\u00e9, transferul dep\u0103\u0219ind valoarea de...","breadcrumb":{"@id":"https:\/\/www.letsportsrock.com\/?p=10757#breadcrumb"},"inLanguage":"en-US","potentialAction":[{"@type":"ReadAction","target":["https:\/\/www.letsportsrock.com\/?p=10757"]}]},{"@type":"ImageObject","inLanguage":"en-US","@id":"https:\/\/www.letsportsrock.com\/?p=10757#primaryimage","url":"https:\/\/www.letsportsrock.com\/wp-content\/uploads\/2024\/11\/images-59.jpeg","contentUrl":"https:\/\/www.letsportsrock.com\/wp-content\/uploads\/2024\/11\/images-59.jpeg","width":678,"height":452},{"@type":"BreadcrumbList","@id":"https:\/\/www.letsportsrock.com\/?p=10757#breadcrumb","itemListElement":[{"@type":"ListItem","position":1,"name":"Home","item":"https:\/\/www.letsportsrock.com\/"},{"@type":"ListItem","position":2,"name":"AFACERE FINALIZAT\u0102: FC Rapid Bucure\u0219ti a semnat \u00een urm\u0103 cu c\u00e2teva minute cu Kylian Mbapp\u00e9, transferul dep\u0103\u0219ind valoarea de&#8230;"}]},{"@type":"WebSite","@id":"https:\/\/www.letsportsrock.com\/#website","url":"https:\/\/www.letsportsrock.com\/","name":"letsportsrock","description":"Sport News and Updates","potentialAction":[{"@type":"SearchAction","target":{"@type":"EntryPoint","urlTemplate":"https:\/\/www.letsportsrock.com\/?s={search_term_string}"},"query-input":{"@type":"PropertyValueSpecification","valueRequired":true,"valueName":"search_term_string"}}],"inLanguage":"en-US"},{"@type":"Person","@id":"https:\/\/www.letsportsrock.com\/#\/schema\/person\/a454ac24e58b214ddd97e4b5afb0bf01","name":"letsportsrock","image":{"@type":"ImageObject","inLanguage":"en-US","@id":"https:\/\/secure.gravatar.com\/avatar\/f8ef950cbb7574c0bc874094b8d307659bfe2d7aa4a9d26fa6917eff010748f9?s=96&d=mm&r=g","url":"https:\/\/secure.gravatar.com\/avatar\/f8ef950cbb7574c0bc874094b8d307659bfe2d7aa4a9d26fa6917eff010748f9?s=96&d=mm&r=g","contentUrl":"https:\/\/secure.gravatar.com\/avatar\/f8ef950cbb7574c0bc874094b8d307659bfe2d7aa4a9d26fa6917eff010748f9?s=96&d=mm&r=g","caption":"letsportsrock"},"sameAs":["https:\/\/www.letsportsrock.com"],"url":"https:\/\/www.letsportsrock.com\/?author=1"}]}},"jetpack_featured_media_url":"https:\/\/www.letsportsrock.com\/wp-content\/uploads\/2024\/11\/images-59.jpeg","jetpack_sharing_enabled":true,"_links":{"self":[{"href":"https:\/\/www.letsportsrock.com\/index.php?rest_route=\/wp\/v2\/posts\/10757","targetHints":{"allow":["GET"]}}],"collection":[{"href":"https:\/\/www.letsportsrock.com\/index.php?rest_route=\/wp\/v2\/posts"}],"about":[{"href":"https:\/\/www.letsportsrock.com\/index.php?rest_route=\/wp\/v2\/types\/post"}],"author":[{"embeddable":true,"href":"https:\/\/www.letsportsrock.com\/index.php?rest_route=\/wp\/v2\/users\/1"}],"replies":[{"embeddable":true,"href":"https:\/\/www.letsportsrock.com\/index.php?rest_route=%2Fwp%2Fv2%2Fcomments&post=10757"}],"version-history":[{"count":1,"href":"https:\/\/www.letsportsrock.com\/index.php?rest_route=\/wp\/v2\/posts\/10757\/revisions"}],"predecessor-version":[{"id":10759,"href":"https:\/\/www.letsportsrock.com\/index.php?rest_route=\/wp\/v2\/posts\/10757\/revisions\/10759"}],"wp:featuredmedia":[{"embeddable":true,"href":"https:\/\/www.letsportsrock.com\/index.php?rest_route=\/wp\/v2\/media\/10758"}],"wp:attachment":[{"href":"https:\/\/www.letsportsrock.com\/index.php?rest_route=%2Fwp%2Fv2%2Fmedia&parent=10757"}],"wp:term":[{"taxonomy":"category","embeddable":true,"href":"https:\/\/www.letsportsrock.com\/index.php?rest_route=%2Fwp%2Fv2%2Fcategories&post=10757"},{"taxonomy":"post_tag","embeddable":true,"href":"https:\/\/www.letsportsrock.com\/index.php?rest_route=%2Fwp%2Fv2%2Ftags&post=10757"}],"curies":[{"name":"wp","href":"https:\/\/api.w.org\/{rel}","templated":true}]}}