{"id":11814,"date":"2024-12-08T09:39:13","date_gmt":"2024-12-08T09:39:13","guid":{"rendered":"https:\/\/www.letsportsrock.com\/?p=11814"},"modified":"2024-12-08T09:39:13","modified_gmt":"2024-12-08T09:39:13","slug":"stiri-triste-presedintele-fc-dinamo-bucuresti-andrei-nicolescu-isi-anunta-demisia-din-functie","status":"publish","type":"post","link":"https:\/\/www.letsportsrock.com\/?p=11814","title":{"rendered":"\u0218tiri Triste: Pre\u0219edintele FC Dinamo Bucure\u0219ti, Andrei Nicolescu, \u00ee\u0219i anun\u021b\u0103 demisia din func\u021bie"},"content":{"rendered":"<div class=\"d79db4796efc26332eabfc3f5dafbc76\" data-index=\"1\" style=\"float: none; margin:10px 0 10px 0; text-align:center;\">\n<div class=\"hb-ad-inarticle\">\r\n    <div class=\"hb-ad-inner\"> \r\n    <div class=\"hbagency_cls\"  id=\"hbagency_space_111930\"><\/div><\/div> <\/div>\n<\/div>\n<p>&nbsp;<\/p>\n<p>&nbsp;<\/p>\n<p>Andrei Nicolescu, pre\u0219edintele clubului FC Dinamo Bucure\u0219ti, a anun\u021bat ast\u0103zi, \u00eentr-un comunicat oficial, c\u0103 \u00ee\u0219i va da demisia din func\u021bie, provoc\u00e2nd o und\u0103 de \u0219oc \u00een r\u00e2ndul fanilor \u0219i al \u00eentregii comunit\u0103\u021bi fotbalistice din Rom\u00e2nia. Decizia sa vine pe fondul unor dificult\u0103\u021bi interne \u0219i externe care au afectat activitatea clubului \u00een ultima perioad\u0103.<\/p>\n<p>&nbsp;<\/p>\n<p>\u00cen cadrul unui mesaj emo\u021bionant, Nicolescu a explicat c\u0103 a fost o perioad\u0103 extrem de dificil\u0103 pentru club, cu multe provoc\u0103ri financiare \u0219i sportive, dar \u0219i cu o presiune cresc\u00e2nd\u0103 din partea suporterilor \u0219i a mass-mediei. De\u0219i a \u00eencercat s\u0103 gestioneze aceste probleme cu toat\u0103 energia sa, el consider\u0103 c\u0103 pentru binele clubului \u0219i al echipei, este momentul s\u0103 fac\u0103 acest pas.<\/p>\n<p>&nbsp;<\/p>\n<p>\u201eDin p\u0103cate, \u00een ciuda tuturor eforturilor depuse, nu am reu\u0219it s\u0103 aducem stabilitatea \u0219i succesul pe care le dorim at\u00e2t pentru echip\u0103, c\u00e2t \u0219i pentru fanii no\u0219tri. Consider c\u0103 este timpul ca o nou\u0103 conducere s\u0103 aduc\u0103 o schimbare pozitiv\u0103 \u0219i s\u0103 preia responsabilit\u0103\u021bile necesare pentru a ridica din nou Dinamo acolo unde \u00eei este locul&#8221;, a declarat Nicolescu.<\/p>\n<p>&nbsp;<\/p>\n<p>Respingerea unor solu\u021bii financiare \u0219i schimb\u0103rile constante din echip\u0103 au contribuit la decizia sa, iar Nicolescu a afirmat c\u0103 este convins c\u0103 este nevoie de o nou\u0103 viziune pentru a readuce clubul \u00een elita fotbalului rom\u00e2nesc. De asemenea, a mul\u021bumit fanilor pentru sus\u021binerea constant\u0103 \u0219i a subliniat c\u0103, de\u0219i \u00ee\u0219i \u00eencheie mandatul, va r\u0103m\u00e2ne un suporter al echipei.<\/p>\n<p>&nbsp;<\/p>\n<p>Aceast\u0103 demisie vine \u00eentr-un moment crucial pentru FC Dinamo, iar viitorul clubului r\u0103m\u00e2ne nesigur, av\u00e2nd \u00een vedere contextul dificil \u00een care se afl\u0103 echipa.<\/p>\n\n<div style=\"font-size: 0px; height: 0px; line-height: 0px; margin: 0; padding: 0; clear: both;\"><\/div>","protected":false},"excerpt":{"rendered":"<p>&nbsp; &nbsp; Andrei Nicolescu, pre\u0219edintele clubului FC Dinamo Bucure\u0219ti, a anun\u021bat ast\u0103zi, \u00eentr-un comunicat oficial, c\u0103 \u00ee\u0219i va da demisia din func\u021bie, provoc\u00e2nd o und\u0103 de \u0219oc \u00een r\u00e2ndul fanilor \u0219i al \u00eentregii comunit\u0103\u021bi fotbalistice din Rom\u00e2nia. Decizia sa vine pe fondul unor dificult\u0103\u021bi interne \u0219i externe care au afectat activitatea clubului \u00een ultima perioad\u0103. [&hellip;]<\/p>\n","protected":false},"author":1,"featured_media":11815,"comment_status":"open","ping_status":"open","sticky":false,"template":"","format":"standard","meta":{"_jetpack_memberships_contains_paid_content":false,"footnotes":""},"categories":[1],"tags":[],"class_list":["post-11814","post","type-post","status-publish","format-standard","has-post-thumbnail","hentry","category-uncategorized"],"yoast_head":"<!-- This site is optimized with the Yoast SEO plugin v27.4 - https:\/\/yoast.com\/product\/yoast-seo-wordpress\/ -->\n<title>\u0218tiri Triste: Pre\u0219edintele FC Dinamo Bucure\u0219ti, Andr<\/title>\n<meta name=\"description\" content=\"\u0218tiri Triste: Pre\u0219edintele FC Dinamo Bucure\u0219ti, Andrei Nicolescu, \u00ee\u0219i anun\u021b\u0103 demisia din func\u021bie...............\" \/>\n<meta name=\"robots\" content=\"index, follow, max-snippet:-1, max-image-preview:large, max-video-preview:-1\" \/>\n<link rel=\"canonical\" href=\"https:\/\/www.letsportsrock.com\/?p=11814\" \/>\n<meta property=\"og:locale\" content=\"en_US\" \/>\n<meta property=\"og:type\" content=\"article\" \/>\n<meta property=\"og:title\" content=\"\u0218tiri Triste: Pre\u0219edintele FC Dinamo Bucure\u0219ti, Andr\" \/>\n<meta property=\"og:description\" content=\"\u0218tiri Triste: Pre\u0219edintele FC Dinamo Bucure\u0219ti, Andrei Nicolescu, \u00ee\u0219i anun\u021b\u0103 demisia din func\u021bie...............\" \/>\n<meta property=\"og:url\" content=\"https:\/\/www.letsportsrock.com\/?p=11814\" \/>\n<meta property=\"og:site_name\" content=\"letsportsrock\" \/>\n<meta property=\"article:published_time\" content=\"2024-12-08T09:39:13+00:00\" \/>\n<meta property=\"og:image\" content=\"https:\/\/www.letsportsrock.com\/wp-content\/uploads\/2024\/12\/images-2024-12-08T103844.046.jpeg\" \/>\n\t<meta property=\"og:image:width\" content=\"628\" \/>\n\t<meta property=\"og:image:height\" content=\"488\" \/>\n\t<meta property=\"og:image:type\" content=\"image\/jpeg\" \/>\n<meta name=\"author\" content=\"letsportsrock\" \/>\n<meta name=\"twitter:card\" content=\"summary_large_image\" \/>\n<meta name=\"twitter:label1\" content=\"Written by\" \/>\n\t<meta name=\"twitter:data1\" content=\"letsportsrock\" \/>\n\t<meta name=\"twitter:label2\" content=\"Est. reading time\" \/>\n\t<meta name=\"twitter:data2\" content=\"2 minutes\" \/>\n<script type=\"application\/ld+json\" class=\"yoast-schema-graph\">{\"@context\":\"https:\\\/\\\/schema.org\",\"@graph\":[{\"@type\":\"Article\",\"@id\":\"https:\\\/\\\/www.letsportsrock.com\\\/?p=11814#article\",\"isPartOf\":{\"@id\":\"https:\\\/\\\/www.letsportsrock.com\\\/?p=11814\"},\"author\":{\"name\":\"letsportsrock\",\"@id\":\"https:\\\/\\\/www.letsportsrock.com\\\/#\\\/schema\\\/person\\\/a454ac24e58b214ddd97e4b5afb0bf01\"},\"headline\":\"\u0218tiri Triste: Pre\u0219edintele FC Dinamo Bucure\u0219ti, Andrei Nicolescu, \u00ee\u0219i anun\u021b\u0103 demisia din func\u021bie\",\"datePublished\":\"2024-12-08T09:39:13+00:00\",\"mainEntityOfPage\":{\"@id\":\"https:\\\/\\\/www.letsportsrock.com\\\/?p=11814\"},\"wordCount\":309,\"commentCount\":0,\"image\":{\"@id\":\"https:\\\/\\\/www.letsportsrock.com\\\/?p=11814#primaryimage\"},\"thumbnailUrl\":\"https:\\\/\\\/www.letsportsrock.com\\\/wp-content\\\/uploads\\\/2024\\\/12\\\/images-2024-12-08T103844.046.jpeg\",\"inLanguage\":\"en-US\",\"potentialAction\":[{\"@type\":\"CommentAction\",\"name\":\"Comment\",\"target\":[\"https:\\\/\\\/www.letsportsrock.com\\\/?p=11814#respond\"]}]},{\"@type\":\"WebPage\",\"@id\":\"https:\\\/\\\/www.letsportsrock.com\\\/?p=11814\",\"url\":\"https:\\\/\\\/www.letsportsrock.com\\\/?p=11814\",\"name\":\"\u0218tiri Triste: Pre\u0219edintele FC Dinamo Bucure\u0219ti, Andr\",\"isPartOf\":{\"@id\":\"https:\\\/\\\/www.letsportsrock.com\\\/#website\"},\"primaryImageOfPage\":{\"@id\":\"https:\\\/\\\/www.letsportsrock.com\\\/?p=11814#primaryimage\"},\"image\":{\"@id\":\"https:\\\/\\\/www.letsportsrock.com\\\/?p=11814#primaryimage\"},\"thumbnailUrl\":\"https:\\\/\\\/www.letsportsrock.com\\\/wp-content\\\/uploads\\\/2024\\\/12\\\/images-2024-12-08T103844.046.jpeg\",\"datePublished\":\"2024-12-08T09:39:13+00:00\",\"author\":{\"@id\":\"https:\\\/\\\/www.letsportsrock.com\\\/#\\\/schema\\\/person\\\/a454ac24e58b214ddd97e4b5afb0bf01\"},\"description\":\"\u0218tiri Triste: Pre\u0219edintele FC Dinamo Bucure\u0219ti, Andrei Nicolescu, \u00ee\u0219i anun\u021b\u0103 demisia din func\u021bie...............\",\"breadcrumb\":{\"@id\":\"https:\\\/\\\/www.letsportsrock.com\\\/?p=11814#breadcrumb\"},\"inLanguage\":\"en-US\",\"potentialAction\":[{\"@type\":\"ReadAction\",\"target\":[\"https:\\\/\\\/www.letsportsrock.com\\\/?p=11814\"]}]},{\"@type\":\"ImageObject\",\"inLanguage\":\"en-US\",\"@id\":\"https:\\\/\\\/www.letsportsrock.com\\\/?p=11814#primaryimage\",\"url\":\"https:\\\/\\\/www.letsportsrock.com\\\/wp-content\\\/uploads\\\/2024\\\/12\\\/images-2024-12-08T103844.046.jpeg\",\"contentUrl\":\"https:\\\/\\\/www.letsportsrock.com\\\/wp-content\\\/uploads\\\/2024\\\/12\\\/images-2024-12-08T103844.046.jpeg\",\"width\":628,\"height\":488},{\"@type\":\"BreadcrumbList\",\"@id\":\"https:\\\/\\\/www.letsportsrock.com\\\/?p=11814#breadcrumb\",\"itemListElement\":[{\"@type\":\"ListItem\",\"position\":1,\"name\":\"Home\",\"item\":\"https:\\\/\\\/www.letsportsrock.com\\\/\"},{\"@type\":\"ListItem\",\"position\":2,\"name\":\"\u0218tiri Triste: Pre\u0219edintele FC Dinamo Bucure\u0219ti, Andrei Nicolescu, \u00ee\u0219i anun\u021b\u0103 demisia din func\u021bie\"}]},{\"@type\":\"WebSite\",\"@id\":\"https:\\\/\\\/www.letsportsrock.com\\\/#website\",\"url\":\"https:\\\/\\\/www.letsportsrock.com\\\/\",\"name\":\"letsportsrock\",\"description\":\"Sport News and Updates\",\"potentialAction\":[{\"@type\":\"SearchAction\",\"target\":{\"@type\":\"EntryPoint\",\"urlTemplate\":\"https:\\\/\\\/www.letsportsrock.com\\\/?s={search_term_string}\"},\"query-input\":{\"@type\":\"PropertyValueSpecification\",\"valueRequired\":true,\"valueName\":\"search_term_string\"}}],\"inLanguage\":\"en-US\"},{\"@type\":\"Person\",\"@id\":\"https:\\\/\\\/www.letsportsrock.com\\\/#\\\/schema\\\/person\\\/a454ac24e58b214ddd97e4b5afb0bf01\",\"name\":\"letsportsrock\",\"image\":{\"@type\":\"ImageObject\",\"inLanguage\":\"en-US\",\"@id\":\"https:\\\/\\\/secure.gravatar.com\\\/avatar\\\/f8ef950cbb7574c0bc874094b8d307659bfe2d7aa4a9d26fa6917eff010748f9?s=96&d=mm&r=g\",\"url\":\"https:\\\/\\\/secure.gravatar.com\\\/avatar\\\/f8ef950cbb7574c0bc874094b8d307659bfe2d7aa4a9d26fa6917eff010748f9?s=96&d=mm&r=g\",\"contentUrl\":\"https:\\\/\\\/secure.gravatar.com\\\/avatar\\\/f8ef950cbb7574c0bc874094b8d307659bfe2d7aa4a9d26fa6917eff010748f9?s=96&d=mm&r=g\",\"caption\":\"letsportsrock\"},\"sameAs\":[\"https:\\\/\\\/www.letsportsrock.com\"],\"url\":\"https:\\\/\\\/www.letsportsrock.com\\\/?author=1\"}]}<\/script>\n<!-- \/ Yoast SEO plugin. -->","yoast_head_json":{"title":"\u0218tiri Triste: Pre\u0219edintele FC Dinamo Bucure\u0219ti, Andr","description":"\u0218tiri Triste: Pre\u0219edintele FC Dinamo Bucure\u0219ti, Andrei Nicolescu, \u00ee\u0219i anun\u021b\u0103 demisia din func\u021bie...............","robots":{"index":"index","follow":"follow","max-snippet":"max-snippet:-1","max-image-preview":"max-image-preview:large","max-video-preview":"max-video-preview:-1"},"canonical":"https:\/\/www.letsportsrock.com\/?p=11814","og_locale":"en_US","og_type":"article","og_title":"\u0218tiri Triste: Pre\u0219edintele FC Dinamo Bucure\u0219ti, Andr","og_description":"\u0218tiri Triste: Pre\u0219edintele FC Dinamo Bucure\u0219ti, Andrei Nicolescu, \u00ee\u0219i anun\u021b\u0103 demisia din func\u021bie...............","og_url":"https:\/\/www.letsportsrock.com\/?p=11814","og_site_name":"letsportsrock","article_published_time":"2024-12-08T09:39:13+00:00","og_image":[{"width":628,"height":488,"url":"https:\/\/www.letsportsrock.com\/wp-content\/uploads\/2024\/12\/images-2024-12-08T103844.046.jpeg","type":"image\/jpeg"}],"author":"letsportsrock","twitter_card":"summary_large_image","twitter_misc":{"Written by":"letsportsrock","Est. reading time":"2 minutes"},"schema":{"@context":"https:\/\/schema.org","@graph":[{"@type":"Article","@id":"https:\/\/www.letsportsrock.com\/?p=11814#article","isPartOf":{"@id":"https:\/\/www.letsportsrock.com\/?p=11814"},"author":{"name":"letsportsrock","@id":"https:\/\/www.letsportsrock.com\/#\/schema\/person\/a454ac24e58b214ddd97e4b5afb0bf01"},"headline":"\u0218tiri Triste: Pre\u0219edintele FC Dinamo Bucure\u0219ti, Andrei Nicolescu, \u00ee\u0219i anun\u021b\u0103 demisia din func\u021bie","datePublished":"2024-12-08T09:39:13+00:00","mainEntityOfPage":{"@id":"https:\/\/www.letsportsrock.com\/?p=11814"},"wordCount":309,"commentCount":0,"image":{"@id":"https:\/\/www.letsportsrock.com\/?p=11814#primaryimage"},"thumbnailUrl":"https:\/\/www.letsportsrock.com\/wp-content\/uploads\/2024\/12\/images-2024-12-08T103844.046.jpeg","inLanguage":"en-US","potentialAction":[{"@type":"CommentAction","name":"Comment","target":["https:\/\/www.letsportsrock.com\/?p=11814#respond"]}]},{"@type":"WebPage","@id":"https:\/\/www.letsportsrock.com\/?p=11814","url":"https:\/\/www.letsportsrock.com\/?p=11814","name":"\u0218tiri Triste: Pre\u0219edintele FC Dinamo Bucure\u0219ti, Andr","isPartOf":{"@id":"https:\/\/www.letsportsrock.com\/#website"},"primaryImageOfPage":{"@id":"https:\/\/www.letsportsrock.com\/?p=11814#primaryimage"},"image":{"@id":"https:\/\/www.letsportsrock.com\/?p=11814#primaryimage"},"thumbnailUrl":"https:\/\/www.letsportsrock.com\/wp-content\/uploads\/2024\/12\/images-2024-12-08T103844.046.jpeg","datePublished":"2024-12-08T09:39:13+00:00","author":{"@id":"https:\/\/www.letsportsrock.com\/#\/schema\/person\/a454ac24e58b214ddd97e4b5afb0bf01"},"description":"\u0218tiri Triste: Pre\u0219edintele FC Dinamo Bucure\u0219ti, Andrei Nicolescu, \u00ee\u0219i anun\u021b\u0103 demisia din func\u021bie...............","breadcrumb":{"@id":"https:\/\/www.letsportsrock.com\/?p=11814#breadcrumb"},"inLanguage":"en-US","potentialAction":[{"@type":"ReadAction","target":["https:\/\/www.letsportsrock.com\/?p=11814"]}]},{"@type":"ImageObject","inLanguage":"en-US","@id":"https:\/\/www.letsportsrock.com\/?p=11814#primaryimage","url":"https:\/\/www.letsportsrock.com\/wp-content\/uploads\/2024\/12\/images-2024-12-08T103844.046.jpeg","contentUrl":"https:\/\/www.letsportsrock.com\/wp-content\/uploads\/2024\/12\/images-2024-12-08T103844.046.jpeg","width":628,"height":488},{"@type":"BreadcrumbList","@id":"https:\/\/www.letsportsrock.com\/?p=11814#breadcrumb","itemListElement":[{"@type":"ListItem","position":1,"name":"Home","item":"https:\/\/www.letsportsrock.com\/"},{"@type":"ListItem","position":2,"name":"\u0218tiri Triste: Pre\u0219edintele FC Dinamo Bucure\u0219ti, Andrei Nicolescu, \u00ee\u0219i anun\u021b\u0103 demisia din func\u021bie"}]},{"@type":"WebSite","@id":"https:\/\/www.letsportsrock.com\/#website","url":"https:\/\/www.letsportsrock.com\/","name":"letsportsrock","description":"Sport News and Updates","potentialAction":[{"@type":"SearchAction","target":{"@type":"EntryPoint","urlTemplate":"https:\/\/www.letsportsrock.com\/?s={search_term_string}"},"query-input":{"@type":"PropertyValueSpecification","valueRequired":true,"valueName":"search_term_string"}}],"inLanguage":"en-US"},{"@type":"Person","@id":"https:\/\/www.letsportsrock.com\/#\/schema\/person\/a454ac24e58b214ddd97e4b5afb0bf01","name":"letsportsrock","image":{"@type":"ImageObject","inLanguage":"en-US","@id":"https:\/\/secure.gravatar.com\/avatar\/f8ef950cbb7574c0bc874094b8d307659bfe2d7aa4a9d26fa6917eff010748f9?s=96&d=mm&r=g","url":"https:\/\/secure.gravatar.com\/avatar\/f8ef950cbb7574c0bc874094b8d307659bfe2d7aa4a9d26fa6917eff010748f9?s=96&d=mm&r=g","contentUrl":"https:\/\/secure.gravatar.com\/avatar\/f8ef950cbb7574c0bc874094b8d307659bfe2d7aa4a9d26fa6917eff010748f9?s=96&d=mm&r=g","caption":"letsportsrock"},"sameAs":["https:\/\/www.letsportsrock.com"],"url":"https:\/\/www.letsportsrock.com\/?author=1"}]}},"jetpack_featured_media_url":"https:\/\/www.letsportsrock.com\/wp-content\/uploads\/2024\/12\/images-2024-12-08T103844.046.jpeg","jetpack_sharing_enabled":true,"_links":{"self":[{"href":"https:\/\/www.letsportsrock.com\/index.php?rest_route=\/wp\/v2\/posts\/11814","targetHints":{"allow":["GET"]}}],"collection":[{"href":"https:\/\/www.letsportsrock.com\/index.php?rest_route=\/wp\/v2\/posts"}],"about":[{"href":"https:\/\/www.letsportsrock.com\/index.php?rest_route=\/wp\/v2\/types\/post"}],"author":[{"embeddable":true,"href":"https:\/\/www.letsportsrock.com\/index.php?rest_route=\/wp\/v2\/users\/1"}],"replies":[{"embeddable":true,"href":"https:\/\/www.letsportsrock.com\/index.php?rest_route=%2Fwp%2Fv2%2Fcomments&post=11814"}],"version-history":[{"count":1,"href":"https:\/\/www.letsportsrock.com\/index.php?rest_route=\/wp\/v2\/posts\/11814\/revisions"}],"predecessor-version":[{"id":11816,"href":"https:\/\/www.letsportsrock.com\/index.php?rest_route=\/wp\/v2\/posts\/11814\/revisions\/11816"}],"wp:featuredmedia":[{"embeddable":true,"href":"https:\/\/www.letsportsrock.com\/index.php?rest_route=\/wp\/v2\/media\/11815"}],"wp:attachment":[{"href":"https:\/\/www.letsportsrock.com\/index.php?rest_route=%2Fwp%2Fv2%2Fmedia&parent=11814"}],"wp:term":[{"taxonomy":"category","embeddable":true,"href":"https:\/\/www.letsportsrock.com\/index.php?rest_route=%2Fwp%2Fv2%2Fcategories&post=11814"},{"taxonomy":"post_tag","embeddable":true,"href":"https:\/\/www.letsportsrock.com\/index.php?rest_route=%2Fwp%2Fv2%2Ftags&post=11814"}],"curies":[{"name":"wp","href":"https:\/\/api.w.org\/{rel}","templated":true}]}}