{"id":11844,"date":"2024-12-08T15:49:53","date_gmt":"2024-12-08T15:49:53","guid":{"rendered":"https:\/\/www.letsportsrock.com\/?p=11844"},"modified":"2024-12-08T15:49:53","modified_gmt":"2024-12-08T15:49:53","slug":"veste-trista-pentru-fc-dinamo-bucuresti-a-plecat","status":"publish","type":"post","link":"https:\/\/www.letsportsrock.com\/?p=11844","title":{"rendered":"Veste Trist\u0103 Pentru FC Dinamo Bucure\u0219ti: A Plecat&#8230;"},"content":{"rendered":"<div class=\"d79db4796efc26332eabfc3f5dafbc76\" data-index=\"1\" style=\"float: none; margin:10px 0 10px 0; text-align:center;\">\n<div class=\"hb-ad-inarticle\">\r\n    <div class=\"hb-ad-inner\"> \r\n    <div class=\"hbagency_cls\"  id=\"hbagency_space_111930\"><\/div><\/div> <\/div>\n<\/div>\n<p>&nbsp;<\/p>\n<p>FC Dinamo Bucure\u0219ti, unul dintre cele mai iubite cluburi din Rom\u00e2nia, a fost lovit de o veste trist\u0103. Unul dintre marii s\u0103i juc\u0103tori, un simbol al echipei, a p\u0103r\u0103sit aceast\u0103 lume. Aceast\u0103 pierdere a l\u0103sat o durere profund\u0103 \u00een inimile suporterilor \u0219i ale celor care au avut privilegiul s\u0103-l cunoasc\u0103. Este un moment de reculegere pentru \u00eentreaga comunitate dinamovist\u0103.<\/p>\n<p>&nbsp;<\/p>\n<p>Fiecare club de fotbal are eroii s\u0103i, iar Dinamo nu a fost niciodat\u0103 lipsit\u0103 de asemenea figuri legendare. Acest juc\u0103tor, care a dat totul pentru culorile ro\u0219-albe, a r\u0103mas un nume de referin\u021b\u0103 \u00een istoria echipei. A fost un juc\u0103tor care a demonstrat nu doar talent, ci \u0219i o dedicare neclintit\u0103 pentru echip\u0103, iar amintirile despre el vor r\u0103m\u00e2ne vii \u00een memoria suporterilor.<\/p>\n<p>&nbsp;<\/p>\n<p>\u00cen acest moment greu, g\u00e2ndurile noastre se \u00eendreapt\u0103 c\u0103tre familia sa, colegii de echip\u0103 \u0219i to\u021bi cei care l-au admirat de-a lungul carierei. De asemenea, suporterii dinamovi\u0219ti, care au fost al\u0103turi de echip\u0103 \u00een momente de glorie \u0219i de dificultate, vor p\u0103stra o amintire special\u0103 despre acest mare juc\u0103tor. Vestea dispari\u021biei sale este o lovitur\u0103 emo\u021bionant\u0103, dar \u0219i o lec\u021bie despre fragilitatea vie\u021bii \u0219i despre importan\u021ba de a pre\u021bui momentele petrecute al\u0103turi de cei pe care \u00eei iubim.<\/p>\n<p>&nbsp;<\/p>\n<p>\u00cen ciuda acestei pierderi, mo\u0219tenirea acestui juc\u0103tor va tr\u0103i mereu \u00een inimile celor care au crezut \u00een spiritul Dinamo. Clubul, suporterii \u0219i \u00eentreaga comunitate sportiv\u0103 vor continua s\u0103 aprecieze \u0219i s\u0103 onoreze realiz\u0103rile sale. Dinamo va merge mai departe, dar acest juc\u0103tor va r\u0103m\u00e2ne mereu parte din istoria sa.<\/p>\n\n<div style=\"font-size: 0px; height: 0px; line-height: 0px; margin: 0; padding: 0; clear: both;\"><\/div>","protected":false},"excerpt":{"rendered":"<p>&nbsp; FC Dinamo Bucure\u0219ti, unul dintre cele mai iubite cluburi din Rom\u00e2nia, a fost lovit de o veste trist\u0103. Unul dintre marii s\u0103i juc\u0103tori, un simbol al echipei, a p\u0103r\u0103sit aceast\u0103 lume. Aceast\u0103 pierdere a l\u0103sat o durere profund\u0103 \u00een inimile suporterilor \u0219i ale celor care au avut privilegiul s\u0103-l cunoasc\u0103. Este un moment de [&hellip;]<\/p>\n","protected":false},"author":1,"featured_media":11845,"comment_status":"open","ping_status":"open","sticky":false,"template":"","format":"standard","meta":{"_jetpack_memberships_contains_paid_content":false,"footnotes":""},"categories":[1],"tags":[],"class_list":["post-11844","post","type-post","status-publish","format-standard","has-post-thumbnail","hentry","category-uncategorized"],"yoast_head":"<!-- This site is optimized with the Yoast SEO plugin v27.4 - https:\/\/yoast.com\/product\/yoast-seo-wordpress\/ -->\n<title>Veste Trist\u0103 Pentru FC Dinamo Bucure\u0219ti: A Plecat...<\/title>\n<meta name=\"description\" content=\"Veste Trist\u0103 Pentru FC Dinamo Bucure\u0219ti: A Plecat............................................................\" \/>\n<meta name=\"robots\" content=\"index, follow, max-snippet:-1, max-image-preview:large, max-video-preview:-1\" \/>\n<link rel=\"canonical\" href=\"https:\/\/www.letsportsrock.com\/?p=11844\" \/>\n<meta property=\"og:locale\" content=\"en_US\" \/>\n<meta property=\"og:type\" content=\"article\" \/>\n<meta property=\"og:title\" content=\"Veste Trist\u0103 Pentru FC Dinamo Bucure\u0219ti: A Plecat...\" \/>\n<meta property=\"og:description\" content=\"Veste Trist\u0103 Pentru FC Dinamo Bucure\u0219ti: A Plecat............................................................\" \/>\n<meta property=\"og:url\" content=\"https:\/\/www.letsportsrock.com\/?p=11844\" \/>\n<meta property=\"og:site_name\" content=\"letsportsrock\" \/>\n<meta property=\"article:published_time\" content=\"2024-12-08T15:49:53+00:00\" \/>\n<meta property=\"og:image\" content=\"https:\/\/www.letsportsrock.com\/wp-content\/uploads\/2024\/12\/images-2024-12-08T164921.652.jpeg\" \/>\n\t<meta property=\"og:image:width\" content=\"480\" \/>\n\t<meta property=\"og:image:height\" content=\"360\" \/>\n\t<meta property=\"og:image:type\" content=\"image\/jpeg\" \/>\n<meta name=\"author\" content=\"letsportsrock\" \/>\n<meta name=\"twitter:card\" content=\"summary_large_image\" \/>\n<meta name=\"twitter:label1\" content=\"Written by\" \/>\n\t<meta name=\"twitter:data1\" content=\"letsportsrock\" \/>\n\t<meta name=\"twitter:label2\" content=\"Est. reading time\" \/>\n\t<meta name=\"twitter:data2\" content=\"2 minutes\" \/>\n<script type=\"application\/ld+json\" class=\"yoast-schema-graph\">{\"@context\":\"https:\\\/\\\/schema.org\",\"@graph\":[{\"@type\":\"Article\",\"@id\":\"https:\\\/\\\/www.letsportsrock.com\\\/?p=11844#article\",\"isPartOf\":{\"@id\":\"https:\\\/\\\/www.letsportsrock.com\\\/?p=11844\"},\"author\":{\"name\":\"letsportsrock\",\"@id\":\"https:\\\/\\\/www.letsportsrock.com\\\/#\\\/schema\\\/person\\\/a454ac24e58b214ddd97e4b5afb0bf01\"},\"headline\":\"Veste Trist\u0103 Pentru FC Dinamo Bucure\u0219ti: A Plecat&#8230;\",\"datePublished\":\"2024-12-08T15:49:53+00:00\",\"mainEntityOfPage\":{\"@id\":\"https:\\\/\\\/www.letsportsrock.com\\\/?p=11844\"},\"wordCount\":298,\"commentCount\":0,\"image\":{\"@id\":\"https:\\\/\\\/www.letsportsrock.com\\\/?p=11844#primaryimage\"},\"thumbnailUrl\":\"https:\\\/\\\/www.letsportsrock.com\\\/wp-content\\\/uploads\\\/2024\\\/12\\\/images-2024-12-08T164921.652.jpeg\",\"inLanguage\":\"en-US\",\"potentialAction\":[{\"@type\":\"CommentAction\",\"name\":\"Comment\",\"target\":[\"https:\\\/\\\/www.letsportsrock.com\\\/?p=11844#respond\"]}]},{\"@type\":\"WebPage\",\"@id\":\"https:\\\/\\\/www.letsportsrock.com\\\/?p=11844\",\"url\":\"https:\\\/\\\/www.letsportsrock.com\\\/?p=11844\",\"name\":\"Veste Trist\u0103 Pentru FC Dinamo Bucure\u0219ti: A Plecat...\",\"isPartOf\":{\"@id\":\"https:\\\/\\\/www.letsportsrock.com\\\/#website\"},\"primaryImageOfPage\":{\"@id\":\"https:\\\/\\\/www.letsportsrock.com\\\/?p=11844#primaryimage\"},\"image\":{\"@id\":\"https:\\\/\\\/www.letsportsrock.com\\\/?p=11844#primaryimage\"},\"thumbnailUrl\":\"https:\\\/\\\/www.letsportsrock.com\\\/wp-content\\\/uploads\\\/2024\\\/12\\\/images-2024-12-08T164921.652.jpeg\",\"datePublished\":\"2024-12-08T15:49:53+00:00\",\"author\":{\"@id\":\"https:\\\/\\\/www.letsportsrock.com\\\/#\\\/schema\\\/person\\\/a454ac24e58b214ddd97e4b5afb0bf01\"},\"description\":\"Veste Trist\u0103 Pentru FC Dinamo Bucure\u0219ti: A Plecat............................................................\",\"breadcrumb\":{\"@id\":\"https:\\\/\\\/www.letsportsrock.com\\\/?p=11844#breadcrumb\"},\"inLanguage\":\"en-US\",\"potentialAction\":[{\"@type\":\"ReadAction\",\"target\":[\"https:\\\/\\\/www.letsportsrock.com\\\/?p=11844\"]}]},{\"@type\":\"ImageObject\",\"inLanguage\":\"en-US\",\"@id\":\"https:\\\/\\\/www.letsportsrock.com\\\/?p=11844#primaryimage\",\"url\":\"https:\\\/\\\/www.letsportsrock.com\\\/wp-content\\\/uploads\\\/2024\\\/12\\\/images-2024-12-08T164921.652.jpeg\",\"contentUrl\":\"https:\\\/\\\/www.letsportsrock.com\\\/wp-content\\\/uploads\\\/2024\\\/12\\\/images-2024-12-08T164921.652.jpeg\",\"width\":480,\"height\":360},{\"@type\":\"BreadcrumbList\",\"@id\":\"https:\\\/\\\/www.letsportsrock.com\\\/?p=11844#breadcrumb\",\"itemListElement\":[{\"@type\":\"ListItem\",\"position\":1,\"name\":\"Home\",\"item\":\"https:\\\/\\\/www.letsportsrock.com\\\/\"},{\"@type\":\"ListItem\",\"position\":2,\"name\":\"Veste Trist\u0103 Pentru FC Dinamo Bucure\u0219ti: A Plecat&#8230;\"}]},{\"@type\":\"WebSite\",\"@id\":\"https:\\\/\\\/www.letsportsrock.com\\\/#website\",\"url\":\"https:\\\/\\\/www.letsportsrock.com\\\/\",\"name\":\"letsportsrock\",\"description\":\"Sport News and Updates\",\"potentialAction\":[{\"@type\":\"SearchAction\",\"target\":{\"@type\":\"EntryPoint\",\"urlTemplate\":\"https:\\\/\\\/www.letsportsrock.com\\\/?s={search_term_string}\"},\"query-input\":{\"@type\":\"PropertyValueSpecification\",\"valueRequired\":true,\"valueName\":\"search_term_string\"}}],\"inLanguage\":\"en-US\"},{\"@type\":\"Person\",\"@id\":\"https:\\\/\\\/www.letsportsrock.com\\\/#\\\/schema\\\/person\\\/a454ac24e58b214ddd97e4b5afb0bf01\",\"name\":\"letsportsrock\",\"image\":{\"@type\":\"ImageObject\",\"inLanguage\":\"en-US\",\"@id\":\"https:\\\/\\\/secure.gravatar.com\\\/avatar\\\/f8ef950cbb7574c0bc874094b8d307659bfe2d7aa4a9d26fa6917eff010748f9?s=96&d=mm&r=g\",\"url\":\"https:\\\/\\\/secure.gravatar.com\\\/avatar\\\/f8ef950cbb7574c0bc874094b8d307659bfe2d7aa4a9d26fa6917eff010748f9?s=96&d=mm&r=g\",\"contentUrl\":\"https:\\\/\\\/secure.gravatar.com\\\/avatar\\\/f8ef950cbb7574c0bc874094b8d307659bfe2d7aa4a9d26fa6917eff010748f9?s=96&d=mm&r=g\",\"caption\":\"letsportsrock\"},\"sameAs\":[\"https:\\\/\\\/www.letsportsrock.com\"],\"url\":\"https:\\\/\\\/www.letsportsrock.com\\\/?author=1\"}]}<\/script>\n<!-- \/ Yoast SEO plugin. -->","yoast_head_json":{"title":"Veste Trist\u0103 Pentru FC Dinamo Bucure\u0219ti: A Plecat...","description":"Veste Trist\u0103 Pentru FC Dinamo Bucure\u0219ti: A Plecat............................................................","robots":{"index":"index","follow":"follow","max-snippet":"max-snippet:-1","max-image-preview":"max-image-preview:large","max-video-preview":"max-video-preview:-1"},"canonical":"https:\/\/www.letsportsrock.com\/?p=11844","og_locale":"en_US","og_type":"article","og_title":"Veste Trist\u0103 Pentru FC Dinamo Bucure\u0219ti: A Plecat...","og_description":"Veste Trist\u0103 Pentru FC Dinamo Bucure\u0219ti: A Plecat............................................................","og_url":"https:\/\/www.letsportsrock.com\/?p=11844","og_site_name":"letsportsrock","article_published_time":"2024-12-08T15:49:53+00:00","og_image":[{"width":480,"height":360,"url":"https:\/\/www.letsportsrock.com\/wp-content\/uploads\/2024\/12\/images-2024-12-08T164921.652.jpeg","type":"image\/jpeg"}],"author":"letsportsrock","twitter_card":"summary_large_image","twitter_misc":{"Written by":"letsportsrock","Est. reading time":"2 minutes"},"schema":{"@context":"https:\/\/schema.org","@graph":[{"@type":"Article","@id":"https:\/\/www.letsportsrock.com\/?p=11844#article","isPartOf":{"@id":"https:\/\/www.letsportsrock.com\/?p=11844"},"author":{"name":"letsportsrock","@id":"https:\/\/www.letsportsrock.com\/#\/schema\/person\/a454ac24e58b214ddd97e4b5afb0bf01"},"headline":"Veste Trist\u0103 Pentru FC Dinamo Bucure\u0219ti: A Plecat&#8230;","datePublished":"2024-12-08T15:49:53+00:00","mainEntityOfPage":{"@id":"https:\/\/www.letsportsrock.com\/?p=11844"},"wordCount":298,"commentCount":0,"image":{"@id":"https:\/\/www.letsportsrock.com\/?p=11844#primaryimage"},"thumbnailUrl":"https:\/\/www.letsportsrock.com\/wp-content\/uploads\/2024\/12\/images-2024-12-08T164921.652.jpeg","inLanguage":"en-US","potentialAction":[{"@type":"CommentAction","name":"Comment","target":["https:\/\/www.letsportsrock.com\/?p=11844#respond"]}]},{"@type":"WebPage","@id":"https:\/\/www.letsportsrock.com\/?p=11844","url":"https:\/\/www.letsportsrock.com\/?p=11844","name":"Veste Trist\u0103 Pentru FC Dinamo Bucure\u0219ti: A Plecat...","isPartOf":{"@id":"https:\/\/www.letsportsrock.com\/#website"},"primaryImageOfPage":{"@id":"https:\/\/www.letsportsrock.com\/?p=11844#primaryimage"},"image":{"@id":"https:\/\/www.letsportsrock.com\/?p=11844#primaryimage"},"thumbnailUrl":"https:\/\/www.letsportsrock.com\/wp-content\/uploads\/2024\/12\/images-2024-12-08T164921.652.jpeg","datePublished":"2024-12-08T15:49:53+00:00","author":{"@id":"https:\/\/www.letsportsrock.com\/#\/schema\/person\/a454ac24e58b214ddd97e4b5afb0bf01"},"description":"Veste Trist\u0103 Pentru FC Dinamo Bucure\u0219ti: A Plecat............................................................","breadcrumb":{"@id":"https:\/\/www.letsportsrock.com\/?p=11844#breadcrumb"},"inLanguage":"en-US","potentialAction":[{"@type":"ReadAction","target":["https:\/\/www.letsportsrock.com\/?p=11844"]}]},{"@type":"ImageObject","inLanguage":"en-US","@id":"https:\/\/www.letsportsrock.com\/?p=11844#primaryimage","url":"https:\/\/www.letsportsrock.com\/wp-content\/uploads\/2024\/12\/images-2024-12-08T164921.652.jpeg","contentUrl":"https:\/\/www.letsportsrock.com\/wp-content\/uploads\/2024\/12\/images-2024-12-08T164921.652.jpeg","width":480,"height":360},{"@type":"BreadcrumbList","@id":"https:\/\/www.letsportsrock.com\/?p=11844#breadcrumb","itemListElement":[{"@type":"ListItem","position":1,"name":"Home","item":"https:\/\/www.letsportsrock.com\/"},{"@type":"ListItem","position":2,"name":"Veste Trist\u0103 Pentru FC Dinamo Bucure\u0219ti: A Plecat&#8230;"}]},{"@type":"WebSite","@id":"https:\/\/www.letsportsrock.com\/#website","url":"https:\/\/www.letsportsrock.com\/","name":"letsportsrock","description":"Sport News and Updates","potentialAction":[{"@type":"SearchAction","target":{"@type":"EntryPoint","urlTemplate":"https:\/\/www.letsportsrock.com\/?s={search_term_string}"},"query-input":{"@type":"PropertyValueSpecification","valueRequired":true,"valueName":"search_term_string"}}],"inLanguage":"en-US"},{"@type":"Person","@id":"https:\/\/www.letsportsrock.com\/#\/schema\/person\/a454ac24e58b214ddd97e4b5afb0bf01","name":"letsportsrock","image":{"@type":"ImageObject","inLanguage":"en-US","@id":"https:\/\/secure.gravatar.com\/avatar\/f8ef950cbb7574c0bc874094b8d307659bfe2d7aa4a9d26fa6917eff010748f9?s=96&d=mm&r=g","url":"https:\/\/secure.gravatar.com\/avatar\/f8ef950cbb7574c0bc874094b8d307659bfe2d7aa4a9d26fa6917eff010748f9?s=96&d=mm&r=g","contentUrl":"https:\/\/secure.gravatar.com\/avatar\/f8ef950cbb7574c0bc874094b8d307659bfe2d7aa4a9d26fa6917eff010748f9?s=96&d=mm&r=g","caption":"letsportsrock"},"sameAs":["https:\/\/www.letsportsrock.com"],"url":"https:\/\/www.letsportsrock.com\/?author=1"}]}},"jetpack_featured_media_url":"https:\/\/www.letsportsrock.com\/wp-content\/uploads\/2024\/12\/images-2024-12-08T164921.652.jpeg","jetpack_sharing_enabled":true,"_links":{"self":[{"href":"https:\/\/www.letsportsrock.com\/index.php?rest_route=\/wp\/v2\/posts\/11844","targetHints":{"allow":["GET"]}}],"collection":[{"href":"https:\/\/www.letsportsrock.com\/index.php?rest_route=\/wp\/v2\/posts"}],"about":[{"href":"https:\/\/www.letsportsrock.com\/index.php?rest_route=\/wp\/v2\/types\/post"}],"author":[{"embeddable":true,"href":"https:\/\/www.letsportsrock.com\/index.php?rest_route=\/wp\/v2\/users\/1"}],"replies":[{"embeddable":true,"href":"https:\/\/www.letsportsrock.com\/index.php?rest_route=%2Fwp%2Fv2%2Fcomments&post=11844"}],"version-history":[{"count":1,"href":"https:\/\/www.letsportsrock.com\/index.php?rest_route=\/wp\/v2\/posts\/11844\/revisions"}],"predecessor-version":[{"id":11846,"href":"https:\/\/www.letsportsrock.com\/index.php?rest_route=\/wp\/v2\/posts\/11844\/revisions\/11846"}],"wp:featuredmedia":[{"embeddable":true,"href":"https:\/\/www.letsportsrock.com\/index.php?rest_route=\/wp\/v2\/media\/11845"}],"wp:attachment":[{"href":"https:\/\/www.letsportsrock.com\/index.php?rest_route=%2Fwp%2Fv2%2Fmedia&parent=11844"}],"wp:term":[{"taxonomy":"category","embeddable":true,"href":"https:\/\/www.letsportsrock.com\/index.php?rest_route=%2Fwp%2Fv2%2Fcategories&post=11844"},{"taxonomy":"post_tag","embeddable":true,"href":"https:\/\/www.letsportsrock.com\/index.php?rest_route=%2Fwp%2Fv2%2Ftags&post=11844"}],"curies":[{"name":"wp","href":"https:\/\/api.w.org\/{rel}","templated":true}]}}