{"id":12150,"date":"2024-12-10T01:57:05","date_gmt":"2024-12-10T01:57:05","guid":{"rendered":"https:\/\/www.letsportsrock.com\/?p=12150"},"modified":"2024-12-10T01:59:47","modified_gmt":"2024-12-10T01:59:47","slug":"inca-un-superstar-al-fc-dinamo-bucuresti-a-anuntat-plecarea-si-a-semnat-un-nou-contract-cu","status":"publish","type":"post","link":"https:\/\/www.letsportsrock.com\/?p=12150","title":{"rendered":"\u00cenc\u0103 un Superstar al FC Dinamo Bucure\u0219ti a anun\u021bat plecarea \u0219i a semnat un nou contract cu&#8230;"},"content":{"rendered":"<div class=\"d79db4796efc26332eabfc3f5dafbc76\" data-index=\"1\" style=\"float: none; margin:10px 0 10px 0; text-align:center;\">\n<div class=\"hb-ad-inarticle\">\r\n    <div class=\"hb-ad-inner\"> \r\n    <div class=\"hbagency_cls\"  id=\"hbagency_space_111930\"><\/div><\/div> <\/div>\n<\/div>\n<p>\u00cenc\u0103 un Superstar al FC Dinamo Bucure\u0219ti a anun\u021bat plecarea \u0219i a semnat un nou contract cu\u2026<\/p>\n<p>&nbsp;<\/p>\n<p>\u00centr-o perioad\u0103 marcat\u0103 de schimb\u0103ri \u0219i incertitudine la FC Dinamo Bucure\u0219ti, clubul a fost lovit de o alt\u0103 veste surprinz\u0103toare: un alt juc\u0103tor important a decis s\u0103 \u00ee\u0219i \u00eencheie aventura \u00een \u0218tefan cel Mare. Dup\u0103 o perioad\u0103 destul de tumultoas\u0103, \u00een care echipa a avut rezultate oscilante \u0219i s-a confruntat cu multiple provoc\u0103ri financiare \u0219i administrative, juc\u0103torul respectiv a ales s\u0103 \u00ee\u0219i continue cariera \u00een alt\u0103 parte.<\/p>\n<p>&nbsp;<\/p>\n<p>Acesta este un nume important, care a adus un aport considerabil echipei din Bucure\u0219ti \u00een ultimii ani. Fie c\u0103 a fost vorba de goluri importante, pase decisive sau o prezen\u021b\u0103 constant\u0103 pe teren, juc\u0103torul a fost un favorit al fanilor \u0219i o pies\u0103 esen\u021bial\u0103 \u00een echipa \u201ealb-ro\u0219ie\u201d. De-a lungul sezonului trecut, a demonstrat nu doar talent, dar \u0219i o disciplin\u0103 deosebit\u0103 \u0219i angajament fa\u021b\u0103 de culorile clubului.<\/p>\n<p>&nbsp;<\/p>\n<p>Decizia de a p\u0103r\u0103si FC Dinamo a fost, \u00eens\u0103, inevitabil\u0103, av\u00e2nd \u00een vedere dificult\u0103\u021bile cu care clubul se confrunta pe plan intern. Vestea plec\u0103rii acestui juc\u0103tor nu face dec\u00e2t s\u0103 \u00eent\u0103reasc\u0103 senza\u021bia de instabilitate care plute\u0219te de ceva vreme asupra echipei. Pe de alt\u0103 parte, anun\u021bul semn\u0103rii unui nou contract cu o alt\u0103 echip\u0103 ridic\u0103 multe semne de \u00eentrebare despre viitorul s\u0103u \u0219i despre direc\u021bia \u00een care \u00ee\u0219i va continua cariera.<\/p>\n<p>&nbsp;<\/p>\n<p>De\u0219i nu s-au oferit prea multe detalii despre destina\u021bia sa, zvonurile din presa sportiv\u0103 sugereaz\u0103 c\u0103 juc\u0103torul ar fi ajuns \u00eentr-un campionat din afacerea interna\u021bional\u0103, unde va avea ocazia s\u0103 se afirme pe o scen\u0103 mai mare. \u00cen acest moment, nu r\u0103m\u00e2ne dec\u00e2t s\u0103 a\u0219tept\u0103m oficializarea mut\u0103rii \u0219i s\u0103 vedem cum se va dezvolta acest transfer, care marcheaz\u0103 o nou\u0103 er\u0103 la Dinamo Bucure\u0219ti.<\/p>\n\n<div style=\"font-size: 0px; height: 0px; line-height: 0px; margin: 0; padding: 0; clear: both;\"><\/div>","protected":false},"excerpt":{"rendered":"<p>\u00cenc\u0103 un Superstar al FC Dinamo Bucure\u0219ti a anun\u021bat plecarea \u0219i a semnat un nou contract cu\u2026 &nbsp; \u00centr-o perioad\u0103 marcat\u0103 de schimb\u0103ri \u0219i incertitudine la FC Dinamo Bucure\u0219ti, clubul a fost lovit de o alt\u0103 veste surprinz\u0103toare: un alt juc\u0103tor important a decis s\u0103 \u00ee\u0219i \u00eencheie aventura \u00een \u0218tefan cel Mare. Dup\u0103 o perioad\u0103 [&hellip;]<\/p>\n","protected":false},"author":1,"featured_media":12152,"comment_status":"open","ping_status":"open","sticky":false,"template":"","format":"standard","meta":{"_jetpack_memberships_contains_paid_content":false,"footnotes":""},"categories":[1],"tags":[],"class_list":["post-12150","post","type-post","status-publish","format-standard","has-post-thumbnail","hentry","category-uncategorized"],"yoast_head":"<!-- This site is optimized with the Yoast SEO plugin v27.4 - https:\/\/yoast.com\/product\/yoast-seo-wordpress\/ -->\n<title>\u00cenc\u0103 un Superstar al FC Dinamo Bucure\u0219ti a anun\u021bat plecarea .<\/title>\n<meta name=\"description\" content=\"\u00cenc\u0103 un Superstar al FC Dinamo Bucure\u0219ti a anun\u021bat plecarea \u0219i a semnat un nou contract cu........... ........\" \/>\n<meta name=\"robots\" content=\"index, follow, max-snippet:-1, max-image-preview:large, max-video-preview:-1\" \/>\n<link rel=\"canonical\" href=\"https:\/\/www.letsportsrock.com\/?p=12150\" \/>\n<meta property=\"og:locale\" content=\"en_US\" \/>\n<meta property=\"og:type\" content=\"article\" \/>\n<meta property=\"og:title\" content=\"\u00cenc\u0103 un Superstar al FC Dinamo Bucure\u0219ti a anun\u021bat plecarea .\" \/>\n<meta property=\"og:description\" content=\"\u00cenc\u0103 un Superstar al FC Dinamo Bucure\u0219ti a anun\u021bat plecarea \u0219i a semnat un nou contract cu........... ........\" \/>\n<meta property=\"og:url\" content=\"https:\/\/www.letsportsrock.com\/?p=12150\" \/>\n<meta property=\"og:site_name\" content=\"letsportsrock\" \/>\n<meta property=\"article:published_time\" content=\"2024-12-10T01:57:05+00:00\" \/>\n<meta property=\"article:modified_time\" content=\"2024-12-10T01:59:47+00:00\" \/>\n<meta property=\"og:image\" content=\"https:\/\/www.letsportsrock.com\/wp-content\/uploads\/2024\/12\/5999080968_7e025aa2cc_c.jpg\" \/>\n\t<meta property=\"og:image:width\" content=\"800\" \/>\n\t<meta property=\"og:image:height\" content=\"534\" \/>\n\t<meta property=\"og:image:type\" content=\"image\/jpeg\" \/>\n<meta name=\"author\" content=\"letsportsrock\" \/>\n<meta name=\"twitter:card\" content=\"summary_large_image\" \/>\n<meta name=\"twitter:label1\" content=\"Written by\" \/>\n\t<meta name=\"twitter:data1\" content=\"letsportsrock\" \/>\n\t<meta name=\"twitter:label2\" content=\"Est. reading time\" \/>\n\t<meta name=\"twitter:data2\" content=\"2 minutes\" \/>\n<script type=\"application\/ld+json\" class=\"yoast-schema-graph\">{\"@context\":\"https:\\\/\\\/schema.org\",\"@graph\":[{\"@type\":\"Article\",\"@id\":\"https:\\\/\\\/www.letsportsrock.com\\\/?p=12150#article\",\"isPartOf\":{\"@id\":\"https:\\\/\\\/www.letsportsrock.com\\\/?p=12150\"},\"author\":{\"name\":\"letsportsrock\",\"@id\":\"https:\\\/\\\/www.letsportsrock.com\\\/#\\\/schema\\\/person\\\/a454ac24e58b214ddd97e4b5afb0bf01\"},\"headline\":\"\u00cenc\u0103 un Superstar al FC Dinamo Bucure\u0219ti a anun\u021bat plecarea \u0219i a semnat un nou contract cu&#8230;\",\"datePublished\":\"2024-12-10T01:57:05+00:00\",\"dateModified\":\"2024-12-10T01:59:47+00:00\",\"mainEntityOfPage\":{\"@id\":\"https:\\\/\\\/www.letsportsrock.com\\\/?p=12150\"},\"wordCount\":346,\"commentCount\":0,\"image\":{\"@id\":\"https:\\\/\\\/www.letsportsrock.com\\\/?p=12150#primaryimage\"},\"thumbnailUrl\":\"https:\\\/\\\/www.letsportsrock.com\\\/wp-content\\\/uploads\\\/2024\\\/12\\\/5999080968_7e025aa2cc_c.jpg\",\"inLanguage\":\"en-US\",\"potentialAction\":[{\"@type\":\"CommentAction\",\"name\":\"Comment\",\"target\":[\"https:\\\/\\\/www.letsportsrock.com\\\/?p=12150#respond\"]}]},{\"@type\":\"WebPage\",\"@id\":\"https:\\\/\\\/www.letsportsrock.com\\\/?p=12150\",\"url\":\"https:\\\/\\\/www.letsportsrock.com\\\/?p=12150\",\"name\":\"\u00cenc\u0103 un Superstar al FC Dinamo Bucure\u0219ti a anun\u021bat plecarea .\",\"isPartOf\":{\"@id\":\"https:\\\/\\\/www.letsportsrock.com\\\/#website\"},\"primaryImageOfPage\":{\"@id\":\"https:\\\/\\\/www.letsportsrock.com\\\/?p=12150#primaryimage\"},\"image\":{\"@id\":\"https:\\\/\\\/www.letsportsrock.com\\\/?p=12150#primaryimage\"},\"thumbnailUrl\":\"https:\\\/\\\/www.letsportsrock.com\\\/wp-content\\\/uploads\\\/2024\\\/12\\\/5999080968_7e025aa2cc_c.jpg\",\"datePublished\":\"2024-12-10T01:57:05+00:00\",\"dateModified\":\"2024-12-10T01:59:47+00:00\",\"author\":{\"@id\":\"https:\\\/\\\/www.letsportsrock.com\\\/#\\\/schema\\\/person\\\/a454ac24e58b214ddd97e4b5afb0bf01\"},\"description\":\"\u00cenc\u0103 un Superstar al FC Dinamo Bucure\u0219ti a anun\u021bat plecarea \u0219i a semnat un nou contract cu........... ........\",\"breadcrumb\":{\"@id\":\"https:\\\/\\\/www.letsportsrock.com\\\/?p=12150#breadcrumb\"},\"inLanguage\":\"en-US\",\"potentialAction\":[{\"@type\":\"ReadAction\",\"target\":[\"https:\\\/\\\/www.letsportsrock.com\\\/?p=12150\"]}]},{\"@type\":\"ImageObject\",\"inLanguage\":\"en-US\",\"@id\":\"https:\\\/\\\/www.letsportsrock.com\\\/?p=12150#primaryimage\",\"url\":\"https:\\\/\\\/www.letsportsrock.com\\\/wp-content\\\/uploads\\\/2024\\\/12\\\/5999080968_7e025aa2cc_c.jpg\",\"contentUrl\":\"https:\\\/\\\/www.letsportsrock.com\\\/wp-content\\\/uploads\\\/2024\\\/12\\\/5999080968_7e025aa2cc_c.jpg\",\"width\":800,\"height\":534},{\"@type\":\"BreadcrumbList\",\"@id\":\"https:\\\/\\\/www.letsportsrock.com\\\/?p=12150#breadcrumb\",\"itemListElement\":[{\"@type\":\"ListItem\",\"position\":1,\"name\":\"Home\",\"item\":\"https:\\\/\\\/www.letsportsrock.com\\\/\"},{\"@type\":\"ListItem\",\"position\":2,\"name\":\"\u00cenc\u0103 un Superstar al FC Dinamo Bucure\u0219ti a anun\u021bat plecarea \u0219i a semnat un nou contract cu&#8230;\"}]},{\"@type\":\"WebSite\",\"@id\":\"https:\\\/\\\/www.letsportsrock.com\\\/#website\",\"url\":\"https:\\\/\\\/www.letsportsrock.com\\\/\",\"name\":\"letsportsrock\",\"description\":\"Sport News and Updates\",\"potentialAction\":[{\"@type\":\"SearchAction\",\"target\":{\"@type\":\"EntryPoint\",\"urlTemplate\":\"https:\\\/\\\/www.letsportsrock.com\\\/?s={search_term_string}\"},\"query-input\":{\"@type\":\"PropertyValueSpecification\",\"valueRequired\":true,\"valueName\":\"search_term_string\"}}],\"inLanguage\":\"en-US\"},{\"@type\":\"Person\",\"@id\":\"https:\\\/\\\/www.letsportsrock.com\\\/#\\\/schema\\\/person\\\/a454ac24e58b214ddd97e4b5afb0bf01\",\"name\":\"letsportsrock\",\"image\":{\"@type\":\"ImageObject\",\"inLanguage\":\"en-US\",\"@id\":\"https:\\\/\\\/secure.gravatar.com\\\/avatar\\\/f8ef950cbb7574c0bc874094b8d307659bfe2d7aa4a9d26fa6917eff010748f9?s=96&d=mm&r=g\",\"url\":\"https:\\\/\\\/secure.gravatar.com\\\/avatar\\\/f8ef950cbb7574c0bc874094b8d307659bfe2d7aa4a9d26fa6917eff010748f9?s=96&d=mm&r=g\",\"contentUrl\":\"https:\\\/\\\/secure.gravatar.com\\\/avatar\\\/f8ef950cbb7574c0bc874094b8d307659bfe2d7aa4a9d26fa6917eff010748f9?s=96&d=mm&r=g\",\"caption\":\"letsportsrock\"},\"sameAs\":[\"https:\\\/\\\/www.letsportsrock.com\"],\"url\":\"https:\\\/\\\/www.letsportsrock.com\\\/?author=1\"}]}<\/script>\n<!-- \/ Yoast SEO plugin. -->","yoast_head_json":{"title":"\u00cenc\u0103 un Superstar al FC Dinamo Bucure\u0219ti a anun\u021bat plecarea .","description":"\u00cenc\u0103 un Superstar al FC Dinamo Bucure\u0219ti a anun\u021bat plecarea \u0219i a semnat un nou contract cu........... ........","robots":{"index":"index","follow":"follow","max-snippet":"max-snippet:-1","max-image-preview":"max-image-preview:large","max-video-preview":"max-video-preview:-1"},"canonical":"https:\/\/www.letsportsrock.com\/?p=12150","og_locale":"en_US","og_type":"article","og_title":"\u00cenc\u0103 un Superstar al FC Dinamo Bucure\u0219ti a anun\u021bat plecarea .","og_description":"\u00cenc\u0103 un Superstar al FC Dinamo Bucure\u0219ti a anun\u021bat plecarea \u0219i a semnat un nou contract cu........... ........","og_url":"https:\/\/www.letsportsrock.com\/?p=12150","og_site_name":"letsportsrock","article_published_time":"2024-12-10T01:57:05+00:00","article_modified_time":"2024-12-10T01:59:47+00:00","og_image":[{"width":800,"height":534,"url":"https:\/\/www.letsportsrock.com\/wp-content\/uploads\/2024\/12\/5999080968_7e025aa2cc_c.jpg","type":"image\/jpeg"}],"author":"letsportsrock","twitter_card":"summary_large_image","twitter_misc":{"Written by":"letsportsrock","Est. reading time":"2 minutes"},"schema":{"@context":"https:\/\/schema.org","@graph":[{"@type":"Article","@id":"https:\/\/www.letsportsrock.com\/?p=12150#article","isPartOf":{"@id":"https:\/\/www.letsportsrock.com\/?p=12150"},"author":{"name":"letsportsrock","@id":"https:\/\/www.letsportsrock.com\/#\/schema\/person\/a454ac24e58b214ddd97e4b5afb0bf01"},"headline":"\u00cenc\u0103 un Superstar al FC Dinamo Bucure\u0219ti a anun\u021bat plecarea \u0219i a semnat un nou contract cu&#8230;","datePublished":"2024-12-10T01:57:05+00:00","dateModified":"2024-12-10T01:59:47+00:00","mainEntityOfPage":{"@id":"https:\/\/www.letsportsrock.com\/?p=12150"},"wordCount":346,"commentCount":0,"image":{"@id":"https:\/\/www.letsportsrock.com\/?p=12150#primaryimage"},"thumbnailUrl":"https:\/\/www.letsportsrock.com\/wp-content\/uploads\/2024\/12\/5999080968_7e025aa2cc_c.jpg","inLanguage":"en-US","potentialAction":[{"@type":"CommentAction","name":"Comment","target":["https:\/\/www.letsportsrock.com\/?p=12150#respond"]}]},{"@type":"WebPage","@id":"https:\/\/www.letsportsrock.com\/?p=12150","url":"https:\/\/www.letsportsrock.com\/?p=12150","name":"\u00cenc\u0103 un Superstar al FC Dinamo Bucure\u0219ti a anun\u021bat plecarea .","isPartOf":{"@id":"https:\/\/www.letsportsrock.com\/#website"},"primaryImageOfPage":{"@id":"https:\/\/www.letsportsrock.com\/?p=12150#primaryimage"},"image":{"@id":"https:\/\/www.letsportsrock.com\/?p=12150#primaryimage"},"thumbnailUrl":"https:\/\/www.letsportsrock.com\/wp-content\/uploads\/2024\/12\/5999080968_7e025aa2cc_c.jpg","datePublished":"2024-12-10T01:57:05+00:00","dateModified":"2024-12-10T01:59:47+00:00","author":{"@id":"https:\/\/www.letsportsrock.com\/#\/schema\/person\/a454ac24e58b214ddd97e4b5afb0bf01"},"description":"\u00cenc\u0103 un Superstar al FC Dinamo Bucure\u0219ti a anun\u021bat plecarea \u0219i a semnat un nou contract cu........... ........","breadcrumb":{"@id":"https:\/\/www.letsportsrock.com\/?p=12150#breadcrumb"},"inLanguage":"en-US","potentialAction":[{"@type":"ReadAction","target":["https:\/\/www.letsportsrock.com\/?p=12150"]}]},{"@type":"ImageObject","inLanguage":"en-US","@id":"https:\/\/www.letsportsrock.com\/?p=12150#primaryimage","url":"https:\/\/www.letsportsrock.com\/wp-content\/uploads\/2024\/12\/5999080968_7e025aa2cc_c.jpg","contentUrl":"https:\/\/www.letsportsrock.com\/wp-content\/uploads\/2024\/12\/5999080968_7e025aa2cc_c.jpg","width":800,"height":534},{"@type":"BreadcrumbList","@id":"https:\/\/www.letsportsrock.com\/?p=12150#breadcrumb","itemListElement":[{"@type":"ListItem","position":1,"name":"Home","item":"https:\/\/www.letsportsrock.com\/"},{"@type":"ListItem","position":2,"name":"\u00cenc\u0103 un Superstar al FC Dinamo Bucure\u0219ti a anun\u021bat plecarea \u0219i a semnat un nou contract cu&#8230;"}]},{"@type":"WebSite","@id":"https:\/\/www.letsportsrock.com\/#website","url":"https:\/\/www.letsportsrock.com\/","name":"letsportsrock","description":"Sport News and Updates","potentialAction":[{"@type":"SearchAction","target":{"@type":"EntryPoint","urlTemplate":"https:\/\/www.letsportsrock.com\/?s={search_term_string}"},"query-input":{"@type":"PropertyValueSpecification","valueRequired":true,"valueName":"search_term_string"}}],"inLanguage":"en-US"},{"@type":"Person","@id":"https:\/\/www.letsportsrock.com\/#\/schema\/person\/a454ac24e58b214ddd97e4b5afb0bf01","name":"letsportsrock","image":{"@type":"ImageObject","inLanguage":"en-US","@id":"https:\/\/secure.gravatar.com\/avatar\/f8ef950cbb7574c0bc874094b8d307659bfe2d7aa4a9d26fa6917eff010748f9?s=96&d=mm&r=g","url":"https:\/\/secure.gravatar.com\/avatar\/f8ef950cbb7574c0bc874094b8d307659bfe2d7aa4a9d26fa6917eff010748f9?s=96&d=mm&r=g","contentUrl":"https:\/\/secure.gravatar.com\/avatar\/f8ef950cbb7574c0bc874094b8d307659bfe2d7aa4a9d26fa6917eff010748f9?s=96&d=mm&r=g","caption":"letsportsrock"},"sameAs":["https:\/\/www.letsportsrock.com"],"url":"https:\/\/www.letsportsrock.com\/?author=1"}]}},"jetpack_featured_media_url":"https:\/\/www.letsportsrock.com\/wp-content\/uploads\/2024\/12\/5999080968_7e025aa2cc_c.jpg","jetpack_sharing_enabled":true,"_links":{"self":[{"href":"https:\/\/www.letsportsrock.com\/index.php?rest_route=\/wp\/v2\/posts\/12150","targetHints":{"allow":["GET"]}}],"collection":[{"href":"https:\/\/www.letsportsrock.com\/index.php?rest_route=\/wp\/v2\/posts"}],"about":[{"href":"https:\/\/www.letsportsrock.com\/index.php?rest_route=\/wp\/v2\/types\/post"}],"author":[{"embeddable":true,"href":"https:\/\/www.letsportsrock.com\/index.php?rest_route=\/wp\/v2\/users\/1"}],"replies":[{"embeddable":true,"href":"https:\/\/www.letsportsrock.com\/index.php?rest_route=%2Fwp%2Fv2%2Fcomments&post=12150"}],"version-history":[{"count":1,"href":"https:\/\/www.letsportsrock.com\/index.php?rest_route=\/wp\/v2\/posts\/12150\/revisions"}],"predecessor-version":[{"id":12151,"href":"https:\/\/www.letsportsrock.com\/index.php?rest_route=\/wp\/v2\/posts\/12150\/revisions\/12151"}],"wp:featuredmedia":[{"embeddable":true,"href":"https:\/\/www.letsportsrock.com\/index.php?rest_route=\/wp\/v2\/media\/12152"}],"wp:attachment":[{"href":"https:\/\/www.letsportsrock.com\/index.php?rest_route=%2Fwp%2Fv2%2Fmedia&parent=12150"}],"wp:term":[{"taxonomy":"category","embeddable":true,"href":"https:\/\/www.letsportsrock.com\/index.php?rest_route=%2Fwp%2Fv2%2Fcategories&post=12150"},{"taxonomy":"post_tag","embeddable":true,"href":"https:\/\/www.letsportsrock.com\/index.php?rest_route=%2Fwp%2Fv2%2Ftags&post=12150"}],"curies":[{"name":"wp","href":"https:\/\/api.w.org\/{rel}","templated":true}]}}