{"id":13153,"date":"2024-12-14T21:16:25","date_gmt":"2024-12-14T21:16:25","guid":{"rendered":"https:\/\/www.letsportsrock.com\/?p=13153"},"modified":"2024-12-14T21:22:06","modified_gmt":"2024-12-14T21:22:06","slug":"antrenorul-celor-de-la-rapid-fc-bucuresti-a-facut-o-declaratie-devastatoare","status":"publish","type":"post","link":"https:\/\/www.letsportsrock.com\/?p=13153","title":{"rendered":"Antrenorul celor de la Rapid FC Bucure\u0219ti a f\u0103cut o declara\u021bie devastatoare&#8230;"},"content":{"rendered":"<div class=\"d79db4796efc26332eabfc3f5dafbc76\" data-index=\"1\" style=\"float: none; margin:10px 0 10px 0; text-align:center;\">\n<div class=\"hb-ad-inarticle\">\r\n    <div class=\"hb-ad-inner\"> \r\n    <div class=\"hbagency_cls\"  id=\"hbagency_space_111930\"><\/div><\/div> <\/div>\n<\/div>\n<p>Antrenorul celor de la Rapid FC Bucure\u0219ti a f\u0103cut recent o declara\u021bie devastatoare, care a \u0219ocat at\u00e2t fanii echipei, c\u00e2t \u0219i \u00eentreaga comunitate fotbalistic\u0103 din Rom\u00e2nia. \u00cen cadrul unei conferin\u021be de pres\u0103, tehnicianul a abordat problemele grave cu care se confrunt\u0103 echipa \u0219i a vorbit deschis despre dificult\u0103\u021bile pe care le \u00eent\u00e2mpin\u0103 juc\u0103torii \u0219i staff-ul s\u0103u.<\/p>\n<p>&nbsp;<\/p>\n<p>&#8220;Suntem \u00eentr-o perioad\u0103 extrem de dificil\u0103, iar lucrurile nu sunt a\u0219a cum ne-am fi dorit. Exist\u0103 o presiune uria\u0219\u0103 asupra noastr\u0103, iar echipa nu reu\u0219e\u0219te s\u0103 \u00ee\u0219i reg\u0103seasc\u0103 ritmul. De\u0219i am avut \u00eencredere c\u0103 vom dep\u0103\u0219i aceste momente, realitatea este c\u0103 ne afl\u0103m \u00eentr-un moment de criz\u0103&#8221;, a declarat antrenorul, vizibil afectat de situa\u021bia echipei sale.<\/p>\n<p>&nbsp;<\/p>\n<p>Mai mult, tehnicianul a subliniat c\u0103 juc\u0103torii nu au reu\u0219it s\u0103 \u00ee\u0219i \u00eendeplineasc\u0103 a\u0219tept\u0103rile, iar \u00eencrederea \u00een propriile lor for\u021be a fost zdruncinat\u0103 de rezultatele negative. &#8220;Avem o echip\u0103 t\u00e2n\u0103r\u0103, dar lipsit\u0103 de experien\u021b\u0103 \u00een momentele decisive. Este foarte greu s\u0103 lupt\u0103m pentru obiective mari c\u00e2nd moralul este jos \u0219i juc\u0103torii nu sunt \u00een cea mai bun\u0103 form\u0103&#8221;, a ad\u0103ugat antrenorul.<\/p>\n<p>&nbsp;<\/p>\n<p>Declara\u021bia a venit \u00eentr-un moment \u00een care Rapid se afl\u0103 pe o pozi\u021bie nesatisf\u0103c\u0103toare \u00een clasament, iar fanii echipei sunt tot mai nemul\u021bumi\u021bi de evolu\u021biile din campionat. Tehnicianul a cerut r\u0103bdare din partea suporterilor, dar \u0219i un efort sus\u021binut din partea juc\u0103torilor pentru a dep\u0103\u0219i aceast\u0103 perioad\u0103 dificil\u0103. De asemenea, el a men\u021bionat c\u0103 echipa va trebui s\u0103 \u00eenve\u021be din gre\u0219elile f\u0103cute \u0219i s\u0103 se refac\u0103 mental pentru a putea ob\u021bine rezultate pozitive pe termen lung.<\/p>\n\n<div style=\"font-size: 0px; height: 0px; line-height: 0px; margin: 0; padding: 0; clear: both;\"><\/div>","protected":false},"excerpt":{"rendered":"<p>Antrenorul celor de la Rapid FC Bucure\u0219ti a f\u0103cut recent o declara\u021bie devastatoare, care a \u0219ocat at\u00e2t fanii echipei, c\u00e2t \u0219i \u00eentreaga comunitate fotbalistic\u0103 din Rom\u00e2nia. \u00cen cadrul unei conferin\u021be de pres\u0103, tehnicianul a abordat problemele grave cu care se confrunt\u0103 echipa \u0219i a vorbit deschis despre dificult\u0103\u021bile pe care le \u00eent\u00e2mpin\u0103 juc\u0103torii \u0219i staff-ul [&hellip;]<\/p>\n","protected":false},"author":1,"featured_media":13158,"comment_status":"open","ping_status":"open","sticky":false,"template":"","format":"standard","meta":{"_jetpack_memberships_contains_paid_content":false,"footnotes":""},"categories":[1],"tags":[],"class_list":["post-13153","post","type-post","status-publish","format-standard","has-post-thumbnail","hentry","category-uncategorized"],"yoast_head":"<!-- This site is optimized with the Yoast SEO plugin v27.4 - https:\/\/yoast.com\/product\/yoast-seo-wordpress\/ -->\n<title>Antrenorul celor de la Rapid FC Bucure\u0219ti a f\u0103cut o d.<\/title>\n<meta name=\"description\" content=\"Antrenorul celor de la Rapid FC Bucure\u0219ti a f\u0103cut o declara\u021bie devastatoare..................................\" \/>\n<meta name=\"robots\" content=\"index, follow, max-snippet:-1, max-image-preview:large, max-video-preview:-1\" \/>\n<link rel=\"canonical\" href=\"https:\/\/www.letsportsrock.com\/?p=13153\" \/>\n<meta property=\"og:locale\" content=\"en_US\" \/>\n<meta property=\"og:type\" content=\"article\" \/>\n<meta property=\"og:title\" content=\"Antrenorul celor de la Rapid FC Bucure\u0219ti a f\u0103cut o d.\" \/>\n<meta property=\"og:description\" content=\"Antrenorul celor de la Rapid FC Bucure\u0219ti a f\u0103cut o declara\u021bie devastatoare..................................\" \/>\n<meta property=\"og:url\" content=\"https:\/\/www.letsportsrock.com\/?p=13153\" \/>\n<meta property=\"og:site_name\" content=\"letsportsrock\" \/>\n<meta property=\"article:published_time\" content=\"2024-12-14T21:16:25+00:00\" \/>\n<meta property=\"article:modified_time\" content=\"2024-12-14T21:22:06+00:00\" \/>\n<meta property=\"og:image\" content=\"https:\/\/www.letsportsrock.com\/wp-content\/uploads\/2024\/12\/images-2024-12-14T222058.975.jpeg\" \/>\n\t<meta property=\"og:image:width\" content=\"679\" \/>\n\t<meta property=\"og:image:height\" content=\"452\" \/>\n\t<meta property=\"og:image:type\" content=\"image\/jpeg\" \/>\n<meta name=\"author\" content=\"letsportsrock\" \/>\n<meta name=\"twitter:card\" content=\"summary_large_image\" \/>\n<meta name=\"twitter:label1\" content=\"Written by\" \/>\n\t<meta name=\"twitter:data1\" content=\"letsportsrock\" \/>\n\t<meta name=\"twitter:label2\" content=\"Est. reading time\" \/>\n\t<meta name=\"twitter:data2\" content=\"2 minutes\" \/>\n<script type=\"application\/ld+json\" class=\"yoast-schema-graph\">{\"@context\":\"https:\\\/\\\/schema.org\",\"@graph\":[{\"@type\":\"Article\",\"@id\":\"https:\\\/\\\/www.letsportsrock.com\\\/?p=13153#article\",\"isPartOf\":{\"@id\":\"https:\\\/\\\/www.letsportsrock.com\\\/?p=13153\"},\"author\":{\"name\":\"letsportsrock\",\"@id\":\"https:\\\/\\\/www.letsportsrock.com\\\/#\\\/schema\\\/person\\\/a454ac24e58b214ddd97e4b5afb0bf01\"},\"headline\":\"Antrenorul celor de la Rapid FC Bucure\u0219ti a f\u0103cut o declara\u021bie devastatoare&#8230;\",\"datePublished\":\"2024-12-14T21:16:25+00:00\",\"dateModified\":\"2024-12-14T21:22:06+00:00\",\"mainEntityOfPage\":{\"@id\":\"https:\\\/\\\/www.letsportsrock.com\\\/?p=13153\"},\"wordCount\":313,\"commentCount\":0,\"image\":{\"@id\":\"https:\\\/\\\/www.letsportsrock.com\\\/?p=13153#primaryimage\"},\"thumbnailUrl\":\"https:\\\/\\\/www.letsportsrock.com\\\/wp-content\\\/uploads\\\/2024\\\/12\\\/images-2024-12-14T222058.975.jpeg\",\"inLanguage\":\"en-US\",\"potentialAction\":[{\"@type\":\"CommentAction\",\"name\":\"Comment\",\"target\":[\"https:\\\/\\\/www.letsportsrock.com\\\/?p=13153#respond\"]}]},{\"@type\":\"WebPage\",\"@id\":\"https:\\\/\\\/www.letsportsrock.com\\\/?p=13153\",\"url\":\"https:\\\/\\\/www.letsportsrock.com\\\/?p=13153\",\"name\":\"Antrenorul celor de la Rapid FC Bucure\u0219ti a f\u0103cut o d.\",\"isPartOf\":{\"@id\":\"https:\\\/\\\/www.letsportsrock.com\\\/#website\"},\"primaryImageOfPage\":{\"@id\":\"https:\\\/\\\/www.letsportsrock.com\\\/?p=13153#primaryimage\"},\"image\":{\"@id\":\"https:\\\/\\\/www.letsportsrock.com\\\/?p=13153#primaryimage\"},\"thumbnailUrl\":\"https:\\\/\\\/www.letsportsrock.com\\\/wp-content\\\/uploads\\\/2024\\\/12\\\/images-2024-12-14T222058.975.jpeg\",\"datePublished\":\"2024-12-14T21:16:25+00:00\",\"dateModified\":\"2024-12-14T21:22:06+00:00\",\"author\":{\"@id\":\"https:\\\/\\\/www.letsportsrock.com\\\/#\\\/schema\\\/person\\\/a454ac24e58b214ddd97e4b5afb0bf01\"},\"description\":\"Antrenorul celor de la Rapid FC Bucure\u0219ti a f\u0103cut o declara\u021bie devastatoare..................................\",\"breadcrumb\":{\"@id\":\"https:\\\/\\\/www.letsportsrock.com\\\/?p=13153#breadcrumb\"},\"inLanguage\":\"en-US\",\"potentialAction\":[{\"@type\":\"ReadAction\",\"target\":[\"https:\\\/\\\/www.letsportsrock.com\\\/?p=13153\"]}]},{\"@type\":\"ImageObject\",\"inLanguage\":\"en-US\",\"@id\":\"https:\\\/\\\/www.letsportsrock.com\\\/?p=13153#primaryimage\",\"url\":\"https:\\\/\\\/www.letsportsrock.com\\\/wp-content\\\/uploads\\\/2024\\\/12\\\/images-2024-12-14T222058.975.jpeg\",\"contentUrl\":\"https:\\\/\\\/www.letsportsrock.com\\\/wp-content\\\/uploads\\\/2024\\\/12\\\/images-2024-12-14T222058.975.jpeg\",\"width\":679,\"height\":452},{\"@type\":\"BreadcrumbList\",\"@id\":\"https:\\\/\\\/www.letsportsrock.com\\\/?p=13153#breadcrumb\",\"itemListElement\":[{\"@type\":\"ListItem\",\"position\":1,\"name\":\"Home\",\"item\":\"https:\\\/\\\/www.letsportsrock.com\\\/\"},{\"@type\":\"ListItem\",\"position\":2,\"name\":\"Antrenorul celor de la Rapid FC Bucure\u0219ti a f\u0103cut o declara\u021bie devastatoare&#8230;\"}]},{\"@type\":\"WebSite\",\"@id\":\"https:\\\/\\\/www.letsportsrock.com\\\/#website\",\"url\":\"https:\\\/\\\/www.letsportsrock.com\\\/\",\"name\":\"letsportsrock\",\"description\":\"Sport News and Updates\",\"potentialAction\":[{\"@type\":\"SearchAction\",\"target\":{\"@type\":\"EntryPoint\",\"urlTemplate\":\"https:\\\/\\\/www.letsportsrock.com\\\/?s={search_term_string}\"},\"query-input\":{\"@type\":\"PropertyValueSpecification\",\"valueRequired\":true,\"valueName\":\"search_term_string\"}}],\"inLanguage\":\"en-US\"},{\"@type\":\"Person\",\"@id\":\"https:\\\/\\\/www.letsportsrock.com\\\/#\\\/schema\\\/person\\\/a454ac24e58b214ddd97e4b5afb0bf01\",\"name\":\"letsportsrock\",\"image\":{\"@type\":\"ImageObject\",\"inLanguage\":\"en-US\",\"@id\":\"https:\\\/\\\/secure.gravatar.com\\\/avatar\\\/f8ef950cbb7574c0bc874094b8d307659bfe2d7aa4a9d26fa6917eff010748f9?s=96&d=mm&r=g\",\"url\":\"https:\\\/\\\/secure.gravatar.com\\\/avatar\\\/f8ef950cbb7574c0bc874094b8d307659bfe2d7aa4a9d26fa6917eff010748f9?s=96&d=mm&r=g\",\"contentUrl\":\"https:\\\/\\\/secure.gravatar.com\\\/avatar\\\/f8ef950cbb7574c0bc874094b8d307659bfe2d7aa4a9d26fa6917eff010748f9?s=96&d=mm&r=g\",\"caption\":\"letsportsrock\"},\"sameAs\":[\"https:\\\/\\\/www.letsportsrock.com\"],\"url\":\"https:\\\/\\\/www.letsportsrock.com\\\/?author=1\"}]}<\/script>\n<!-- \/ Yoast SEO plugin. -->","yoast_head_json":{"title":"Antrenorul celor de la Rapid FC Bucure\u0219ti a f\u0103cut o d.","description":"Antrenorul celor de la Rapid FC Bucure\u0219ti a f\u0103cut o declara\u021bie devastatoare..................................","robots":{"index":"index","follow":"follow","max-snippet":"max-snippet:-1","max-image-preview":"max-image-preview:large","max-video-preview":"max-video-preview:-1"},"canonical":"https:\/\/www.letsportsrock.com\/?p=13153","og_locale":"en_US","og_type":"article","og_title":"Antrenorul celor de la Rapid FC Bucure\u0219ti a f\u0103cut o d.","og_description":"Antrenorul celor de la Rapid FC Bucure\u0219ti a f\u0103cut o declara\u021bie devastatoare..................................","og_url":"https:\/\/www.letsportsrock.com\/?p=13153","og_site_name":"letsportsrock","article_published_time":"2024-12-14T21:16:25+00:00","article_modified_time":"2024-12-14T21:22:06+00:00","og_image":[{"width":679,"height":452,"url":"https:\/\/www.letsportsrock.com\/wp-content\/uploads\/2024\/12\/images-2024-12-14T222058.975.jpeg","type":"image\/jpeg"}],"author":"letsportsrock","twitter_card":"summary_large_image","twitter_misc":{"Written by":"letsportsrock","Est. reading time":"2 minutes"},"schema":{"@context":"https:\/\/schema.org","@graph":[{"@type":"Article","@id":"https:\/\/www.letsportsrock.com\/?p=13153#article","isPartOf":{"@id":"https:\/\/www.letsportsrock.com\/?p=13153"},"author":{"name":"letsportsrock","@id":"https:\/\/www.letsportsrock.com\/#\/schema\/person\/a454ac24e58b214ddd97e4b5afb0bf01"},"headline":"Antrenorul celor de la Rapid FC Bucure\u0219ti a f\u0103cut o declara\u021bie devastatoare&#8230;","datePublished":"2024-12-14T21:16:25+00:00","dateModified":"2024-12-14T21:22:06+00:00","mainEntityOfPage":{"@id":"https:\/\/www.letsportsrock.com\/?p=13153"},"wordCount":313,"commentCount":0,"image":{"@id":"https:\/\/www.letsportsrock.com\/?p=13153#primaryimage"},"thumbnailUrl":"https:\/\/www.letsportsrock.com\/wp-content\/uploads\/2024\/12\/images-2024-12-14T222058.975.jpeg","inLanguage":"en-US","potentialAction":[{"@type":"CommentAction","name":"Comment","target":["https:\/\/www.letsportsrock.com\/?p=13153#respond"]}]},{"@type":"WebPage","@id":"https:\/\/www.letsportsrock.com\/?p=13153","url":"https:\/\/www.letsportsrock.com\/?p=13153","name":"Antrenorul celor de la Rapid FC Bucure\u0219ti a f\u0103cut o d.","isPartOf":{"@id":"https:\/\/www.letsportsrock.com\/#website"},"primaryImageOfPage":{"@id":"https:\/\/www.letsportsrock.com\/?p=13153#primaryimage"},"image":{"@id":"https:\/\/www.letsportsrock.com\/?p=13153#primaryimage"},"thumbnailUrl":"https:\/\/www.letsportsrock.com\/wp-content\/uploads\/2024\/12\/images-2024-12-14T222058.975.jpeg","datePublished":"2024-12-14T21:16:25+00:00","dateModified":"2024-12-14T21:22:06+00:00","author":{"@id":"https:\/\/www.letsportsrock.com\/#\/schema\/person\/a454ac24e58b214ddd97e4b5afb0bf01"},"description":"Antrenorul celor de la Rapid FC Bucure\u0219ti a f\u0103cut o declara\u021bie devastatoare..................................","breadcrumb":{"@id":"https:\/\/www.letsportsrock.com\/?p=13153#breadcrumb"},"inLanguage":"en-US","potentialAction":[{"@type":"ReadAction","target":["https:\/\/www.letsportsrock.com\/?p=13153"]}]},{"@type":"ImageObject","inLanguage":"en-US","@id":"https:\/\/www.letsportsrock.com\/?p=13153#primaryimage","url":"https:\/\/www.letsportsrock.com\/wp-content\/uploads\/2024\/12\/images-2024-12-14T222058.975.jpeg","contentUrl":"https:\/\/www.letsportsrock.com\/wp-content\/uploads\/2024\/12\/images-2024-12-14T222058.975.jpeg","width":679,"height":452},{"@type":"BreadcrumbList","@id":"https:\/\/www.letsportsrock.com\/?p=13153#breadcrumb","itemListElement":[{"@type":"ListItem","position":1,"name":"Home","item":"https:\/\/www.letsportsrock.com\/"},{"@type":"ListItem","position":2,"name":"Antrenorul celor de la Rapid FC Bucure\u0219ti a f\u0103cut o declara\u021bie devastatoare&#8230;"}]},{"@type":"WebSite","@id":"https:\/\/www.letsportsrock.com\/#website","url":"https:\/\/www.letsportsrock.com\/","name":"letsportsrock","description":"Sport News and Updates","potentialAction":[{"@type":"SearchAction","target":{"@type":"EntryPoint","urlTemplate":"https:\/\/www.letsportsrock.com\/?s={search_term_string}"},"query-input":{"@type":"PropertyValueSpecification","valueRequired":true,"valueName":"search_term_string"}}],"inLanguage":"en-US"},{"@type":"Person","@id":"https:\/\/www.letsportsrock.com\/#\/schema\/person\/a454ac24e58b214ddd97e4b5afb0bf01","name":"letsportsrock","image":{"@type":"ImageObject","inLanguage":"en-US","@id":"https:\/\/secure.gravatar.com\/avatar\/f8ef950cbb7574c0bc874094b8d307659bfe2d7aa4a9d26fa6917eff010748f9?s=96&d=mm&r=g","url":"https:\/\/secure.gravatar.com\/avatar\/f8ef950cbb7574c0bc874094b8d307659bfe2d7aa4a9d26fa6917eff010748f9?s=96&d=mm&r=g","contentUrl":"https:\/\/secure.gravatar.com\/avatar\/f8ef950cbb7574c0bc874094b8d307659bfe2d7aa4a9d26fa6917eff010748f9?s=96&d=mm&r=g","caption":"letsportsrock"},"sameAs":["https:\/\/www.letsportsrock.com"],"url":"https:\/\/www.letsportsrock.com\/?author=1"}]}},"jetpack_featured_media_url":"https:\/\/www.letsportsrock.com\/wp-content\/uploads\/2024\/12\/images-2024-12-14T222058.975.jpeg","jetpack_sharing_enabled":true,"_links":{"self":[{"href":"https:\/\/www.letsportsrock.com\/index.php?rest_route=\/wp\/v2\/posts\/13153","targetHints":{"allow":["GET"]}}],"collection":[{"href":"https:\/\/www.letsportsrock.com\/index.php?rest_route=\/wp\/v2\/posts"}],"about":[{"href":"https:\/\/www.letsportsrock.com\/index.php?rest_route=\/wp\/v2\/types\/post"}],"author":[{"embeddable":true,"href":"https:\/\/www.letsportsrock.com\/index.php?rest_route=\/wp\/v2\/users\/1"}],"replies":[{"embeddable":true,"href":"https:\/\/www.letsportsrock.com\/index.php?rest_route=%2Fwp%2Fv2%2Fcomments&post=13153"}],"version-history":[{"count":1,"href":"https:\/\/www.letsportsrock.com\/index.php?rest_route=\/wp\/v2\/posts\/13153\/revisions"}],"predecessor-version":[{"id":13154,"href":"https:\/\/www.letsportsrock.com\/index.php?rest_route=\/wp\/v2\/posts\/13153\/revisions\/13154"}],"wp:featuredmedia":[{"embeddable":true,"href":"https:\/\/www.letsportsrock.com\/index.php?rest_route=\/wp\/v2\/media\/13158"}],"wp:attachment":[{"href":"https:\/\/www.letsportsrock.com\/index.php?rest_route=%2Fwp%2Fv2%2Fmedia&parent=13153"}],"wp:term":[{"taxonomy":"category","embeddable":true,"href":"https:\/\/www.letsportsrock.com\/index.php?rest_route=%2Fwp%2Fv2%2Fcategories&post=13153"},{"taxonomy":"post_tag","embeddable":true,"href":"https:\/\/www.letsportsrock.com\/index.php?rest_route=%2Fwp%2Fv2%2Ftags&post=13153"}],"curies":[{"name":"wp","href":"https:\/\/api.w.org\/{rel}","templated":true}]}}