{"id":13785,"date":"2024-12-17T16:09:30","date_gmt":"2024-12-17T16:09:30","guid":{"rendered":"https:\/\/www.letsportsrock.com\/?p=13785"},"modified":"2024-12-17T16:09:30","modified_gmt":"2024-12-17T16:09:30","slug":"stiri-de-ultima-ora-jucatorul-vedeta-al-fc-rapid-bucuresti-a-amenintat-ca-va-parasi-echipa-daca-nu-se-ia-nicio-masura-in-legatura-cu","status":"publish","type":"post","link":"https:\/\/www.letsportsrock.com\/?p=13785","title":{"rendered":"\u0218tiri de Ultim\u0103 Or\u0103: Juc\u0103torul vedet\u0103 al FC Rapid Bucure\u0219ti A Amenin\u021bat C\u0103 Va P\u0103r\u0103si Echipa Dac\u0103 Nu Se Ia Nicio M\u0103sur\u0103 \u00cen Leg\u0103tur\u0103 Cu&#8230;"},"content":{"rendered":"<div class=\"d79db4796efc26332eabfc3f5dafbc76\" data-index=\"1\" style=\"float: none; margin:10px 0 10px 0; text-align:center;\">\n<div class=\"hb-ad-inarticle\">\r\n    <div class=\"hb-ad-inner\"> \r\n    <div class=\"hbagency_cls\"  id=\"hbagency_space_111930\"><\/div><\/div> <\/div>\n<\/div>\n<p>**\u0218tiri de Ultim\u0103 Or\u0103: Juc\u0103torul vedet\u0103 al FC Rapid Bucure\u0219ti A Amenin\u021bat C\u0103 Va P\u0103r\u0103si Echipa Dac\u0103 Nu Se Ia Nicio M\u0103sur\u0103 \u00cen Leg\u0103tur\u0103 Cu&#8230;**<\/p>\n<p>&nbsp;<\/p>\n<p>Un scandal a izbucnit \u00een cadrul echipei FC Rapid Bucure\u0219ti, dup\u0103 ce unul dintre juc\u0103torii vedet\u0103 ai clubului a amenin\u021bat c\u0103 va p\u0103r\u0103si echipa, \u00een cazul \u00een care nu se iau m\u0103suri urgente \u00een leg\u0103tur\u0103 cu o problem\u0103 intern\u0103 semnificativ\u0103. Conform surselor apropiate clubului, starul echipei a fost extrem de nemul\u021bumit de condi\u021biile de antrenament \u0219i de organizarea echipei, iar tensiunile s-au acumulat \u00een ultimele s\u0103pt\u0103m\u00e2ni, culmin\u00e2nd cu aceast\u0103 amenin\u021bare public\u0103.<\/p>\n<p>&nbsp;<\/p>\n<p>Juc\u0103torul respectiv a declarat c\u0103 nu mai poate continua \u00eentr-un mediu \u00een care consider\u0103 c\u0103 nu se fac eforturi suficiente pentru \u00eembun\u0103t\u0103\u021birea infrastructurii \u0219i a strategiei de preg\u0103tire. El a subliniat c\u0103, de\u0219i echipa se afl\u0103 \u00eentr-o perioad\u0103 de cre\u0219tere, unele aspecte esen\u021biale nu au fost adresate, pun\u00e2nd \u00een pericol performan\u021ba \u0219i moralul echipei.<\/p>\n<p>&nbsp;<\/p>\n<p>\u00cen aceast\u0103 perioad\u0103, FC Rapid Bucure\u0219ti traverseaz\u0103 o perioad\u0103 destul de dificil\u0103, cu presiuni din partea suporterilor \u0219i a presei pentru a ob\u021bine rezultate notabile \u00een campionat. Juc\u0103torul a declarat c\u0103 a \u00eencercat s\u0103 discute cu conducerea echipei, dar nu a primit r\u0103spunsuri satisf\u0103c\u0103toare, motiv pentru care a fost nevoit s\u0103 ia aceast\u0103 decizie drastic\u0103.<\/p>\n<p>&nbsp;<\/p>\n<p>\u00cen fa\u021ba acestor declara\u021bii, conducerea clubului a declarat c\u0103 este deschis\u0103 s\u0103 discute cu juc\u0103torul \u0219i s\u0103 identifice solu\u021bii pentru \u00eembun\u0103t\u0103\u021birea condi\u021biilor \u0219i pentru a restabili armonia \u00een echip\u0103. Suporterii \u0219i exper\u021bii din fotbal sunt cu ochii pe evolu\u021biile viitoare, iar deciziile care vor fi luate \u00een aceast\u0103 perioad\u0103 vor influen\u021ba viitorul clubului pe termen lung.<\/p>\n\n<div style=\"font-size: 0px; height: 0px; line-height: 0px; margin: 0; padding: 0; clear: both;\"><\/div>","protected":false},"excerpt":{"rendered":"<p>**\u0218tiri de Ultim\u0103 Or\u0103: Juc\u0103torul vedet\u0103 al FC Rapid Bucure\u0219ti A Amenin\u021bat C\u0103 Va P\u0103r\u0103si Echipa Dac\u0103 Nu Se Ia Nicio M\u0103sur\u0103 \u00cen Leg\u0103tur\u0103 Cu&#8230;** &nbsp; Un scandal a izbucnit \u00een cadrul echipei FC Rapid Bucure\u0219ti, dup\u0103 ce unul dintre juc\u0103torii vedet\u0103 ai clubului a amenin\u021bat c\u0103 va p\u0103r\u0103si echipa, \u00een cazul \u00een care nu [&hellip;]<\/p>\n","protected":false},"author":1,"featured_media":13786,"comment_status":"open","ping_status":"open","sticky":false,"template":"","format":"standard","meta":{"_jetpack_memberships_contains_paid_content":false,"footnotes":""},"categories":[1],"tags":[],"class_list":["post-13785","post","type-post","status-publish","format-standard","has-post-thumbnail","hentry","category-uncategorized"],"yoast_head":"<!-- This site is optimized with the Yoast SEO plugin v27.4 - https:\/\/yoast.com\/product\/yoast-seo-wordpress\/ -->\n<title>\u0218tiri de Ultim\u0103 Or\u0103: Juc\u0103torul vedet\u0103 al..<\/title>\n<meta name=\"description\" content=\"\u0218tiri de Ultim\u0103 Or\u0103: Juc\u0103torul vedet\u0103 al FC Rapid Bucure\u0219ti A Amenin\u021bat C\u0103 Va P\u0103r\u0103si Echipa Dac\u0103 Nu Se Ia Nicio M\u0103sur\u0103 \u00cen Leg\u0103tur\u0103 Cu...\" \/>\n<meta name=\"robots\" content=\"index, follow, max-snippet:-1, max-image-preview:large, max-video-preview:-1\" \/>\n<link rel=\"canonical\" href=\"https:\/\/www.letsportsrock.com\/?p=13785\" \/>\n<meta property=\"og:locale\" content=\"en_US\" \/>\n<meta property=\"og:type\" content=\"article\" \/>\n<meta property=\"og:title\" content=\"\u0218tiri de Ultim\u0103 Or\u0103: Juc\u0103torul vedet\u0103 al..\" \/>\n<meta property=\"og:description\" content=\"\u0218tiri de Ultim\u0103 Or\u0103: Juc\u0103torul vedet\u0103 al FC Rapid Bucure\u0219ti A Amenin\u021bat C\u0103 Va P\u0103r\u0103si Echipa Dac\u0103 Nu Se Ia Nicio M\u0103sur\u0103 \u00cen Leg\u0103tur\u0103 Cu...\" \/>\n<meta property=\"og:url\" content=\"https:\/\/www.letsportsrock.com\/?p=13785\" \/>\n<meta property=\"og:site_name\" content=\"letsportsrock\" \/>\n<meta property=\"article:published_time\" content=\"2024-12-17T16:09:30+00:00\" \/>\n<meta property=\"og:image\" content=\"https:\/\/www.letsportsrock.com\/wp-content\/uploads\/2024\/12\/images-2024-12-17T170613.915.jpeg\" \/>\n\t<meta property=\"og:image:width\" content=\"640\" \/>\n\t<meta property=\"og:image:height\" content=\"480\" \/>\n\t<meta property=\"og:image:type\" content=\"image\/jpeg\" \/>\n<meta name=\"author\" content=\"letsportsrock\" \/>\n<meta name=\"twitter:card\" content=\"summary_large_image\" \/>\n<meta name=\"twitter:label1\" content=\"Written by\" \/>\n\t<meta name=\"twitter:data1\" content=\"letsportsrock\" \/>\n\t<meta name=\"twitter:label2\" content=\"Est. reading time\" \/>\n\t<meta name=\"twitter:data2\" content=\"2 minutes\" \/>\n<script type=\"application\/ld+json\" class=\"yoast-schema-graph\">{\"@context\":\"https:\\\/\\\/schema.org\",\"@graph\":[{\"@type\":\"Article\",\"@id\":\"https:\\\/\\\/www.letsportsrock.com\\\/?p=13785#article\",\"isPartOf\":{\"@id\":\"https:\\\/\\\/www.letsportsrock.com\\\/?p=13785\"},\"author\":{\"name\":\"letsportsrock\",\"@id\":\"https:\\\/\\\/www.letsportsrock.com\\\/#\\\/schema\\\/person\\\/a454ac24e58b214ddd97e4b5afb0bf01\"},\"headline\":\"\u0218tiri de Ultim\u0103 Or\u0103: Juc\u0103torul vedet\u0103 al FC Rapid Bucure\u0219ti A Amenin\u021bat C\u0103 Va P\u0103r\u0103si Echipa Dac\u0103 Nu Se Ia Nicio M\u0103sur\u0103 \u00cen Leg\u0103tur\u0103 Cu&#8230;\",\"datePublished\":\"2024-12-17T16:09:30+00:00\",\"mainEntityOfPage\":{\"@id\":\"https:\\\/\\\/www.letsportsrock.com\\\/?p=13785\"},\"wordCount\":343,\"commentCount\":0,\"image\":{\"@id\":\"https:\\\/\\\/www.letsportsrock.com\\\/?p=13785#primaryimage\"},\"thumbnailUrl\":\"https:\\\/\\\/www.letsportsrock.com\\\/wp-content\\\/uploads\\\/2024\\\/12\\\/images-2024-12-17T170613.915.jpeg\",\"inLanguage\":\"en-US\",\"potentialAction\":[{\"@type\":\"CommentAction\",\"name\":\"Comment\",\"target\":[\"https:\\\/\\\/www.letsportsrock.com\\\/?p=13785#respond\"]}]},{\"@type\":\"WebPage\",\"@id\":\"https:\\\/\\\/www.letsportsrock.com\\\/?p=13785\",\"url\":\"https:\\\/\\\/www.letsportsrock.com\\\/?p=13785\",\"name\":\"\u0218tiri de Ultim\u0103 Or\u0103: Juc\u0103torul vedet\u0103 al..\",\"isPartOf\":{\"@id\":\"https:\\\/\\\/www.letsportsrock.com\\\/#website\"},\"primaryImageOfPage\":{\"@id\":\"https:\\\/\\\/www.letsportsrock.com\\\/?p=13785#primaryimage\"},\"image\":{\"@id\":\"https:\\\/\\\/www.letsportsrock.com\\\/?p=13785#primaryimage\"},\"thumbnailUrl\":\"https:\\\/\\\/www.letsportsrock.com\\\/wp-content\\\/uploads\\\/2024\\\/12\\\/images-2024-12-17T170613.915.jpeg\",\"datePublished\":\"2024-12-17T16:09:30+00:00\",\"author\":{\"@id\":\"https:\\\/\\\/www.letsportsrock.com\\\/#\\\/schema\\\/person\\\/a454ac24e58b214ddd97e4b5afb0bf01\"},\"description\":\"\u0218tiri de Ultim\u0103 Or\u0103: Juc\u0103torul vedet\u0103 al FC Rapid Bucure\u0219ti A Amenin\u021bat C\u0103 Va P\u0103r\u0103si Echipa Dac\u0103 Nu Se Ia Nicio M\u0103sur\u0103 \u00cen Leg\u0103tur\u0103 Cu...\",\"breadcrumb\":{\"@id\":\"https:\\\/\\\/www.letsportsrock.com\\\/?p=13785#breadcrumb\"},\"inLanguage\":\"en-US\",\"potentialAction\":[{\"@type\":\"ReadAction\",\"target\":[\"https:\\\/\\\/www.letsportsrock.com\\\/?p=13785\"]}]},{\"@type\":\"ImageObject\",\"inLanguage\":\"en-US\",\"@id\":\"https:\\\/\\\/www.letsportsrock.com\\\/?p=13785#primaryimage\",\"url\":\"https:\\\/\\\/www.letsportsrock.com\\\/wp-content\\\/uploads\\\/2024\\\/12\\\/images-2024-12-17T170613.915.jpeg\",\"contentUrl\":\"https:\\\/\\\/www.letsportsrock.com\\\/wp-content\\\/uploads\\\/2024\\\/12\\\/images-2024-12-17T170613.915.jpeg\",\"width\":640,\"height\":480},{\"@type\":\"BreadcrumbList\",\"@id\":\"https:\\\/\\\/www.letsportsrock.com\\\/?p=13785#breadcrumb\",\"itemListElement\":[{\"@type\":\"ListItem\",\"position\":1,\"name\":\"Home\",\"item\":\"https:\\\/\\\/www.letsportsrock.com\\\/\"},{\"@type\":\"ListItem\",\"position\":2,\"name\":\"\u0218tiri de Ultim\u0103 Or\u0103: Juc\u0103torul vedet\u0103 al FC Rapid Bucure\u0219ti A Amenin\u021bat C\u0103 Va P\u0103r\u0103si Echipa Dac\u0103 Nu Se Ia Nicio M\u0103sur\u0103 \u00cen Leg\u0103tur\u0103 Cu&#8230;\"}]},{\"@type\":\"WebSite\",\"@id\":\"https:\\\/\\\/www.letsportsrock.com\\\/#website\",\"url\":\"https:\\\/\\\/www.letsportsrock.com\\\/\",\"name\":\"letsportsrock\",\"description\":\"Sport News and Updates\",\"potentialAction\":[{\"@type\":\"SearchAction\",\"target\":{\"@type\":\"EntryPoint\",\"urlTemplate\":\"https:\\\/\\\/www.letsportsrock.com\\\/?s={search_term_string}\"},\"query-input\":{\"@type\":\"PropertyValueSpecification\",\"valueRequired\":true,\"valueName\":\"search_term_string\"}}],\"inLanguage\":\"en-US\"},{\"@type\":\"Person\",\"@id\":\"https:\\\/\\\/www.letsportsrock.com\\\/#\\\/schema\\\/person\\\/a454ac24e58b214ddd97e4b5afb0bf01\",\"name\":\"letsportsrock\",\"image\":{\"@type\":\"ImageObject\",\"inLanguage\":\"en-US\",\"@id\":\"https:\\\/\\\/secure.gravatar.com\\\/avatar\\\/f8ef950cbb7574c0bc874094b8d307659bfe2d7aa4a9d26fa6917eff010748f9?s=96&d=mm&r=g\",\"url\":\"https:\\\/\\\/secure.gravatar.com\\\/avatar\\\/f8ef950cbb7574c0bc874094b8d307659bfe2d7aa4a9d26fa6917eff010748f9?s=96&d=mm&r=g\",\"contentUrl\":\"https:\\\/\\\/secure.gravatar.com\\\/avatar\\\/f8ef950cbb7574c0bc874094b8d307659bfe2d7aa4a9d26fa6917eff010748f9?s=96&d=mm&r=g\",\"caption\":\"letsportsrock\"},\"sameAs\":[\"https:\\\/\\\/www.letsportsrock.com\"],\"url\":\"https:\\\/\\\/www.letsportsrock.com\\\/?author=1\"}]}<\/script>\n<!-- \/ Yoast SEO plugin. -->","yoast_head_json":{"title":"\u0218tiri de Ultim\u0103 Or\u0103: Juc\u0103torul vedet\u0103 al..","description":"\u0218tiri de Ultim\u0103 Or\u0103: Juc\u0103torul vedet\u0103 al FC Rapid Bucure\u0219ti A Amenin\u021bat C\u0103 Va P\u0103r\u0103si Echipa Dac\u0103 Nu Se Ia Nicio M\u0103sur\u0103 \u00cen Leg\u0103tur\u0103 Cu...","robots":{"index":"index","follow":"follow","max-snippet":"max-snippet:-1","max-image-preview":"max-image-preview:large","max-video-preview":"max-video-preview:-1"},"canonical":"https:\/\/www.letsportsrock.com\/?p=13785","og_locale":"en_US","og_type":"article","og_title":"\u0218tiri de Ultim\u0103 Or\u0103: Juc\u0103torul vedet\u0103 al..","og_description":"\u0218tiri de Ultim\u0103 Or\u0103: Juc\u0103torul vedet\u0103 al FC Rapid Bucure\u0219ti A Amenin\u021bat C\u0103 Va P\u0103r\u0103si Echipa Dac\u0103 Nu Se Ia Nicio M\u0103sur\u0103 \u00cen Leg\u0103tur\u0103 Cu...","og_url":"https:\/\/www.letsportsrock.com\/?p=13785","og_site_name":"letsportsrock","article_published_time":"2024-12-17T16:09:30+00:00","og_image":[{"width":640,"height":480,"url":"https:\/\/www.letsportsrock.com\/wp-content\/uploads\/2024\/12\/images-2024-12-17T170613.915.jpeg","type":"image\/jpeg"}],"author":"letsportsrock","twitter_card":"summary_large_image","twitter_misc":{"Written by":"letsportsrock","Est. reading time":"2 minutes"},"schema":{"@context":"https:\/\/schema.org","@graph":[{"@type":"Article","@id":"https:\/\/www.letsportsrock.com\/?p=13785#article","isPartOf":{"@id":"https:\/\/www.letsportsrock.com\/?p=13785"},"author":{"name":"letsportsrock","@id":"https:\/\/www.letsportsrock.com\/#\/schema\/person\/a454ac24e58b214ddd97e4b5afb0bf01"},"headline":"\u0218tiri de Ultim\u0103 Or\u0103: Juc\u0103torul vedet\u0103 al FC Rapid Bucure\u0219ti A Amenin\u021bat C\u0103 Va P\u0103r\u0103si Echipa Dac\u0103 Nu Se Ia Nicio M\u0103sur\u0103 \u00cen Leg\u0103tur\u0103 Cu&#8230;","datePublished":"2024-12-17T16:09:30+00:00","mainEntityOfPage":{"@id":"https:\/\/www.letsportsrock.com\/?p=13785"},"wordCount":343,"commentCount":0,"image":{"@id":"https:\/\/www.letsportsrock.com\/?p=13785#primaryimage"},"thumbnailUrl":"https:\/\/www.letsportsrock.com\/wp-content\/uploads\/2024\/12\/images-2024-12-17T170613.915.jpeg","inLanguage":"en-US","potentialAction":[{"@type":"CommentAction","name":"Comment","target":["https:\/\/www.letsportsrock.com\/?p=13785#respond"]}]},{"@type":"WebPage","@id":"https:\/\/www.letsportsrock.com\/?p=13785","url":"https:\/\/www.letsportsrock.com\/?p=13785","name":"\u0218tiri de Ultim\u0103 Or\u0103: Juc\u0103torul vedet\u0103 al..","isPartOf":{"@id":"https:\/\/www.letsportsrock.com\/#website"},"primaryImageOfPage":{"@id":"https:\/\/www.letsportsrock.com\/?p=13785#primaryimage"},"image":{"@id":"https:\/\/www.letsportsrock.com\/?p=13785#primaryimage"},"thumbnailUrl":"https:\/\/www.letsportsrock.com\/wp-content\/uploads\/2024\/12\/images-2024-12-17T170613.915.jpeg","datePublished":"2024-12-17T16:09:30+00:00","author":{"@id":"https:\/\/www.letsportsrock.com\/#\/schema\/person\/a454ac24e58b214ddd97e4b5afb0bf01"},"description":"\u0218tiri de Ultim\u0103 Or\u0103: Juc\u0103torul vedet\u0103 al FC Rapid Bucure\u0219ti A Amenin\u021bat C\u0103 Va P\u0103r\u0103si Echipa Dac\u0103 Nu Se Ia Nicio M\u0103sur\u0103 \u00cen Leg\u0103tur\u0103 Cu...","breadcrumb":{"@id":"https:\/\/www.letsportsrock.com\/?p=13785#breadcrumb"},"inLanguage":"en-US","potentialAction":[{"@type":"ReadAction","target":["https:\/\/www.letsportsrock.com\/?p=13785"]}]},{"@type":"ImageObject","inLanguage":"en-US","@id":"https:\/\/www.letsportsrock.com\/?p=13785#primaryimage","url":"https:\/\/www.letsportsrock.com\/wp-content\/uploads\/2024\/12\/images-2024-12-17T170613.915.jpeg","contentUrl":"https:\/\/www.letsportsrock.com\/wp-content\/uploads\/2024\/12\/images-2024-12-17T170613.915.jpeg","width":640,"height":480},{"@type":"BreadcrumbList","@id":"https:\/\/www.letsportsrock.com\/?p=13785#breadcrumb","itemListElement":[{"@type":"ListItem","position":1,"name":"Home","item":"https:\/\/www.letsportsrock.com\/"},{"@type":"ListItem","position":2,"name":"\u0218tiri de Ultim\u0103 Or\u0103: Juc\u0103torul vedet\u0103 al FC Rapid Bucure\u0219ti A Amenin\u021bat C\u0103 Va P\u0103r\u0103si Echipa Dac\u0103 Nu Se Ia Nicio M\u0103sur\u0103 \u00cen Leg\u0103tur\u0103 Cu&#8230;"}]},{"@type":"WebSite","@id":"https:\/\/www.letsportsrock.com\/#website","url":"https:\/\/www.letsportsrock.com\/","name":"letsportsrock","description":"Sport News and Updates","potentialAction":[{"@type":"SearchAction","target":{"@type":"EntryPoint","urlTemplate":"https:\/\/www.letsportsrock.com\/?s={search_term_string}"},"query-input":{"@type":"PropertyValueSpecification","valueRequired":true,"valueName":"search_term_string"}}],"inLanguage":"en-US"},{"@type":"Person","@id":"https:\/\/www.letsportsrock.com\/#\/schema\/person\/a454ac24e58b214ddd97e4b5afb0bf01","name":"letsportsrock","image":{"@type":"ImageObject","inLanguage":"en-US","@id":"https:\/\/secure.gravatar.com\/avatar\/f8ef950cbb7574c0bc874094b8d307659bfe2d7aa4a9d26fa6917eff010748f9?s=96&d=mm&r=g","url":"https:\/\/secure.gravatar.com\/avatar\/f8ef950cbb7574c0bc874094b8d307659bfe2d7aa4a9d26fa6917eff010748f9?s=96&d=mm&r=g","contentUrl":"https:\/\/secure.gravatar.com\/avatar\/f8ef950cbb7574c0bc874094b8d307659bfe2d7aa4a9d26fa6917eff010748f9?s=96&d=mm&r=g","caption":"letsportsrock"},"sameAs":["https:\/\/www.letsportsrock.com"],"url":"https:\/\/www.letsportsrock.com\/?author=1"}]}},"jetpack_featured_media_url":"https:\/\/www.letsportsrock.com\/wp-content\/uploads\/2024\/12\/images-2024-12-17T170613.915.jpeg","jetpack_sharing_enabled":true,"_links":{"self":[{"href":"https:\/\/www.letsportsrock.com\/index.php?rest_route=\/wp\/v2\/posts\/13785","targetHints":{"allow":["GET"]}}],"collection":[{"href":"https:\/\/www.letsportsrock.com\/index.php?rest_route=\/wp\/v2\/posts"}],"about":[{"href":"https:\/\/www.letsportsrock.com\/index.php?rest_route=\/wp\/v2\/types\/post"}],"author":[{"embeddable":true,"href":"https:\/\/www.letsportsrock.com\/index.php?rest_route=\/wp\/v2\/users\/1"}],"replies":[{"embeddable":true,"href":"https:\/\/www.letsportsrock.com\/index.php?rest_route=%2Fwp%2Fv2%2Fcomments&post=13785"}],"version-history":[{"count":1,"href":"https:\/\/www.letsportsrock.com\/index.php?rest_route=\/wp\/v2\/posts\/13785\/revisions"}],"predecessor-version":[{"id":13787,"href":"https:\/\/www.letsportsrock.com\/index.php?rest_route=\/wp\/v2\/posts\/13785\/revisions\/13787"}],"wp:featuredmedia":[{"embeddable":true,"href":"https:\/\/www.letsportsrock.com\/index.php?rest_route=\/wp\/v2\/media\/13786"}],"wp:attachment":[{"href":"https:\/\/www.letsportsrock.com\/index.php?rest_route=%2Fwp%2Fv2%2Fmedia&parent=13785"}],"wp:term":[{"taxonomy":"category","embeddable":true,"href":"https:\/\/www.letsportsrock.com\/index.php?rest_route=%2Fwp%2Fv2%2Fcategories&post=13785"},{"taxonomy":"post_tag","embeddable":true,"href":"https:\/\/www.letsportsrock.com\/index.php?rest_route=%2Fwp%2Fv2%2Ftags&post=13785"}],"curies":[{"name":"wp","href":"https:\/\/api.w.org\/{rel}","templated":true}]}}