{"id":13852,"date":"2024-12-17T19:17:03","date_gmt":"2024-12-17T19:17:03","guid":{"rendered":"https:\/\/www.letsportsrock.com\/?p=13852"},"modified":"2024-12-17T19:17:03","modified_gmt":"2024-12-17T19:17:03","slug":"ma-intorc-fostul-star-atacant-de-la-fcsb-si-a-reziliat-contractul-cu-fc-rapid-bucuresti-declarand-ca-va","status":"publish","type":"post","link":"https:\/\/www.letsportsrock.com\/?p=13852","title":{"rendered":"\u201eM\u0103 \u00eentorc.\u201d Fostul star atacant de la FCSB \u0219i-a reziliat contractul cu FC Rapid Bucure\u0219ti, declar\u00e2nd c\u0103 va&#8230;"},"content":{"rendered":"<div class=\"d79db4796efc26332eabfc3f5dafbc76\" data-index=\"1\" style=\"float: none; margin:10px 0 10px 0; text-align:center;\">\n<div class=\"hb-ad-inarticle\">\r\n    <div class=\"hb-ad-inner\"> \r\n    <div class=\"hbagency_cls\"  id=\"hbagency_space_111930\"><\/div><\/div> <\/div>\n<\/div>\n<p>\u201eM\u0103 \u00eentorc.\u201d Fostul star atacant de la FCSB \u0219i-a reziliat contractul cu FC Rapid Bucure\u0219ti, declar\u00e2nd c\u0103 va reveni \u00een fotbalul rom\u00e2nesc. Aceast\u0103 decizie a fost luat\u0103 dup\u0103 o perioad\u0103 \u00een care juc\u0103torul a evoluat la echipa din Liga 1, dar a sim\u021bit c\u0103 este momentul pentru o schimbare important\u0103 \u00een cariera sa.<\/p>\n<p>&nbsp;<\/p>\n<p>Mutarea a st\u00e2rnit un val de emo\u021bie \u0219i entuziasm \u00een r\u00e2ndul fanilor, care sunt ner\u0103bd\u0103tori s\u0103-l vad\u0103 din nou pe teren \u00een tricoul echipei FCSB. Juc\u0103torul, cunoscut pentru stilul s\u0103u de joc caracterizat de agilitate \u0219i eficien\u021b\u0103 \u00een fa\u021ba por\u021bii, a fost un juc\u0103tor de referin\u021b\u0103 \u00een perioada sa la FCSB, unde a l\u0103sat o amprent\u0103 de ne\u0219ters.<\/p>\n<p>&nbsp;<\/p>\n<p>Rezilierea contractului cu FC Rapid Bucure\u0219ti vine \u00eentr-un context \u00een care juc\u0103torul \u0219i-a exprimat dorin\u021ba de a \u00eenfrunta noi provoc\u0103ri \u0219i de a contribui din nou la succesul echipei FCSB, club cu care are o rela\u021bie special\u0103. Fanii sunt entuziasma\u021bi de perspectiva revenirii sale \u0219i sper\u0103 ca acesta s\u0103 aduc\u0103 un plus de valoare echipei \u00een competi\u021biile interne \u0219i interna\u021bionale.<\/p>\n<p>&nbsp;<\/p>\n<p>Plecarea sa de la FC Rapid Bucure\u0219ti \u0219i revenirea la FCSB reprezint\u0103 o schimbare semnificativ\u0103 pentru cariera sa, dar \u0219i pentru echipele implicate, \u00een special pentru fanii FCSB, care \u00eel a\u0219teapt\u0103 cu bra\u021bele deschise. De asemenea, se a\u0219teapt\u0103 ca aceast\u0103 mi\u0219care s\u0103 influen\u021beze \u0219i lupta pentru titlurile din Liga 1 \u0219i Cupa Rom\u00e2niei, av\u00e2nd \u00een vedere impactul pe care juc\u0103torul l-a avut de-a lungul carierei sale.<\/p>\n\n<div style=\"font-size: 0px; height: 0px; line-height: 0px; margin: 0; padding: 0; clear: both;\"><\/div>","protected":false},"excerpt":{"rendered":"<p>\u201eM\u0103 \u00eentorc.\u201d Fostul star atacant de la FCSB \u0219i-a reziliat contractul cu FC Rapid Bucure\u0219ti, declar\u00e2nd c\u0103 va reveni \u00een fotbalul rom\u00e2nesc. Aceast\u0103 decizie a fost luat\u0103 dup\u0103 o perioad\u0103 \u00een care juc\u0103torul a evoluat la echipa din Liga 1, dar a sim\u021bit c\u0103 este momentul pentru o schimbare important\u0103 \u00een cariera sa. &nbsp; Mutarea [&hellip;]<\/p>\n","protected":false},"author":1,"featured_media":13855,"comment_status":"open","ping_status":"open","sticky":false,"template":"","format":"standard","meta":{"_jetpack_memberships_contains_paid_content":false,"footnotes":""},"categories":[1],"tags":[],"class_list":["post-13852","post","type-post","status-publish","format-standard","has-post-thumbnail","hentry","category-uncategorized"],"yoast_head":"<!-- This site is optimized with the Yoast SEO plugin v27.4 - https:\/\/yoast.com\/product\/yoast-seo-wordpress\/ -->\n<title>\u201eM\u0103 \u00eentorc.\u201d Fostul star atacant de la FCSB \u0219i-a reziliat<\/title>\n<meta name=\"description\" content=\"\u201eM\u0103 \u00eentorc.\u201d Fostul star atacant de la FCSB \u0219i-a reziliat contractul cu FC Rapid Bucure\u0219ti, declar\u00e2nd c\u0103 va...\" \/>\n<meta name=\"robots\" content=\"index, follow, max-snippet:-1, max-image-preview:large, max-video-preview:-1\" \/>\n<link rel=\"canonical\" href=\"https:\/\/www.letsportsrock.com\/?p=13852\" \/>\n<meta property=\"og:locale\" content=\"en_US\" \/>\n<meta property=\"og:type\" content=\"article\" \/>\n<meta property=\"og:title\" content=\"\u201eM\u0103 \u00eentorc.\u201d Fostul star atacant de la FCSB \u0219i-a reziliat\" \/>\n<meta property=\"og:description\" content=\"\u201eM\u0103 \u00eentorc.\u201d Fostul star atacant de la FCSB \u0219i-a reziliat contractul cu FC Rapid Bucure\u0219ti, declar\u00e2nd c\u0103 va...\" \/>\n<meta property=\"og:url\" content=\"https:\/\/www.letsportsrock.com\/?p=13852\" \/>\n<meta property=\"og:site_name\" content=\"letsportsrock\" \/>\n<meta property=\"article:published_time\" content=\"2024-12-17T19:17:03+00:00\" \/>\n<meta property=\"og:image\" content=\"https:\/\/www.letsportsrock.com\/wp-content\/uploads\/2024\/12\/images-2024-12-17T201631.157.jpeg\" \/>\n\t<meta property=\"og:image:width\" content=\"700\" \/>\n\t<meta property=\"og:image:height\" content=\"420\" \/>\n\t<meta property=\"og:image:type\" content=\"image\/jpeg\" \/>\n<meta name=\"author\" content=\"letsportsrock\" \/>\n<meta name=\"twitter:card\" content=\"summary_large_image\" \/>\n<meta name=\"twitter:label1\" content=\"Written by\" \/>\n\t<meta name=\"twitter:data1\" content=\"letsportsrock\" \/>\n\t<meta name=\"twitter:label2\" content=\"Est. reading time\" \/>\n\t<meta name=\"twitter:data2\" content=\"2 minutes\" \/>\n<script type=\"application\/ld+json\" class=\"yoast-schema-graph\">{\"@context\":\"https:\\\/\\\/schema.org\",\"@graph\":[{\"@type\":\"Article\",\"@id\":\"https:\\\/\\\/www.letsportsrock.com\\\/?p=13852#article\",\"isPartOf\":{\"@id\":\"https:\\\/\\\/www.letsportsrock.com\\\/?p=13852\"},\"author\":{\"name\":\"letsportsrock\",\"@id\":\"https:\\\/\\\/www.letsportsrock.com\\\/#\\\/schema\\\/person\\\/a454ac24e58b214ddd97e4b5afb0bf01\"},\"headline\":\"\u201eM\u0103 \u00eentorc.\u201d Fostul star atacant de la FCSB \u0219i-a reziliat contractul cu FC Rapid Bucure\u0219ti, declar\u00e2nd c\u0103 va&#8230;\",\"datePublished\":\"2024-12-17T19:17:03+00:00\",\"mainEntityOfPage\":{\"@id\":\"https:\\\/\\\/www.letsportsrock.com\\\/?p=13852\"},\"wordCount\":293,\"commentCount\":0,\"image\":{\"@id\":\"https:\\\/\\\/www.letsportsrock.com\\\/?p=13852#primaryimage\"},\"thumbnailUrl\":\"https:\\\/\\\/www.letsportsrock.com\\\/wp-content\\\/uploads\\\/2024\\\/12\\\/images-2024-12-17T201631.157.jpeg\",\"inLanguage\":\"en-US\",\"potentialAction\":[{\"@type\":\"CommentAction\",\"name\":\"Comment\",\"target\":[\"https:\\\/\\\/www.letsportsrock.com\\\/?p=13852#respond\"]}]},{\"@type\":\"WebPage\",\"@id\":\"https:\\\/\\\/www.letsportsrock.com\\\/?p=13852\",\"url\":\"https:\\\/\\\/www.letsportsrock.com\\\/?p=13852\",\"name\":\"\u201eM\u0103 \u00eentorc.\u201d Fostul star atacant de la FCSB \u0219i-a reziliat\",\"isPartOf\":{\"@id\":\"https:\\\/\\\/www.letsportsrock.com\\\/#website\"},\"primaryImageOfPage\":{\"@id\":\"https:\\\/\\\/www.letsportsrock.com\\\/?p=13852#primaryimage\"},\"image\":{\"@id\":\"https:\\\/\\\/www.letsportsrock.com\\\/?p=13852#primaryimage\"},\"thumbnailUrl\":\"https:\\\/\\\/www.letsportsrock.com\\\/wp-content\\\/uploads\\\/2024\\\/12\\\/images-2024-12-17T201631.157.jpeg\",\"datePublished\":\"2024-12-17T19:17:03+00:00\",\"author\":{\"@id\":\"https:\\\/\\\/www.letsportsrock.com\\\/#\\\/schema\\\/person\\\/a454ac24e58b214ddd97e4b5afb0bf01\"},\"description\":\"\u201eM\u0103 \u00eentorc.\u201d Fostul star atacant de la FCSB \u0219i-a reziliat contractul cu FC Rapid Bucure\u0219ti, declar\u00e2nd c\u0103 va...\",\"breadcrumb\":{\"@id\":\"https:\\\/\\\/www.letsportsrock.com\\\/?p=13852#breadcrumb\"},\"inLanguage\":\"en-US\",\"potentialAction\":[{\"@type\":\"ReadAction\",\"target\":[\"https:\\\/\\\/www.letsportsrock.com\\\/?p=13852\"]}]},{\"@type\":\"ImageObject\",\"inLanguage\":\"en-US\",\"@id\":\"https:\\\/\\\/www.letsportsrock.com\\\/?p=13852#primaryimage\",\"url\":\"https:\\\/\\\/www.letsportsrock.com\\\/wp-content\\\/uploads\\\/2024\\\/12\\\/images-2024-12-17T201631.157.jpeg\",\"contentUrl\":\"https:\\\/\\\/www.letsportsrock.com\\\/wp-content\\\/uploads\\\/2024\\\/12\\\/images-2024-12-17T201631.157.jpeg\",\"width\":700,\"height\":420},{\"@type\":\"BreadcrumbList\",\"@id\":\"https:\\\/\\\/www.letsportsrock.com\\\/?p=13852#breadcrumb\",\"itemListElement\":[{\"@type\":\"ListItem\",\"position\":1,\"name\":\"Home\",\"item\":\"https:\\\/\\\/www.letsportsrock.com\\\/\"},{\"@type\":\"ListItem\",\"position\":2,\"name\":\"\u201eM\u0103 \u00eentorc.\u201d Fostul star atacant de la FCSB \u0219i-a reziliat contractul cu FC Rapid Bucure\u0219ti, declar\u00e2nd c\u0103 va&#8230;\"}]},{\"@type\":\"WebSite\",\"@id\":\"https:\\\/\\\/www.letsportsrock.com\\\/#website\",\"url\":\"https:\\\/\\\/www.letsportsrock.com\\\/\",\"name\":\"letsportsrock\",\"description\":\"Sport News and Updates\",\"potentialAction\":[{\"@type\":\"SearchAction\",\"target\":{\"@type\":\"EntryPoint\",\"urlTemplate\":\"https:\\\/\\\/www.letsportsrock.com\\\/?s={search_term_string}\"},\"query-input\":{\"@type\":\"PropertyValueSpecification\",\"valueRequired\":true,\"valueName\":\"search_term_string\"}}],\"inLanguage\":\"en-US\"},{\"@type\":\"Person\",\"@id\":\"https:\\\/\\\/www.letsportsrock.com\\\/#\\\/schema\\\/person\\\/a454ac24e58b214ddd97e4b5afb0bf01\",\"name\":\"letsportsrock\",\"image\":{\"@type\":\"ImageObject\",\"inLanguage\":\"en-US\",\"@id\":\"https:\\\/\\\/secure.gravatar.com\\\/avatar\\\/f8ef950cbb7574c0bc874094b8d307659bfe2d7aa4a9d26fa6917eff010748f9?s=96&d=mm&r=g\",\"url\":\"https:\\\/\\\/secure.gravatar.com\\\/avatar\\\/f8ef950cbb7574c0bc874094b8d307659bfe2d7aa4a9d26fa6917eff010748f9?s=96&d=mm&r=g\",\"contentUrl\":\"https:\\\/\\\/secure.gravatar.com\\\/avatar\\\/f8ef950cbb7574c0bc874094b8d307659bfe2d7aa4a9d26fa6917eff010748f9?s=96&d=mm&r=g\",\"caption\":\"letsportsrock\"},\"sameAs\":[\"https:\\\/\\\/www.letsportsrock.com\"],\"url\":\"https:\\\/\\\/www.letsportsrock.com\\\/?author=1\"}]}<\/script>\n<!-- \/ Yoast SEO plugin. -->","yoast_head_json":{"title":"\u201eM\u0103 \u00eentorc.\u201d Fostul star atacant de la FCSB \u0219i-a reziliat","description":"\u201eM\u0103 \u00eentorc.\u201d Fostul star atacant de la FCSB \u0219i-a reziliat contractul cu FC Rapid Bucure\u0219ti, declar\u00e2nd c\u0103 va...","robots":{"index":"index","follow":"follow","max-snippet":"max-snippet:-1","max-image-preview":"max-image-preview:large","max-video-preview":"max-video-preview:-1"},"canonical":"https:\/\/www.letsportsrock.com\/?p=13852","og_locale":"en_US","og_type":"article","og_title":"\u201eM\u0103 \u00eentorc.\u201d Fostul star atacant de la FCSB \u0219i-a reziliat","og_description":"\u201eM\u0103 \u00eentorc.\u201d Fostul star atacant de la FCSB \u0219i-a reziliat contractul cu FC Rapid Bucure\u0219ti, declar\u00e2nd c\u0103 va...","og_url":"https:\/\/www.letsportsrock.com\/?p=13852","og_site_name":"letsportsrock","article_published_time":"2024-12-17T19:17:03+00:00","og_image":[{"width":700,"height":420,"url":"https:\/\/www.letsportsrock.com\/wp-content\/uploads\/2024\/12\/images-2024-12-17T201631.157.jpeg","type":"image\/jpeg"}],"author":"letsportsrock","twitter_card":"summary_large_image","twitter_misc":{"Written by":"letsportsrock","Est. reading time":"2 minutes"},"schema":{"@context":"https:\/\/schema.org","@graph":[{"@type":"Article","@id":"https:\/\/www.letsportsrock.com\/?p=13852#article","isPartOf":{"@id":"https:\/\/www.letsportsrock.com\/?p=13852"},"author":{"name":"letsportsrock","@id":"https:\/\/www.letsportsrock.com\/#\/schema\/person\/a454ac24e58b214ddd97e4b5afb0bf01"},"headline":"\u201eM\u0103 \u00eentorc.\u201d Fostul star atacant de la FCSB \u0219i-a reziliat contractul cu FC Rapid Bucure\u0219ti, declar\u00e2nd c\u0103 va&#8230;","datePublished":"2024-12-17T19:17:03+00:00","mainEntityOfPage":{"@id":"https:\/\/www.letsportsrock.com\/?p=13852"},"wordCount":293,"commentCount":0,"image":{"@id":"https:\/\/www.letsportsrock.com\/?p=13852#primaryimage"},"thumbnailUrl":"https:\/\/www.letsportsrock.com\/wp-content\/uploads\/2024\/12\/images-2024-12-17T201631.157.jpeg","inLanguage":"en-US","potentialAction":[{"@type":"CommentAction","name":"Comment","target":["https:\/\/www.letsportsrock.com\/?p=13852#respond"]}]},{"@type":"WebPage","@id":"https:\/\/www.letsportsrock.com\/?p=13852","url":"https:\/\/www.letsportsrock.com\/?p=13852","name":"\u201eM\u0103 \u00eentorc.\u201d Fostul star atacant de la FCSB \u0219i-a reziliat","isPartOf":{"@id":"https:\/\/www.letsportsrock.com\/#website"},"primaryImageOfPage":{"@id":"https:\/\/www.letsportsrock.com\/?p=13852#primaryimage"},"image":{"@id":"https:\/\/www.letsportsrock.com\/?p=13852#primaryimage"},"thumbnailUrl":"https:\/\/www.letsportsrock.com\/wp-content\/uploads\/2024\/12\/images-2024-12-17T201631.157.jpeg","datePublished":"2024-12-17T19:17:03+00:00","author":{"@id":"https:\/\/www.letsportsrock.com\/#\/schema\/person\/a454ac24e58b214ddd97e4b5afb0bf01"},"description":"\u201eM\u0103 \u00eentorc.\u201d Fostul star atacant de la FCSB \u0219i-a reziliat contractul cu FC Rapid Bucure\u0219ti, declar\u00e2nd c\u0103 va...","breadcrumb":{"@id":"https:\/\/www.letsportsrock.com\/?p=13852#breadcrumb"},"inLanguage":"en-US","potentialAction":[{"@type":"ReadAction","target":["https:\/\/www.letsportsrock.com\/?p=13852"]}]},{"@type":"ImageObject","inLanguage":"en-US","@id":"https:\/\/www.letsportsrock.com\/?p=13852#primaryimage","url":"https:\/\/www.letsportsrock.com\/wp-content\/uploads\/2024\/12\/images-2024-12-17T201631.157.jpeg","contentUrl":"https:\/\/www.letsportsrock.com\/wp-content\/uploads\/2024\/12\/images-2024-12-17T201631.157.jpeg","width":700,"height":420},{"@type":"BreadcrumbList","@id":"https:\/\/www.letsportsrock.com\/?p=13852#breadcrumb","itemListElement":[{"@type":"ListItem","position":1,"name":"Home","item":"https:\/\/www.letsportsrock.com\/"},{"@type":"ListItem","position":2,"name":"\u201eM\u0103 \u00eentorc.\u201d Fostul star atacant de la FCSB \u0219i-a reziliat contractul cu FC Rapid Bucure\u0219ti, declar\u00e2nd c\u0103 va&#8230;"}]},{"@type":"WebSite","@id":"https:\/\/www.letsportsrock.com\/#website","url":"https:\/\/www.letsportsrock.com\/","name":"letsportsrock","description":"Sport News and Updates","potentialAction":[{"@type":"SearchAction","target":{"@type":"EntryPoint","urlTemplate":"https:\/\/www.letsportsrock.com\/?s={search_term_string}"},"query-input":{"@type":"PropertyValueSpecification","valueRequired":true,"valueName":"search_term_string"}}],"inLanguage":"en-US"},{"@type":"Person","@id":"https:\/\/www.letsportsrock.com\/#\/schema\/person\/a454ac24e58b214ddd97e4b5afb0bf01","name":"letsportsrock","image":{"@type":"ImageObject","inLanguage":"en-US","@id":"https:\/\/secure.gravatar.com\/avatar\/f8ef950cbb7574c0bc874094b8d307659bfe2d7aa4a9d26fa6917eff010748f9?s=96&d=mm&r=g","url":"https:\/\/secure.gravatar.com\/avatar\/f8ef950cbb7574c0bc874094b8d307659bfe2d7aa4a9d26fa6917eff010748f9?s=96&d=mm&r=g","contentUrl":"https:\/\/secure.gravatar.com\/avatar\/f8ef950cbb7574c0bc874094b8d307659bfe2d7aa4a9d26fa6917eff010748f9?s=96&d=mm&r=g","caption":"letsportsrock"},"sameAs":["https:\/\/www.letsportsrock.com"],"url":"https:\/\/www.letsportsrock.com\/?author=1"}]}},"jetpack_featured_media_url":"https:\/\/www.letsportsrock.com\/wp-content\/uploads\/2024\/12\/images-2024-12-17T201631.157.jpeg","jetpack_sharing_enabled":true,"_links":{"self":[{"href":"https:\/\/www.letsportsrock.com\/index.php?rest_route=\/wp\/v2\/posts\/13852","targetHints":{"allow":["GET"]}}],"collection":[{"href":"https:\/\/www.letsportsrock.com\/index.php?rest_route=\/wp\/v2\/posts"}],"about":[{"href":"https:\/\/www.letsportsrock.com\/index.php?rest_route=\/wp\/v2\/types\/post"}],"author":[{"embeddable":true,"href":"https:\/\/www.letsportsrock.com\/index.php?rest_route=\/wp\/v2\/users\/1"}],"replies":[{"embeddable":true,"href":"https:\/\/www.letsportsrock.com\/index.php?rest_route=%2Fwp%2Fv2%2Fcomments&post=13852"}],"version-history":[{"count":1,"href":"https:\/\/www.letsportsrock.com\/index.php?rest_route=\/wp\/v2\/posts\/13852\/revisions"}],"predecessor-version":[{"id":13857,"href":"https:\/\/www.letsportsrock.com\/index.php?rest_route=\/wp\/v2\/posts\/13852\/revisions\/13857"}],"wp:featuredmedia":[{"embeddable":true,"href":"https:\/\/www.letsportsrock.com\/index.php?rest_route=\/wp\/v2\/media\/13855"}],"wp:attachment":[{"href":"https:\/\/www.letsportsrock.com\/index.php?rest_route=%2Fwp%2Fv2%2Fmedia&parent=13852"}],"wp:term":[{"taxonomy":"category","embeddable":true,"href":"https:\/\/www.letsportsrock.com\/index.php?rest_route=%2Fwp%2Fv2%2Fcategories&post=13852"},{"taxonomy":"post_tag","embeddable":true,"href":"https:\/\/www.letsportsrock.com\/index.php?rest_route=%2Fwp%2Fv2%2Ftags&post=13852"}],"curies":[{"name":"wp","href":"https:\/\/api.w.org\/{rel}","templated":true}]}}