{"id":14015,"date":"2024-12-18T12:15:12","date_gmt":"2024-12-18T12:15:12","guid":{"rendered":"https:\/\/www.letsportsrock.com\/?p=14015"},"modified":"2024-12-18T12:15:12","modified_gmt":"2024-12-18T12:15:12","slug":"soc-in-bucuresti-patrick-olsen-semneaza-cu-dinamo-pentru-inca-doua-sezoane","status":"publish","type":"post","link":"https:\/\/www.letsportsrock.com\/?p=14015","title":{"rendered":"\u0218oc \u00een Bucure\u0219ti: Patrick Olsen semneaz\u0103 cu Dinamo pentru \u00eenc\u0103 dou\u0103 sezoane."},"content":{"rendered":"<div class=\"d79db4796efc26332eabfc3f5dafbc76\" data-index=\"1\" style=\"float: none; margin:10px 0 10px 0; text-align:center;\">\n<div class=\"hb-ad-inarticle\">\r\n    <div class=\"hb-ad-inner\"> \r\n    <div class=\"hbagency_cls\"  id=\"hbagency_space_111930\"><\/div><\/div> <\/div>\n<\/div>\n<p>**\u0218oc \u00een Bucure\u0219ti: Patrick Olsen semneaz\u0103 cu Dinamo pentru \u00eenc\u0103 dou\u0103 sezoane**<\/p>\n<p>&nbsp;<\/p>\n<p>\u00centr-o mi\u0219care surprinz\u0103toare pe pia\u021ba transferurilor din Rom\u00e2nia, Patrick Olsen a semnat un contract pe \u00eenc\u0103 dou\u0103 sezoane cu Dinamo Bucure\u0219ti, provoc\u00e2nd un val de reac\u021bii \u00een r\u00e2ndul suporterilor \u0219i al exper\u021bilor din fotbalul rom\u00e2nesc. Mijloca\u0219ul danez, care a fost deja o prezen\u021b\u0103 important\u0103 \u00een echipa dinamovist\u0103, \u00ee\u0219i continu\u0103 astfel aventura \u00een \u0218tefan cel Mare, un loc care a devenit tot mai important pentru cariera sa.<\/p>\n<p>&nbsp;<\/p>\n<p>Decizia de a semna pe termen lung cu Dinamo vine \u00eentr-un moment \u00een care echipa se afl\u0103 \u00eentr-o perioad\u0103 de reconstruc\u021bie, iar prelungirea contractului lui Olsen poate fi v\u0103zut\u0103 ca un semn al angajamentului \u0219i al stabilit\u0103\u021bii. Mijloca\u0219ul de 28 de ani a fost un juc\u0103tor cheie \u00een centrul terenului, oferind echipei o viziune tactic\u0103 solid\u0103 \u0219i un joc defensiv remarcabil, fiind totodat\u0103 \u0219i un juc\u0103tor important \u00een construc\u021bia atacurilor.<\/p>\n<p>&nbsp;<\/p>\n<p>De-a lungul timpului, Olsen a demonstrat c\u0103 are o abilitate rar \u00eent\u00e2lnit\u0103 de a dicta ritmul jocului, iar acest lucru a fost remarcat nu doar de antrenori, dar \u0219i de fanii echipei, care au apreciat constant evolu\u021biile sale. Suporterii dinamovi\u0219ti sper\u0103 c\u0103 prelungirea contractului va contribui la o echip\u0103 mai puternic\u0103, capabil\u0103 s\u0103 concureze pentru locurile de top din liga rom\u00e2n\u0103.<\/p>\n<p>&nbsp;<\/p>\n<p>Este evident c\u0103 Dinamo se bazeaz\u0103 pe Olsen ca un lider \u00een teren, iar semn\u0103tura acestuia reprezint\u0103 o oportunitate de a construi un grup unit \u0219i competitiv pentru sezonul urm\u0103tor. R\u0103m\u00e2ne de v\u0103zut cum va influen\u021ba aceast\u0103 mutare parcursul echipei \u0219i cum va evolua dinamica din vestiarul alb-ro\u0219u.<\/p>\n\n<div style=\"font-size: 0px; height: 0px; line-height: 0px; margin: 0; padding: 0; clear: both;\"><\/div>","protected":false},"excerpt":{"rendered":"<p>**\u0218oc \u00een Bucure\u0219ti: Patrick Olsen semneaz\u0103 cu Dinamo pentru \u00eenc\u0103 dou\u0103 sezoane** &nbsp; \u00centr-o mi\u0219care surprinz\u0103toare pe pia\u021ba transferurilor din Rom\u00e2nia, Patrick Olsen a semnat un contract pe \u00eenc\u0103 dou\u0103 sezoane cu Dinamo Bucure\u0219ti, provoc\u00e2nd un val de reac\u021bii \u00een r\u00e2ndul suporterilor \u0219i al exper\u021bilor din fotbalul rom\u00e2nesc. Mijloca\u0219ul danez, care a fost deja o [&hellip;]<\/p>\n","protected":false},"author":1,"featured_media":14016,"comment_status":"open","ping_status":"open","sticky":false,"template":"","format":"standard","meta":{"_jetpack_memberships_contains_paid_content":false,"footnotes":""},"categories":[1],"tags":[],"class_list":["post-14015","post","type-post","status-publish","format-standard","has-post-thumbnail","hentry","category-uncategorized"],"yoast_head":"<!-- This site is optimized with the Yoast SEO plugin v27.4 - https:\/\/yoast.com\/product\/yoast-seo-wordpress\/ -->\n<title>\u0218oc \u00een Bucure\u0219ti: Patrick Olsen semneaz\u0103 cu Dinamo..<\/title>\n<meta name=\"description\" content=\"\u0218oc \u00een Bucure\u0219ti: Patrick Olsen semneaz\u0103 cu Dinamo pentru \u00eenc\u0103 dou\u0103 sezoane...................................\" \/>\n<meta name=\"robots\" content=\"index, follow, max-snippet:-1, max-image-preview:large, max-video-preview:-1\" \/>\n<link rel=\"canonical\" href=\"https:\/\/www.letsportsrock.com\/?p=14015\" \/>\n<meta property=\"og:locale\" content=\"en_US\" \/>\n<meta property=\"og:type\" content=\"article\" \/>\n<meta property=\"og:title\" content=\"\u0218oc \u00een Bucure\u0219ti: Patrick Olsen semneaz\u0103 cu Dinamo..\" \/>\n<meta property=\"og:description\" content=\"\u0218oc \u00een Bucure\u0219ti: Patrick Olsen semneaz\u0103 cu Dinamo pentru \u00eenc\u0103 dou\u0103 sezoane...................................\" \/>\n<meta property=\"og:url\" content=\"https:\/\/www.letsportsrock.com\/?p=14015\" \/>\n<meta property=\"og:site_name\" content=\"letsportsrock\" \/>\n<meta property=\"article:published_time\" content=\"2024-12-18T12:15:12+00:00\" \/>\n<meta property=\"og:image\" content=\"https:\/\/www.letsportsrock.com\/wp-content\/uploads\/2024\/12\/images-2024-12-18T131347.192.jpeg\" \/>\n\t<meta property=\"og:image:width\" content=\"741\" \/>\n\t<meta property=\"og:image:height\" content=\"414\" \/>\n\t<meta property=\"og:image:type\" content=\"image\/jpeg\" \/>\n<meta name=\"author\" content=\"letsportsrock\" \/>\n<meta name=\"twitter:card\" content=\"summary_large_image\" \/>\n<meta name=\"twitter:label1\" content=\"Written by\" \/>\n\t<meta name=\"twitter:data1\" content=\"letsportsrock\" \/>\n\t<meta name=\"twitter:label2\" content=\"Est. reading time\" \/>\n\t<meta name=\"twitter:data2\" content=\"1 minute\" \/>\n<script type=\"application\/ld+json\" class=\"yoast-schema-graph\">{\"@context\":\"https:\\\/\\\/schema.org\",\"@graph\":[{\"@type\":\"Article\",\"@id\":\"https:\\\/\\\/www.letsportsrock.com\\\/?p=14015#article\",\"isPartOf\":{\"@id\":\"https:\\\/\\\/www.letsportsrock.com\\\/?p=14015\"},\"author\":{\"name\":\"letsportsrock\",\"@id\":\"https:\\\/\\\/www.letsportsrock.com\\\/#\\\/schema\\\/person\\\/a454ac24e58b214ddd97e4b5afb0bf01\"},\"headline\":\"\u0218oc \u00een Bucure\u0219ti: Patrick Olsen semneaz\u0103 cu Dinamo pentru \u00eenc\u0103 dou\u0103 sezoane.\",\"datePublished\":\"2024-12-18T12:15:12+00:00\",\"mainEntityOfPage\":{\"@id\":\"https:\\\/\\\/www.letsportsrock.com\\\/?p=14015\"},\"wordCount\":303,\"commentCount\":0,\"image\":{\"@id\":\"https:\\\/\\\/www.letsportsrock.com\\\/?p=14015#primaryimage\"},\"thumbnailUrl\":\"https:\\\/\\\/www.letsportsrock.com\\\/wp-content\\\/uploads\\\/2024\\\/12\\\/images-2024-12-18T131347.192.jpeg\",\"inLanguage\":\"en-US\",\"potentialAction\":[{\"@type\":\"CommentAction\",\"name\":\"Comment\",\"target\":[\"https:\\\/\\\/www.letsportsrock.com\\\/?p=14015#respond\"]}]},{\"@type\":\"WebPage\",\"@id\":\"https:\\\/\\\/www.letsportsrock.com\\\/?p=14015\",\"url\":\"https:\\\/\\\/www.letsportsrock.com\\\/?p=14015\",\"name\":\"\u0218oc \u00een Bucure\u0219ti: Patrick Olsen semneaz\u0103 cu Dinamo..\",\"isPartOf\":{\"@id\":\"https:\\\/\\\/www.letsportsrock.com\\\/#website\"},\"primaryImageOfPage\":{\"@id\":\"https:\\\/\\\/www.letsportsrock.com\\\/?p=14015#primaryimage\"},\"image\":{\"@id\":\"https:\\\/\\\/www.letsportsrock.com\\\/?p=14015#primaryimage\"},\"thumbnailUrl\":\"https:\\\/\\\/www.letsportsrock.com\\\/wp-content\\\/uploads\\\/2024\\\/12\\\/images-2024-12-18T131347.192.jpeg\",\"datePublished\":\"2024-12-18T12:15:12+00:00\",\"author\":{\"@id\":\"https:\\\/\\\/www.letsportsrock.com\\\/#\\\/schema\\\/person\\\/a454ac24e58b214ddd97e4b5afb0bf01\"},\"description\":\"\u0218oc \u00een Bucure\u0219ti: Patrick Olsen semneaz\u0103 cu Dinamo pentru \u00eenc\u0103 dou\u0103 sezoane...................................\",\"breadcrumb\":{\"@id\":\"https:\\\/\\\/www.letsportsrock.com\\\/?p=14015#breadcrumb\"},\"inLanguage\":\"en-US\",\"potentialAction\":[{\"@type\":\"ReadAction\",\"target\":[\"https:\\\/\\\/www.letsportsrock.com\\\/?p=14015\"]}]},{\"@type\":\"ImageObject\",\"inLanguage\":\"en-US\",\"@id\":\"https:\\\/\\\/www.letsportsrock.com\\\/?p=14015#primaryimage\",\"url\":\"https:\\\/\\\/www.letsportsrock.com\\\/wp-content\\\/uploads\\\/2024\\\/12\\\/images-2024-12-18T131347.192.jpeg\",\"contentUrl\":\"https:\\\/\\\/www.letsportsrock.com\\\/wp-content\\\/uploads\\\/2024\\\/12\\\/images-2024-12-18T131347.192.jpeg\",\"width\":741,\"height\":414},{\"@type\":\"BreadcrumbList\",\"@id\":\"https:\\\/\\\/www.letsportsrock.com\\\/?p=14015#breadcrumb\",\"itemListElement\":[{\"@type\":\"ListItem\",\"position\":1,\"name\":\"Home\",\"item\":\"https:\\\/\\\/www.letsportsrock.com\\\/\"},{\"@type\":\"ListItem\",\"position\":2,\"name\":\"\u0218oc \u00een Bucure\u0219ti: Patrick Olsen semneaz\u0103 cu Dinamo pentru \u00eenc\u0103 dou\u0103 sezoane.\"}]},{\"@type\":\"WebSite\",\"@id\":\"https:\\\/\\\/www.letsportsrock.com\\\/#website\",\"url\":\"https:\\\/\\\/www.letsportsrock.com\\\/\",\"name\":\"letsportsrock\",\"description\":\"Sport News and Updates\",\"potentialAction\":[{\"@type\":\"SearchAction\",\"target\":{\"@type\":\"EntryPoint\",\"urlTemplate\":\"https:\\\/\\\/www.letsportsrock.com\\\/?s={search_term_string}\"},\"query-input\":{\"@type\":\"PropertyValueSpecification\",\"valueRequired\":true,\"valueName\":\"search_term_string\"}}],\"inLanguage\":\"en-US\"},{\"@type\":\"Person\",\"@id\":\"https:\\\/\\\/www.letsportsrock.com\\\/#\\\/schema\\\/person\\\/a454ac24e58b214ddd97e4b5afb0bf01\",\"name\":\"letsportsrock\",\"image\":{\"@type\":\"ImageObject\",\"inLanguage\":\"en-US\",\"@id\":\"https:\\\/\\\/secure.gravatar.com\\\/avatar\\\/f8ef950cbb7574c0bc874094b8d307659bfe2d7aa4a9d26fa6917eff010748f9?s=96&d=mm&r=g\",\"url\":\"https:\\\/\\\/secure.gravatar.com\\\/avatar\\\/f8ef950cbb7574c0bc874094b8d307659bfe2d7aa4a9d26fa6917eff010748f9?s=96&d=mm&r=g\",\"contentUrl\":\"https:\\\/\\\/secure.gravatar.com\\\/avatar\\\/f8ef950cbb7574c0bc874094b8d307659bfe2d7aa4a9d26fa6917eff010748f9?s=96&d=mm&r=g\",\"caption\":\"letsportsrock\"},\"sameAs\":[\"https:\\\/\\\/www.letsportsrock.com\"],\"url\":\"https:\\\/\\\/www.letsportsrock.com\\\/?author=1\"}]}<\/script>\n<!-- \/ Yoast SEO plugin. -->","yoast_head_json":{"title":"\u0218oc \u00een Bucure\u0219ti: Patrick Olsen semneaz\u0103 cu Dinamo..","description":"\u0218oc \u00een Bucure\u0219ti: Patrick Olsen semneaz\u0103 cu Dinamo pentru \u00eenc\u0103 dou\u0103 sezoane...................................","robots":{"index":"index","follow":"follow","max-snippet":"max-snippet:-1","max-image-preview":"max-image-preview:large","max-video-preview":"max-video-preview:-1"},"canonical":"https:\/\/www.letsportsrock.com\/?p=14015","og_locale":"en_US","og_type":"article","og_title":"\u0218oc \u00een Bucure\u0219ti: Patrick Olsen semneaz\u0103 cu Dinamo..","og_description":"\u0218oc \u00een Bucure\u0219ti: Patrick Olsen semneaz\u0103 cu Dinamo pentru \u00eenc\u0103 dou\u0103 sezoane...................................","og_url":"https:\/\/www.letsportsrock.com\/?p=14015","og_site_name":"letsportsrock","article_published_time":"2024-12-18T12:15:12+00:00","og_image":[{"width":741,"height":414,"url":"https:\/\/www.letsportsrock.com\/wp-content\/uploads\/2024\/12\/images-2024-12-18T131347.192.jpeg","type":"image\/jpeg"}],"author":"letsportsrock","twitter_card":"summary_large_image","twitter_misc":{"Written by":"letsportsrock","Est. reading time":"1 minute"},"schema":{"@context":"https:\/\/schema.org","@graph":[{"@type":"Article","@id":"https:\/\/www.letsportsrock.com\/?p=14015#article","isPartOf":{"@id":"https:\/\/www.letsportsrock.com\/?p=14015"},"author":{"name":"letsportsrock","@id":"https:\/\/www.letsportsrock.com\/#\/schema\/person\/a454ac24e58b214ddd97e4b5afb0bf01"},"headline":"\u0218oc \u00een Bucure\u0219ti: Patrick Olsen semneaz\u0103 cu Dinamo pentru \u00eenc\u0103 dou\u0103 sezoane.","datePublished":"2024-12-18T12:15:12+00:00","mainEntityOfPage":{"@id":"https:\/\/www.letsportsrock.com\/?p=14015"},"wordCount":303,"commentCount":0,"image":{"@id":"https:\/\/www.letsportsrock.com\/?p=14015#primaryimage"},"thumbnailUrl":"https:\/\/www.letsportsrock.com\/wp-content\/uploads\/2024\/12\/images-2024-12-18T131347.192.jpeg","inLanguage":"en-US","potentialAction":[{"@type":"CommentAction","name":"Comment","target":["https:\/\/www.letsportsrock.com\/?p=14015#respond"]}]},{"@type":"WebPage","@id":"https:\/\/www.letsportsrock.com\/?p=14015","url":"https:\/\/www.letsportsrock.com\/?p=14015","name":"\u0218oc \u00een Bucure\u0219ti: Patrick Olsen semneaz\u0103 cu Dinamo..","isPartOf":{"@id":"https:\/\/www.letsportsrock.com\/#website"},"primaryImageOfPage":{"@id":"https:\/\/www.letsportsrock.com\/?p=14015#primaryimage"},"image":{"@id":"https:\/\/www.letsportsrock.com\/?p=14015#primaryimage"},"thumbnailUrl":"https:\/\/www.letsportsrock.com\/wp-content\/uploads\/2024\/12\/images-2024-12-18T131347.192.jpeg","datePublished":"2024-12-18T12:15:12+00:00","author":{"@id":"https:\/\/www.letsportsrock.com\/#\/schema\/person\/a454ac24e58b214ddd97e4b5afb0bf01"},"description":"\u0218oc \u00een Bucure\u0219ti: Patrick Olsen semneaz\u0103 cu Dinamo pentru \u00eenc\u0103 dou\u0103 sezoane...................................","breadcrumb":{"@id":"https:\/\/www.letsportsrock.com\/?p=14015#breadcrumb"},"inLanguage":"en-US","potentialAction":[{"@type":"ReadAction","target":["https:\/\/www.letsportsrock.com\/?p=14015"]}]},{"@type":"ImageObject","inLanguage":"en-US","@id":"https:\/\/www.letsportsrock.com\/?p=14015#primaryimage","url":"https:\/\/www.letsportsrock.com\/wp-content\/uploads\/2024\/12\/images-2024-12-18T131347.192.jpeg","contentUrl":"https:\/\/www.letsportsrock.com\/wp-content\/uploads\/2024\/12\/images-2024-12-18T131347.192.jpeg","width":741,"height":414},{"@type":"BreadcrumbList","@id":"https:\/\/www.letsportsrock.com\/?p=14015#breadcrumb","itemListElement":[{"@type":"ListItem","position":1,"name":"Home","item":"https:\/\/www.letsportsrock.com\/"},{"@type":"ListItem","position":2,"name":"\u0218oc \u00een Bucure\u0219ti: Patrick Olsen semneaz\u0103 cu Dinamo pentru \u00eenc\u0103 dou\u0103 sezoane."}]},{"@type":"WebSite","@id":"https:\/\/www.letsportsrock.com\/#website","url":"https:\/\/www.letsportsrock.com\/","name":"letsportsrock","description":"Sport News and Updates","potentialAction":[{"@type":"SearchAction","target":{"@type":"EntryPoint","urlTemplate":"https:\/\/www.letsportsrock.com\/?s={search_term_string}"},"query-input":{"@type":"PropertyValueSpecification","valueRequired":true,"valueName":"search_term_string"}}],"inLanguage":"en-US"},{"@type":"Person","@id":"https:\/\/www.letsportsrock.com\/#\/schema\/person\/a454ac24e58b214ddd97e4b5afb0bf01","name":"letsportsrock","image":{"@type":"ImageObject","inLanguage":"en-US","@id":"https:\/\/secure.gravatar.com\/avatar\/f8ef950cbb7574c0bc874094b8d307659bfe2d7aa4a9d26fa6917eff010748f9?s=96&d=mm&r=g","url":"https:\/\/secure.gravatar.com\/avatar\/f8ef950cbb7574c0bc874094b8d307659bfe2d7aa4a9d26fa6917eff010748f9?s=96&d=mm&r=g","contentUrl":"https:\/\/secure.gravatar.com\/avatar\/f8ef950cbb7574c0bc874094b8d307659bfe2d7aa4a9d26fa6917eff010748f9?s=96&d=mm&r=g","caption":"letsportsrock"},"sameAs":["https:\/\/www.letsportsrock.com"],"url":"https:\/\/www.letsportsrock.com\/?author=1"}]}},"jetpack_featured_media_url":"https:\/\/www.letsportsrock.com\/wp-content\/uploads\/2024\/12\/images-2024-12-18T131347.192.jpeg","jetpack_sharing_enabled":true,"_links":{"self":[{"href":"https:\/\/www.letsportsrock.com\/index.php?rest_route=\/wp\/v2\/posts\/14015","targetHints":{"allow":["GET"]}}],"collection":[{"href":"https:\/\/www.letsportsrock.com\/index.php?rest_route=\/wp\/v2\/posts"}],"about":[{"href":"https:\/\/www.letsportsrock.com\/index.php?rest_route=\/wp\/v2\/types\/post"}],"author":[{"embeddable":true,"href":"https:\/\/www.letsportsrock.com\/index.php?rest_route=\/wp\/v2\/users\/1"}],"replies":[{"embeddable":true,"href":"https:\/\/www.letsportsrock.com\/index.php?rest_route=%2Fwp%2Fv2%2Fcomments&post=14015"}],"version-history":[{"count":1,"href":"https:\/\/www.letsportsrock.com\/index.php?rest_route=\/wp\/v2\/posts\/14015\/revisions"}],"predecessor-version":[{"id":14017,"href":"https:\/\/www.letsportsrock.com\/index.php?rest_route=\/wp\/v2\/posts\/14015\/revisions\/14017"}],"wp:featuredmedia":[{"embeddable":true,"href":"https:\/\/www.letsportsrock.com\/index.php?rest_route=\/wp\/v2\/media\/14016"}],"wp:attachment":[{"href":"https:\/\/www.letsportsrock.com\/index.php?rest_route=%2Fwp%2Fv2%2Fmedia&parent=14015"}],"wp:term":[{"taxonomy":"category","embeddable":true,"href":"https:\/\/www.letsportsrock.com\/index.php?rest_route=%2Fwp%2Fv2%2Fcategories&post=14015"},{"taxonomy":"post_tag","embeddable":true,"href":"https:\/\/www.letsportsrock.com\/index.php?rest_route=%2Fwp%2Fv2%2Ftags&post=14015"}],"curies":[{"name":"wp","href":"https:\/\/api.w.org\/{rel}","templated":true}]}}