{"id":14487,"date":"2024-12-20T19:11:17","date_gmt":"2024-12-20T19:11:17","guid":{"rendered":"https:\/\/www.letsportsrock.com\/?p=14487"},"modified":"2024-12-20T19:11:17","modified_gmt":"2024-12-20T19:11:17","slug":"o-veste-foarte-trista-si-periculoasa-pentru-fc-rapid-bucuresti-el-s-a-intors","status":"publish","type":"post","link":"https:\/\/www.letsportsrock.com\/?p=14487","title":{"rendered":"O veste foarte trist\u0103 \u0219i periculoas\u0103 pentru FC Rapid Bucure\u0219ti: El s-a \u00eentors&#8230;"},"content":{"rendered":"<div class=\"d79db4796efc26332eabfc3f5dafbc76\" data-index=\"1\" style=\"float: none; margin:10px 0 10px 0; text-align:center;\">\n<div class=\"hb-ad-inarticle\">\r\n    <div class=\"hb-ad-inner\"> \r\n    <div class=\"hbagency_cls\"  id=\"hbagency_space_111930\"><\/div><\/div> <\/div>\n<\/div>\n<p>O veste foarte trist\u0103 \u0219i periculoas\u0103 pentru FC Rapid Bucure\u0219ti a venit ast\u0103zi: un juc\u0103tor important al echipei, care fusese accidentat anterior, s-a \u00eentors pe teren, dar cu o nou\u0103 problem\u0103 grav\u0103. Este vorba despre un juc\u0103tor-cheie, care a avut un impact semnificativ asupra performan\u021bei echipei \u00een sezoanele anterioare. Dup\u0103 o perioad\u0103 de recuperare, fanii aveau mari speran\u021be c\u0103 va reveni mai puternic, \u00eens\u0103 ve\u0219tile sunt acum mult mai \u00eengrijor\u0103toare.<\/p>\n<p>&nbsp;<\/p>\n<p>\u00cen urma unui antrenament intens, acesta a suferit o accidentare grav\u0103, care ar putea avea un impact negativ asupra evolu\u021biei echipei pe parcursul restului sezonului. Accidentarea nu doar c\u0103 reprezint\u0103 un \u0219oc pentru echip\u0103, dar \u0219i o mare pierdere din punct de vedere strategic, av\u00e2nd \u00een vedere importan\u021ba sa \u00een compartimentul defensiv\/ofensiv.<\/p>\n<p>&nbsp;<\/p>\n<p>Revenirea juc\u0103torului pe teren era a\u0219teptat\u0103 cu ner\u0103bdare de fani, dar acum, dup\u0103 acest nou incident, \u00eentrebarea este dac\u0103 va mai putea juca \u00een actualul sezon sau dac\u0103 va fi din nou for\u021bat s\u0103 stea pe tu\u0219\u0103 pentru o perioad\u0103 lung\u0103. Antrenorul echipei a declarat c\u0103 va face tot posibilul pentru a-l sprijini \u00een procesul de recuperare, dar \u0219i c\u0103 vor fi necesare m\u0103suri suplimentare pentru a compensa aceast\u0103 absen\u021b\u0103 pe termen lung.<\/p>\n<p>&nbsp;<\/p>\n<p>Suporterii FC Rapid Bucure\u0219ti sunt extrem de \u00eengrijora\u021bi \u0219i sper\u0103 c\u0103 juc\u0103torul \u00ee\u0219i va reveni complet, iar echipa va g\u0103si rapid solu\u021bii pentru a face fa\u021b\u0103 acestei noi provoc\u0103ri. R\u0103m\u00e2ne de v\u0103zut ce impact va avea aceast\u0103 \u00eentoarcere nea\u0219teptat\u0103 asupra evolu\u021biei echipei \u00een campionat.<\/p>\n\n<div style=\"font-size: 0px; height: 0px; line-height: 0px; margin: 0; padding: 0; clear: both;\"><\/div>","protected":false},"excerpt":{"rendered":"<p>O veste foarte trist\u0103 \u0219i periculoas\u0103 pentru FC Rapid Bucure\u0219ti a venit ast\u0103zi: un juc\u0103tor important al echipei, care fusese accidentat anterior, s-a \u00eentors pe teren, dar cu o nou\u0103 problem\u0103 grav\u0103. Este vorba despre un juc\u0103tor-cheie, care a avut un impact semnificativ asupra performan\u021bei echipei \u00een sezoanele anterioare. Dup\u0103 o perioad\u0103 de recuperare, fanii [&hellip;]<\/p>\n","protected":false},"author":1,"featured_media":14490,"comment_status":"open","ping_status":"open","sticky":false,"template":"","format":"standard","meta":{"_jetpack_memberships_contains_paid_content":false,"footnotes":""},"categories":[1],"tags":[],"class_list":["post-14487","post","type-post","status-publish","format-standard","has-post-thumbnail","hentry","category-uncategorized"],"yoast_head":"<!-- This site is optimized with the Yoast SEO plugin v27.5 - https:\/\/yoast.com\/product\/yoast-seo-wordpress\/ -->\n<title>O veste foarte trist\u0103 \u0219i periculoas\u0103 pentru FC Rapid Bucur.<\/title>\n<meta name=\"description\" content=\"O veste foarte trist\u0103 \u0219i periculoas\u0103 pentru FC Rapid Bucure\u0219ti: El s-a \u00eentors...............................\" \/>\n<meta name=\"robots\" content=\"index, follow, max-snippet:-1, max-image-preview:large, max-video-preview:-1\" \/>\n<link rel=\"canonical\" href=\"https:\/\/www.letsportsrock.com\/?p=14487\" \/>\n<meta property=\"og:locale\" content=\"en_US\" \/>\n<meta property=\"og:type\" content=\"article\" \/>\n<meta property=\"og:title\" content=\"O veste foarte trist\u0103 \u0219i periculoas\u0103 pentru FC Rapid Bucur.\" \/>\n<meta property=\"og:description\" content=\"O veste foarte trist\u0103 \u0219i periculoas\u0103 pentru FC Rapid Bucure\u0219ti: El s-a \u00eentors...............................\" \/>\n<meta property=\"og:url\" content=\"https:\/\/www.letsportsrock.com\/?p=14487\" \/>\n<meta property=\"og:site_name\" content=\"letsportsrock\" \/>\n<meta property=\"article:published_time\" content=\"2024-12-20T19:11:17+00:00\" \/>\n<meta property=\"og:image\" content=\"https:\/\/www.letsportsrock.com\/wp-content\/uploads\/2024\/12\/images-2024-12-20T201042.325.jpeg\" \/>\n\t<meta property=\"og:image:width\" content=\"678\" \/>\n\t<meta property=\"og:image:height\" content=\"452\" \/>\n\t<meta property=\"og:image:type\" content=\"image\/jpeg\" \/>\n<meta name=\"author\" content=\"letsportsrock\" \/>\n<meta name=\"twitter:card\" content=\"summary_large_image\" \/>\n<meta name=\"twitter:label1\" content=\"Written by\" \/>\n\t<meta name=\"twitter:data1\" content=\"letsportsrock\" \/>\n\t<meta name=\"twitter:label2\" content=\"Est. reading time\" \/>\n\t<meta name=\"twitter:data2\" content=\"2 minutes\" \/>\n<script type=\"application\/ld+json\" class=\"yoast-schema-graph\">{\"@context\":\"https:\\\/\\\/schema.org\",\"@graph\":[{\"@type\":\"Article\",\"@id\":\"https:\\\/\\\/www.letsportsrock.com\\\/?p=14487#article\",\"isPartOf\":{\"@id\":\"https:\\\/\\\/www.letsportsrock.com\\\/?p=14487\"},\"author\":{\"name\":\"letsportsrock\",\"@id\":\"https:\\\/\\\/www.letsportsrock.com\\\/#\\\/schema\\\/person\\\/a454ac24e58b214ddd97e4b5afb0bf01\"},\"headline\":\"O veste foarte trist\u0103 \u0219i periculoas\u0103 pentru FC Rapid Bucure\u0219ti: El s-a \u00eentors&#8230;\",\"datePublished\":\"2024-12-20T19:11:17+00:00\",\"mainEntityOfPage\":{\"@id\":\"https:\\\/\\\/www.letsportsrock.com\\\/?p=14487\"},\"wordCount\":284,\"commentCount\":0,\"image\":{\"@id\":\"https:\\\/\\\/www.letsportsrock.com\\\/?p=14487#primaryimage\"},\"thumbnailUrl\":\"https:\\\/\\\/www.letsportsrock.com\\\/wp-content\\\/uploads\\\/2024\\\/12\\\/images-2024-12-20T201042.325.jpeg\",\"inLanguage\":\"en-US\",\"potentialAction\":[{\"@type\":\"CommentAction\",\"name\":\"Comment\",\"target\":[\"https:\\\/\\\/www.letsportsrock.com\\\/?p=14487#respond\"]}]},{\"@type\":\"WebPage\",\"@id\":\"https:\\\/\\\/www.letsportsrock.com\\\/?p=14487\",\"url\":\"https:\\\/\\\/www.letsportsrock.com\\\/?p=14487\",\"name\":\"O veste foarte trist\u0103 \u0219i periculoas\u0103 pentru FC Rapid Bucur.\",\"isPartOf\":{\"@id\":\"https:\\\/\\\/www.letsportsrock.com\\\/#website\"},\"primaryImageOfPage\":{\"@id\":\"https:\\\/\\\/www.letsportsrock.com\\\/?p=14487#primaryimage\"},\"image\":{\"@id\":\"https:\\\/\\\/www.letsportsrock.com\\\/?p=14487#primaryimage\"},\"thumbnailUrl\":\"https:\\\/\\\/www.letsportsrock.com\\\/wp-content\\\/uploads\\\/2024\\\/12\\\/images-2024-12-20T201042.325.jpeg\",\"datePublished\":\"2024-12-20T19:11:17+00:00\",\"author\":{\"@id\":\"https:\\\/\\\/www.letsportsrock.com\\\/#\\\/schema\\\/person\\\/a454ac24e58b214ddd97e4b5afb0bf01\"},\"description\":\"O veste foarte trist\u0103 \u0219i periculoas\u0103 pentru FC Rapid Bucure\u0219ti: El s-a \u00eentors...............................\",\"breadcrumb\":{\"@id\":\"https:\\\/\\\/www.letsportsrock.com\\\/?p=14487#breadcrumb\"},\"inLanguage\":\"en-US\",\"potentialAction\":[{\"@type\":\"ReadAction\",\"target\":[\"https:\\\/\\\/www.letsportsrock.com\\\/?p=14487\"]}]},{\"@type\":\"ImageObject\",\"inLanguage\":\"en-US\",\"@id\":\"https:\\\/\\\/www.letsportsrock.com\\\/?p=14487#primaryimage\",\"url\":\"https:\\\/\\\/www.letsportsrock.com\\\/wp-content\\\/uploads\\\/2024\\\/12\\\/images-2024-12-20T201042.325.jpeg\",\"contentUrl\":\"https:\\\/\\\/www.letsportsrock.com\\\/wp-content\\\/uploads\\\/2024\\\/12\\\/images-2024-12-20T201042.325.jpeg\",\"width\":678,\"height\":452},{\"@type\":\"BreadcrumbList\",\"@id\":\"https:\\\/\\\/www.letsportsrock.com\\\/?p=14487#breadcrumb\",\"itemListElement\":[{\"@type\":\"ListItem\",\"position\":1,\"name\":\"Home\",\"item\":\"https:\\\/\\\/www.letsportsrock.com\\\/\"},{\"@type\":\"ListItem\",\"position\":2,\"name\":\"O veste foarte trist\u0103 \u0219i periculoas\u0103 pentru FC Rapid Bucure\u0219ti: El s-a \u00eentors&#8230;\"}]},{\"@type\":\"WebSite\",\"@id\":\"https:\\\/\\\/www.letsportsrock.com\\\/#website\",\"url\":\"https:\\\/\\\/www.letsportsrock.com\\\/\",\"name\":\"letsportsrock\",\"description\":\"Sport News and Updates\",\"potentialAction\":[{\"@type\":\"SearchAction\",\"target\":{\"@type\":\"EntryPoint\",\"urlTemplate\":\"https:\\\/\\\/www.letsportsrock.com\\\/?s={search_term_string}\"},\"query-input\":{\"@type\":\"PropertyValueSpecification\",\"valueRequired\":true,\"valueName\":\"search_term_string\"}}],\"inLanguage\":\"en-US\"},{\"@type\":\"Person\",\"@id\":\"https:\\\/\\\/www.letsportsrock.com\\\/#\\\/schema\\\/person\\\/a454ac24e58b214ddd97e4b5afb0bf01\",\"name\":\"letsportsrock\",\"image\":{\"@type\":\"ImageObject\",\"inLanguage\":\"en-US\",\"@id\":\"https:\\\/\\\/secure.gravatar.com\\\/avatar\\\/f8ef950cbb7574c0bc874094b8d307659bfe2d7aa4a9d26fa6917eff010748f9?s=96&d=mm&r=g\",\"url\":\"https:\\\/\\\/secure.gravatar.com\\\/avatar\\\/f8ef950cbb7574c0bc874094b8d307659bfe2d7aa4a9d26fa6917eff010748f9?s=96&d=mm&r=g\",\"contentUrl\":\"https:\\\/\\\/secure.gravatar.com\\\/avatar\\\/f8ef950cbb7574c0bc874094b8d307659bfe2d7aa4a9d26fa6917eff010748f9?s=96&d=mm&r=g\",\"caption\":\"letsportsrock\"},\"sameAs\":[\"https:\\\/\\\/www.letsportsrock.com\"],\"url\":\"https:\\\/\\\/www.letsportsrock.com\\\/?author=1\"}]}<\/script>\n<!-- \/ Yoast SEO plugin. -->","yoast_head_json":{"title":"O veste foarte trist\u0103 \u0219i periculoas\u0103 pentru FC Rapid Bucur.","description":"O veste foarte trist\u0103 \u0219i periculoas\u0103 pentru FC Rapid Bucure\u0219ti: El s-a \u00eentors...............................","robots":{"index":"index","follow":"follow","max-snippet":"max-snippet:-1","max-image-preview":"max-image-preview:large","max-video-preview":"max-video-preview:-1"},"canonical":"https:\/\/www.letsportsrock.com\/?p=14487","og_locale":"en_US","og_type":"article","og_title":"O veste foarte trist\u0103 \u0219i periculoas\u0103 pentru FC Rapid Bucur.","og_description":"O veste foarte trist\u0103 \u0219i periculoas\u0103 pentru FC Rapid Bucure\u0219ti: El s-a \u00eentors...............................","og_url":"https:\/\/www.letsportsrock.com\/?p=14487","og_site_name":"letsportsrock","article_published_time":"2024-12-20T19:11:17+00:00","og_image":[{"width":678,"height":452,"url":"https:\/\/www.letsportsrock.com\/wp-content\/uploads\/2024\/12\/images-2024-12-20T201042.325.jpeg","type":"image\/jpeg"}],"author":"letsportsrock","twitter_card":"summary_large_image","twitter_misc":{"Written by":"letsportsrock","Est. reading time":"2 minutes"},"schema":{"@context":"https:\/\/schema.org","@graph":[{"@type":"Article","@id":"https:\/\/www.letsportsrock.com\/?p=14487#article","isPartOf":{"@id":"https:\/\/www.letsportsrock.com\/?p=14487"},"author":{"name":"letsportsrock","@id":"https:\/\/www.letsportsrock.com\/#\/schema\/person\/a454ac24e58b214ddd97e4b5afb0bf01"},"headline":"O veste foarte trist\u0103 \u0219i periculoas\u0103 pentru FC Rapid Bucure\u0219ti: El s-a \u00eentors&#8230;","datePublished":"2024-12-20T19:11:17+00:00","mainEntityOfPage":{"@id":"https:\/\/www.letsportsrock.com\/?p=14487"},"wordCount":284,"commentCount":0,"image":{"@id":"https:\/\/www.letsportsrock.com\/?p=14487#primaryimage"},"thumbnailUrl":"https:\/\/www.letsportsrock.com\/wp-content\/uploads\/2024\/12\/images-2024-12-20T201042.325.jpeg","inLanguage":"en-US","potentialAction":[{"@type":"CommentAction","name":"Comment","target":["https:\/\/www.letsportsrock.com\/?p=14487#respond"]}]},{"@type":"WebPage","@id":"https:\/\/www.letsportsrock.com\/?p=14487","url":"https:\/\/www.letsportsrock.com\/?p=14487","name":"O veste foarte trist\u0103 \u0219i periculoas\u0103 pentru FC Rapid Bucur.","isPartOf":{"@id":"https:\/\/www.letsportsrock.com\/#website"},"primaryImageOfPage":{"@id":"https:\/\/www.letsportsrock.com\/?p=14487#primaryimage"},"image":{"@id":"https:\/\/www.letsportsrock.com\/?p=14487#primaryimage"},"thumbnailUrl":"https:\/\/www.letsportsrock.com\/wp-content\/uploads\/2024\/12\/images-2024-12-20T201042.325.jpeg","datePublished":"2024-12-20T19:11:17+00:00","author":{"@id":"https:\/\/www.letsportsrock.com\/#\/schema\/person\/a454ac24e58b214ddd97e4b5afb0bf01"},"description":"O veste foarte trist\u0103 \u0219i periculoas\u0103 pentru FC Rapid Bucure\u0219ti: El s-a \u00eentors...............................","breadcrumb":{"@id":"https:\/\/www.letsportsrock.com\/?p=14487#breadcrumb"},"inLanguage":"en-US","potentialAction":[{"@type":"ReadAction","target":["https:\/\/www.letsportsrock.com\/?p=14487"]}]},{"@type":"ImageObject","inLanguage":"en-US","@id":"https:\/\/www.letsportsrock.com\/?p=14487#primaryimage","url":"https:\/\/www.letsportsrock.com\/wp-content\/uploads\/2024\/12\/images-2024-12-20T201042.325.jpeg","contentUrl":"https:\/\/www.letsportsrock.com\/wp-content\/uploads\/2024\/12\/images-2024-12-20T201042.325.jpeg","width":678,"height":452},{"@type":"BreadcrumbList","@id":"https:\/\/www.letsportsrock.com\/?p=14487#breadcrumb","itemListElement":[{"@type":"ListItem","position":1,"name":"Home","item":"https:\/\/www.letsportsrock.com\/"},{"@type":"ListItem","position":2,"name":"O veste foarte trist\u0103 \u0219i periculoas\u0103 pentru FC Rapid Bucure\u0219ti: El s-a \u00eentors&#8230;"}]},{"@type":"WebSite","@id":"https:\/\/www.letsportsrock.com\/#website","url":"https:\/\/www.letsportsrock.com\/","name":"letsportsrock","description":"Sport News and Updates","potentialAction":[{"@type":"SearchAction","target":{"@type":"EntryPoint","urlTemplate":"https:\/\/www.letsportsrock.com\/?s={search_term_string}"},"query-input":{"@type":"PropertyValueSpecification","valueRequired":true,"valueName":"search_term_string"}}],"inLanguage":"en-US"},{"@type":"Person","@id":"https:\/\/www.letsportsrock.com\/#\/schema\/person\/a454ac24e58b214ddd97e4b5afb0bf01","name":"letsportsrock","image":{"@type":"ImageObject","inLanguage":"en-US","@id":"https:\/\/secure.gravatar.com\/avatar\/f8ef950cbb7574c0bc874094b8d307659bfe2d7aa4a9d26fa6917eff010748f9?s=96&d=mm&r=g","url":"https:\/\/secure.gravatar.com\/avatar\/f8ef950cbb7574c0bc874094b8d307659bfe2d7aa4a9d26fa6917eff010748f9?s=96&d=mm&r=g","contentUrl":"https:\/\/secure.gravatar.com\/avatar\/f8ef950cbb7574c0bc874094b8d307659bfe2d7aa4a9d26fa6917eff010748f9?s=96&d=mm&r=g","caption":"letsportsrock"},"sameAs":["https:\/\/www.letsportsrock.com"],"url":"https:\/\/www.letsportsrock.com\/?author=1"}]}},"jetpack_featured_media_url":"https:\/\/www.letsportsrock.com\/wp-content\/uploads\/2024\/12\/images-2024-12-20T201042.325.jpeg","jetpack_sharing_enabled":true,"_links":{"self":[{"href":"https:\/\/www.letsportsrock.com\/index.php?rest_route=\/wp\/v2\/posts\/14487","targetHints":{"allow":["GET"]}}],"collection":[{"href":"https:\/\/www.letsportsrock.com\/index.php?rest_route=\/wp\/v2\/posts"}],"about":[{"href":"https:\/\/www.letsportsrock.com\/index.php?rest_route=\/wp\/v2\/types\/post"}],"author":[{"embeddable":true,"href":"https:\/\/www.letsportsrock.com\/index.php?rest_route=\/wp\/v2\/users\/1"}],"replies":[{"embeddable":true,"href":"https:\/\/www.letsportsrock.com\/index.php?rest_route=%2Fwp%2Fv2%2Fcomments&post=14487"}],"version-history":[{"count":1,"href":"https:\/\/www.letsportsrock.com\/index.php?rest_route=\/wp\/v2\/posts\/14487\/revisions"}],"predecessor-version":[{"id":14491,"href":"https:\/\/www.letsportsrock.com\/index.php?rest_route=\/wp\/v2\/posts\/14487\/revisions\/14491"}],"wp:featuredmedia":[{"embeddable":true,"href":"https:\/\/www.letsportsrock.com\/index.php?rest_route=\/wp\/v2\/media\/14490"}],"wp:attachment":[{"href":"https:\/\/www.letsportsrock.com\/index.php?rest_route=%2Fwp%2Fv2%2Fmedia&parent=14487"}],"wp:term":[{"taxonomy":"category","embeddable":true,"href":"https:\/\/www.letsportsrock.com\/index.php?rest_route=%2Fwp%2Fv2%2Fcategories&post=14487"},{"taxonomy":"post_tag","embeddable":true,"href":"https:\/\/www.letsportsrock.com\/index.php?rest_route=%2Fwp%2Fv2%2Ftags&post=14487"}],"curies":[{"name":"wp","href":"https:\/\/api.w.org\/{rel}","templated":true}]}}