{"id":14535,"date":"2024-12-20T19:53:51","date_gmt":"2024-12-20T19:53:51","guid":{"rendered":"https:\/\/www.letsportsrock.com\/?p=14535"},"modified":"2024-12-20T19:53:51","modified_gmt":"2024-12-20T19:53:51","slug":"voi-lasa-ca-sa-joace-pentru-el-daca-se-intoarce-spune-starul-de-la-fc-dinamo-bucuresti-ca-va-pleca-daca-se-intoarce","status":"publish","type":"post","link":"https:\/\/www.letsportsrock.com\/?p=14535","title":{"rendered":"Voi L\u0103sa Ca S\u0103 Joace Pentru El, Dac\u0103 Se \u00centoarce, Spune Starul De La FC Dinamo Bucure\u0219ti C\u0103 Va Pleca Dac\u0103 Se \u00centoarce"},"content":{"rendered":"<div class=\"d79db4796efc26332eabfc3f5dafbc76\" data-index=\"1\" style=\"float: none; margin:10px 0 10px 0; text-align:center;\">\n<div class=\"hb-ad-inarticle\">\r\n    <div class=\"hb-ad-inner\"> \r\n    <div class=\"hbagency_cls\"  id=\"hbagency_space_111930\"><\/div><\/div> <\/div>\n<\/div>\n<p>&nbsp;<\/p>\n<p>&nbsp;<\/p>\n<p>Unul dintre cei mai importan\u021bi juc\u0103tori ai echipei FC Dinamo Bucure\u0219ti a f\u0103cut ast\u0103zi o declara\u021bie surprinz\u0103toare care a captat aten\u021bia \u00eentregii ligi. Starul echipei a afirmat c\u0103 ar fi dispus s\u0103 lase loc unui alt juc\u0103tor important s\u0103 joace, dar cu o condi\u021bie: dac\u0103 acesta se \u00eentoarce la echip\u0103, el ar fi gata s\u0103 p\u0103r\u0103seasc\u0103 clubul.<\/p>\n<p>&nbsp;<\/p>\n<p>Declara\u021biile au fost f\u0103cute \u00eentr-un interviu acordat presei, unde juc\u0103torul a explicat c\u0103 pentru el este mai important\u0103 coeziunea echipei \u0219i succesul general dec\u00e2t propriul s\u0103u statut. &#8220;Dac\u0103 se \u00eentoarce un juc\u0103tor important \u0219i necesar echipei, voi l\u0103sa locul pentru el s\u0103 joace, chiar dac\u0103 asta \u00eenseamn\u0103 c\u0103 eu trebuie s\u0103 plec. \u00cen fotbal, echipa este mai important\u0103 dec\u00e2t individul&#8221;, a spus acesta.<\/p>\n<p>&nbsp;<\/p>\n<p>De\u0219i nu a specificat exact despre cine este vorba, specula\u021biile au \u00eenceput imediat s\u0103 circule \u00een jurul unei posibile \u00eentoarceri a unui juc\u0103tor exilat sau al unui transfer recent ratat. Fanii echipei sunt \u00eemp\u0103r\u021bi\u021bi \u00een privin\u021ba acestei decizii, unii sus\u021bin\u00e2nd gestul ca fiind un semn de maturitate \u0219i spirit de echip\u0103, iar al\u021bii consider\u00e2nd c\u0103 ar putea s\u0103 fie un semn de nesiguran\u021b\u0103 din partea starului.<\/p>\n<p>&nbsp;<\/p>\n<p>Indiferent de circumstan\u021be, aceast\u0103 declara\u021bie ad\u00e2nce\u0219te \u0219i mai mult incertitudinea \u00een jurul viitorului echipei \u0219i al rela\u021biilor dintre juc\u0103tori. Va r\u0103m\u00e2ne de v\u0103zut dac\u0103 starul va r\u0103m\u00e2ne sau va pleca, dar un lucru este clar: FC Dinamo Bucure\u0219ti se afl\u0103 \u00eentr-un moment de r\u0103scruce, iar deciziile viitoare vor fi cruciale pentru succesul s\u0103u.<\/p>\n\n<div style=\"font-size: 0px; height: 0px; line-height: 0px; margin: 0; padding: 0; clear: both;\"><\/div>","protected":false},"excerpt":{"rendered":"<p>&nbsp; &nbsp; Unul dintre cei mai importan\u021bi juc\u0103tori ai echipei FC Dinamo Bucure\u0219ti a f\u0103cut ast\u0103zi o declara\u021bie surprinz\u0103toare care a captat aten\u021bia \u00eentregii ligi. Starul echipei a afirmat c\u0103 ar fi dispus s\u0103 lase loc unui alt juc\u0103tor important s\u0103 joace, dar cu o condi\u021bie: dac\u0103 acesta se \u00eentoarce la echip\u0103, el ar fi [&hellip;]<\/p>\n","protected":false},"author":1,"featured_media":14536,"comment_status":"open","ping_status":"open","sticky":false,"template":"","format":"standard","meta":{"_jetpack_memberships_contains_paid_content":false,"footnotes":""},"categories":[1],"tags":[],"class_list":["post-14535","post","type-post","status-publish","format-standard","has-post-thumbnail","hentry","category-uncategorized"],"yoast_head":"<!-- This site is optimized with the Yoast SEO plugin v27.4 - https:\/\/yoast.com\/product\/yoast-seo-wordpress\/ -->\n<title>Voi L\u0103sa Ca S\u0103 Joace Pentru El, Dac\u0103 Se \u00centoarce, Spune<\/title>\n<meta name=\"description\" content=\"Voi L\u0103sa Ca S\u0103 Joace Pentru El, Dac\u0103 Se \u00centoarce, Spune Starul De La FC Dinamo Bucure\u0219ti C\u0103 Va Pleca Dac\u0103 Se \u00centoarce\" \/>\n<meta name=\"robots\" content=\"index, follow, max-snippet:-1, max-image-preview:large, max-video-preview:-1\" \/>\n<link rel=\"canonical\" href=\"https:\/\/www.letsportsrock.com\/?p=14535\" \/>\n<meta property=\"og:locale\" content=\"en_US\" \/>\n<meta property=\"og:type\" content=\"article\" \/>\n<meta property=\"og:title\" content=\"Voi L\u0103sa Ca S\u0103 Joace Pentru El, Dac\u0103 Se \u00centoarce, Spune\" \/>\n<meta property=\"og:description\" content=\"Voi L\u0103sa Ca S\u0103 Joace Pentru El, Dac\u0103 Se \u00centoarce, Spune Starul De La FC Dinamo Bucure\u0219ti C\u0103 Va Pleca Dac\u0103 Se \u00centoarce\" \/>\n<meta property=\"og:url\" content=\"https:\/\/www.letsportsrock.com\/?p=14535\" \/>\n<meta property=\"og:site_name\" content=\"letsportsrock\" \/>\n<meta property=\"article:published_time\" content=\"2024-12-20T19:53:51+00:00\" \/>\n<meta property=\"og:image\" content=\"https:\/\/www.letsportsrock.com\/wp-content\/uploads\/2024\/12\/images-2024-12-20T205228.497.jpeg\" \/>\n\t<meta property=\"og:image:width\" content=\"739\" \/>\n\t<meta property=\"og:image:height\" content=\"415\" \/>\n\t<meta property=\"og:image:type\" content=\"image\/jpeg\" \/>\n<meta name=\"author\" content=\"letsportsrock\" \/>\n<meta name=\"twitter:card\" content=\"summary_large_image\" \/>\n<meta name=\"twitter:label1\" content=\"Written by\" \/>\n\t<meta name=\"twitter:data1\" content=\"letsportsrock\" \/>\n\t<meta name=\"twitter:label2\" content=\"Est. reading time\" \/>\n\t<meta name=\"twitter:data2\" content=\"2 minutes\" \/>\n<script type=\"application\/ld+json\" class=\"yoast-schema-graph\">{\"@context\":\"https:\\\/\\\/schema.org\",\"@graph\":[{\"@type\":\"Article\",\"@id\":\"https:\\\/\\\/www.letsportsrock.com\\\/?p=14535#article\",\"isPartOf\":{\"@id\":\"https:\\\/\\\/www.letsportsrock.com\\\/?p=14535\"},\"author\":{\"name\":\"letsportsrock\",\"@id\":\"https:\\\/\\\/www.letsportsrock.com\\\/#\\\/schema\\\/person\\\/a454ac24e58b214ddd97e4b5afb0bf01\"},\"headline\":\"Voi L\u0103sa Ca S\u0103 Joace Pentru El, Dac\u0103 Se \u00centoarce, Spune Starul De La FC Dinamo Bucure\u0219ti C\u0103 Va Pleca Dac\u0103 Se \u00centoarce\",\"datePublished\":\"2024-12-20T19:53:51+00:00\",\"mainEntityOfPage\":{\"@id\":\"https:\\\/\\\/www.letsportsrock.com\\\/?p=14535\"},\"wordCount\":314,\"commentCount\":0,\"image\":{\"@id\":\"https:\\\/\\\/www.letsportsrock.com\\\/?p=14535#primaryimage\"},\"thumbnailUrl\":\"https:\\\/\\\/www.letsportsrock.com\\\/wp-content\\\/uploads\\\/2024\\\/12\\\/images-2024-12-20T205228.497.jpeg\",\"inLanguage\":\"en-US\",\"potentialAction\":[{\"@type\":\"CommentAction\",\"name\":\"Comment\",\"target\":[\"https:\\\/\\\/www.letsportsrock.com\\\/?p=14535#respond\"]}]},{\"@type\":\"WebPage\",\"@id\":\"https:\\\/\\\/www.letsportsrock.com\\\/?p=14535\",\"url\":\"https:\\\/\\\/www.letsportsrock.com\\\/?p=14535\",\"name\":\"Voi L\u0103sa Ca S\u0103 Joace Pentru El, Dac\u0103 Se \u00centoarce, Spune\",\"isPartOf\":{\"@id\":\"https:\\\/\\\/www.letsportsrock.com\\\/#website\"},\"primaryImageOfPage\":{\"@id\":\"https:\\\/\\\/www.letsportsrock.com\\\/?p=14535#primaryimage\"},\"image\":{\"@id\":\"https:\\\/\\\/www.letsportsrock.com\\\/?p=14535#primaryimage\"},\"thumbnailUrl\":\"https:\\\/\\\/www.letsportsrock.com\\\/wp-content\\\/uploads\\\/2024\\\/12\\\/images-2024-12-20T205228.497.jpeg\",\"datePublished\":\"2024-12-20T19:53:51+00:00\",\"author\":{\"@id\":\"https:\\\/\\\/www.letsportsrock.com\\\/#\\\/schema\\\/person\\\/a454ac24e58b214ddd97e4b5afb0bf01\"},\"description\":\"Voi L\u0103sa Ca S\u0103 Joace Pentru El, Dac\u0103 Se \u00centoarce, Spune Starul De La FC Dinamo Bucure\u0219ti C\u0103 Va Pleca Dac\u0103 Se \u00centoarce\",\"breadcrumb\":{\"@id\":\"https:\\\/\\\/www.letsportsrock.com\\\/?p=14535#breadcrumb\"},\"inLanguage\":\"en-US\",\"potentialAction\":[{\"@type\":\"ReadAction\",\"target\":[\"https:\\\/\\\/www.letsportsrock.com\\\/?p=14535\"]}]},{\"@type\":\"ImageObject\",\"inLanguage\":\"en-US\",\"@id\":\"https:\\\/\\\/www.letsportsrock.com\\\/?p=14535#primaryimage\",\"url\":\"https:\\\/\\\/www.letsportsrock.com\\\/wp-content\\\/uploads\\\/2024\\\/12\\\/images-2024-12-20T205228.497.jpeg\",\"contentUrl\":\"https:\\\/\\\/www.letsportsrock.com\\\/wp-content\\\/uploads\\\/2024\\\/12\\\/images-2024-12-20T205228.497.jpeg\",\"width\":739,\"height\":415},{\"@type\":\"BreadcrumbList\",\"@id\":\"https:\\\/\\\/www.letsportsrock.com\\\/?p=14535#breadcrumb\",\"itemListElement\":[{\"@type\":\"ListItem\",\"position\":1,\"name\":\"Home\",\"item\":\"https:\\\/\\\/www.letsportsrock.com\\\/\"},{\"@type\":\"ListItem\",\"position\":2,\"name\":\"Voi L\u0103sa Ca S\u0103 Joace Pentru El, Dac\u0103 Se \u00centoarce, Spune Starul De La FC Dinamo Bucure\u0219ti C\u0103 Va Pleca Dac\u0103 Se \u00centoarce\"}]},{\"@type\":\"WebSite\",\"@id\":\"https:\\\/\\\/www.letsportsrock.com\\\/#website\",\"url\":\"https:\\\/\\\/www.letsportsrock.com\\\/\",\"name\":\"letsportsrock\",\"description\":\"Sport News and Updates\",\"potentialAction\":[{\"@type\":\"SearchAction\",\"target\":{\"@type\":\"EntryPoint\",\"urlTemplate\":\"https:\\\/\\\/www.letsportsrock.com\\\/?s={search_term_string}\"},\"query-input\":{\"@type\":\"PropertyValueSpecification\",\"valueRequired\":true,\"valueName\":\"search_term_string\"}}],\"inLanguage\":\"en-US\"},{\"@type\":\"Person\",\"@id\":\"https:\\\/\\\/www.letsportsrock.com\\\/#\\\/schema\\\/person\\\/a454ac24e58b214ddd97e4b5afb0bf01\",\"name\":\"letsportsrock\",\"image\":{\"@type\":\"ImageObject\",\"inLanguage\":\"en-US\",\"@id\":\"https:\\\/\\\/secure.gravatar.com\\\/avatar\\\/f8ef950cbb7574c0bc874094b8d307659bfe2d7aa4a9d26fa6917eff010748f9?s=96&d=mm&r=g\",\"url\":\"https:\\\/\\\/secure.gravatar.com\\\/avatar\\\/f8ef950cbb7574c0bc874094b8d307659bfe2d7aa4a9d26fa6917eff010748f9?s=96&d=mm&r=g\",\"contentUrl\":\"https:\\\/\\\/secure.gravatar.com\\\/avatar\\\/f8ef950cbb7574c0bc874094b8d307659bfe2d7aa4a9d26fa6917eff010748f9?s=96&d=mm&r=g\",\"caption\":\"letsportsrock\"},\"sameAs\":[\"https:\\\/\\\/www.letsportsrock.com\"],\"url\":\"https:\\\/\\\/www.letsportsrock.com\\\/?author=1\"}]}<\/script>\n<!-- \/ Yoast SEO plugin. -->","yoast_head_json":{"title":"Voi L\u0103sa Ca S\u0103 Joace Pentru El, Dac\u0103 Se \u00centoarce, Spune","description":"Voi L\u0103sa Ca S\u0103 Joace Pentru El, Dac\u0103 Se \u00centoarce, Spune Starul De La FC Dinamo Bucure\u0219ti C\u0103 Va Pleca Dac\u0103 Se \u00centoarce","robots":{"index":"index","follow":"follow","max-snippet":"max-snippet:-1","max-image-preview":"max-image-preview:large","max-video-preview":"max-video-preview:-1"},"canonical":"https:\/\/www.letsportsrock.com\/?p=14535","og_locale":"en_US","og_type":"article","og_title":"Voi L\u0103sa Ca S\u0103 Joace Pentru El, Dac\u0103 Se \u00centoarce, Spune","og_description":"Voi L\u0103sa Ca S\u0103 Joace Pentru El, Dac\u0103 Se \u00centoarce, Spune Starul De La FC Dinamo Bucure\u0219ti C\u0103 Va Pleca Dac\u0103 Se \u00centoarce","og_url":"https:\/\/www.letsportsrock.com\/?p=14535","og_site_name":"letsportsrock","article_published_time":"2024-12-20T19:53:51+00:00","og_image":[{"width":739,"height":415,"url":"https:\/\/www.letsportsrock.com\/wp-content\/uploads\/2024\/12\/images-2024-12-20T205228.497.jpeg","type":"image\/jpeg"}],"author":"letsportsrock","twitter_card":"summary_large_image","twitter_misc":{"Written by":"letsportsrock","Est. reading time":"2 minutes"},"schema":{"@context":"https:\/\/schema.org","@graph":[{"@type":"Article","@id":"https:\/\/www.letsportsrock.com\/?p=14535#article","isPartOf":{"@id":"https:\/\/www.letsportsrock.com\/?p=14535"},"author":{"name":"letsportsrock","@id":"https:\/\/www.letsportsrock.com\/#\/schema\/person\/a454ac24e58b214ddd97e4b5afb0bf01"},"headline":"Voi L\u0103sa Ca S\u0103 Joace Pentru El, Dac\u0103 Se \u00centoarce, Spune Starul De La FC Dinamo Bucure\u0219ti C\u0103 Va Pleca Dac\u0103 Se \u00centoarce","datePublished":"2024-12-20T19:53:51+00:00","mainEntityOfPage":{"@id":"https:\/\/www.letsportsrock.com\/?p=14535"},"wordCount":314,"commentCount":0,"image":{"@id":"https:\/\/www.letsportsrock.com\/?p=14535#primaryimage"},"thumbnailUrl":"https:\/\/www.letsportsrock.com\/wp-content\/uploads\/2024\/12\/images-2024-12-20T205228.497.jpeg","inLanguage":"en-US","potentialAction":[{"@type":"CommentAction","name":"Comment","target":["https:\/\/www.letsportsrock.com\/?p=14535#respond"]}]},{"@type":"WebPage","@id":"https:\/\/www.letsportsrock.com\/?p=14535","url":"https:\/\/www.letsportsrock.com\/?p=14535","name":"Voi L\u0103sa Ca S\u0103 Joace Pentru El, Dac\u0103 Se \u00centoarce, Spune","isPartOf":{"@id":"https:\/\/www.letsportsrock.com\/#website"},"primaryImageOfPage":{"@id":"https:\/\/www.letsportsrock.com\/?p=14535#primaryimage"},"image":{"@id":"https:\/\/www.letsportsrock.com\/?p=14535#primaryimage"},"thumbnailUrl":"https:\/\/www.letsportsrock.com\/wp-content\/uploads\/2024\/12\/images-2024-12-20T205228.497.jpeg","datePublished":"2024-12-20T19:53:51+00:00","author":{"@id":"https:\/\/www.letsportsrock.com\/#\/schema\/person\/a454ac24e58b214ddd97e4b5afb0bf01"},"description":"Voi L\u0103sa Ca S\u0103 Joace Pentru El, Dac\u0103 Se \u00centoarce, Spune Starul De La FC Dinamo Bucure\u0219ti C\u0103 Va Pleca Dac\u0103 Se \u00centoarce","breadcrumb":{"@id":"https:\/\/www.letsportsrock.com\/?p=14535#breadcrumb"},"inLanguage":"en-US","potentialAction":[{"@type":"ReadAction","target":["https:\/\/www.letsportsrock.com\/?p=14535"]}]},{"@type":"ImageObject","inLanguage":"en-US","@id":"https:\/\/www.letsportsrock.com\/?p=14535#primaryimage","url":"https:\/\/www.letsportsrock.com\/wp-content\/uploads\/2024\/12\/images-2024-12-20T205228.497.jpeg","contentUrl":"https:\/\/www.letsportsrock.com\/wp-content\/uploads\/2024\/12\/images-2024-12-20T205228.497.jpeg","width":739,"height":415},{"@type":"BreadcrumbList","@id":"https:\/\/www.letsportsrock.com\/?p=14535#breadcrumb","itemListElement":[{"@type":"ListItem","position":1,"name":"Home","item":"https:\/\/www.letsportsrock.com\/"},{"@type":"ListItem","position":2,"name":"Voi L\u0103sa Ca S\u0103 Joace Pentru El, Dac\u0103 Se \u00centoarce, Spune Starul De La FC Dinamo Bucure\u0219ti C\u0103 Va Pleca Dac\u0103 Se \u00centoarce"}]},{"@type":"WebSite","@id":"https:\/\/www.letsportsrock.com\/#website","url":"https:\/\/www.letsportsrock.com\/","name":"letsportsrock","description":"Sport News and Updates","potentialAction":[{"@type":"SearchAction","target":{"@type":"EntryPoint","urlTemplate":"https:\/\/www.letsportsrock.com\/?s={search_term_string}"},"query-input":{"@type":"PropertyValueSpecification","valueRequired":true,"valueName":"search_term_string"}}],"inLanguage":"en-US"},{"@type":"Person","@id":"https:\/\/www.letsportsrock.com\/#\/schema\/person\/a454ac24e58b214ddd97e4b5afb0bf01","name":"letsportsrock","image":{"@type":"ImageObject","inLanguage":"en-US","@id":"https:\/\/secure.gravatar.com\/avatar\/f8ef950cbb7574c0bc874094b8d307659bfe2d7aa4a9d26fa6917eff010748f9?s=96&d=mm&r=g","url":"https:\/\/secure.gravatar.com\/avatar\/f8ef950cbb7574c0bc874094b8d307659bfe2d7aa4a9d26fa6917eff010748f9?s=96&d=mm&r=g","contentUrl":"https:\/\/secure.gravatar.com\/avatar\/f8ef950cbb7574c0bc874094b8d307659bfe2d7aa4a9d26fa6917eff010748f9?s=96&d=mm&r=g","caption":"letsportsrock"},"sameAs":["https:\/\/www.letsportsrock.com"],"url":"https:\/\/www.letsportsrock.com\/?author=1"}]}},"jetpack_featured_media_url":"https:\/\/www.letsportsrock.com\/wp-content\/uploads\/2024\/12\/images-2024-12-20T205228.497.jpeg","jetpack_sharing_enabled":true,"_links":{"self":[{"href":"https:\/\/www.letsportsrock.com\/index.php?rest_route=\/wp\/v2\/posts\/14535","targetHints":{"allow":["GET"]}}],"collection":[{"href":"https:\/\/www.letsportsrock.com\/index.php?rest_route=\/wp\/v2\/posts"}],"about":[{"href":"https:\/\/www.letsportsrock.com\/index.php?rest_route=\/wp\/v2\/types\/post"}],"author":[{"embeddable":true,"href":"https:\/\/www.letsportsrock.com\/index.php?rest_route=\/wp\/v2\/users\/1"}],"replies":[{"embeddable":true,"href":"https:\/\/www.letsportsrock.com\/index.php?rest_route=%2Fwp%2Fv2%2Fcomments&post=14535"}],"version-history":[{"count":1,"href":"https:\/\/www.letsportsrock.com\/index.php?rest_route=\/wp\/v2\/posts\/14535\/revisions"}],"predecessor-version":[{"id":14537,"href":"https:\/\/www.letsportsrock.com\/index.php?rest_route=\/wp\/v2\/posts\/14535\/revisions\/14537"}],"wp:featuredmedia":[{"embeddable":true,"href":"https:\/\/www.letsportsrock.com\/index.php?rest_route=\/wp\/v2\/media\/14536"}],"wp:attachment":[{"href":"https:\/\/www.letsportsrock.com\/index.php?rest_route=%2Fwp%2Fv2%2Fmedia&parent=14535"}],"wp:term":[{"taxonomy":"category","embeddable":true,"href":"https:\/\/www.letsportsrock.com\/index.php?rest_route=%2Fwp%2Fv2%2Fcategories&post=14535"},{"taxonomy":"post_tag","embeddable":true,"href":"https:\/\/www.letsportsrock.com\/index.php?rest_route=%2Fwp%2Fv2%2Ftags&post=14535"}],"curies":[{"name":"wp","href":"https:\/\/api.w.org\/{rel}","templated":true}]}}