{"id":14565,"date":"2024-12-20T20:44:29","date_gmt":"2024-12-20T20:44:29","guid":{"rendered":"https:\/\/www.letsportsrock.com\/?p=14565"},"modified":"2024-12-20T20:44:29","modified_gmt":"2024-12-20T20:44:29","slug":"stiri-de-ultima-ora-antrenorul-fc-rapid-bucuresti-marius-sumudica-confirma-jucatorul-pe-care-il-vrea-afara-din-echipa-sa","status":"publish","type":"post","link":"https:\/\/www.letsportsrock.com\/?p=14565","title":{"rendered":"\u0218tiri de Ultim\u0103 Or\u0103: Antrenorul FC Rapid Bucure\u0219ti, Marius \u0218umudic\u0103, Confirm\u0103 Juc\u0103torul Pe Care \u00cel Vrea Afar\u0103 Din Echipa Sa&#8230;"},"content":{"rendered":"<div class=\"d79db4796efc26332eabfc3f5dafbc76\" data-index=\"1\" style=\"float: none; margin:10px 0 10px 0; text-align:center;\">\n<div class=\"hb-ad-inarticle\">\r\n    <div class=\"hb-ad-inner\"> \r\n    <div class=\"hbagency_cls\"  id=\"hbagency_space_111930\"><\/div><\/div> <\/div>\n<\/div>\n<p>&nbsp;<\/p>\n<p>&nbsp;<\/p>\n<p>\u00centr-o declara\u021bie surprinz\u0103toare, antrenorul FC Rapid Bucure\u0219ti, Marius \u0218umudic\u0103, a confirmat ast\u0103zi c\u0103 dore\u0219te s\u0103 renun\u021be la unul dintre juc\u0103torii din lotul s\u0103u, un semnal clar al dorin\u021bei de a face schimb\u0103ri semnificative \u00een echip\u0103. De\u0219i nu a oferit prea multe detalii despre motivul acestei decizii, antrenorul a subliniat c\u0103 juc\u0103torul respectiv nu mai face parte din planurile sale pe termen lung.<\/p>\n<p>&nbsp;<\/p>\n<p>\u0218umudic\u0103 a declarat c\u0103, \u00een ciuda calit\u0103\u021bilor individuale ale juc\u0103torului, acesta nu se potrive\u0219te viziunii sale pentru echip\u0103 \u0219i nu aduce aportul dorit la dezvoltarea colectivului. Antrenorul a insistat c\u0103 orice decizie de acest tip este dificil\u0103, dar necesar\u0103 pentru a men\u021bine un nivel ridicat de performan\u021b\u0103 \u00een cadrul echipei.<\/p>\n<p>&nbsp;<\/p>\n<p>Specula\u021biile privind identitatea juc\u0103torului au \u00eenceput deja s\u0103 circule \u00een presa sportiv\u0103, \u00eens\u0103 clubul nu a oferit oficial un nume. Totu\u0219i, fanii FC Rapid Bucure\u0219ti sunt foarte interesa\u021bi s\u0103 afle cine va p\u0103r\u0103si echipa \u00een perioada urm\u0103toare \u0219i ce va \u00eensemna acest lucru pentru lotul antrenat de \u0218umudic\u0103.<\/p>\n<p>&nbsp;<\/p>\n<p>\u00cen contextul \u00een care echipa \u00eencearc\u0103 s\u0103 se reorienteze \u0219i s\u0103 \u00ee\u0219i \u00eembun\u0103t\u0103\u021beasc\u0103 performan\u021bele \u00een campionatul intern \u0219i \u00een competi\u021biile interna\u021bionale, aceast\u0103 mi\u0219care a fost anticipat\u0103 de unii ca fiind parte a unui proces de reconstruc\u021bie al lotului. Schimb\u0103rile din echip\u0103 vin \u00eentr-un moment important al sezonului, iar Rapid Bucure\u0219ti \u00eencearc\u0103 s\u0103 r\u0103m\u00e2n\u0103 competitiv\u0103 \u0219i s\u0103 \u00ee\u0219i apere statutul \u00een fotbalul rom\u00e2nesc.<\/p>\n\n<div style=\"font-size: 0px; height: 0px; line-height: 0px; margin: 0; padding: 0; clear: both;\"><\/div>","protected":false},"excerpt":{"rendered":"<p>&nbsp; &nbsp; \u00centr-o declara\u021bie surprinz\u0103toare, antrenorul FC Rapid Bucure\u0219ti, Marius \u0218umudic\u0103, a confirmat ast\u0103zi c\u0103 dore\u0219te s\u0103 renun\u021be la unul dintre juc\u0103torii din lotul s\u0103u, un semnal clar al dorin\u021bei de a face schimb\u0103ri semnificative \u00een echip\u0103. De\u0219i nu a oferit prea multe detalii despre motivul acestei decizii, antrenorul a subliniat c\u0103 juc\u0103torul respectiv nu [&hellip;]<\/p>\n","protected":false},"author":1,"featured_media":14566,"comment_status":"open","ping_status":"open","sticky":false,"template":"","format":"standard","meta":{"_jetpack_memberships_contains_paid_content":false,"footnotes":""},"categories":[1],"tags":[],"class_list":["post-14565","post","type-post","status-publish","format-standard","has-post-thumbnail","hentry","category-uncategorized"],"yoast_head":"<!-- This site is optimized with the Yoast SEO plugin v27.4 - https:\/\/yoast.com\/product\/yoast-seo-wordpress\/ -->\n<title>\u0218tiri de Ultim\u0103 Or\u0103: Antrenorul FC Rapid Buc..<\/title>\n<meta name=\"description\" content=\"\u0218tiri de Ultim\u0103 Or\u0103: Antrenorul FC Rapid Bucure\u0219ti, Marius \u0218umudic\u0103, Confirm\u0103 Juc\u0103torul Pe Care \u00cel Vrea Afar\u0103 Din Echipa Sa...\" \/>\n<meta name=\"robots\" content=\"index, follow, max-snippet:-1, max-image-preview:large, max-video-preview:-1\" \/>\n<link rel=\"canonical\" href=\"https:\/\/www.letsportsrock.com\/?p=14565\" \/>\n<meta property=\"og:locale\" content=\"en_US\" \/>\n<meta property=\"og:type\" content=\"article\" \/>\n<meta property=\"og:title\" content=\"\u0218tiri de Ultim\u0103 Or\u0103: Antrenorul FC Rapid Buc..\" \/>\n<meta property=\"og:description\" content=\"\u0218tiri de Ultim\u0103 Or\u0103: Antrenorul FC Rapid Bucure\u0219ti, Marius \u0218umudic\u0103, Confirm\u0103 Juc\u0103torul Pe Care \u00cel Vrea Afar\u0103 Din Echipa Sa...\" \/>\n<meta property=\"og:url\" content=\"https:\/\/www.letsportsrock.com\/?p=14565\" \/>\n<meta property=\"og:site_name\" content=\"letsportsrock\" \/>\n<meta property=\"article:published_time\" content=\"2024-12-20T20:44:29+00:00\" \/>\n<meta property=\"og:image\" content=\"https:\/\/www.letsportsrock.com\/wp-content\/uploads\/2024\/12\/images-2024-12-20T214203.077.jpeg\" \/>\n\t<meta property=\"og:image:width\" content=\"679\" \/>\n\t<meta property=\"og:image:height\" content=\"452\" \/>\n\t<meta property=\"og:image:type\" content=\"image\/jpeg\" \/>\n<meta name=\"author\" content=\"letsportsrock\" \/>\n<meta name=\"twitter:card\" content=\"summary_large_image\" \/>\n<meta name=\"twitter:label1\" content=\"Written by\" \/>\n\t<meta name=\"twitter:data1\" content=\"letsportsrock\" \/>\n\t<meta name=\"twitter:label2\" content=\"Est. reading time\" \/>\n\t<meta name=\"twitter:data2\" content=\"2 minutes\" \/>\n<script type=\"application\/ld+json\" class=\"yoast-schema-graph\">{\"@context\":\"https:\\\/\\\/schema.org\",\"@graph\":[{\"@type\":\"Article\",\"@id\":\"https:\\\/\\\/www.letsportsrock.com\\\/?p=14565#article\",\"isPartOf\":{\"@id\":\"https:\\\/\\\/www.letsportsrock.com\\\/?p=14565\"},\"author\":{\"name\":\"letsportsrock\",\"@id\":\"https:\\\/\\\/www.letsportsrock.com\\\/#\\\/schema\\\/person\\\/a454ac24e58b214ddd97e4b5afb0bf01\"},\"headline\":\"\u0218tiri de Ultim\u0103 Or\u0103: Antrenorul FC Rapid Bucure\u0219ti, Marius \u0218umudic\u0103, Confirm\u0103 Juc\u0103torul Pe Care \u00cel Vrea Afar\u0103 Din Echipa Sa&#8230;\",\"datePublished\":\"2024-12-20T20:44:29+00:00\",\"mainEntityOfPage\":{\"@id\":\"https:\\\/\\\/www.letsportsrock.com\\\/?p=14565\"},\"wordCount\":285,\"commentCount\":0,\"image\":{\"@id\":\"https:\\\/\\\/www.letsportsrock.com\\\/?p=14565#primaryimage\"},\"thumbnailUrl\":\"https:\\\/\\\/www.letsportsrock.com\\\/wp-content\\\/uploads\\\/2024\\\/12\\\/images-2024-12-20T214203.077.jpeg\",\"inLanguage\":\"en-US\",\"potentialAction\":[{\"@type\":\"CommentAction\",\"name\":\"Comment\",\"target\":[\"https:\\\/\\\/www.letsportsrock.com\\\/?p=14565#respond\"]}]},{\"@type\":\"WebPage\",\"@id\":\"https:\\\/\\\/www.letsportsrock.com\\\/?p=14565\",\"url\":\"https:\\\/\\\/www.letsportsrock.com\\\/?p=14565\",\"name\":\"\u0218tiri de Ultim\u0103 Or\u0103: Antrenorul FC Rapid Buc..\",\"isPartOf\":{\"@id\":\"https:\\\/\\\/www.letsportsrock.com\\\/#website\"},\"primaryImageOfPage\":{\"@id\":\"https:\\\/\\\/www.letsportsrock.com\\\/?p=14565#primaryimage\"},\"image\":{\"@id\":\"https:\\\/\\\/www.letsportsrock.com\\\/?p=14565#primaryimage\"},\"thumbnailUrl\":\"https:\\\/\\\/www.letsportsrock.com\\\/wp-content\\\/uploads\\\/2024\\\/12\\\/images-2024-12-20T214203.077.jpeg\",\"datePublished\":\"2024-12-20T20:44:29+00:00\",\"author\":{\"@id\":\"https:\\\/\\\/www.letsportsrock.com\\\/#\\\/schema\\\/person\\\/a454ac24e58b214ddd97e4b5afb0bf01\"},\"description\":\"\u0218tiri de Ultim\u0103 Or\u0103: Antrenorul FC Rapid Bucure\u0219ti, Marius \u0218umudic\u0103, Confirm\u0103 Juc\u0103torul Pe Care \u00cel Vrea Afar\u0103 Din Echipa Sa...\",\"breadcrumb\":{\"@id\":\"https:\\\/\\\/www.letsportsrock.com\\\/?p=14565#breadcrumb\"},\"inLanguage\":\"en-US\",\"potentialAction\":[{\"@type\":\"ReadAction\",\"target\":[\"https:\\\/\\\/www.letsportsrock.com\\\/?p=14565\"]}]},{\"@type\":\"ImageObject\",\"inLanguage\":\"en-US\",\"@id\":\"https:\\\/\\\/www.letsportsrock.com\\\/?p=14565#primaryimage\",\"url\":\"https:\\\/\\\/www.letsportsrock.com\\\/wp-content\\\/uploads\\\/2024\\\/12\\\/images-2024-12-20T214203.077.jpeg\",\"contentUrl\":\"https:\\\/\\\/www.letsportsrock.com\\\/wp-content\\\/uploads\\\/2024\\\/12\\\/images-2024-12-20T214203.077.jpeg\",\"width\":679,\"height\":452},{\"@type\":\"BreadcrumbList\",\"@id\":\"https:\\\/\\\/www.letsportsrock.com\\\/?p=14565#breadcrumb\",\"itemListElement\":[{\"@type\":\"ListItem\",\"position\":1,\"name\":\"Home\",\"item\":\"https:\\\/\\\/www.letsportsrock.com\\\/\"},{\"@type\":\"ListItem\",\"position\":2,\"name\":\"\u0218tiri de Ultim\u0103 Or\u0103: Antrenorul FC Rapid Bucure\u0219ti, Marius \u0218umudic\u0103, Confirm\u0103 Juc\u0103torul Pe Care \u00cel Vrea Afar\u0103 Din Echipa Sa&#8230;\"}]},{\"@type\":\"WebSite\",\"@id\":\"https:\\\/\\\/www.letsportsrock.com\\\/#website\",\"url\":\"https:\\\/\\\/www.letsportsrock.com\\\/\",\"name\":\"letsportsrock\",\"description\":\"Sport News and Updates\",\"potentialAction\":[{\"@type\":\"SearchAction\",\"target\":{\"@type\":\"EntryPoint\",\"urlTemplate\":\"https:\\\/\\\/www.letsportsrock.com\\\/?s={search_term_string}\"},\"query-input\":{\"@type\":\"PropertyValueSpecification\",\"valueRequired\":true,\"valueName\":\"search_term_string\"}}],\"inLanguage\":\"en-US\"},{\"@type\":\"Person\",\"@id\":\"https:\\\/\\\/www.letsportsrock.com\\\/#\\\/schema\\\/person\\\/a454ac24e58b214ddd97e4b5afb0bf01\",\"name\":\"letsportsrock\",\"image\":{\"@type\":\"ImageObject\",\"inLanguage\":\"en-US\",\"@id\":\"https:\\\/\\\/secure.gravatar.com\\\/avatar\\\/f8ef950cbb7574c0bc874094b8d307659bfe2d7aa4a9d26fa6917eff010748f9?s=96&d=mm&r=g\",\"url\":\"https:\\\/\\\/secure.gravatar.com\\\/avatar\\\/f8ef950cbb7574c0bc874094b8d307659bfe2d7aa4a9d26fa6917eff010748f9?s=96&d=mm&r=g\",\"contentUrl\":\"https:\\\/\\\/secure.gravatar.com\\\/avatar\\\/f8ef950cbb7574c0bc874094b8d307659bfe2d7aa4a9d26fa6917eff010748f9?s=96&d=mm&r=g\",\"caption\":\"letsportsrock\"},\"sameAs\":[\"https:\\\/\\\/www.letsportsrock.com\"],\"url\":\"https:\\\/\\\/www.letsportsrock.com\\\/?author=1\"}]}<\/script>\n<!-- \/ Yoast SEO plugin. -->","yoast_head_json":{"title":"\u0218tiri de Ultim\u0103 Or\u0103: Antrenorul FC Rapid Buc..","description":"\u0218tiri de Ultim\u0103 Or\u0103: Antrenorul FC Rapid Bucure\u0219ti, Marius \u0218umudic\u0103, Confirm\u0103 Juc\u0103torul Pe Care \u00cel Vrea Afar\u0103 Din Echipa Sa...","robots":{"index":"index","follow":"follow","max-snippet":"max-snippet:-1","max-image-preview":"max-image-preview:large","max-video-preview":"max-video-preview:-1"},"canonical":"https:\/\/www.letsportsrock.com\/?p=14565","og_locale":"en_US","og_type":"article","og_title":"\u0218tiri de Ultim\u0103 Or\u0103: Antrenorul FC Rapid Buc..","og_description":"\u0218tiri de Ultim\u0103 Or\u0103: Antrenorul FC Rapid Bucure\u0219ti, Marius \u0218umudic\u0103, Confirm\u0103 Juc\u0103torul Pe Care \u00cel Vrea Afar\u0103 Din Echipa Sa...","og_url":"https:\/\/www.letsportsrock.com\/?p=14565","og_site_name":"letsportsrock","article_published_time":"2024-12-20T20:44:29+00:00","og_image":[{"width":679,"height":452,"url":"https:\/\/www.letsportsrock.com\/wp-content\/uploads\/2024\/12\/images-2024-12-20T214203.077.jpeg","type":"image\/jpeg"}],"author":"letsportsrock","twitter_card":"summary_large_image","twitter_misc":{"Written by":"letsportsrock","Est. reading time":"2 minutes"},"schema":{"@context":"https:\/\/schema.org","@graph":[{"@type":"Article","@id":"https:\/\/www.letsportsrock.com\/?p=14565#article","isPartOf":{"@id":"https:\/\/www.letsportsrock.com\/?p=14565"},"author":{"name":"letsportsrock","@id":"https:\/\/www.letsportsrock.com\/#\/schema\/person\/a454ac24e58b214ddd97e4b5afb0bf01"},"headline":"\u0218tiri de Ultim\u0103 Or\u0103: Antrenorul FC Rapid Bucure\u0219ti, Marius \u0218umudic\u0103, Confirm\u0103 Juc\u0103torul Pe Care \u00cel Vrea Afar\u0103 Din Echipa Sa&#8230;","datePublished":"2024-12-20T20:44:29+00:00","mainEntityOfPage":{"@id":"https:\/\/www.letsportsrock.com\/?p=14565"},"wordCount":285,"commentCount":0,"image":{"@id":"https:\/\/www.letsportsrock.com\/?p=14565#primaryimage"},"thumbnailUrl":"https:\/\/www.letsportsrock.com\/wp-content\/uploads\/2024\/12\/images-2024-12-20T214203.077.jpeg","inLanguage":"en-US","potentialAction":[{"@type":"CommentAction","name":"Comment","target":["https:\/\/www.letsportsrock.com\/?p=14565#respond"]}]},{"@type":"WebPage","@id":"https:\/\/www.letsportsrock.com\/?p=14565","url":"https:\/\/www.letsportsrock.com\/?p=14565","name":"\u0218tiri de Ultim\u0103 Or\u0103: Antrenorul FC Rapid Buc..","isPartOf":{"@id":"https:\/\/www.letsportsrock.com\/#website"},"primaryImageOfPage":{"@id":"https:\/\/www.letsportsrock.com\/?p=14565#primaryimage"},"image":{"@id":"https:\/\/www.letsportsrock.com\/?p=14565#primaryimage"},"thumbnailUrl":"https:\/\/www.letsportsrock.com\/wp-content\/uploads\/2024\/12\/images-2024-12-20T214203.077.jpeg","datePublished":"2024-12-20T20:44:29+00:00","author":{"@id":"https:\/\/www.letsportsrock.com\/#\/schema\/person\/a454ac24e58b214ddd97e4b5afb0bf01"},"description":"\u0218tiri de Ultim\u0103 Or\u0103: Antrenorul FC Rapid Bucure\u0219ti, Marius \u0218umudic\u0103, Confirm\u0103 Juc\u0103torul Pe Care \u00cel Vrea Afar\u0103 Din Echipa Sa...","breadcrumb":{"@id":"https:\/\/www.letsportsrock.com\/?p=14565#breadcrumb"},"inLanguage":"en-US","potentialAction":[{"@type":"ReadAction","target":["https:\/\/www.letsportsrock.com\/?p=14565"]}]},{"@type":"ImageObject","inLanguage":"en-US","@id":"https:\/\/www.letsportsrock.com\/?p=14565#primaryimage","url":"https:\/\/www.letsportsrock.com\/wp-content\/uploads\/2024\/12\/images-2024-12-20T214203.077.jpeg","contentUrl":"https:\/\/www.letsportsrock.com\/wp-content\/uploads\/2024\/12\/images-2024-12-20T214203.077.jpeg","width":679,"height":452},{"@type":"BreadcrumbList","@id":"https:\/\/www.letsportsrock.com\/?p=14565#breadcrumb","itemListElement":[{"@type":"ListItem","position":1,"name":"Home","item":"https:\/\/www.letsportsrock.com\/"},{"@type":"ListItem","position":2,"name":"\u0218tiri de Ultim\u0103 Or\u0103: Antrenorul FC Rapid Bucure\u0219ti, Marius \u0218umudic\u0103, Confirm\u0103 Juc\u0103torul Pe Care \u00cel Vrea Afar\u0103 Din Echipa Sa&#8230;"}]},{"@type":"WebSite","@id":"https:\/\/www.letsportsrock.com\/#website","url":"https:\/\/www.letsportsrock.com\/","name":"letsportsrock","description":"Sport News and Updates","potentialAction":[{"@type":"SearchAction","target":{"@type":"EntryPoint","urlTemplate":"https:\/\/www.letsportsrock.com\/?s={search_term_string}"},"query-input":{"@type":"PropertyValueSpecification","valueRequired":true,"valueName":"search_term_string"}}],"inLanguage":"en-US"},{"@type":"Person","@id":"https:\/\/www.letsportsrock.com\/#\/schema\/person\/a454ac24e58b214ddd97e4b5afb0bf01","name":"letsportsrock","image":{"@type":"ImageObject","inLanguage":"en-US","@id":"https:\/\/secure.gravatar.com\/avatar\/f8ef950cbb7574c0bc874094b8d307659bfe2d7aa4a9d26fa6917eff010748f9?s=96&d=mm&r=g","url":"https:\/\/secure.gravatar.com\/avatar\/f8ef950cbb7574c0bc874094b8d307659bfe2d7aa4a9d26fa6917eff010748f9?s=96&d=mm&r=g","contentUrl":"https:\/\/secure.gravatar.com\/avatar\/f8ef950cbb7574c0bc874094b8d307659bfe2d7aa4a9d26fa6917eff010748f9?s=96&d=mm&r=g","caption":"letsportsrock"},"sameAs":["https:\/\/www.letsportsrock.com"],"url":"https:\/\/www.letsportsrock.com\/?author=1"}]}},"jetpack_featured_media_url":"https:\/\/www.letsportsrock.com\/wp-content\/uploads\/2024\/12\/images-2024-12-20T214203.077.jpeg","jetpack_sharing_enabled":true,"_links":{"self":[{"href":"https:\/\/www.letsportsrock.com\/index.php?rest_route=\/wp\/v2\/posts\/14565","targetHints":{"allow":["GET"]}}],"collection":[{"href":"https:\/\/www.letsportsrock.com\/index.php?rest_route=\/wp\/v2\/posts"}],"about":[{"href":"https:\/\/www.letsportsrock.com\/index.php?rest_route=\/wp\/v2\/types\/post"}],"author":[{"embeddable":true,"href":"https:\/\/www.letsportsrock.com\/index.php?rest_route=\/wp\/v2\/users\/1"}],"replies":[{"embeddable":true,"href":"https:\/\/www.letsportsrock.com\/index.php?rest_route=%2Fwp%2Fv2%2Fcomments&post=14565"}],"version-history":[{"count":1,"href":"https:\/\/www.letsportsrock.com\/index.php?rest_route=\/wp\/v2\/posts\/14565\/revisions"}],"predecessor-version":[{"id":14567,"href":"https:\/\/www.letsportsrock.com\/index.php?rest_route=\/wp\/v2\/posts\/14565\/revisions\/14567"}],"wp:featuredmedia":[{"embeddable":true,"href":"https:\/\/www.letsportsrock.com\/index.php?rest_route=\/wp\/v2\/media\/14566"}],"wp:attachment":[{"href":"https:\/\/www.letsportsrock.com\/index.php?rest_route=%2Fwp%2Fv2%2Fmedia&parent=14565"}],"wp:term":[{"taxonomy":"category","embeddable":true,"href":"https:\/\/www.letsportsrock.com\/index.php?rest_route=%2Fwp%2Fv2%2Fcategories&post=14565"},{"taxonomy":"post_tag","embeddable":true,"href":"https:\/\/www.letsportsrock.com\/index.php?rest_route=%2Fwp%2Fv2%2Ftags&post=14565"}],"curies":[{"name":"wp","href":"https:\/\/api.w.org\/{rel}","templated":true}]}}