{"id":14698,"date":"2024-12-21T20:03:09","date_gmt":"2024-12-21T20:03:09","guid":{"rendered":"https:\/\/www.letsportsrock.com\/?p=14698"},"modified":"2024-12-21T20:03:09","modified_gmt":"2024-12-21T20:03:09","slug":"acum-fc-rapid-bucuresti-ar-fi-ajuns-la-un-acord-pentru-un-transfer-de-proportii-cu-fc-dinamo-bucuresti","status":"publish","type":"post","link":"https:\/\/www.letsportsrock.com\/?p=14698","title":{"rendered":"&#8220;Acum: FC Rapid Bucure\u0219ti ar fi ajuns la un acord pentru un transfer de propor\u021bii cu FC Dinamo Bucure\u0219ti\u2026&#8221;"},"content":{"rendered":"<div class=\"d79db4796efc26332eabfc3f5dafbc76\" data-index=\"1\" style=\"float: none; margin:10px 0 10px 0; text-align:center;\">\n<div class=\"hb-ad-inarticle\">\r\n    <div class=\"hb-ad-inner\"> \r\n    <div class=\"hbagency_cls\"  id=\"hbagency_space_111930\"><\/div><\/div> <\/div>\n<\/div>\n<p>**Acum: FC Rapid Bucure\u0219ti ar fi ajuns la un acord pentru un transfer de propor\u021bii cu FC Dinamo Bucure\u0219ti\u2026**<\/p>\n<p>&nbsp;<\/p>\n<p>\u00centr-o mi\u0219care surprinz\u0103toare pe pia\u021ba transferurilor din fotbalul rom\u00e2nesc, FC Rapid Bucure\u0219ti \u0219i FC Dinamo Bucure\u0219ti ar fi ajuns la un acord pentru un transfer de propor\u021bii, care ar putea avea un impact semnificativ asupra ambelor echipe. Detaliile tranzac\u021biei nu au fost \u00eenc\u0103 oficial confirmate, dar zvonurile din presa sportiv\u0103 sugereaz\u0103 c\u0103 discu\u021biile au fost intense \u0219i au implicat o serie de juc\u0103tori importan\u021bi din ambele tabere.<\/p>\n<p>&nbsp;<\/p>\n<p>Aceste dou\u0103 cluburi tradi\u021bionale din capitala Rom\u00e2niei au avut o rivalitate de lung\u0103 durat\u0103, iar un transfer direct \u00eentre ele ar crea cu siguran\u021b\u0103 un val de reac\u021bii din partea suporterilor \u0219i a presei. \u00cen ultimii ani, ambele echipe au trecut prin perioade dificile, cu fluctua\u021bii ale performan\u021bei \u0219i schimb\u0103ri constante \u00een loturi, dar acest transfer ar putea semnala o \u00eentoarcere la un nivel mai ridicat de competi\u021bie.<\/p>\n<p>&nbsp;<\/p>\n<p>Presa speculeaz\u0103 c\u0103 FC Rapid Bucure\u0219ti, aflat \u00een c\u0103utarea unor \u00eent\u0103riri pentru a-\u0219i \u00eent\u0103ri echipa, ar fi interesat de juc\u0103tori din lotul celor de la Dinamo, care se afl\u0103 \u00eentr-o perioad\u0103 de restructurare. De asemenea, exist\u0103 \u0219anse ca transferul s\u0103 includ\u0103 \u0219i o sum\u0103 de bani, \u00een func\u021bie de valoarea \u0219i statutul juc\u0103torilor implica\u021bi.<\/p>\n<p>&nbsp;<\/p>\n<p>\u00cen ciuda rivalit\u0103\u021bii istorice dintre cele dou\u0103 echipe, aceast\u0103 mi\u0219care ar putea fi v\u0103zut\u0103 ca o oportunitate pentru ambele cluburi de a-\u0219i \u00eembun\u0103t\u0103\u021bi loturile \u0219i de a se \u00eent\u0103ri \u00een fa\u021ba provoc\u0103rilor viitoare din campionatul rom\u00e2nesc. Suporterii celor dou\u0103 echipe vor urm\u0103ri cu mare aten\u021bie evolu\u021bia acestui transfer \u0219i impactul pe care \u00eel va avea asupra sezonului \u00een curs.<\/p>\n<p>&nbsp;<\/p>\n<p>Ram\u00e2ne de v\u0103zut dac\u0103 informa\u021biile vor fi confirmate oficial \u0219i ce efecte va avea acest transfer asupra rela\u021biilor dintre cele dou\u0103 cluburi rivale.<\/p>\n\n<div style=\"font-size: 0px; height: 0px; line-height: 0px; margin: 0; padding: 0; clear: both;\"><\/div>","protected":false},"excerpt":{"rendered":"<p>**Acum: FC Rapid Bucure\u0219ti ar fi ajuns la un acord pentru un transfer de propor\u021bii cu FC Dinamo Bucure\u0219ti\u2026** &nbsp; \u00centr-o mi\u0219care surprinz\u0103toare pe pia\u021ba transferurilor din fotbalul rom\u00e2nesc, FC Rapid Bucure\u0219ti \u0219i FC Dinamo Bucure\u0219ti ar fi ajuns la un acord pentru un transfer de propor\u021bii, care ar putea avea un impact semnificativ asupra [&hellip;]<\/p>\n","protected":false},"author":1,"featured_media":14699,"comment_status":"open","ping_status":"open","sticky":false,"template":"","format":"standard","meta":{"_jetpack_memberships_contains_paid_content":false,"footnotes":""},"categories":[1],"tags":[],"class_list":["post-14698","post","type-post","status-publish","format-standard","has-post-thumbnail","hentry","category-uncategorized"],"yoast_head":"<!-- This site is optimized with the Yoast SEO plugin v27.4 - https:\/\/yoast.com\/product\/yoast-seo-wordpress\/ -->\n<title>&quot;Acum: FC Rapid Bucure\u0219ti ar fi ajuns la un ac.<\/title>\n<meta name=\"description\" content=\"&quot;Acum: FC Rapid Bucure\u0219ti ar fi ajuns la un acord pentru un transfer de propor\u021bii cu FC Dinamo Bucure\u0219ti\u2026&quot;\" \/>\n<meta name=\"robots\" content=\"index, follow, max-snippet:-1, max-image-preview:large, max-video-preview:-1\" \/>\n<link rel=\"canonical\" href=\"https:\/\/www.letsportsrock.com\/?p=14698\" \/>\n<meta property=\"og:locale\" content=\"en_US\" \/>\n<meta property=\"og:type\" content=\"article\" \/>\n<meta property=\"og:title\" content=\"&quot;Acum: FC Rapid Bucure\u0219ti ar fi ajuns la un ac.\" \/>\n<meta property=\"og:description\" content=\"&quot;Acum: FC Rapid Bucure\u0219ti ar fi ajuns la un acord pentru un transfer de propor\u021bii cu FC Dinamo Bucure\u0219ti\u2026&quot;\" \/>\n<meta property=\"og:url\" content=\"https:\/\/www.letsportsrock.com\/?p=14698\" \/>\n<meta property=\"og:site_name\" content=\"letsportsrock\" \/>\n<meta property=\"article:published_time\" content=\"2024-12-21T20:03:09+00:00\" \/>\n<meta property=\"og:image\" content=\"https:\/\/www.letsportsrock.com\/wp-content\/uploads\/2024\/12\/images-2024-12-21T210234.823.jpeg\" \/>\n\t<meta property=\"og:image:width\" content=\"774\" \/>\n\t<meta property=\"og:image:height\" content=\"396\" \/>\n\t<meta property=\"og:image:type\" content=\"image\/jpeg\" \/>\n<meta name=\"author\" content=\"letsportsrock\" \/>\n<meta name=\"twitter:card\" content=\"summary_large_image\" \/>\n<meta name=\"twitter:label1\" content=\"Written by\" \/>\n\t<meta name=\"twitter:data1\" content=\"letsportsrock\" \/>\n\t<meta name=\"twitter:label2\" content=\"Est. reading time\" \/>\n\t<meta name=\"twitter:data2\" content=\"2 minutes\" \/>\n<script type=\"application\/ld+json\" class=\"yoast-schema-graph\">{\"@context\":\"https:\\\/\\\/schema.org\",\"@graph\":[{\"@type\":\"Article\",\"@id\":\"https:\\\/\\\/www.letsportsrock.com\\\/?p=14698#article\",\"isPartOf\":{\"@id\":\"https:\\\/\\\/www.letsportsrock.com\\\/?p=14698\"},\"author\":{\"name\":\"letsportsrock\",\"@id\":\"https:\\\/\\\/www.letsportsrock.com\\\/#\\\/schema\\\/person\\\/a454ac24e58b214ddd97e4b5afb0bf01\"},\"headline\":\"&#8220;Acum: FC Rapid Bucure\u0219ti ar fi ajuns la un acord pentru un transfer de propor\u021bii cu FC Dinamo Bucure\u0219ti\u2026&#8221;\",\"datePublished\":\"2024-12-21T20:03:09+00:00\",\"mainEntityOfPage\":{\"@id\":\"https:\\\/\\\/www.letsportsrock.com\\\/?p=14698\"},\"wordCount\":364,\"commentCount\":0,\"image\":{\"@id\":\"https:\\\/\\\/www.letsportsrock.com\\\/?p=14698#primaryimage\"},\"thumbnailUrl\":\"https:\\\/\\\/www.letsportsrock.com\\\/wp-content\\\/uploads\\\/2024\\\/12\\\/images-2024-12-21T210234.823.jpeg\",\"inLanguage\":\"en-US\",\"potentialAction\":[{\"@type\":\"CommentAction\",\"name\":\"Comment\",\"target\":[\"https:\\\/\\\/www.letsportsrock.com\\\/?p=14698#respond\"]}]},{\"@type\":\"WebPage\",\"@id\":\"https:\\\/\\\/www.letsportsrock.com\\\/?p=14698\",\"url\":\"https:\\\/\\\/www.letsportsrock.com\\\/?p=14698\",\"name\":\"\\\"Acum: FC Rapid Bucure\u0219ti ar fi ajuns la un ac.\",\"isPartOf\":{\"@id\":\"https:\\\/\\\/www.letsportsrock.com\\\/#website\"},\"primaryImageOfPage\":{\"@id\":\"https:\\\/\\\/www.letsportsrock.com\\\/?p=14698#primaryimage\"},\"image\":{\"@id\":\"https:\\\/\\\/www.letsportsrock.com\\\/?p=14698#primaryimage\"},\"thumbnailUrl\":\"https:\\\/\\\/www.letsportsrock.com\\\/wp-content\\\/uploads\\\/2024\\\/12\\\/images-2024-12-21T210234.823.jpeg\",\"datePublished\":\"2024-12-21T20:03:09+00:00\",\"author\":{\"@id\":\"https:\\\/\\\/www.letsportsrock.com\\\/#\\\/schema\\\/person\\\/a454ac24e58b214ddd97e4b5afb0bf01\"},\"description\":\"\\\"Acum: FC Rapid Bucure\u0219ti ar fi ajuns la un acord pentru un transfer de propor\u021bii cu FC Dinamo Bucure\u0219ti\u2026\\\"\",\"breadcrumb\":{\"@id\":\"https:\\\/\\\/www.letsportsrock.com\\\/?p=14698#breadcrumb\"},\"inLanguage\":\"en-US\",\"potentialAction\":[{\"@type\":\"ReadAction\",\"target\":[\"https:\\\/\\\/www.letsportsrock.com\\\/?p=14698\"]}]},{\"@type\":\"ImageObject\",\"inLanguage\":\"en-US\",\"@id\":\"https:\\\/\\\/www.letsportsrock.com\\\/?p=14698#primaryimage\",\"url\":\"https:\\\/\\\/www.letsportsrock.com\\\/wp-content\\\/uploads\\\/2024\\\/12\\\/images-2024-12-21T210234.823.jpeg\",\"contentUrl\":\"https:\\\/\\\/www.letsportsrock.com\\\/wp-content\\\/uploads\\\/2024\\\/12\\\/images-2024-12-21T210234.823.jpeg\",\"width\":774,\"height\":396},{\"@type\":\"BreadcrumbList\",\"@id\":\"https:\\\/\\\/www.letsportsrock.com\\\/?p=14698#breadcrumb\",\"itemListElement\":[{\"@type\":\"ListItem\",\"position\":1,\"name\":\"Home\",\"item\":\"https:\\\/\\\/www.letsportsrock.com\\\/\"},{\"@type\":\"ListItem\",\"position\":2,\"name\":\"&#8220;Acum: FC Rapid Bucure\u0219ti ar fi ajuns la un acord pentru un transfer de propor\u021bii cu FC Dinamo Bucure\u0219ti\u2026&#8221;\"}]},{\"@type\":\"WebSite\",\"@id\":\"https:\\\/\\\/www.letsportsrock.com\\\/#website\",\"url\":\"https:\\\/\\\/www.letsportsrock.com\\\/\",\"name\":\"letsportsrock\",\"description\":\"Sport News and Updates\",\"potentialAction\":[{\"@type\":\"SearchAction\",\"target\":{\"@type\":\"EntryPoint\",\"urlTemplate\":\"https:\\\/\\\/www.letsportsrock.com\\\/?s={search_term_string}\"},\"query-input\":{\"@type\":\"PropertyValueSpecification\",\"valueRequired\":true,\"valueName\":\"search_term_string\"}}],\"inLanguage\":\"en-US\"},{\"@type\":\"Person\",\"@id\":\"https:\\\/\\\/www.letsportsrock.com\\\/#\\\/schema\\\/person\\\/a454ac24e58b214ddd97e4b5afb0bf01\",\"name\":\"letsportsrock\",\"image\":{\"@type\":\"ImageObject\",\"inLanguage\":\"en-US\",\"@id\":\"https:\\\/\\\/secure.gravatar.com\\\/avatar\\\/f8ef950cbb7574c0bc874094b8d307659bfe2d7aa4a9d26fa6917eff010748f9?s=96&d=mm&r=g\",\"url\":\"https:\\\/\\\/secure.gravatar.com\\\/avatar\\\/f8ef950cbb7574c0bc874094b8d307659bfe2d7aa4a9d26fa6917eff010748f9?s=96&d=mm&r=g\",\"contentUrl\":\"https:\\\/\\\/secure.gravatar.com\\\/avatar\\\/f8ef950cbb7574c0bc874094b8d307659bfe2d7aa4a9d26fa6917eff010748f9?s=96&d=mm&r=g\",\"caption\":\"letsportsrock\"},\"sameAs\":[\"https:\\\/\\\/www.letsportsrock.com\"],\"url\":\"https:\\\/\\\/www.letsportsrock.com\\\/?author=1\"}]}<\/script>\n<!-- \/ Yoast SEO plugin. -->","yoast_head_json":{"title":"\"Acum: FC Rapid Bucure\u0219ti ar fi ajuns la un ac.","description":"\"Acum: FC Rapid Bucure\u0219ti ar fi ajuns la un acord pentru un transfer de propor\u021bii cu FC Dinamo Bucure\u0219ti\u2026\"","robots":{"index":"index","follow":"follow","max-snippet":"max-snippet:-1","max-image-preview":"max-image-preview:large","max-video-preview":"max-video-preview:-1"},"canonical":"https:\/\/www.letsportsrock.com\/?p=14698","og_locale":"en_US","og_type":"article","og_title":"\"Acum: FC Rapid Bucure\u0219ti ar fi ajuns la un ac.","og_description":"\"Acum: FC Rapid Bucure\u0219ti ar fi ajuns la un acord pentru un transfer de propor\u021bii cu FC Dinamo Bucure\u0219ti\u2026\"","og_url":"https:\/\/www.letsportsrock.com\/?p=14698","og_site_name":"letsportsrock","article_published_time":"2024-12-21T20:03:09+00:00","og_image":[{"width":774,"height":396,"url":"https:\/\/www.letsportsrock.com\/wp-content\/uploads\/2024\/12\/images-2024-12-21T210234.823.jpeg","type":"image\/jpeg"}],"author":"letsportsrock","twitter_card":"summary_large_image","twitter_misc":{"Written by":"letsportsrock","Est. reading time":"2 minutes"},"schema":{"@context":"https:\/\/schema.org","@graph":[{"@type":"Article","@id":"https:\/\/www.letsportsrock.com\/?p=14698#article","isPartOf":{"@id":"https:\/\/www.letsportsrock.com\/?p=14698"},"author":{"name":"letsportsrock","@id":"https:\/\/www.letsportsrock.com\/#\/schema\/person\/a454ac24e58b214ddd97e4b5afb0bf01"},"headline":"&#8220;Acum: FC Rapid Bucure\u0219ti ar fi ajuns la un acord pentru un transfer de propor\u021bii cu FC Dinamo Bucure\u0219ti\u2026&#8221;","datePublished":"2024-12-21T20:03:09+00:00","mainEntityOfPage":{"@id":"https:\/\/www.letsportsrock.com\/?p=14698"},"wordCount":364,"commentCount":0,"image":{"@id":"https:\/\/www.letsportsrock.com\/?p=14698#primaryimage"},"thumbnailUrl":"https:\/\/www.letsportsrock.com\/wp-content\/uploads\/2024\/12\/images-2024-12-21T210234.823.jpeg","inLanguage":"en-US","potentialAction":[{"@type":"CommentAction","name":"Comment","target":["https:\/\/www.letsportsrock.com\/?p=14698#respond"]}]},{"@type":"WebPage","@id":"https:\/\/www.letsportsrock.com\/?p=14698","url":"https:\/\/www.letsportsrock.com\/?p=14698","name":"\"Acum: FC Rapid Bucure\u0219ti ar fi ajuns la un ac.","isPartOf":{"@id":"https:\/\/www.letsportsrock.com\/#website"},"primaryImageOfPage":{"@id":"https:\/\/www.letsportsrock.com\/?p=14698#primaryimage"},"image":{"@id":"https:\/\/www.letsportsrock.com\/?p=14698#primaryimage"},"thumbnailUrl":"https:\/\/www.letsportsrock.com\/wp-content\/uploads\/2024\/12\/images-2024-12-21T210234.823.jpeg","datePublished":"2024-12-21T20:03:09+00:00","author":{"@id":"https:\/\/www.letsportsrock.com\/#\/schema\/person\/a454ac24e58b214ddd97e4b5afb0bf01"},"description":"\"Acum: FC Rapid Bucure\u0219ti ar fi ajuns la un acord pentru un transfer de propor\u021bii cu FC Dinamo Bucure\u0219ti\u2026\"","breadcrumb":{"@id":"https:\/\/www.letsportsrock.com\/?p=14698#breadcrumb"},"inLanguage":"en-US","potentialAction":[{"@type":"ReadAction","target":["https:\/\/www.letsportsrock.com\/?p=14698"]}]},{"@type":"ImageObject","inLanguage":"en-US","@id":"https:\/\/www.letsportsrock.com\/?p=14698#primaryimage","url":"https:\/\/www.letsportsrock.com\/wp-content\/uploads\/2024\/12\/images-2024-12-21T210234.823.jpeg","contentUrl":"https:\/\/www.letsportsrock.com\/wp-content\/uploads\/2024\/12\/images-2024-12-21T210234.823.jpeg","width":774,"height":396},{"@type":"BreadcrumbList","@id":"https:\/\/www.letsportsrock.com\/?p=14698#breadcrumb","itemListElement":[{"@type":"ListItem","position":1,"name":"Home","item":"https:\/\/www.letsportsrock.com\/"},{"@type":"ListItem","position":2,"name":"&#8220;Acum: FC Rapid Bucure\u0219ti ar fi ajuns la un acord pentru un transfer de propor\u021bii cu FC Dinamo Bucure\u0219ti\u2026&#8221;"}]},{"@type":"WebSite","@id":"https:\/\/www.letsportsrock.com\/#website","url":"https:\/\/www.letsportsrock.com\/","name":"letsportsrock","description":"Sport News and Updates","potentialAction":[{"@type":"SearchAction","target":{"@type":"EntryPoint","urlTemplate":"https:\/\/www.letsportsrock.com\/?s={search_term_string}"},"query-input":{"@type":"PropertyValueSpecification","valueRequired":true,"valueName":"search_term_string"}}],"inLanguage":"en-US"},{"@type":"Person","@id":"https:\/\/www.letsportsrock.com\/#\/schema\/person\/a454ac24e58b214ddd97e4b5afb0bf01","name":"letsportsrock","image":{"@type":"ImageObject","inLanguage":"en-US","@id":"https:\/\/secure.gravatar.com\/avatar\/f8ef950cbb7574c0bc874094b8d307659bfe2d7aa4a9d26fa6917eff010748f9?s=96&d=mm&r=g","url":"https:\/\/secure.gravatar.com\/avatar\/f8ef950cbb7574c0bc874094b8d307659bfe2d7aa4a9d26fa6917eff010748f9?s=96&d=mm&r=g","contentUrl":"https:\/\/secure.gravatar.com\/avatar\/f8ef950cbb7574c0bc874094b8d307659bfe2d7aa4a9d26fa6917eff010748f9?s=96&d=mm&r=g","caption":"letsportsrock"},"sameAs":["https:\/\/www.letsportsrock.com"],"url":"https:\/\/www.letsportsrock.com\/?author=1"}]}},"jetpack_featured_media_url":"https:\/\/www.letsportsrock.com\/wp-content\/uploads\/2024\/12\/images-2024-12-21T210234.823.jpeg","jetpack_sharing_enabled":true,"_links":{"self":[{"href":"https:\/\/www.letsportsrock.com\/index.php?rest_route=\/wp\/v2\/posts\/14698","targetHints":{"allow":["GET"]}}],"collection":[{"href":"https:\/\/www.letsportsrock.com\/index.php?rest_route=\/wp\/v2\/posts"}],"about":[{"href":"https:\/\/www.letsportsrock.com\/index.php?rest_route=\/wp\/v2\/types\/post"}],"author":[{"embeddable":true,"href":"https:\/\/www.letsportsrock.com\/index.php?rest_route=\/wp\/v2\/users\/1"}],"replies":[{"embeddable":true,"href":"https:\/\/www.letsportsrock.com\/index.php?rest_route=%2Fwp%2Fv2%2Fcomments&post=14698"}],"version-history":[{"count":1,"href":"https:\/\/www.letsportsrock.com\/index.php?rest_route=\/wp\/v2\/posts\/14698\/revisions"}],"predecessor-version":[{"id":14700,"href":"https:\/\/www.letsportsrock.com\/index.php?rest_route=\/wp\/v2\/posts\/14698\/revisions\/14700"}],"wp:featuredmedia":[{"embeddable":true,"href":"https:\/\/www.letsportsrock.com\/index.php?rest_route=\/wp\/v2\/media\/14699"}],"wp:attachment":[{"href":"https:\/\/www.letsportsrock.com\/index.php?rest_route=%2Fwp%2Fv2%2Fmedia&parent=14698"}],"wp:term":[{"taxonomy":"category","embeddable":true,"href":"https:\/\/www.letsportsrock.com\/index.php?rest_route=%2Fwp%2Fv2%2Fcategories&post=14698"},{"taxonomy":"post_tag","embeddable":true,"href":"https:\/\/www.letsportsrock.com\/index.php?rest_route=%2Fwp%2Fv2%2Ftags&post=14698"}],"curies":[{"name":"wp","href":"https:\/\/api.w.org\/{rel}","templated":true}]}}