{"id":14783,"date":"2024-12-21T23:59:17","date_gmt":"2024-12-21T23:59:17","guid":{"rendered":"https:\/\/www.letsportsrock.com\/?p=14783"},"modified":"2024-12-21T23:59:17","modified_gmt":"2024-12-21T23:59:17","slug":"vesti-bune-chiar-acum-claudiu-petrila-a-semnat-oficial-un-contract-pe-trei-ani-cu-rapid-bucuresti-din-nou-in-valoare-de","status":"publish","type":"post","link":"https:\/\/www.letsportsrock.com\/?p=14783","title":{"rendered":"Ve\u0219ti bune: &#8220;Chiar acum&#8221; Claudiu Petrila a semnat oficial un contract pe trei ani cu Rapid Bucure\u0219ti din nou, \u00een valoare de&#8230;"},"content":{"rendered":"<div class=\"d79db4796efc26332eabfc3f5dafbc76\" data-index=\"1\" style=\"float: none; margin:10px 0 10px 0; text-align:center;\">\n<div class=\"hb-ad-inarticle\">\r\n    <div class=\"hb-ad-inner\"> \r\n    <div class=\"hbagency_cls\"  id=\"hbagency_space_111930\"><\/div><\/div> <\/div>\n<\/div>\n<p>Ve\u0219ti bune: &#8220;Chiar acum&#8221; Claudiu Petrila a semnat oficial un contract pe trei ani cu Rapid Bucure\u0219ti din nou, \u00een valoare de&#8230;<\/p>\n<p>Claudiu Petrila a semnat oficial un contract pe trei ani cu echipa Rapid Bucure\u0219ti, revenind astfel \u00een Giule\u0219ti dup\u0103 o perioad\u0103 petrecut\u0103 la cluburi din afacerea fotbalului european. Transferul s\u0103u a fost unul mult a\u0219teptat de fanii echipei, iar vestea semn\u0103rii contractului vine ca o surpriz\u0103 pl\u0103cut\u0103 pentru \u00eentreaga comunitate rapidist\u0103.<\/p>\n<p><img loading=\"lazy\" decoding=\"async\" class=\"alignnone size-medium wp-image-14791\" src=\"https:\/\/www.letsportsrock.com\/wp-content\/uploads\/2024\/12\/images-69-2-300x175.jpeg\" alt=\"\" width=\"300\" height=\"175\" srcset=\"https:\/\/www.letsportsrock.com\/wp-content\/uploads\/2024\/12\/images-69-2-300x175.jpeg 300w, https:\/\/www.letsportsrock.com\/wp-content\/uploads\/2024\/12\/images-69-2.jpeg 724w\" sizes=\"auto, (max-width: 300px) 100vw, 300px\" \/><\/p>\n<p>Petrila, un juc\u0103tor cu o tehnic\u0103 rafinat\u0103 \u0219i cu o viziune clar\u0103 asupra jocului, aduce un plus de valoare echipei, fiind un fotbalist versatil care poate evolua pe mai multe pozi\u021bii din linia de atac. De asemenea, acesta se al\u0103tur\u0103 unei echipe deja competitive, dorind s\u0103 contribuie la obiectivele ambi\u021bioase ale clubului pentru urm\u0103toarele sezoane.<\/p>\n<p>&nbsp;<\/p>\n<p>\u00cen ceea ce prive\u0219te valoarea contractului, surse apropiate clubului au men\u021bionat c\u0103 suma total\u0103 pe care Rapid o va pl\u0103ti pentru serviciile lui Petrila \u00een urm\u0103torii trei ani este una semnificativ\u0103, subliniind inten\u021biile clubului de a se \u00eent\u0103ri pe termen lung \u0219i de a lupta pentru titluri \u0219i performan\u021be importante. Claudiu Petrila se al\u0103tur\u0103 astfel unui proiect de viitor promi\u021b\u0103tor, iar fanii sunt optimi\u0219ti cu privire la impactul s\u0103u asupra jocului echipei.<\/p>\n<p>&nbsp;<\/p>\n<p>&nbsp;<\/p>\n\n<div style=\"font-size: 0px; height: 0px; line-height: 0px; margin: 0; padding: 0; clear: both;\"><\/div>","protected":false},"excerpt":{"rendered":"<p>Ve\u0219ti bune: &#8220;Chiar acum&#8221; Claudiu Petrila a semnat oficial un contract pe trei ani cu Rapid Bucure\u0219ti din nou, \u00een valoare de&#8230; Claudiu Petrila a semnat oficial un contract pe trei ani cu echipa Rapid Bucure\u0219ti, revenind astfel \u00een Giule\u0219ti dup\u0103 o perioad\u0103 petrecut\u0103 la cluburi din afacerea fotbalului european. Transferul s\u0103u a fost unul [&hellip;]<\/p>\n","protected":false},"author":5,"featured_media":14792,"comment_status":"open","ping_status":"open","sticky":false,"template":"","format":"standard","meta":{"_jetpack_memberships_contains_paid_content":false,"footnotes":""},"categories":[1],"tags":[410],"class_list":["post-14783","post","type-post","status-publish","format-standard","has-post-thumbnail","hentry","category-uncategorized","tag-fc-rapid-bucuresti"],"yoast_head":"<!-- This site is optimized with the Yoast SEO plugin v27.4 - https:\/\/yoast.com\/product\/yoast-seo-wordpress\/ -->\n<title>Ve\u0219ti bune: &quot;Chiar acum&quot; Claudiu Petrila a semnat oficial un..<\/title>\n<meta name=\"description\" content=\"Ve\u0219ti bune: &quot;Chiar acum&quot; Claudiu Petrila a semnat oficial un contract pe trei ani cu Rapid Bucure\u0219ti din nou, \u00een valoare de...\" \/>\n<meta name=\"robots\" content=\"index, follow, max-snippet:-1, max-image-preview:large, max-video-preview:-1\" \/>\n<link rel=\"canonical\" href=\"https:\/\/www.letsportsrock.com\/?p=14783\" \/>\n<meta property=\"og:locale\" content=\"en_US\" \/>\n<meta property=\"og:type\" content=\"article\" \/>\n<meta property=\"og:title\" content=\"Ve\u0219ti bune: &quot;Chiar acum&quot; Claudiu Petrila a semnat oficial un..\" \/>\n<meta property=\"og:description\" content=\"Ve\u0219ti bune: &quot;Chiar acum&quot; Claudiu Petrila a semnat oficial un contract pe trei ani cu Rapid Bucure\u0219ti din nou, \u00een valoare de...\" \/>\n<meta property=\"og:url\" content=\"https:\/\/www.letsportsrock.com\/?p=14783\" \/>\n<meta property=\"og:site_name\" content=\"letsportsrock\" \/>\n<meta property=\"article:published_time\" content=\"2024-12-21T23:59:17+00:00\" \/>\n<meta property=\"og:image\" content=\"https:\/\/www.letsportsrock.com\/wp-content\/uploads\/2024\/12\/images-68-1.jpeg\" \/>\n\t<meta property=\"og:image:width\" content=\"739\" \/>\n\t<meta property=\"og:image:height\" content=\"415\" \/>\n\t<meta property=\"og:image:type\" content=\"image\/jpeg\" \/>\n<meta name=\"author\" content=\"Commy Msuurshima\" \/>\n<meta name=\"twitter:card\" content=\"summary_large_image\" \/>\n<meta name=\"twitter:label1\" content=\"Written by\" \/>\n\t<meta name=\"twitter:data1\" content=\"Commy Msuurshima\" \/>\n\t<meta name=\"twitter:label2\" content=\"Est. reading time\" \/>\n\t<meta name=\"twitter:data2\" content=\"2 minutes\" \/>\n<script type=\"application\/ld+json\" class=\"yoast-schema-graph\">{\"@context\":\"https:\\\/\\\/schema.org\",\"@graph\":[{\"@type\":\"Article\",\"@id\":\"https:\\\/\\\/www.letsportsrock.com\\\/?p=14783#article\",\"isPartOf\":{\"@id\":\"https:\\\/\\\/www.letsportsrock.com\\\/?p=14783\"},\"author\":{\"name\":\"Commy Msuurshima\",\"@id\":\"https:\\\/\\\/www.letsportsrock.com\\\/#\\\/schema\\\/person\\\/48a7d50d6b0e142e624de09fb01c90ed\"},\"headline\":\"Ve\u0219ti bune: &#8220;Chiar acum&#8221; Claudiu Petrila a semnat oficial un contract pe trei ani cu Rapid Bucure\u0219ti din nou, \u00een valoare de&#8230;\",\"datePublished\":\"2024-12-21T23:59:17+00:00\",\"mainEntityOfPage\":{\"@id\":\"https:\\\/\\\/www.letsportsrock.com\\\/?p=14783\"},\"wordCount\":251,\"commentCount\":0,\"image\":{\"@id\":\"https:\\\/\\\/www.letsportsrock.com\\\/?p=14783#primaryimage\"},\"thumbnailUrl\":\"https:\\\/\\\/www.letsportsrock.com\\\/wp-content\\\/uploads\\\/2024\\\/12\\\/images-68-1.jpeg\",\"keywords\":[\"FC Rapid Bucure\u0219ti\"],\"inLanguage\":\"en-US\",\"potentialAction\":[{\"@type\":\"CommentAction\",\"name\":\"Comment\",\"target\":[\"https:\\\/\\\/www.letsportsrock.com\\\/?p=14783#respond\"]}]},{\"@type\":\"WebPage\",\"@id\":\"https:\\\/\\\/www.letsportsrock.com\\\/?p=14783\",\"url\":\"https:\\\/\\\/www.letsportsrock.com\\\/?p=14783\",\"name\":\"Ve\u0219ti bune: \\\"Chiar acum\\\" Claudiu Petrila a semnat oficial un..\",\"isPartOf\":{\"@id\":\"https:\\\/\\\/www.letsportsrock.com\\\/#website\"},\"primaryImageOfPage\":{\"@id\":\"https:\\\/\\\/www.letsportsrock.com\\\/?p=14783#primaryimage\"},\"image\":{\"@id\":\"https:\\\/\\\/www.letsportsrock.com\\\/?p=14783#primaryimage\"},\"thumbnailUrl\":\"https:\\\/\\\/www.letsportsrock.com\\\/wp-content\\\/uploads\\\/2024\\\/12\\\/images-68-1.jpeg\",\"datePublished\":\"2024-12-21T23:59:17+00:00\",\"author\":{\"@id\":\"https:\\\/\\\/www.letsportsrock.com\\\/#\\\/schema\\\/person\\\/48a7d50d6b0e142e624de09fb01c90ed\"},\"description\":\"Ve\u0219ti bune: \\\"Chiar acum\\\" Claudiu Petrila a semnat oficial un contract pe trei ani cu Rapid Bucure\u0219ti din nou, \u00een valoare de...\",\"breadcrumb\":{\"@id\":\"https:\\\/\\\/www.letsportsrock.com\\\/?p=14783#breadcrumb\"},\"inLanguage\":\"en-US\",\"potentialAction\":[{\"@type\":\"ReadAction\",\"target\":[\"https:\\\/\\\/www.letsportsrock.com\\\/?p=14783\"]}]},{\"@type\":\"ImageObject\",\"inLanguage\":\"en-US\",\"@id\":\"https:\\\/\\\/www.letsportsrock.com\\\/?p=14783#primaryimage\",\"url\":\"https:\\\/\\\/www.letsportsrock.com\\\/wp-content\\\/uploads\\\/2024\\\/12\\\/images-68-1.jpeg\",\"contentUrl\":\"https:\\\/\\\/www.letsportsrock.com\\\/wp-content\\\/uploads\\\/2024\\\/12\\\/images-68-1.jpeg\",\"width\":739,\"height\":415},{\"@type\":\"BreadcrumbList\",\"@id\":\"https:\\\/\\\/www.letsportsrock.com\\\/?p=14783#breadcrumb\",\"itemListElement\":[{\"@type\":\"ListItem\",\"position\":1,\"name\":\"Home\",\"item\":\"https:\\\/\\\/www.letsportsrock.com\\\/\"},{\"@type\":\"ListItem\",\"position\":2,\"name\":\"Ve\u0219ti bune: &#8220;Chiar acum&#8221; Claudiu Petrila a semnat oficial un contract pe trei ani cu Rapid Bucure\u0219ti din nou, \u00een valoare de&#8230;\"}]},{\"@type\":\"WebSite\",\"@id\":\"https:\\\/\\\/www.letsportsrock.com\\\/#website\",\"url\":\"https:\\\/\\\/www.letsportsrock.com\\\/\",\"name\":\"letsportsrock\",\"description\":\"Sport News and Updates\",\"potentialAction\":[{\"@type\":\"SearchAction\",\"target\":{\"@type\":\"EntryPoint\",\"urlTemplate\":\"https:\\\/\\\/www.letsportsrock.com\\\/?s={search_term_string}\"},\"query-input\":{\"@type\":\"PropertyValueSpecification\",\"valueRequired\":true,\"valueName\":\"search_term_string\"}}],\"inLanguage\":\"en-US\"},{\"@type\":\"Person\",\"@id\":\"https:\\\/\\\/www.letsportsrock.com\\\/#\\\/schema\\\/person\\\/48a7d50d6b0e142e624de09fb01c90ed\",\"name\":\"Commy Msuurshima\",\"image\":{\"@type\":\"ImageObject\",\"inLanguage\":\"en-US\",\"@id\":\"https:\\\/\\\/secure.gravatar.com\\\/avatar\\\/93ebd91bfe49a370e03292e81b65e6f106b4c734b18cac41570aa99a1503b409?s=96&d=mm&r=g\",\"url\":\"https:\\\/\\\/secure.gravatar.com\\\/avatar\\\/93ebd91bfe49a370e03292e81b65e6f106b4c734b18cac41570aa99a1503b409?s=96&d=mm&r=g\",\"contentUrl\":\"https:\\\/\\\/secure.gravatar.com\\\/avatar\\\/93ebd91bfe49a370e03292e81b65e6f106b4c734b18cac41570aa99a1503b409?s=96&d=mm&r=g\",\"caption\":\"Commy Msuurshima\"},\"sameAs\":[\"http:\\\/\\\/Letsportsrock.com\"],\"url\":\"https:\\\/\\\/www.letsportsrock.com\\\/?author=5\"}]}<\/script>\n<!-- \/ Yoast SEO plugin. -->","yoast_head_json":{"title":"Ve\u0219ti bune: \"Chiar acum\" Claudiu Petrila a semnat oficial un..","description":"Ve\u0219ti bune: \"Chiar acum\" Claudiu Petrila a semnat oficial un contract pe trei ani cu Rapid Bucure\u0219ti din nou, \u00een valoare de...","robots":{"index":"index","follow":"follow","max-snippet":"max-snippet:-1","max-image-preview":"max-image-preview:large","max-video-preview":"max-video-preview:-1"},"canonical":"https:\/\/www.letsportsrock.com\/?p=14783","og_locale":"en_US","og_type":"article","og_title":"Ve\u0219ti bune: \"Chiar acum\" Claudiu Petrila a semnat oficial un..","og_description":"Ve\u0219ti bune: \"Chiar acum\" Claudiu Petrila a semnat oficial un contract pe trei ani cu Rapid Bucure\u0219ti din nou, \u00een valoare de...","og_url":"https:\/\/www.letsportsrock.com\/?p=14783","og_site_name":"letsportsrock","article_published_time":"2024-12-21T23:59:17+00:00","og_image":[{"width":739,"height":415,"url":"https:\/\/www.letsportsrock.com\/wp-content\/uploads\/2024\/12\/images-68-1.jpeg","type":"image\/jpeg"}],"author":"Commy Msuurshima","twitter_card":"summary_large_image","twitter_misc":{"Written by":"Commy Msuurshima","Est. reading time":"2 minutes"},"schema":{"@context":"https:\/\/schema.org","@graph":[{"@type":"Article","@id":"https:\/\/www.letsportsrock.com\/?p=14783#article","isPartOf":{"@id":"https:\/\/www.letsportsrock.com\/?p=14783"},"author":{"name":"Commy Msuurshima","@id":"https:\/\/www.letsportsrock.com\/#\/schema\/person\/48a7d50d6b0e142e624de09fb01c90ed"},"headline":"Ve\u0219ti bune: &#8220;Chiar acum&#8221; Claudiu Petrila a semnat oficial un contract pe trei ani cu Rapid Bucure\u0219ti din nou, \u00een valoare de&#8230;","datePublished":"2024-12-21T23:59:17+00:00","mainEntityOfPage":{"@id":"https:\/\/www.letsportsrock.com\/?p=14783"},"wordCount":251,"commentCount":0,"image":{"@id":"https:\/\/www.letsportsrock.com\/?p=14783#primaryimage"},"thumbnailUrl":"https:\/\/www.letsportsrock.com\/wp-content\/uploads\/2024\/12\/images-68-1.jpeg","keywords":["FC Rapid Bucure\u0219ti"],"inLanguage":"en-US","potentialAction":[{"@type":"CommentAction","name":"Comment","target":["https:\/\/www.letsportsrock.com\/?p=14783#respond"]}]},{"@type":"WebPage","@id":"https:\/\/www.letsportsrock.com\/?p=14783","url":"https:\/\/www.letsportsrock.com\/?p=14783","name":"Ve\u0219ti bune: \"Chiar acum\" Claudiu Petrila a semnat oficial un..","isPartOf":{"@id":"https:\/\/www.letsportsrock.com\/#website"},"primaryImageOfPage":{"@id":"https:\/\/www.letsportsrock.com\/?p=14783#primaryimage"},"image":{"@id":"https:\/\/www.letsportsrock.com\/?p=14783#primaryimage"},"thumbnailUrl":"https:\/\/www.letsportsrock.com\/wp-content\/uploads\/2024\/12\/images-68-1.jpeg","datePublished":"2024-12-21T23:59:17+00:00","author":{"@id":"https:\/\/www.letsportsrock.com\/#\/schema\/person\/48a7d50d6b0e142e624de09fb01c90ed"},"description":"Ve\u0219ti bune: \"Chiar acum\" Claudiu Petrila a semnat oficial un contract pe trei ani cu Rapid Bucure\u0219ti din nou, \u00een valoare de...","breadcrumb":{"@id":"https:\/\/www.letsportsrock.com\/?p=14783#breadcrumb"},"inLanguage":"en-US","potentialAction":[{"@type":"ReadAction","target":["https:\/\/www.letsportsrock.com\/?p=14783"]}]},{"@type":"ImageObject","inLanguage":"en-US","@id":"https:\/\/www.letsportsrock.com\/?p=14783#primaryimage","url":"https:\/\/www.letsportsrock.com\/wp-content\/uploads\/2024\/12\/images-68-1.jpeg","contentUrl":"https:\/\/www.letsportsrock.com\/wp-content\/uploads\/2024\/12\/images-68-1.jpeg","width":739,"height":415},{"@type":"BreadcrumbList","@id":"https:\/\/www.letsportsrock.com\/?p=14783#breadcrumb","itemListElement":[{"@type":"ListItem","position":1,"name":"Home","item":"https:\/\/www.letsportsrock.com\/"},{"@type":"ListItem","position":2,"name":"Ve\u0219ti bune: &#8220;Chiar acum&#8221; Claudiu Petrila a semnat oficial un contract pe trei ani cu Rapid Bucure\u0219ti din nou, \u00een valoare de&#8230;"}]},{"@type":"WebSite","@id":"https:\/\/www.letsportsrock.com\/#website","url":"https:\/\/www.letsportsrock.com\/","name":"letsportsrock","description":"Sport News and Updates","potentialAction":[{"@type":"SearchAction","target":{"@type":"EntryPoint","urlTemplate":"https:\/\/www.letsportsrock.com\/?s={search_term_string}"},"query-input":{"@type":"PropertyValueSpecification","valueRequired":true,"valueName":"search_term_string"}}],"inLanguage":"en-US"},{"@type":"Person","@id":"https:\/\/www.letsportsrock.com\/#\/schema\/person\/48a7d50d6b0e142e624de09fb01c90ed","name":"Commy Msuurshima","image":{"@type":"ImageObject","inLanguage":"en-US","@id":"https:\/\/secure.gravatar.com\/avatar\/93ebd91bfe49a370e03292e81b65e6f106b4c734b18cac41570aa99a1503b409?s=96&d=mm&r=g","url":"https:\/\/secure.gravatar.com\/avatar\/93ebd91bfe49a370e03292e81b65e6f106b4c734b18cac41570aa99a1503b409?s=96&d=mm&r=g","contentUrl":"https:\/\/secure.gravatar.com\/avatar\/93ebd91bfe49a370e03292e81b65e6f106b4c734b18cac41570aa99a1503b409?s=96&d=mm&r=g","caption":"Commy Msuurshima"},"sameAs":["http:\/\/Letsportsrock.com"],"url":"https:\/\/www.letsportsrock.com\/?author=5"}]}},"jetpack_featured_media_url":"https:\/\/www.letsportsrock.com\/wp-content\/uploads\/2024\/12\/images-68-1.jpeg","jetpack_sharing_enabled":true,"_links":{"self":[{"href":"https:\/\/www.letsportsrock.com\/index.php?rest_route=\/wp\/v2\/posts\/14783","targetHints":{"allow":["GET"]}}],"collection":[{"href":"https:\/\/www.letsportsrock.com\/index.php?rest_route=\/wp\/v2\/posts"}],"about":[{"href":"https:\/\/www.letsportsrock.com\/index.php?rest_route=\/wp\/v2\/types\/post"}],"author":[{"embeddable":true,"href":"https:\/\/www.letsportsrock.com\/index.php?rest_route=\/wp\/v2\/users\/5"}],"replies":[{"embeddable":true,"href":"https:\/\/www.letsportsrock.com\/index.php?rest_route=%2Fwp%2Fv2%2Fcomments&post=14783"}],"version-history":[{"count":1,"href":"https:\/\/www.letsportsrock.com\/index.php?rest_route=\/wp\/v2\/posts\/14783\/revisions"}],"predecessor-version":[{"id":14793,"href":"https:\/\/www.letsportsrock.com\/index.php?rest_route=\/wp\/v2\/posts\/14783\/revisions\/14793"}],"wp:featuredmedia":[{"embeddable":true,"href":"https:\/\/www.letsportsrock.com\/index.php?rest_route=\/wp\/v2\/media\/14792"}],"wp:attachment":[{"href":"https:\/\/www.letsportsrock.com\/index.php?rest_route=%2Fwp%2Fv2%2Fmedia&parent=14783"}],"wp:term":[{"taxonomy":"category","embeddable":true,"href":"https:\/\/www.letsportsrock.com\/index.php?rest_route=%2Fwp%2Fv2%2Fcategories&post=14783"},{"taxonomy":"post_tag","embeddable":true,"href":"https:\/\/www.letsportsrock.com\/index.php?rest_route=%2Fwp%2Fv2%2Ftags&post=14783"}],"curies":[{"name":"wp","href":"https:\/\/api.w.org\/{rel}","templated":true}]}}