{"id":14909,"date":"2024-12-22T23:00:03","date_gmt":"2024-12-22T23:00:03","guid":{"rendered":"https:\/\/www.letsportsrock.com\/?p=14909"},"modified":"2024-12-22T23:00:03","modified_gmt":"2024-12-22T23:00:03","slug":"tranzactie-finalizata-benjamin-siegrist-isi-prelungeste-angajamentul-cu-fc-rapid-bucuresti-pentru-inca-cinci-ani","status":"publish","type":"post","link":"https:\/\/www.letsportsrock.com\/?p=14909","title":{"rendered":"TRanzac\u021bie FINALIZAT\u0102: Benjamin Siegrist \u00ee\u0219i prelunge\u0219te angajamentul cu FC Rapid Bucure\u0219ti pentru \u00eenc\u0103 cinci ani"},"content":{"rendered":"<div class=\"d79db4796efc26332eabfc3f5dafbc76\" data-index=\"1\" style=\"float: none; margin:10px 0 10px 0; text-align:center;\">\n<div class=\"hb-ad-inarticle\">\r\n    <div class=\"hb-ad-inner\"> \r\n    <div class=\"hbagency_cls\"  id=\"hbagency_space_111930\"><\/div><\/div> <\/div>\n<\/div>\n<p>**Tranzac\u021bie FINALIZAT\u0102: Benjamin Siegrist \u00ee\u0219i prelunge\u0219te angajamentul cu FC Rapid Bucure\u0219ti pentru \u00eenc\u0103 cinci ani**<\/p>\n<p>&nbsp;<\/p>\n<p>Portarul Benjamin Siegrist a semnat un nou contract pe termen lung cu FC Rapid Bucure\u0219ti, prelungindu-\u0219i angajamentul cu echipa pentru \u00eenc\u0103 cinci ani. Aceast\u0103 decizie marcheaz\u0103 o continuare important\u0103 a rela\u021biei dintre juc\u0103tor \u0219i club, consolid\u00e2ndu-\u0219i statutul de pilon al echipei.<\/p>\n<p>&nbsp;<\/p>\n<p>Siegrist, \u00een v\u00e2rst\u0103 de 32 de ani, a ajuns la Rapid Bucure\u0219ti \u00een vara anului 2022, venind de la Dundee United, iar de atunci a devenit o prezen\u021b\u0103 constant\u0103 \u00een poarta echipei. Performan\u021bele sale remarcabile l-au f\u0103cut un favorit al fanilor \u0219i un juc\u0103tor esen\u021bial pentru echipa antrenat\u0103 de Adrian Mutu. Prin semnarea acestui nou contract, Siegrist \u00ee\u0219i exprim\u0103 \u00eencrederea \u00een proiectul clubului \u0219i \u00ee\u0219i dore\u0219te s\u0103 contribuie la succesul echipei pe termen lung.<\/p>\n<p>&nbsp;<\/p>\n<p>Prelungirea contractului reprezint\u0103 \u0219i o victorie important\u0103 pentru Rapid Bucure\u0219ti, care \u00ee\u0219i asigur\u0103 stabilitatea pe una dintre cele mai importante pozi\u021bii din echip\u0103, cea de portar. \u00cen acest sezon, Siegrist a avut presta\u021bii excelente, av\u00e2nd o contribu\u021bie semnificativ\u0103 la ap\u0103rarea echipei \u00een competi\u021biile interne \u0219i interna\u021bionale. Fanii Rapidului pot fi siguri c\u0103 echipa va avea un lider experimentat \u00een poart\u0103 pentru urm\u0103torii ani.<\/p>\n<p>&nbsp;<\/p>\n<p>\u201eSunt foarte fericit s\u0103 \u00eemi continui cariera la Rapid Bucure\u0219ti. A fost o decizie important\u0103 pentru mine \u0219i sunt \u00eenc\u00e2ntat de oportunitatea de a contribui la succesul acestui club. Suporterii sunt fantastici, iar clubul are un proiect ambi\u021bios. Vreau s\u0103 fiu parte din acest proiect \u0219i s\u0103 ajut echipa s\u0103 c\u00e2\u0219tige trofee\u201d, a declarat Benjamin Siegrist dup\u0103 semnarea noului acord.<\/p>\n<p>&nbsp;<\/p>\n<p>Acest nou contract subliniaz\u0103 angajamentul ambelor p\u0103r\u021bi pentru o colaborare de succes \u00een urm\u0103torii ani.<\/p>\n\n<div style=\"font-size: 0px; height: 0px; line-height: 0px; margin: 0; padding: 0; clear: both;\"><\/div>","protected":false},"excerpt":{"rendered":"<p>**Tranzac\u021bie FINALIZAT\u0102: Benjamin Siegrist \u00ee\u0219i prelunge\u0219te angajamentul cu FC Rapid Bucure\u0219ti pentru \u00eenc\u0103 cinci ani** &nbsp; Portarul Benjamin Siegrist a semnat un nou contract pe termen lung cu FC Rapid Bucure\u0219ti, prelungindu-\u0219i angajamentul cu echipa pentru \u00eenc\u0103 cinci ani. Aceast\u0103 decizie marcheaz\u0103 o continuare important\u0103 a rela\u021biei dintre juc\u0103tor \u0219i club, consolid\u00e2ndu-\u0219i statutul de pilon [&hellip;]<\/p>\n","protected":false},"author":1,"featured_media":14910,"comment_status":"open","ping_status":"open","sticky":false,"template":"","format":"standard","meta":{"_jetpack_memberships_contains_paid_content":false,"footnotes":""},"categories":[1],"tags":[],"class_list":["post-14909","post","type-post","status-publish","format-standard","has-post-thumbnail","hentry","category-uncategorized"],"yoast_head":"<!-- This site is optimized with the Yoast SEO plugin v27.4 - https:\/\/yoast.com\/product\/yoast-seo-wordpress\/ -->\n<title>TRanzac\u021bie FINALIZAT\u0102: Benjamin Siegrist \u00ee\u0219i pr.<\/title>\n<meta name=\"description\" content=\"TRanzac\u021bie FINALIZAT\u0102: Benjamin Siegrist \u00ee\u0219i prelunge\u0219te angajamentul cu FC Rapid Bucure\u0219ti pentru \u00eenc\u0103 cinci ani\" \/>\n<meta name=\"robots\" content=\"index, follow, max-snippet:-1, max-image-preview:large, max-video-preview:-1\" \/>\n<link rel=\"canonical\" href=\"https:\/\/www.letsportsrock.com\/?p=14909\" \/>\n<meta property=\"og:locale\" content=\"en_US\" \/>\n<meta property=\"og:type\" content=\"article\" \/>\n<meta property=\"og:title\" content=\"TRanzac\u021bie FINALIZAT\u0102: Benjamin Siegrist \u00ee\u0219i pr.\" \/>\n<meta property=\"og:description\" content=\"TRanzac\u021bie FINALIZAT\u0102: Benjamin Siegrist \u00ee\u0219i prelunge\u0219te angajamentul cu FC Rapid Bucure\u0219ti pentru \u00eenc\u0103 cinci ani\" \/>\n<meta property=\"og:url\" content=\"https:\/\/www.letsportsrock.com\/?p=14909\" \/>\n<meta property=\"og:site_name\" content=\"letsportsrock\" \/>\n<meta property=\"article:published_time\" content=\"2024-12-22T23:00:03+00:00\" \/>\n<meta property=\"og:image\" content=\"https:\/\/www.letsportsrock.com\/wp-content\/uploads\/2024\/12\/images-2024-12-22T235902.195.jpeg\" \/>\n\t<meta property=\"og:image:width\" content=\"741\" \/>\n\t<meta property=\"og:image:height\" content=\"414\" \/>\n\t<meta property=\"og:image:type\" content=\"image\/jpeg\" \/>\n<meta name=\"author\" content=\"letsportsrock\" \/>\n<meta name=\"twitter:card\" content=\"summary_large_image\" \/>\n<meta name=\"twitter:label1\" content=\"Written by\" \/>\n\t<meta name=\"twitter:data1\" content=\"letsportsrock\" \/>\n\t<meta name=\"twitter:label2\" content=\"Est. reading time\" \/>\n\t<meta name=\"twitter:data2\" content=\"2 minutes\" \/>\n<script type=\"application\/ld+json\" class=\"yoast-schema-graph\">{\"@context\":\"https:\\\/\\\/schema.org\",\"@graph\":[{\"@type\":\"Article\",\"@id\":\"https:\\\/\\\/www.letsportsrock.com\\\/?p=14909#article\",\"isPartOf\":{\"@id\":\"https:\\\/\\\/www.letsportsrock.com\\\/?p=14909\"},\"author\":{\"name\":\"letsportsrock\",\"@id\":\"https:\\\/\\\/www.letsportsrock.com\\\/#\\\/schema\\\/person\\\/a454ac24e58b214ddd97e4b5afb0bf01\"},\"headline\":\"TRanzac\u021bie FINALIZAT\u0102: Benjamin Siegrist \u00ee\u0219i prelunge\u0219te angajamentul cu FC Rapid Bucure\u0219ti pentru \u00eenc\u0103 cinci ani\",\"datePublished\":\"2024-12-22T23:00:03+00:00\",\"mainEntityOfPage\":{\"@id\":\"https:\\\/\\\/www.letsportsrock.com\\\/?p=14909\"},\"wordCount\":321,\"commentCount\":0,\"image\":{\"@id\":\"https:\\\/\\\/www.letsportsrock.com\\\/?p=14909#primaryimage\"},\"thumbnailUrl\":\"https:\\\/\\\/www.letsportsrock.com\\\/wp-content\\\/uploads\\\/2024\\\/12\\\/images-2024-12-22T235902.195.jpeg\",\"inLanguage\":\"en-US\",\"potentialAction\":[{\"@type\":\"CommentAction\",\"name\":\"Comment\",\"target\":[\"https:\\\/\\\/www.letsportsrock.com\\\/?p=14909#respond\"]}]},{\"@type\":\"WebPage\",\"@id\":\"https:\\\/\\\/www.letsportsrock.com\\\/?p=14909\",\"url\":\"https:\\\/\\\/www.letsportsrock.com\\\/?p=14909\",\"name\":\"TRanzac\u021bie FINALIZAT\u0102: Benjamin Siegrist \u00ee\u0219i pr.\",\"isPartOf\":{\"@id\":\"https:\\\/\\\/www.letsportsrock.com\\\/#website\"},\"primaryImageOfPage\":{\"@id\":\"https:\\\/\\\/www.letsportsrock.com\\\/?p=14909#primaryimage\"},\"image\":{\"@id\":\"https:\\\/\\\/www.letsportsrock.com\\\/?p=14909#primaryimage\"},\"thumbnailUrl\":\"https:\\\/\\\/www.letsportsrock.com\\\/wp-content\\\/uploads\\\/2024\\\/12\\\/images-2024-12-22T235902.195.jpeg\",\"datePublished\":\"2024-12-22T23:00:03+00:00\",\"author\":{\"@id\":\"https:\\\/\\\/www.letsportsrock.com\\\/#\\\/schema\\\/person\\\/a454ac24e58b214ddd97e4b5afb0bf01\"},\"description\":\"TRanzac\u021bie FINALIZAT\u0102: Benjamin Siegrist \u00ee\u0219i prelunge\u0219te angajamentul cu FC Rapid Bucure\u0219ti pentru \u00eenc\u0103 cinci ani\",\"breadcrumb\":{\"@id\":\"https:\\\/\\\/www.letsportsrock.com\\\/?p=14909#breadcrumb\"},\"inLanguage\":\"en-US\",\"potentialAction\":[{\"@type\":\"ReadAction\",\"target\":[\"https:\\\/\\\/www.letsportsrock.com\\\/?p=14909\"]}]},{\"@type\":\"ImageObject\",\"inLanguage\":\"en-US\",\"@id\":\"https:\\\/\\\/www.letsportsrock.com\\\/?p=14909#primaryimage\",\"url\":\"https:\\\/\\\/www.letsportsrock.com\\\/wp-content\\\/uploads\\\/2024\\\/12\\\/images-2024-12-22T235902.195.jpeg\",\"contentUrl\":\"https:\\\/\\\/www.letsportsrock.com\\\/wp-content\\\/uploads\\\/2024\\\/12\\\/images-2024-12-22T235902.195.jpeg\",\"width\":741,\"height\":414},{\"@type\":\"BreadcrumbList\",\"@id\":\"https:\\\/\\\/www.letsportsrock.com\\\/?p=14909#breadcrumb\",\"itemListElement\":[{\"@type\":\"ListItem\",\"position\":1,\"name\":\"Home\",\"item\":\"https:\\\/\\\/www.letsportsrock.com\\\/\"},{\"@type\":\"ListItem\",\"position\":2,\"name\":\"TRanzac\u021bie FINALIZAT\u0102: Benjamin Siegrist \u00ee\u0219i prelunge\u0219te angajamentul cu FC Rapid Bucure\u0219ti pentru \u00eenc\u0103 cinci ani\"}]},{\"@type\":\"WebSite\",\"@id\":\"https:\\\/\\\/www.letsportsrock.com\\\/#website\",\"url\":\"https:\\\/\\\/www.letsportsrock.com\\\/\",\"name\":\"letsportsrock\",\"description\":\"Sport News and Updates\",\"potentialAction\":[{\"@type\":\"SearchAction\",\"target\":{\"@type\":\"EntryPoint\",\"urlTemplate\":\"https:\\\/\\\/www.letsportsrock.com\\\/?s={search_term_string}\"},\"query-input\":{\"@type\":\"PropertyValueSpecification\",\"valueRequired\":true,\"valueName\":\"search_term_string\"}}],\"inLanguage\":\"en-US\"},{\"@type\":\"Person\",\"@id\":\"https:\\\/\\\/www.letsportsrock.com\\\/#\\\/schema\\\/person\\\/a454ac24e58b214ddd97e4b5afb0bf01\",\"name\":\"letsportsrock\",\"image\":{\"@type\":\"ImageObject\",\"inLanguage\":\"en-US\",\"@id\":\"https:\\\/\\\/secure.gravatar.com\\\/avatar\\\/f8ef950cbb7574c0bc874094b8d307659bfe2d7aa4a9d26fa6917eff010748f9?s=96&d=mm&r=g\",\"url\":\"https:\\\/\\\/secure.gravatar.com\\\/avatar\\\/f8ef950cbb7574c0bc874094b8d307659bfe2d7aa4a9d26fa6917eff010748f9?s=96&d=mm&r=g\",\"contentUrl\":\"https:\\\/\\\/secure.gravatar.com\\\/avatar\\\/f8ef950cbb7574c0bc874094b8d307659bfe2d7aa4a9d26fa6917eff010748f9?s=96&d=mm&r=g\",\"caption\":\"letsportsrock\"},\"sameAs\":[\"https:\\\/\\\/www.letsportsrock.com\"],\"url\":\"https:\\\/\\\/www.letsportsrock.com\\\/?author=1\"}]}<\/script>\n<!-- \/ Yoast SEO plugin. -->","yoast_head_json":{"title":"TRanzac\u021bie FINALIZAT\u0102: Benjamin Siegrist \u00ee\u0219i pr.","description":"TRanzac\u021bie FINALIZAT\u0102: Benjamin Siegrist \u00ee\u0219i prelunge\u0219te angajamentul cu FC Rapid Bucure\u0219ti pentru \u00eenc\u0103 cinci ani","robots":{"index":"index","follow":"follow","max-snippet":"max-snippet:-1","max-image-preview":"max-image-preview:large","max-video-preview":"max-video-preview:-1"},"canonical":"https:\/\/www.letsportsrock.com\/?p=14909","og_locale":"en_US","og_type":"article","og_title":"TRanzac\u021bie FINALIZAT\u0102: Benjamin Siegrist \u00ee\u0219i pr.","og_description":"TRanzac\u021bie FINALIZAT\u0102: Benjamin Siegrist \u00ee\u0219i prelunge\u0219te angajamentul cu FC Rapid Bucure\u0219ti pentru \u00eenc\u0103 cinci ani","og_url":"https:\/\/www.letsportsrock.com\/?p=14909","og_site_name":"letsportsrock","article_published_time":"2024-12-22T23:00:03+00:00","og_image":[{"width":741,"height":414,"url":"https:\/\/www.letsportsrock.com\/wp-content\/uploads\/2024\/12\/images-2024-12-22T235902.195.jpeg","type":"image\/jpeg"}],"author":"letsportsrock","twitter_card":"summary_large_image","twitter_misc":{"Written by":"letsportsrock","Est. reading time":"2 minutes"},"schema":{"@context":"https:\/\/schema.org","@graph":[{"@type":"Article","@id":"https:\/\/www.letsportsrock.com\/?p=14909#article","isPartOf":{"@id":"https:\/\/www.letsportsrock.com\/?p=14909"},"author":{"name":"letsportsrock","@id":"https:\/\/www.letsportsrock.com\/#\/schema\/person\/a454ac24e58b214ddd97e4b5afb0bf01"},"headline":"TRanzac\u021bie FINALIZAT\u0102: Benjamin Siegrist \u00ee\u0219i prelunge\u0219te angajamentul cu FC Rapid Bucure\u0219ti pentru \u00eenc\u0103 cinci ani","datePublished":"2024-12-22T23:00:03+00:00","mainEntityOfPage":{"@id":"https:\/\/www.letsportsrock.com\/?p=14909"},"wordCount":321,"commentCount":0,"image":{"@id":"https:\/\/www.letsportsrock.com\/?p=14909#primaryimage"},"thumbnailUrl":"https:\/\/www.letsportsrock.com\/wp-content\/uploads\/2024\/12\/images-2024-12-22T235902.195.jpeg","inLanguage":"en-US","potentialAction":[{"@type":"CommentAction","name":"Comment","target":["https:\/\/www.letsportsrock.com\/?p=14909#respond"]}]},{"@type":"WebPage","@id":"https:\/\/www.letsportsrock.com\/?p=14909","url":"https:\/\/www.letsportsrock.com\/?p=14909","name":"TRanzac\u021bie FINALIZAT\u0102: Benjamin Siegrist \u00ee\u0219i pr.","isPartOf":{"@id":"https:\/\/www.letsportsrock.com\/#website"},"primaryImageOfPage":{"@id":"https:\/\/www.letsportsrock.com\/?p=14909#primaryimage"},"image":{"@id":"https:\/\/www.letsportsrock.com\/?p=14909#primaryimage"},"thumbnailUrl":"https:\/\/www.letsportsrock.com\/wp-content\/uploads\/2024\/12\/images-2024-12-22T235902.195.jpeg","datePublished":"2024-12-22T23:00:03+00:00","author":{"@id":"https:\/\/www.letsportsrock.com\/#\/schema\/person\/a454ac24e58b214ddd97e4b5afb0bf01"},"description":"TRanzac\u021bie FINALIZAT\u0102: Benjamin Siegrist \u00ee\u0219i prelunge\u0219te angajamentul cu FC Rapid Bucure\u0219ti pentru \u00eenc\u0103 cinci ani","breadcrumb":{"@id":"https:\/\/www.letsportsrock.com\/?p=14909#breadcrumb"},"inLanguage":"en-US","potentialAction":[{"@type":"ReadAction","target":["https:\/\/www.letsportsrock.com\/?p=14909"]}]},{"@type":"ImageObject","inLanguage":"en-US","@id":"https:\/\/www.letsportsrock.com\/?p=14909#primaryimage","url":"https:\/\/www.letsportsrock.com\/wp-content\/uploads\/2024\/12\/images-2024-12-22T235902.195.jpeg","contentUrl":"https:\/\/www.letsportsrock.com\/wp-content\/uploads\/2024\/12\/images-2024-12-22T235902.195.jpeg","width":741,"height":414},{"@type":"BreadcrumbList","@id":"https:\/\/www.letsportsrock.com\/?p=14909#breadcrumb","itemListElement":[{"@type":"ListItem","position":1,"name":"Home","item":"https:\/\/www.letsportsrock.com\/"},{"@type":"ListItem","position":2,"name":"TRanzac\u021bie FINALIZAT\u0102: Benjamin Siegrist \u00ee\u0219i prelunge\u0219te angajamentul cu FC Rapid Bucure\u0219ti pentru \u00eenc\u0103 cinci ani"}]},{"@type":"WebSite","@id":"https:\/\/www.letsportsrock.com\/#website","url":"https:\/\/www.letsportsrock.com\/","name":"letsportsrock","description":"Sport News and Updates","potentialAction":[{"@type":"SearchAction","target":{"@type":"EntryPoint","urlTemplate":"https:\/\/www.letsportsrock.com\/?s={search_term_string}"},"query-input":{"@type":"PropertyValueSpecification","valueRequired":true,"valueName":"search_term_string"}}],"inLanguage":"en-US"},{"@type":"Person","@id":"https:\/\/www.letsportsrock.com\/#\/schema\/person\/a454ac24e58b214ddd97e4b5afb0bf01","name":"letsportsrock","image":{"@type":"ImageObject","inLanguage":"en-US","@id":"https:\/\/secure.gravatar.com\/avatar\/f8ef950cbb7574c0bc874094b8d307659bfe2d7aa4a9d26fa6917eff010748f9?s=96&d=mm&r=g","url":"https:\/\/secure.gravatar.com\/avatar\/f8ef950cbb7574c0bc874094b8d307659bfe2d7aa4a9d26fa6917eff010748f9?s=96&d=mm&r=g","contentUrl":"https:\/\/secure.gravatar.com\/avatar\/f8ef950cbb7574c0bc874094b8d307659bfe2d7aa4a9d26fa6917eff010748f9?s=96&d=mm&r=g","caption":"letsportsrock"},"sameAs":["https:\/\/www.letsportsrock.com"],"url":"https:\/\/www.letsportsrock.com\/?author=1"}]}},"jetpack_featured_media_url":"https:\/\/www.letsportsrock.com\/wp-content\/uploads\/2024\/12\/images-2024-12-22T235902.195.jpeg","jetpack_sharing_enabled":true,"_links":{"self":[{"href":"https:\/\/www.letsportsrock.com\/index.php?rest_route=\/wp\/v2\/posts\/14909","targetHints":{"allow":["GET"]}}],"collection":[{"href":"https:\/\/www.letsportsrock.com\/index.php?rest_route=\/wp\/v2\/posts"}],"about":[{"href":"https:\/\/www.letsportsrock.com\/index.php?rest_route=\/wp\/v2\/types\/post"}],"author":[{"embeddable":true,"href":"https:\/\/www.letsportsrock.com\/index.php?rest_route=\/wp\/v2\/users\/1"}],"replies":[{"embeddable":true,"href":"https:\/\/www.letsportsrock.com\/index.php?rest_route=%2Fwp%2Fv2%2Fcomments&post=14909"}],"version-history":[{"count":1,"href":"https:\/\/www.letsportsrock.com\/index.php?rest_route=\/wp\/v2\/posts\/14909\/revisions"}],"predecessor-version":[{"id":14911,"href":"https:\/\/www.letsportsrock.com\/index.php?rest_route=\/wp\/v2\/posts\/14909\/revisions\/14911"}],"wp:featuredmedia":[{"embeddable":true,"href":"https:\/\/www.letsportsrock.com\/index.php?rest_route=\/wp\/v2\/media\/14910"}],"wp:attachment":[{"href":"https:\/\/www.letsportsrock.com\/index.php?rest_route=%2Fwp%2Fv2%2Fmedia&parent=14909"}],"wp:term":[{"taxonomy":"category","embeddable":true,"href":"https:\/\/www.letsportsrock.com\/index.php?rest_route=%2Fwp%2Fv2%2Fcategories&post=14909"},{"taxonomy":"post_tag","embeddable":true,"href":"https:\/\/www.letsportsrock.com\/index.php?rest_route=%2Fwp%2Fv2%2Ftags&post=14909"}],"curies":[{"name":"wp","href":"https:\/\/api.w.org\/{rel}","templated":true}]}}