{"id":14912,"date":"2024-12-22T23:08:40","date_gmt":"2024-12-22T23:08:40","guid":{"rendered":"https:\/\/www.letsportsrock.com\/?p=14912"},"modified":"2024-12-22T23:08:40","modified_gmt":"2024-12-22T23:08:40","slug":"tragicul-accident-al-lui-tobias-christensen-cel-mai-bun-mijlocas-al-celor-de-la-fc-rapid-bucuresti-este-in-stare-critica","status":"publish","type":"post","link":"https:\/\/www.letsportsrock.com\/?p=14912","title":{"rendered":"Tragicul accident al lui Tobias Christensen: Cel mai bun mijloca\u0219 al celor de la FC Rapid Bucure\u0219ti este \u00een stare critic\u0103"},"content":{"rendered":"<div class=\"d79db4796efc26332eabfc3f5dafbc76\" data-index=\"1\" style=\"float: none; margin:10px 0 10px 0; text-align:center;\">\n<div class=\"hb-ad-inarticle\">\r\n    <div class=\"hb-ad-inner\"> \r\n    <div class=\"hbagency_cls\"  id=\"hbagency_space_111930\"><\/div><\/div> <\/div>\n<\/div>\n<p>Tragicul accident al lui Tobias Christensen: Cel mai bun mijloca\u0219 al celor de la FC Rapid Bucure\u0219ti este \u00een stare critic\u0103<\/p>\n<p>&nbsp;<\/p>\n<p>Ast\u0103zi, lumea fotbalului rom\u00e2nesc a fost \u0219ocat\u0103 de vestea c\u0103 Tobias Christensen, mijloca\u0219ul de excep\u021bie al echipei FC Rapid Bucure\u0219ti, a fost implicat \u00eentr-un accident grav. Incidentul a avut loc la scurt timp dup\u0103 antrenamentul echipei, iar juc\u0103torul a fost transportat de urgen\u021b\u0103 la spital. De\u0219i este \u00eenc\u0103 \u00een via\u021b\u0103, starea sa este extrem de critic\u0103 \u0219i medicii fac tot posibilul pentru a-l stabiliza.<\/p>\n<p>&nbsp;<\/p>\n<p>Tobias Christensen, \u00een v\u00e2rst\u0103 de 26 de ani, este considerat unul dintre cei mai talenta\u021bi \u0219i importan\u021bi juc\u0103tori din lotul celor de la FC Rapid. Performan\u021bele sale de pe teren, cu un stil de joc fluid \u0219i un tehnic impecabil, l-au f\u0103cut rapid s\u0103 devin\u0103 un favorit al suporterilor echipei din capital\u0103. \u00cen acest sezon, Christensen a fost deosebit de impresionant, contribuind at\u00e2t la construc\u021bia jocului, c\u00e2t \u0219i la fazele ofensive ale echipei.<\/p>\n<p>&nbsp;<\/p>\n<p>Accidentul a avut loc pe o strad\u0103 din apropierea stadionului, iar detaliile exacte ale incidentului sunt \u00eenc\u0103 necunoscute. Se \u0219tie doar c\u0103 a fost vorba despre un impact serios, iar juc\u0103torul a fost g\u0103sit con\u0219tient, dar cu multiple r\u0103ni care necesit\u0103 interven\u021bie medical\u0103 de urgen\u021b\u0103.<\/p>\n<p>&nbsp;<\/p>\n<p>Fanii echipei \u0219i \u00eentreaga comunitate fotbalistic\u0103 din Rom\u00e2nia sunt al\u0103turi de Tobias Christensen \u00een aceste momente dificile, iar g\u00e2ndurile lor sunt cu el \u0219i cu familia sa. FC Rapid Bucure\u0219ti a emis deja un comunicat oficial \u00een care anun\u021b\u0103 c\u0103 va oferi toate informa\u021biile necesare \u0219i va sprijini familia juc\u0103torului \u00een aceast\u0103 perioad\u0103 de cump\u0103n\u0103.<\/p>\n<p>&nbsp;<\/p>\n<p>Se sper\u0103 c\u0103 Tobias va reu\u0219i s\u0103 dep\u0103\u0219easc\u0103 acest moment critic \u0219i s\u0103 revin\u0103 pe terenul de fotbal \u00een cel mai scurt timp posibil.<\/p>\n\n<div style=\"font-size: 0px; height: 0px; line-height: 0px; margin: 0; padding: 0; clear: both;\"><\/div>","protected":false},"excerpt":{"rendered":"<p>Tragicul accident al lui Tobias Christensen: Cel mai bun mijloca\u0219 al celor de la FC Rapid Bucure\u0219ti este \u00een stare critic\u0103 &nbsp; Ast\u0103zi, lumea fotbalului rom\u00e2nesc a fost \u0219ocat\u0103 de vestea c\u0103 Tobias Christensen, mijloca\u0219ul de excep\u021bie al echipei FC Rapid Bucure\u0219ti, a fost implicat \u00eentr-un accident grav. Incidentul a avut loc la scurt timp [&hellip;]<\/p>\n","protected":false},"author":1,"featured_media":14913,"comment_status":"open","ping_status":"open","sticky":false,"template":"","format":"standard","meta":{"_jetpack_memberships_contains_paid_content":false,"footnotes":""},"categories":[1],"tags":[],"class_list":["post-14912","post","type-post","status-publish","format-standard","has-post-thumbnail","hentry","category-uncategorized"],"yoast_head":"<!-- This site is optimized with the Yoast SEO plugin v27.4 - https:\/\/yoast.com\/product\/yoast-seo-wordpress\/ -->\n<title>Tragicul accident al lui Tobias Christensen: Cel mai bun mijloca\u0219 al<\/title>\n<meta name=\"description\" content=\"Tragicul accident al lui Tobias Christensen: Cel mai bun mijloca\u0219 al celor de la FC Rapid Bucure\u0219ti este \u00een stare critic\u0103\" \/>\n<meta name=\"robots\" content=\"index, follow, max-snippet:-1, max-image-preview:large, max-video-preview:-1\" \/>\n<link rel=\"canonical\" href=\"https:\/\/www.letsportsrock.com\/?p=14912\" \/>\n<meta property=\"og:locale\" content=\"en_US\" \/>\n<meta property=\"og:type\" content=\"article\" \/>\n<meta property=\"og:title\" content=\"Tragicul accident al lui Tobias Christensen: Cel mai bun mijloca\u0219 al\" \/>\n<meta property=\"og:description\" content=\"Tragicul accident al lui Tobias Christensen: Cel mai bun mijloca\u0219 al celor de la FC Rapid Bucure\u0219ti este \u00een stare critic\u0103\" \/>\n<meta property=\"og:url\" content=\"https:\/\/www.letsportsrock.com\/?p=14912\" \/>\n<meta property=\"og:site_name\" content=\"letsportsrock\" \/>\n<meta property=\"article:published_time\" content=\"2024-12-22T23:08:40+00:00\" \/>\n<meta property=\"og:image\" content=\"https:\/\/www.letsportsrock.com\/wp-content\/uploads\/2024\/12\/images-2024-12-23T000802.065.jpeg\" \/>\n\t<meta property=\"og:image:width\" content=\"741\" \/>\n\t<meta property=\"og:image:height\" content=\"414\" \/>\n\t<meta property=\"og:image:type\" content=\"image\/jpeg\" \/>\n<meta name=\"author\" content=\"letsportsrock\" \/>\n<meta name=\"twitter:card\" content=\"summary_large_image\" \/>\n<meta name=\"twitter:label1\" content=\"Written by\" \/>\n\t<meta name=\"twitter:data1\" content=\"letsportsrock\" \/>\n\t<meta name=\"twitter:label2\" content=\"Est. reading time\" \/>\n\t<meta name=\"twitter:data2\" content=\"2 minutes\" \/>\n<script type=\"application\/ld+json\" class=\"yoast-schema-graph\">{\"@context\":\"https:\\\/\\\/schema.org\",\"@graph\":[{\"@type\":\"Article\",\"@id\":\"https:\\\/\\\/www.letsportsrock.com\\\/?p=14912#article\",\"isPartOf\":{\"@id\":\"https:\\\/\\\/www.letsportsrock.com\\\/?p=14912\"},\"author\":{\"name\":\"letsportsrock\",\"@id\":\"https:\\\/\\\/www.letsportsrock.com\\\/#\\\/schema\\\/person\\\/a454ac24e58b214ddd97e4b5afb0bf01\"},\"headline\":\"Tragicul accident al lui Tobias Christensen: Cel mai bun mijloca\u0219 al celor de la FC Rapid Bucure\u0219ti este \u00een stare critic\u0103\",\"datePublished\":\"2024-12-22T23:08:40+00:00\",\"mainEntityOfPage\":{\"@id\":\"https:\\\/\\\/www.letsportsrock.com\\\/?p=14912\"},\"wordCount\":339,\"commentCount\":0,\"image\":{\"@id\":\"https:\\\/\\\/www.letsportsrock.com\\\/?p=14912#primaryimage\"},\"thumbnailUrl\":\"https:\\\/\\\/www.letsportsrock.com\\\/wp-content\\\/uploads\\\/2024\\\/12\\\/images-2024-12-23T000802.065.jpeg\",\"inLanguage\":\"en-US\",\"potentialAction\":[{\"@type\":\"CommentAction\",\"name\":\"Comment\",\"target\":[\"https:\\\/\\\/www.letsportsrock.com\\\/?p=14912#respond\"]}]},{\"@type\":\"WebPage\",\"@id\":\"https:\\\/\\\/www.letsportsrock.com\\\/?p=14912\",\"url\":\"https:\\\/\\\/www.letsportsrock.com\\\/?p=14912\",\"name\":\"Tragicul accident al lui Tobias Christensen: Cel mai bun mijloca\u0219 al\",\"isPartOf\":{\"@id\":\"https:\\\/\\\/www.letsportsrock.com\\\/#website\"},\"primaryImageOfPage\":{\"@id\":\"https:\\\/\\\/www.letsportsrock.com\\\/?p=14912#primaryimage\"},\"image\":{\"@id\":\"https:\\\/\\\/www.letsportsrock.com\\\/?p=14912#primaryimage\"},\"thumbnailUrl\":\"https:\\\/\\\/www.letsportsrock.com\\\/wp-content\\\/uploads\\\/2024\\\/12\\\/images-2024-12-23T000802.065.jpeg\",\"datePublished\":\"2024-12-22T23:08:40+00:00\",\"author\":{\"@id\":\"https:\\\/\\\/www.letsportsrock.com\\\/#\\\/schema\\\/person\\\/a454ac24e58b214ddd97e4b5afb0bf01\"},\"description\":\"Tragicul accident al lui Tobias Christensen: Cel mai bun mijloca\u0219 al celor de la FC Rapid Bucure\u0219ti este \u00een stare critic\u0103\",\"breadcrumb\":{\"@id\":\"https:\\\/\\\/www.letsportsrock.com\\\/?p=14912#breadcrumb\"},\"inLanguage\":\"en-US\",\"potentialAction\":[{\"@type\":\"ReadAction\",\"target\":[\"https:\\\/\\\/www.letsportsrock.com\\\/?p=14912\"]}]},{\"@type\":\"ImageObject\",\"inLanguage\":\"en-US\",\"@id\":\"https:\\\/\\\/www.letsportsrock.com\\\/?p=14912#primaryimage\",\"url\":\"https:\\\/\\\/www.letsportsrock.com\\\/wp-content\\\/uploads\\\/2024\\\/12\\\/images-2024-12-23T000802.065.jpeg\",\"contentUrl\":\"https:\\\/\\\/www.letsportsrock.com\\\/wp-content\\\/uploads\\\/2024\\\/12\\\/images-2024-12-23T000802.065.jpeg\",\"width\":741,\"height\":414},{\"@type\":\"BreadcrumbList\",\"@id\":\"https:\\\/\\\/www.letsportsrock.com\\\/?p=14912#breadcrumb\",\"itemListElement\":[{\"@type\":\"ListItem\",\"position\":1,\"name\":\"Home\",\"item\":\"https:\\\/\\\/www.letsportsrock.com\\\/\"},{\"@type\":\"ListItem\",\"position\":2,\"name\":\"Tragicul accident al lui Tobias Christensen: Cel mai bun mijloca\u0219 al celor de la FC Rapid Bucure\u0219ti este \u00een stare critic\u0103\"}]},{\"@type\":\"WebSite\",\"@id\":\"https:\\\/\\\/www.letsportsrock.com\\\/#website\",\"url\":\"https:\\\/\\\/www.letsportsrock.com\\\/\",\"name\":\"letsportsrock\",\"description\":\"Sport News and Updates\",\"potentialAction\":[{\"@type\":\"SearchAction\",\"target\":{\"@type\":\"EntryPoint\",\"urlTemplate\":\"https:\\\/\\\/www.letsportsrock.com\\\/?s={search_term_string}\"},\"query-input\":{\"@type\":\"PropertyValueSpecification\",\"valueRequired\":true,\"valueName\":\"search_term_string\"}}],\"inLanguage\":\"en-US\"},{\"@type\":\"Person\",\"@id\":\"https:\\\/\\\/www.letsportsrock.com\\\/#\\\/schema\\\/person\\\/a454ac24e58b214ddd97e4b5afb0bf01\",\"name\":\"letsportsrock\",\"image\":{\"@type\":\"ImageObject\",\"inLanguage\":\"en-US\",\"@id\":\"https:\\\/\\\/secure.gravatar.com\\\/avatar\\\/f8ef950cbb7574c0bc874094b8d307659bfe2d7aa4a9d26fa6917eff010748f9?s=96&d=mm&r=g\",\"url\":\"https:\\\/\\\/secure.gravatar.com\\\/avatar\\\/f8ef950cbb7574c0bc874094b8d307659bfe2d7aa4a9d26fa6917eff010748f9?s=96&d=mm&r=g\",\"contentUrl\":\"https:\\\/\\\/secure.gravatar.com\\\/avatar\\\/f8ef950cbb7574c0bc874094b8d307659bfe2d7aa4a9d26fa6917eff010748f9?s=96&d=mm&r=g\",\"caption\":\"letsportsrock\"},\"sameAs\":[\"https:\\\/\\\/www.letsportsrock.com\"],\"url\":\"https:\\\/\\\/www.letsportsrock.com\\\/?author=1\"}]}<\/script>\n<!-- \/ Yoast SEO plugin. -->","yoast_head_json":{"title":"Tragicul accident al lui Tobias Christensen: Cel mai bun mijloca\u0219 al","description":"Tragicul accident al lui Tobias Christensen: Cel mai bun mijloca\u0219 al celor de la FC Rapid Bucure\u0219ti este \u00een stare critic\u0103","robots":{"index":"index","follow":"follow","max-snippet":"max-snippet:-1","max-image-preview":"max-image-preview:large","max-video-preview":"max-video-preview:-1"},"canonical":"https:\/\/www.letsportsrock.com\/?p=14912","og_locale":"en_US","og_type":"article","og_title":"Tragicul accident al lui Tobias Christensen: Cel mai bun mijloca\u0219 al","og_description":"Tragicul accident al lui Tobias Christensen: Cel mai bun mijloca\u0219 al celor de la FC Rapid Bucure\u0219ti este \u00een stare critic\u0103","og_url":"https:\/\/www.letsportsrock.com\/?p=14912","og_site_name":"letsportsrock","article_published_time":"2024-12-22T23:08:40+00:00","og_image":[{"width":741,"height":414,"url":"https:\/\/www.letsportsrock.com\/wp-content\/uploads\/2024\/12\/images-2024-12-23T000802.065.jpeg","type":"image\/jpeg"}],"author":"letsportsrock","twitter_card":"summary_large_image","twitter_misc":{"Written by":"letsportsrock","Est. reading time":"2 minutes"},"schema":{"@context":"https:\/\/schema.org","@graph":[{"@type":"Article","@id":"https:\/\/www.letsportsrock.com\/?p=14912#article","isPartOf":{"@id":"https:\/\/www.letsportsrock.com\/?p=14912"},"author":{"name":"letsportsrock","@id":"https:\/\/www.letsportsrock.com\/#\/schema\/person\/a454ac24e58b214ddd97e4b5afb0bf01"},"headline":"Tragicul accident al lui Tobias Christensen: Cel mai bun mijloca\u0219 al celor de la FC Rapid Bucure\u0219ti este \u00een stare critic\u0103","datePublished":"2024-12-22T23:08:40+00:00","mainEntityOfPage":{"@id":"https:\/\/www.letsportsrock.com\/?p=14912"},"wordCount":339,"commentCount":0,"image":{"@id":"https:\/\/www.letsportsrock.com\/?p=14912#primaryimage"},"thumbnailUrl":"https:\/\/www.letsportsrock.com\/wp-content\/uploads\/2024\/12\/images-2024-12-23T000802.065.jpeg","inLanguage":"en-US","potentialAction":[{"@type":"CommentAction","name":"Comment","target":["https:\/\/www.letsportsrock.com\/?p=14912#respond"]}]},{"@type":"WebPage","@id":"https:\/\/www.letsportsrock.com\/?p=14912","url":"https:\/\/www.letsportsrock.com\/?p=14912","name":"Tragicul accident al lui Tobias Christensen: Cel mai bun mijloca\u0219 al","isPartOf":{"@id":"https:\/\/www.letsportsrock.com\/#website"},"primaryImageOfPage":{"@id":"https:\/\/www.letsportsrock.com\/?p=14912#primaryimage"},"image":{"@id":"https:\/\/www.letsportsrock.com\/?p=14912#primaryimage"},"thumbnailUrl":"https:\/\/www.letsportsrock.com\/wp-content\/uploads\/2024\/12\/images-2024-12-23T000802.065.jpeg","datePublished":"2024-12-22T23:08:40+00:00","author":{"@id":"https:\/\/www.letsportsrock.com\/#\/schema\/person\/a454ac24e58b214ddd97e4b5afb0bf01"},"description":"Tragicul accident al lui Tobias Christensen: Cel mai bun mijloca\u0219 al celor de la FC Rapid Bucure\u0219ti este \u00een stare critic\u0103","breadcrumb":{"@id":"https:\/\/www.letsportsrock.com\/?p=14912#breadcrumb"},"inLanguage":"en-US","potentialAction":[{"@type":"ReadAction","target":["https:\/\/www.letsportsrock.com\/?p=14912"]}]},{"@type":"ImageObject","inLanguage":"en-US","@id":"https:\/\/www.letsportsrock.com\/?p=14912#primaryimage","url":"https:\/\/www.letsportsrock.com\/wp-content\/uploads\/2024\/12\/images-2024-12-23T000802.065.jpeg","contentUrl":"https:\/\/www.letsportsrock.com\/wp-content\/uploads\/2024\/12\/images-2024-12-23T000802.065.jpeg","width":741,"height":414},{"@type":"BreadcrumbList","@id":"https:\/\/www.letsportsrock.com\/?p=14912#breadcrumb","itemListElement":[{"@type":"ListItem","position":1,"name":"Home","item":"https:\/\/www.letsportsrock.com\/"},{"@type":"ListItem","position":2,"name":"Tragicul accident al lui Tobias Christensen: Cel mai bun mijloca\u0219 al celor de la FC Rapid Bucure\u0219ti este \u00een stare critic\u0103"}]},{"@type":"WebSite","@id":"https:\/\/www.letsportsrock.com\/#website","url":"https:\/\/www.letsportsrock.com\/","name":"letsportsrock","description":"Sport News and Updates","potentialAction":[{"@type":"SearchAction","target":{"@type":"EntryPoint","urlTemplate":"https:\/\/www.letsportsrock.com\/?s={search_term_string}"},"query-input":{"@type":"PropertyValueSpecification","valueRequired":true,"valueName":"search_term_string"}}],"inLanguage":"en-US"},{"@type":"Person","@id":"https:\/\/www.letsportsrock.com\/#\/schema\/person\/a454ac24e58b214ddd97e4b5afb0bf01","name":"letsportsrock","image":{"@type":"ImageObject","inLanguage":"en-US","@id":"https:\/\/secure.gravatar.com\/avatar\/f8ef950cbb7574c0bc874094b8d307659bfe2d7aa4a9d26fa6917eff010748f9?s=96&d=mm&r=g","url":"https:\/\/secure.gravatar.com\/avatar\/f8ef950cbb7574c0bc874094b8d307659bfe2d7aa4a9d26fa6917eff010748f9?s=96&d=mm&r=g","contentUrl":"https:\/\/secure.gravatar.com\/avatar\/f8ef950cbb7574c0bc874094b8d307659bfe2d7aa4a9d26fa6917eff010748f9?s=96&d=mm&r=g","caption":"letsportsrock"},"sameAs":["https:\/\/www.letsportsrock.com"],"url":"https:\/\/www.letsportsrock.com\/?author=1"}]}},"jetpack_featured_media_url":"https:\/\/www.letsportsrock.com\/wp-content\/uploads\/2024\/12\/images-2024-12-23T000802.065.jpeg","jetpack_sharing_enabled":true,"_links":{"self":[{"href":"https:\/\/www.letsportsrock.com\/index.php?rest_route=\/wp\/v2\/posts\/14912","targetHints":{"allow":["GET"]}}],"collection":[{"href":"https:\/\/www.letsportsrock.com\/index.php?rest_route=\/wp\/v2\/posts"}],"about":[{"href":"https:\/\/www.letsportsrock.com\/index.php?rest_route=\/wp\/v2\/types\/post"}],"author":[{"embeddable":true,"href":"https:\/\/www.letsportsrock.com\/index.php?rest_route=\/wp\/v2\/users\/1"}],"replies":[{"embeddable":true,"href":"https:\/\/www.letsportsrock.com\/index.php?rest_route=%2Fwp%2Fv2%2Fcomments&post=14912"}],"version-history":[{"count":1,"href":"https:\/\/www.letsportsrock.com\/index.php?rest_route=\/wp\/v2\/posts\/14912\/revisions"}],"predecessor-version":[{"id":14914,"href":"https:\/\/www.letsportsrock.com\/index.php?rest_route=\/wp\/v2\/posts\/14912\/revisions\/14914"}],"wp:featuredmedia":[{"embeddable":true,"href":"https:\/\/www.letsportsrock.com\/index.php?rest_route=\/wp\/v2\/media\/14913"}],"wp:attachment":[{"href":"https:\/\/www.letsportsrock.com\/index.php?rest_route=%2Fwp%2Fv2%2Fmedia&parent=14912"}],"wp:term":[{"taxonomy":"category","embeddable":true,"href":"https:\/\/www.letsportsrock.com\/index.php?rest_route=%2Fwp%2Fv2%2Fcategories&post=14912"},{"taxonomy":"post_tag","embeddable":true,"href":"https:\/\/www.letsportsrock.com\/index.php?rest_route=%2Fwp%2Fv2%2Ftags&post=14912"}],"curies":[{"name":"wp","href":"https:\/\/api.w.org\/{rel}","templated":true}]}}