{"id":14916,"date":"2024-12-22T23:15:14","date_gmt":"2024-12-22T23:15:14","guid":{"rendered":"https:\/\/www.letsportsrock.com\/?p=14916"},"modified":"2024-12-22T23:15:14","modified_gmt":"2024-12-22T23:15:14","slug":"stiri-de-ultima-ora-antrenorul-fc-rapid-bucuresti-a-amenintat-ca-va-parasi-echipa-daca-nu-se-ia-nicio-masura-in-legatura-cu-2","status":"publish","type":"post","link":"https:\/\/www.letsportsrock.com\/?p=14916","title":{"rendered":"\u0218tiri de Ultim\u0103 Or\u0103: Antrenorul FC Rapid Bucure\u0219ti A Amenin\u021bat C\u0103 Va P\u0103r\u0103si Echipa Dac\u0103 Nu Se Ia Nicio M\u0103sur\u0103 \u00cen Leg\u0103tur\u0103 Cu&#8230;"},"content":{"rendered":"<div class=\"d79db4796efc26332eabfc3f5dafbc76\" data-index=\"1\" style=\"float: none; margin:10px 0 10px 0; text-align:center;\">\n<div class=\"hb-ad-inarticle\">\r\n    <div class=\"hb-ad-inner\"> \r\n    <div class=\"hbagency_cls\"  id=\"hbagency_space_111930\"><\/div><\/div> <\/div>\n<\/div>\n<p>**\u0218tiri de Ultim\u0103 Or\u0103: Antrenorul FC Rapid Bucure\u0219ti A Amenin\u021bat C\u0103 Va P\u0103r\u0103si Echipa Dac\u0103 Nu Se Ia Nicio M\u0103sur\u0103 \u00cen Leg\u0103tur\u0103 Cu&#8230;**<\/p>\n<p>&nbsp;<\/p>\n<p>Antrenorul echipei FC Rapid Bucure\u0219ti a f\u0103cut o declara\u021bie \u0219ocant\u0103 \u00een fa\u021ba presei, amenin\u021b\u00e2nd c\u0103 va p\u0103r\u0103si echipa dac\u0103 nu se iau m\u0103suri imediate pentru a remedia anumite probleme interne care afecteaz\u0103 performan\u021ba echipei. Conform surselor apropiate clubului, antrenorul este nemul\u021bumit de anumite aspecte legate de managementul echipei, inclusiv de lipsa de sprijin \u00een ceea ce prive\u0219te transferurile \u0219i problemele legate de condi\u021biile de preg\u0103tire.<\/p>\n<p>&nbsp;<\/p>\n<p>Tehnicianul a subliniat faptul c\u0103 este esen\u021bial ca autorit\u0103\u021bile clubului s\u0103 ac\u021bioneze rapid pentru a \u00eembun\u0103t\u0103\u021bi aceste condi\u021bii, altfel ar putea lua decizia de a renun\u021ba la postul s\u0103u. De asemenea, antrenorul a exprimat \u00eengrijorarea fa\u021b\u0103 de faptul c\u0103 echipa nu reu\u0219e\u0219te s\u0103 \u00ee\u0219i ating\u0103 poten\u021bialul maxim din cauza acestor probleme nerezolvate.<\/p>\n<p>&nbsp;<\/p>\n<p>\u00cen contextul actual al competi\u021biei, FC Rapid Bucure\u0219ti se afl\u0103 \u00eentr-o perioad\u0103 de tranzi\u021bie \u0219i are nevoie de stabilitate pentru a putea concura la nivel \u00eenalt \u00een liga na\u021bional\u0103. Antrenorul a ad\u0103ugat c\u0103 o astfel de decizie de a p\u0103r\u0103si echipa nu ar fi luat\u0103 cu u\u0219urin\u021b\u0103, dar este important ca to\u021bi factorii implica\u021bi \u00een conducerea clubului s\u0103 \u00ee\u0219i asume responsabilitatea \u0219i s\u0103 ofere un cadru de lucru adecvat pentru a maximiza \u0219ansele echipei.<\/p>\n<p>&nbsp;<\/p>\n<p>\u00centre timp, suporterii \u0219i jurnali\u0219tii din lumea sportiv\u0103 a\u0219teapt\u0103 cu interes reac\u021biile conducerii FC Rapid \u0219i posibilele m\u0103suri care vor fi luate \u00een urma acestor declara\u021bii. Este clar c\u0103 situa\u021bia actual\u0103 ar putea avea un impact semnificativ asupra viitorului echipei \u0219i al antrenorului.<\/p>\n\n<div style=\"font-size: 0px; height: 0px; line-height: 0px; margin: 0; padding: 0; clear: both;\"><\/div>","protected":false},"excerpt":{"rendered":"<p>**\u0218tiri de Ultim\u0103 Or\u0103: Antrenorul FC Rapid Bucure\u0219ti A Amenin\u021bat C\u0103 Va P\u0103r\u0103si Echipa Dac\u0103 Nu Se Ia Nicio M\u0103sur\u0103 \u00cen Leg\u0103tur\u0103 Cu&#8230;** &nbsp; Antrenorul echipei FC Rapid Bucure\u0219ti a f\u0103cut o declara\u021bie \u0219ocant\u0103 \u00een fa\u021ba presei, amenin\u021b\u00e2nd c\u0103 va p\u0103r\u0103si echipa dac\u0103 nu se iau m\u0103suri imediate pentru a remedia anumite probleme interne care [&hellip;]<\/p>\n","protected":false},"author":1,"featured_media":0,"comment_status":"open","ping_status":"open","sticky":false,"template":"","format":"standard","meta":{"_jetpack_memberships_contains_paid_content":false,"footnotes":""},"categories":[1],"tags":[],"class_list":["post-14916","post","type-post","status-publish","format-standard","hentry","category-uncategorized"],"yoast_head":"<!-- This site is optimized with the Yoast SEO plugin v27.4 - https:\/\/yoast.com\/product\/yoast-seo-wordpress\/ -->\n<title>\u0218tiri de Ultim\u0103 Or\u0103: Antrenorul FC Rapid Bucure\u0219ti A Amenin\u021bat .<\/title>\n<meta name=\"description\" content=\"\u0218tiri de Ultim\u0103 Or\u0103: Antrenorul FC Rapid Bucure\u0219ti A Amenin\u021bat C\u0103 Va P\u0103r\u0103si Echipa Dac\u0103 Nu Se Ia Nicio M\u0103sur\u0103 \u00cen Leg\u0103tur\u0103 Cu...\" \/>\n<meta name=\"robots\" content=\"index, follow, max-snippet:-1, max-image-preview:large, max-video-preview:-1\" \/>\n<link rel=\"canonical\" href=\"https:\/\/www.letsportsrock.com\/?p=14916\" \/>\n<meta property=\"og:locale\" content=\"en_US\" \/>\n<meta property=\"og:type\" content=\"article\" \/>\n<meta property=\"og:title\" content=\"\u0218tiri de Ultim\u0103 Or\u0103: Antrenorul FC Rapid Bucure\u0219ti A Amenin\u021bat .\" \/>\n<meta property=\"og:description\" content=\"\u0218tiri de Ultim\u0103 Or\u0103: Antrenorul FC Rapid Bucure\u0219ti A Amenin\u021bat C\u0103 Va P\u0103r\u0103si Echipa Dac\u0103 Nu Se Ia Nicio M\u0103sur\u0103 \u00cen Leg\u0103tur\u0103 Cu...\" \/>\n<meta property=\"og:url\" content=\"https:\/\/www.letsportsrock.com\/?p=14916\" \/>\n<meta property=\"og:site_name\" content=\"letsportsrock\" \/>\n<meta property=\"article:published_time\" content=\"2024-12-22T23:15:14+00:00\" \/>\n<meta name=\"author\" content=\"letsportsrock\" \/>\n<meta name=\"twitter:card\" content=\"summary_large_image\" \/>\n<meta name=\"twitter:label1\" content=\"Written by\" \/>\n\t<meta name=\"twitter:data1\" content=\"letsportsrock\" \/>\n\t<meta name=\"twitter:label2\" content=\"Est. reading time\" \/>\n\t<meta name=\"twitter:data2\" content=\"2 minutes\" \/>\n<script type=\"application\/ld+json\" class=\"yoast-schema-graph\">{\"@context\":\"https:\\\/\\\/schema.org\",\"@graph\":[{\"@type\":\"Article\",\"@id\":\"https:\\\/\\\/www.letsportsrock.com\\\/?p=14916#article\",\"isPartOf\":{\"@id\":\"https:\\\/\\\/www.letsportsrock.com\\\/?p=14916\"},\"author\":{\"name\":\"letsportsrock\",\"@id\":\"https:\\\/\\\/www.letsportsrock.com\\\/#\\\/schema\\\/person\\\/a454ac24e58b214ddd97e4b5afb0bf01\"},\"headline\":\"\u0218tiri de Ultim\u0103 Or\u0103: Antrenorul FC Rapid Bucure\u0219ti A Amenin\u021bat C\u0103 Va P\u0103r\u0103si Echipa Dac\u0103 Nu Se Ia Nicio M\u0103sur\u0103 \u00cen Leg\u0103tur\u0103 Cu&#8230;\",\"datePublished\":\"2024-12-22T23:15:14+00:00\",\"mainEntityOfPage\":{\"@id\":\"https:\\\/\\\/www.letsportsrock.com\\\/?p=14916\"},\"wordCount\":336,\"commentCount\":0,\"inLanguage\":\"en-US\",\"potentialAction\":[{\"@type\":\"CommentAction\",\"name\":\"Comment\",\"target\":[\"https:\\\/\\\/www.letsportsrock.com\\\/?p=14916#respond\"]}]},{\"@type\":\"WebPage\",\"@id\":\"https:\\\/\\\/www.letsportsrock.com\\\/?p=14916\",\"url\":\"https:\\\/\\\/www.letsportsrock.com\\\/?p=14916\",\"name\":\"\u0218tiri de Ultim\u0103 Or\u0103: Antrenorul FC Rapid Bucure\u0219ti A Amenin\u021bat .\",\"isPartOf\":{\"@id\":\"https:\\\/\\\/www.letsportsrock.com\\\/#website\"},\"datePublished\":\"2024-12-22T23:15:14+00:00\",\"author\":{\"@id\":\"https:\\\/\\\/www.letsportsrock.com\\\/#\\\/schema\\\/person\\\/a454ac24e58b214ddd97e4b5afb0bf01\"},\"description\":\"\u0218tiri de Ultim\u0103 Or\u0103: Antrenorul FC Rapid Bucure\u0219ti A Amenin\u021bat C\u0103 Va P\u0103r\u0103si Echipa Dac\u0103 Nu Se Ia Nicio M\u0103sur\u0103 \u00cen Leg\u0103tur\u0103 Cu...\",\"breadcrumb\":{\"@id\":\"https:\\\/\\\/www.letsportsrock.com\\\/?p=14916#breadcrumb\"},\"inLanguage\":\"en-US\",\"potentialAction\":[{\"@type\":\"ReadAction\",\"target\":[\"https:\\\/\\\/www.letsportsrock.com\\\/?p=14916\"]}]},{\"@type\":\"BreadcrumbList\",\"@id\":\"https:\\\/\\\/www.letsportsrock.com\\\/?p=14916#breadcrumb\",\"itemListElement\":[{\"@type\":\"ListItem\",\"position\":1,\"name\":\"Home\",\"item\":\"https:\\\/\\\/www.letsportsrock.com\\\/\"},{\"@type\":\"ListItem\",\"position\":2,\"name\":\"\u0218tiri de Ultim\u0103 Or\u0103: Antrenorul FC Rapid Bucure\u0219ti A Amenin\u021bat C\u0103 Va P\u0103r\u0103si Echipa Dac\u0103 Nu Se Ia Nicio M\u0103sur\u0103 \u00cen Leg\u0103tur\u0103 Cu&#8230;\"}]},{\"@type\":\"WebSite\",\"@id\":\"https:\\\/\\\/www.letsportsrock.com\\\/#website\",\"url\":\"https:\\\/\\\/www.letsportsrock.com\\\/\",\"name\":\"letsportsrock\",\"description\":\"Sport News and Updates\",\"potentialAction\":[{\"@type\":\"SearchAction\",\"target\":{\"@type\":\"EntryPoint\",\"urlTemplate\":\"https:\\\/\\\/www.letsportsrock.com\\\/?s={search_term_string}\"},\"query-input\":{\"@type\":\"PropertyValueSpecification\",\"valueRequired\":true,\"valueName\":\"search_term_string\"}}],\"inLanguage\":\"en-US\"},{\"@type\":\"Person\",\"@id\":\"https:\\\/\\\/www.letsportsrock.com\\\/#\\\/schema\\\/person\\\/a454ac24e58b214ddd97e4b5afb0bf01\",\"name\":\"letsportsrock\",\"image\":{\"@type\":\"ImageObject\",\"inLanguage\":\"en-US\",\"@id\":\"https:\\\/\\\/secure.gravatar.com\\\/avatar\\\/f8ef950cbb7574c0bc874094b8d307659bfe2d7aa4a9d26fa6917eff010748f9?s=96&d=mm&r=g\",\"url\":\"https:\\\/\\\/secure.gravatar.com\\\/avatar\\\/f8ef950cbb7574c0bc874094b8d307659bfe2d7aa4a9d26fa6917eff010748f9?s=96&d=mm&r=g\",\"contentUrl\":\"https:\\\/\\\/secure.gravatar.com\\\/avatar\\\/f8ef950cbb7574c0bc874094b8d307659bfe2d7aa4a9d26fa6917eff010748f9?s=96&d=mm&r=g\",\"caption\":\"letsportsrock\"},\"sameAs\":[\"https:\\\/\\\/www.letsportsrock.com\"],\"url\":\"https:\\\/\\\/www.letsportsrock.com\\\/?author=1\"}]}<\/script>\n<!-- \/ Yoast SEO plugin. -->","yoast_head_json":{"title":"\u0218tiri de Ultim\u0103 Or\u0103: Antrenorul FC Rapid Bucure\u0219ti A Amenin\u021bat .","description":"\u0218tiri de Ultim\u0103 Or\u0103: Antrenorul FC Rapid Bucure\u0219ti A Amenin\u021bat C\u0103 Va P\u0103r\u0103si Echipa Dac\u0103 Nu Se Ia Nicio M\u0103sur\u0103 \u00cen Leg\u0103tur\u0103 Cu...","robots":{"index":"index","follow":"follow","max-snippet":"max-snippet:-1","max-image-preview":"max-image-preview:large","max-video-preview":"max-video-preview:-1"},"canonical":"https:\/\/www.letsportsrock.com\/?p=14916","og_locale":"en_US","og_type":"article","og_title":"\u0218tiri de Ultim\u0103 Or\u0103: Antrenorul FC Rapid Bucure\u0219ti A Amenin\u021bat .","og_description":"\u0218tiri de Ultim\u0103 Or\u0103: Antrenorul FC Rapid Bucure\u0219ti A Amenin\u021bat C\u0103 Va P\u0103r\u0103si Echipa Dac\u0103 Nu Se Ia Nicio M\u0103sur\u0103 \u00cen Leg\u0103tur\u0103 Cu...","og_url":"https:\/\/www.letsportsrock.com\/?p=14916","og_site_name":"letsportsrock","article_published_time":"2024-12-22T23:15:14+00:00","author":"letsportsrock","twitter_card":"summary_large_image","twitter_misc":{"Written by":"letsportsrock","Est. reading time":"2 minutes"},"schema":{"@context":"https:\/\/schema.org","@graph":[{"@type":"Article","@id":"https:\/\/www.letsportsrock.com\/?p=14916#article","isPartOf":{"@id":"https:\/\/www.letsportsrock.com\/?p=14916"},"author":{"name":"letsportsrock","@id":"https:\/\/www.letsportsrock.com\/#\/schema\/person\/a454ac24e58b214ddd97e4b5afb0bf01"},"headline":"\u0218tiri de Ultim\u0103 Or\u0103: Antrenorul FC Rapid Bucure\u0219ti A Amenin\u021bat C\u0103 Va P\u0103r\u0103si Echipa Dac\u0103 Nu Se Ia Nicio M\u0103sur\u0103 \u00cen Leg\u0103tur\u0103 Cu&#8230;","datePublished":"2024-12-22T23:15:14+00:00","mainEntityOfPage":{"@id":"https:\/\/www.letsportsrock.com\/?p=14916"},"wordCount":336,"commentCount":0,"inLanguage":"en-US","potentialAction":[{"@type":"CommentAction","name":"Comment","target":["https:\/\/www.letsportsrock.com\/?p=14916#respond"]}]},{"@type":"WebPage","@id":"https:\/\/www.letsportsrock.com\/?p=14916","url":"https:\/\/www.letsportsrock.com\/?p=14916","name":"\u0218tiri de Ultim\u0103 Or\u0103: Antrenorul FC Rapid Bucure\u0219ti A Amenin\u021bat .","isPartOf":{"@id":"https:\/\/www.letsportsrock.com\/#website"},"datePublished":"2024-12-22T23:15:14+00:00","author":{"@id":"https:\/\/www.letsportsrock.com\/#\/schema\/person\/a454ac24e58b214ddd97e4b5afb0bf01"},"description":"\u0218tiri de Ultim\u0103 Or\u0103: Antrenorul FC Rapid Bucure\u0219ti A Amenin\u021bat C\u0103 Va P\u0103r\u0103si Echipa Dac\u0103 Nu Se Ia Nicio M\u0103sur\u0103 \u00cen Leg\u0103tur\u0103 Cu...","breadcrumb":{"@id":"https:\/\/www.letsportsrock.com\/?p=14916#breadcrumb"},"inLanguage":"en-US","potentialAction":[{"@type":"ReadAction","target":["https:\/\/www.letsportsrock.com\/?p=14916"]}]},{"@type":"BreadcrumbList","@id":"https:\/\/www.letsportsrock.com\/?p=14916#breadcrumb","itemListElement":[{"@type":"ListItem","position":1,"name":"Home","item":"https:\/\/www.letsportsrock.com\/"},{"@type":"ListItem","position":2,"name":"\u0218tiri de Ultim\u0103 Or\u0103: Antrenorul FC Rapid Bucure\u0219ti A Amenin\u021bat C\u0103 Va P\u0103r\u0103si Echipa Dac\u0103 Nu Se Ia Nicio M\u0103sur\u0103 \u00cen Leg\u0103tur\u0103 Cu&#8230;"}]},{"@type":"WebSite","@id":"https:\/\/www.letsportsrock.com\/#website","url":"https:\/\/www.letsportsrock.com\/","name":"letsportsrock","description":"Sport News and Updates","potentialAction":[{"@type":"SearchAction","target":{"@type":"EntryPoint","urlTemplate":"https:\/\/www.letsportsrock.com\/?s={search_term_string}"},"query-input":{"@type":"PropertyValueSpecification","valueRequired":true,"valueName":"search_term_string"}}],"inLanguage":"en-US"},{"@type":"Person","@id":"https:\/\/www.letsportsrock.com\/#\/schema\/person\/a454ac24e58b214ddd97e4b5afb0bf01","name":"letsportsrock","image":{"@type":"ImageObject","inLanguage":"en-US","@id":"https:\/\/secure.gravatar.com\/avatar\/f8ef950cbb7574c0bc874094b8d307659bfe2d7aa4a9d26fa6917eff010748f9?s=96&d=mm&r=g","url":"https:\/\/secure.gravatar.com\/avatar\/f8ef950cbb7574c0bc874094b8d307659bfe2d7aa4a9d26fa6917eff010748f9?s=96&d=mm&r=g","contentUrl":"https:\/\/secure.gravatar.com\/avatar\/f8ef950cbb7574c0bc874094b8d307659bfe2d7aa4a9d26fa6917eff010748f9?s=96&d=mm&r=g","caption":"letsportsrock"},"sameAs":["https:\/\/www.letsportsrock.com"],"url":"https:\/\/www.letsportsrock.com\/?author=1"}]}},"jetpack_featured_media_url":"","jetpack_sharing_enabled":true,"_links":{"self":[{"href":"https:\/\/www.letsportsrock.com\/index.php?rest_route=\/wp\/v2\/posts\/14916","targetHints":{"allow":["GET"]}}],"collection":[{"href":"https:\/\/www.letsportsrock.com\/index.php?rest_route=\/wp\/v2\/posts"}],"about":[{"href":"https:\/\/www.letsportsrock.com\/index.php?rest_route=\/wp\/v2\/types\/post"}],"author":[{"embeddable":true,"href":"https:\/\/www.letsportsrock.com\/index.php?rest_route=\/wp\/v2\/users\/1"}],"replies":[{"embeddable":true,"href":"https:\/\/www.letsportsrock.com\/index.php?rest_route=%2Fwp%2Fv2%2Fcomments&post=14916"}],"version-history":[{"count":1,"href":"https:\/\/www.letsportsrock.com\/index.php?rest_route=\/wp\/v2\/posts\/14916\/revisions"}],"predecessor-version":[{"id":14917,"href":"https:\/\/www.letsportsrock.com\/index.php?rest_route=\/wp\/v2\/posts\/14916\/revisions\/14917"}],"wp:attachment":[{"href":"https:\/\/www.letsportsrock.com\/index.php?rest_route=%2Fwp%2Fv2%2Fmedia&parent=14916"}],"wp:term":[{"taxonomy":"category","embeddable":true,"href":"https:\/\/www.letsportsrock.com\/index.php?rest_route=%2Fwp%2Fv2%2Fcategories&post=14916"},{"taxonomy":"post_tag","embeddable":true,"href":"https:\/\/www.letsportsrock.com\/index.php?rest_route=%2Fwp%2Fv2%2Ftags&post=14916"}],"curies":[{"name":"wp","href":"https:\/\/api.w.org\/{rel}","templated":true}]}}