{"id":14997,"date":"2024-12-23T12:03:45","date_gmt":"2024-12-23T12:03:45","guid":{"rendered":"https:\/\/www.letsportsrock.com\/?p=14997"},"modified":"2024-12-23T12:03:45","modified_gmt":"2024-12-23T12:03:45","slug":"marko-momcilovic-este-satul-paraseste-fcsb-fc-steaua-bucuresti-dupa-doua-luni-de-nemultumiri-plecare-planificata-pentru-ianuarie","status":"publish","type":"post","link":"https:\/\/www.letsportsrock.com\/?p=14997","title":{"rendered":"&#8220;Marko Mom\u010dilovi\u0107 este s\u0103tul: P\u0103r\u0103se\u0219te FCSB FC Steaua Bucure\u0219ti dup\u0103 dou\u0103 luni de nemul\u021bumiri, plecare planificat\u0103 pentru ianuarie&#8230;.&#8221;"},"content":{"rendered":"<div class=\"d79db4796efc26332eabfc3f5dafbc76\" data-index=\"1\" style=\"float: none; margin:10px 0 10px 0; text-align:center;\">\n<div class=\"hb-ad-inarticle\">\r\n    <div class=\"hb-ad-inner\"> \r\n    <div class=\"hbagency_cls\"  id=\"hbagency_space_111930\"><\/div><\/div> <\/div>\n<\/div>\n<p>Marko Mom\u010dilovi\u0107, fotbalistul care a venit la FCSB \u00een urm\u0103 cu doar dou\u0103 luni, a decis s\u0103 p\u0103r\u0103seasc\u0103 echipa, nemul\u021bumit de situa\u021bia sa. Acesta a ajuns \u00een Rom\u00e2nia \u00een vara anului 2023, dar, din p\u0103cate pentru el, experien\u021ba sa la FCSB nu a fost una fericit\u0103, iar plecarea sa se preconizeaz\u0103 a se produce \u00een ianuarie 2024. De\u0219i se a\u0219tepta s\u0103 fie o parte important\u0103 a echipei, Mom\u010dilovi\u0107 nu a reu\u0219it s\u0103 se impun\u0103 pe teren din cauza unor nemul\u021bumiri legate de lipsa de \u00eencredere din partea antrenorilor \u0219i de statutul s\u0103u \u00een lot.<\/p>\n<p>&nbsp;<\/p>\n<p>Mijloca\u0219ul de 30 de ani nu a reu\u0219it s\u0103 conving\u0103 \u00een meciurile pe care le-a jucat \u0219i nu a fost constant \u00een alegerea sa ca titular. Dup\u0103 o perioad\u0103 de incertitudine \u0219i nemul\u021bumiri din partea sa, decizia de a pleca a fost luat\u0103, iar transferul s\u0103u ar putea fi realizat \u00een perioada de iarn\u0103. Mom\u010dilovi\u0107 a fost adus cu mari speran\u021be \u00een var\u0103, dar rela\u021bia sa cu staff-ul tehnic \u0219i cu conducerea clubului a \u00eenceput s\u0103 se r\u0103ceasc\u0103 din cauza lipsei de minute de joc.<\/p>\n<p>&nbsp;<\/p>\n<p>Acesta a avut un parcurs frustrant la FCSB, iar plecarea sa este v\u0103zut\u0103 ca un inevitabil final al unui experiment care nu a dat roade. \u00cen prezent, echipa se afl\u0103 \u00eentr-o perioad\u0103 de tranzi\u021bie, iar schimb\u0103rile \u00een lot sunt de a\u0219teptat \u00een urm\u0103toarele luni. Plecarea lui Mom\u010dilovi\u0107 ar putea fi doar una dintre mai multe mi\u0219c\u0103ri de transfer care vor avea loc \u00een ianuarie. Este clar c\u0103 juc\u0103torul va c\u0103uta o echip\u0103 \u00een care s\u0103 poat\u0103 redeveni o pies\u0103 important\u0103, acoperindu-\u0219i nevoia de a juca constant.<\/p>\n\n<div style=\"font-size: 0px; height: 0px; line-height: 0px; margin: 0; padding: 0; clear: both;\"><\/div>","protected":false},"excerpt":{"rendered":"<p>Marko Mom\u010dilovi\u0107, fotbalistul care a venit la FCSB \u00een urm\u0103 cu doar dou\u0103 luni, a decis s\u0103 p\u0103r\u0103seasc\u0103 echipa, nemul\u021bumit de situa\u021bia sa. Acesta a ajuns \u00een Rom\u00e2nia \u00een vara anului 2023, dar, din p\u0103cate pentru el, experien\u021ba sa la FCSB nu a fost una fericit\u0103, iar plecarea sa se preconizeaz\u0103 a se produce \u00een [&hellip;]<\/p>\n","protected":false},"author":1,"featured_media":14998,"comment_status":"open","ping_status":"open","sticky":false,"template":"","format":"standard","meta":{"_jetpack_memberships_contains_paid_content":false,"footnotes":""},"categories":[1],"tags":[],"class_list":["post-14997","post","type-post","status-publish","format-standard","has-post-thumbnail","hentry","category-uncategorized"],"yoast_head":"<!-- This site is optimized with the Yoast SEO plugin v27.4 - https:\/\/yoast.com\/product\/yoast-seo-wordpress\/ -->\n<title>&quot;Marko Mom\u010dilovi\u0107 este s\u0103tul: P\u0103r\u0103se\u0219te FCSB FC Steaua<\/title>\n<meta name=\"description\" content=\"&quot;Marko Mom\u010dilovi\u0107 este s\u0103tul: P\u0103r\u0103se\u0219te FCSB FC Steaua Bucure\u0219ti dup\u0103 dou\u0103 luni de nemul\u021bumiri, plecare planificat\u0103 pentru ianuarie....&quot;\" \/>\n<meta name=\"robots\" content=\"index, follow, max-snippet:-1, max-image-preview:large, max-video-preview:-1\" \/>\n<link rel=\"canonical\" href=\"https:\/\/www.letsportsrock.com\/?p=14997\" \/>\n<meta property=\"og:locale\" content=\"en_US\" \/>\n<meta property=\"og:type\" content=\"article\" \/>\n<meta property=\"og:title\" content=\"&quot;Marko Mom\u010dilovi\u0107 este s\u0103tul: P\u0103r\u0103se\u0219te FCSB FC Steaua\" \/>\n<meta property=\"og:description\" content=\"&quot;Marko Mom\u010dilovi\u0107 este s\u0103tul: P\u0103r\u0103se\u0219te FCSB FC Steaua Bucure\u0219ti dup\u0103 dou\u0103 luni de nemul\u021bumiri, plecare planificat\u0103 pentru ianuarie....&quot;\" \/>\n<meta property=\"og:url\" content=\"https:\/\/www.letsportsrock.com\/?p=14997\" \/>\n<meta property=\"og:site_name\" content=\"letsportsrock\" \/>\n<meta property=\"article:published_time\" content=\"2024-12-23T12:03:45+00:00\" \/>\n<meta property=\"og:image\" content=\"https:\/\/www.letsportsrock.com\/wp-content\/uploads\/2024\/12\/images-2024-12-23T125222.742.jpeg\" \/>\n\t<meta property=\"og:image:width\" content=\"700\" \/>\n\t<meta property=\"og:image:height\" content=\"420\" \/>\n\t<meta property=\"og:image:type\" content=\"image\/jpeg\" \/>\n<meta name=\"author\" content=\"letsportsrock\" \/>\n<meta name=\"twitter:card\" content=\"summary_large_image\" \/>\n<meta name=\"twitter:label1\" content=\"Written by\" \/>\n\t<meta name=\"twitter:data1\" content=\"letsportsrock\" \/>\n\t<meta name=\"twitter:label2\" content=\"Est. reading time\" \/>\n\t<meta name=\"twitter:data2\" content=\"2 minutes\" \/>\n<script type=\"application\/ld+json\" class=\"yoast-schema-graph\">{\"@context\":\"https:\\\/\\\/schema.org\",\"@graph\":[{\"@type\":\"Article\",\"@id\":\"https:\\\/\\\/www.letsportsrock.com\\\/?p=14997#article\",\"isPartOf\":{\"@id\":\"https:\\\/\\\/www.letsportsrock.com\\\/?p=14997\"},\"author\":{\"name\":\"letsportsrock\",\"@id\":\"https:\\\/\\\/www.letsportsrock.com\\\/#\\\/schema\\\/person\\\/a454ac24e58b214ddd97e4b5afb0bf01\"},\"headline\":\"&#8220;Marko Mom\u010dilovi\u0107 este s\u0103tul: P\u0103r\u0103se\u0219te FCSB FC Steaua Bucure\u0219ti dup\u0103 dou\u0103 luni de nemul\u021bumiri, plecare planificat\u0103 pentru ianuarie&#8230;.&#8221;\",\"datePublished\":\"2024-12-23T12:03:45+00:00\",\"mainEntityOfPage\":{\"@id\":\"https:\\\/\\\/www.letsportsrock.com\\\/?p=14997\"},\"wordCount\":322,\"commentCount\":0,\"image\":{\"@id\":\"https:\\\/\\\/www.letsportsrock.com\\\/?p=14997#primaryimage\"},\"thumbnailUrl\":\"https:\\\/\\\/www.letsportsrock.com\\\/wp-content\\\/uploads\\\/2024\\\/12\\\/images-2024-12-23T125222.742.jpeg\",\"inLanguage\":\"en-US\",\"potentialAction\":[{\"@type\":\"CommentAction\",\"name\":\"Comment\",\"target\":[\"https:\\\/\\\/www.letsportsrock.com\\\/?p=14997#respond\"]}]},{\"@type\":\"WebPage\",\"@id\":\"https:\\\/\\\/www.letsportsrock.com\\\/?p=14997\",\"url\":\"https:\\\/\\\/www.letsportsrock.com\\\/?p=14997\",\"name\":\"\\\"Marko Mom\u010dilovi\u0107 este s\u0103tul: P\u0103r\u0103se\u0219te FCSB FC Steaua\",\"isPartOf\":{\"@id\":\"https:\\\/\\\/www.letsportsrock.com\\\/#website\"},\"primaryImageOfPage\":{\"@id\":\"https:\\\/\\\/www.letsportsrock.com\\\/?p=14997#primaryimage\"},\"image\":{\"@id\":\"https:\\\/\\\/www.letsportsrock.com\\\/?p=14997#primaryimage\"},\"thumbnailUrl\":\"https:\\\/\\\/www.letsportsrock.com\\\/wp-content\\\/uploads\\\/2024\\\/12\\\/images-2024-12-23T125222.742.jpeg\",\"datePublished\":\"2024-12-23T12:03:45+00:00\",\"author\":{\"@id\":\"https:\\\/\\\/www.letsportsrock.com\\\/#\\\/schema\\\/person\\\/a454ac24e58b214ddd97e4b5afb0bf01\"},\"description\":\"\\\"Marko Mom\u010dilovi\u0107 este s\u0103tul: P\u0103r\u0103se\u0219te FCSB FC Steaua Bucure\u0219ti dup\u0103 dou\u0103 luni de nemul\u021bumiri, plecare planificat\u0103 pentru ianuarie....\\\"\",\"breadcrumb\":{\"@id\":\"https:\\\/\\\/www.letsportsrock.com\\\/?p=14997#breadcrumb\"},\"inLanguage\":\"en-US\",\"potentialAction\":[{\"@type\":\"ReadAction\",\"target\":[\"https:\\\/\\\/www.letsportsrock.com\\\/?p=14997\"]}]},{\"@type\":\"ImageObject\",\"inLanguage\":\"en-US\",\"@id\":\"https:\\\/\\\/www.letsportsrock.com\\\/?p=14997#primaryimage\",\"url\":\"https:\\\/\\\/www.letsportsrock.com\\\/wp-content\\\/uploads\\\/2024\\\/12\\\/images-2024-12-23T125222.742.jpeg\",\"contentUrl\":\"https:\\\/\\\/www.letsportsrock.com\\\/wp-content\\\/uploads\\\/2024\\\/12\\\/images-2024-12-23T125222.742.jpeg\",\"width\":700,\"height\":420},{\"@type\":\"BreadcrumbList\",\"@id\":\"https:\\\/\\\/www.letsportsrock.com\\\/?p=14997#breadcrumb\",\"itemListElement\":[{\"@type\":\"ListItem\",\"position\":1,\"name\":\"Home\",\"item\":\"https:\\\/\\\/www.letsportsrock.com\\\/\"},{\"@type\":\"ListItem\",\"position\":2,\"name\":\"&#8220;Marko Mom\u010dilovi\u0107 este s\u0103tul: P\u0103r\u0103se\u0219te FCSB FC Steaua Bucure\u0219ti dup\u0103 dou\u0103 luni de nemul\u021bumiri, plecare planificat\u0103 pentru ianuarie&#8230;.&#8221;\"}]},{\"@type\":\"WebSite\",\"@id\":\"https:\\\/\\\/www.letsportsrock.com\\\/#website\",\"url\":\"https:\\\/\\\/www.letsportsrock.com\\\/\",\"name\":\"letsportsrock\",\"description\":\"Sport News and Updates\",\"potentialAction\":[{\"@type\":\"SearchAction\",\"target\":{\"@type\":\"EntryPoint\",\"urlTemplate\":\"https:\\\/\\\/www.letsportsrock.com\\\/?s={search_term_string}\"},\"query-input\":{\"@type\":\"PropertyValueSpecification\",\"valueRequired\":true,\"valueName\":\"search_term_string\"}}],\"inLanguage\":\"en-US\"},{\"@type\":\"Person\",\"@id\":\"https:\\\/\\\/www.letsportsrock.com\\\/#\\\/schema\\\/person\\\/a454ac24e58b214ddd97e4b5afb0bf01\",\"name\":\"letsportsrock\",\"image\":{\"@type\":\"ImageObject\",\"inLanguage\":\"en-US\",\"@id\":\"https:\\\/\\\/secure.gravatar.com\\\/avatar\\\/f8ef950cbb7574c0bc874094b8d307659bfe2d7aa4a9d26fa6917eff010748f9?s=96&d=mm&r=g\",\"url\":\"https:\\\/\\\/secure.gravatar.com\\\/avatar\\\/f8ef950cbb7574c0bc874094b8d307659bfe2d7aa4a9d26fa6917eff010748f9?s=96&d=mm&r=g\",\"contentUrl\":\"https:\\\/\\\/secure.gravatar.com\\\/avatar\\\/f8ef950cbb7574c0bc874094b8d307659bfe2d7aa4a9d26fa6917eff010748f9?s=96&d=mm&r=g\",\"caption\":\"letsportsrock\"},\"sameAs\":[\"https:\\\/\\\/www.letsportsrock.com\"],\"url\":\"https:\\\/\\\/www.letsportsrock.com\\\/?author=1\"}]}<\/script>\n<!-- \/ Yoast SEO plugin. -->","yoast_head_json":{"title":"\"Marko Mom\u010dilovi\u0107 este s\u0103tul: P\u0103r\u0103se\u0219te FCSB FC Steaua","description":"\"Marko Mom\u010dilovi\u0107 este s\u0103tul: P\u0103r\u0103se\u0219te FCSB FC Steaua Bucure\u0219ti dup\u0103 dou\u0103 luni de nemul\u021bumiri, plecare planificat\u0103 pentru ianuarie....\"","robots":{"index":"index","follow":"follow","max-snippet":"max-snippet:-1","max-image-preview":"max-image-preview:large","max-video-preview":"max-video-preview:-1"},"canonical":"https:\/\/www.letsportsrock.com\/?p=14997","og_locale":"en_US","og_type":"article","og_title":"\"Marko Mom\u010dilovi\u0107 este s\u0103tul: P\u0103r\u0103se\u0219te FCSB FC Steaua","og_description":"\"Marko Mom\u010dilovi\u0107 este s\u0103tul: P\u0103r\u0103se\u0219te FCSB FC Steaua Bucure\u0219ti dup\u0103 dou\u0103 luni de nemul\u021bumiri, plecare planificat\u0103 pentru ianuarie....\"","og_url":"https:\/\/www.letsportsrock.com\/?p=14997","og_site_name":"letsportsrock","article_published_time":"2024-12-23T12:03:45+00:00","og_image":[{"width":700,"height":420,"url":"https:\/\/www.letsportsrock.com\/wp-content\/uploads\/2024\/12\/images-2024-12-23T125222.742.jpeg","type":"image\/jpeg"}],"author":"letsportsrock","twitter_card":"summary_large_image","twitter_misc":{"Written by":"letsportsrock","Est. reading time":"2 minutes"},"schema":{"@context":"https:\/\/schema.org","@graph":[{"@type":"Article","@id":"https:\/\/www.letsportsrock.com\/?p=14997#article","isPartOf":{"@id":"https:\/\/www.letsportsrock.com\/?p=14997"},"author":{"name":"letsportsrock","@id":"https:\/\/www.letsportsrock.com\/#\/schema\/person\/a454ac24e58b214ddd97e4b5afb0bf01"},"headline":"&#8220;Marko Mom\u010dilovi\u0107 este s\u0103tul: P\u0103r\u0103se\u0219te FCSB FC Steaua Bucure\u0219ti dup\u0103 dou\u0103 luni de nemul\u021bumiri, plecare planificat\u0103 pentru ianuarie&#8230;.&#8221;","datePublished":"2024-12-23T12:03:45+00:00","mainEntityOfPage":{"@id":"https:\/\/www.letsportsrock.com\/?p=14997"},"wordCount":322,"commentCount":0,"image":{"@id":"https:\/\/www.letsportsrock.com\/?p=14997#primaryimage"},"thumbnailUrl":"https:\/\/www.letsportsrock.com\/wp-content\/uploads\/2024\/12\/images-2024-12-23T125222.742.jpeg","inLanguage":"en-US","potentialAction":[{"@type":"CommentAction","name":"Comment","target":["https:\/\/www.letsportsrock.com\/?p=14997#respond"]}]},{"@type":"WebPage","@id":"https:\/\/www.letsportsrock.com\/?p=14997","url":"https:\/\/www.letsportsrock.com\/?p=14997","name":"\"Marko Mom\u010dilovi\u0107 este s\u0103tul: P\u0103r\u0103se\u0219te FCSB FC Steaua","isPartOf":{"@id":"https:\/\/www.letsportsrock.com\/#website"},"primaryImageOfPage":{"@id":"https:\/\/www.letsportsrock.com\/?p=14997#primaryimage"},"image":{"@id":"https:\/\/www.letsportsrock.com\/?p=14997#primaryimage"},"thumbnailUrl":"https:\/\/www.letsportsrock.com\/wp-content\/uploads\/2024\/12\/images-2024-12-23T125222.742.jpeg","datePublished":"2024-12-23T12:03:45+00:00","author":{"@id":"https:\/\/www.letsportsrock.com\/#\/schema\/person\/a454ac24e58b214ddd97e4b5afb0bf01"},"description":"\"Marko Mom\u010dilovi\u0107 este s\u0103tul: P\u0103r\u0103se\u0219te FCSB FC Steaua Bucure\u0219ti dup\u0103 dou\u0103 luni de nemul\u021bumiri, plecare planificat\u0103 pentru ianuarie....\"","breadcrumb":{"@id":"https:\/\/www.letsportsrock.com\/?p=14997#breadcrumb"},"inLanguage":"en-US","potentialAction":[{"@type":"ReadAction","target":["https:\/\/www.letsportsrock.com\/?p=14997"]}]},{"@type":"ImageObject","inLanguage":"en-US","@id":"https:\/\/www.letsportsrock.com\/?p=14997#primaryimage","url":"https:\/\/www.letsportsrock.com\/wp-content\/uploads\/2024\/12\/images-2024-12-23T125222.742.jpeg","contentUrl":"https:\/\/www.letsportsrock.com\/wp-content\/uploads\/2024\/12\/images-2024-12-23T125222.742.jpeg","width":700,"height":420},{"@type":"BreadcrumbList","@id":"https:\/\/www.letsportsrock.com\/?p=14997#breadcrumb","itemListElement":[{"@type":"ListItem","position":1,"name":"Home","item":"https:\/\/www.letsportsrock.com\/"},{"@type":"ListItem","position":2,"name":"&#8220;Marko Mom\u010dilovi\u0107 este s\u0103tul: P\u0103r\u0103se\u0219te FCSB FC Steaua Bucure\u0219ti dup\u0103 dou\u0103 luni de nemul\u021bumiri, plecare planificat\u0103 pentru ianuarie&#8230;.&#8221;"}]},{"@type":"WebSite","@id":"https:\/\/www.letsportsrock.com\/#website","url":"https:\/\/www.letsportsrock.com\/","name":"letsportsrock","description":"Sport News and Updates","potentialAction":[{"@type":"SearchAction","target":{"@type":"EntryPoint","urlTemplate":"https:\/\/www.letsportsrock.com\/?s={search_term_string}"},"query-input":{"@type":"PropertyValueSpecification","valueRequired":true,"valueName":"search_term_string"}}],"inLanguage":"en-US"},{"@type":"Person","@id":"https:\/\/www.letsportsrock.com\/#\/schema\/person\/a454ac24e58b214ddd97e4b5afb0bf01","name":"letsportsrock","image":{"@type":"ImageObject","inLanguage":"en-US","@id":"https:\/\/secure.gravatar.com\/avatar\/f8ef950cbb7574c0bc874094b8d307659bfe2d7aa4a9d26fa6917eff010748f9?s=96&d=mm&r=g","url":"https:\/\/secure.gravatar.com\/avatar\/f8ef950cbb7574c0bc874094b8d307659bfe2d7aa4a9d26fa6917eff010748f9?s=96&d=mm&r=g","contentUrl":"https:\/\/secure.gravatar.com\/avatar\/f8ef950cbb7574c0bc874094b8d307659bfe2d7aa4a9d26fa6917eff010748f9?s=96&d=mm&r=g","caption":"letsportsrock"},"sameAs":["https:\/\/www.letsportsrock.com"],"url":"https:\/\/www.letsportsrock.com\/?author=1"}]}},"jetpack_featured_media_url":"https:\/\/www.letsportsrock.com\/wp-content\/uploads\/2024\/12\/images-2024-12-23T125222.742.jpeg","jetpack_sharing_enabled":true,"_links":{"self":[{"href":"https:\/\/www.letsportsrock.com\/index.php?rest_route=\/wp\/v2\/posts\/14997","targetHints":{"allow":["GET"]}}],"collection":[{"href":"https:\/\/www.letsportsrock.com\/index.php?rest_route=\/wp\/v2\/posts"}],"about":[{"href":"https:\/\/www.letsportsrock.com\/index.php?rest_route=\/wp\/v2\/types\/post"}],"author":[{"embeddable":true,"href":"https:\/\/www.letsportsrock.com\/index.php?rest_route=\/wp\/v2\/users\/1"}],"replies":[{"embeddable":true,"href":"https:\/\/www.letsportsrock.com\/index.php?rest_route=%2Fwp%2Fv2%2Fcomments&post=14997"}],"version-history":[{"count":1,"href":"https:\/\/www.letsportsrock.com\/index.php?rest_route=\/wp\/v2\/posts\/14997\/revisions"}],"predecessor-version":[{"id":14999,"href":"https:\/\/www.letsportsrock.com\/index.php?rest_route=\/wp\/v2\/posts\/14997\/revisions\/14999"}],"wp:featuredmedia":[{"embeddable":true,"href":"https:\/\/www.letsportsrock.com\/index.php?rest_route=\/wp\/v2\/media\/14998"}],"wp:attachment":[{"href":"https:\/\/www.letsportsrock.com\/index.php?rest_route=%2Fwp%2Fv2%2Fmedia&parent=14997"}],"wp:term":[{"taxonomy":"category","embeddable":true,"href":"https:\/\/www.letsportsrock.com\/index.php?rest_route=%2Fwp%2Fv2%2Fcategories&post=14997"},{"taxonomy":"post_tag","embeddable":true,"href":"https:\/\/www.letsportsrock.com\/index.php?rest_route=%2Fwp%2Fv2%2Ftags&post=14997"}],"curies":[{"name":"wp","href":"https:\/\/api.w.org\/{rel}","templated":true}]}}