{"id":15333,"date":"2024-12-25T01:58:33","date_gmt":"2024-12-25T01:58:33","guid":{"rendered":"https:\/\/www.letsportsrock.com\/?p=15333"},"modified":"2024-12-25T01:58:33","modified_gmt":"2024-12-25T01:58:33","slug":"cel-mai-bun-jucator-al-fc-rapid-bucuresti-a-semnat-oficial-un-nou-contract-pe-5-ani-cu-fc-dinamo-bucuresti","status":"publish","type":"post","link":"https:\/\/www.letsportsrock.com\/?p=15333","title":{"rendered":"Cel mai bun juc\u0103tor al FC Rapid Bucure\u0219ti a semnat oficial un nou contract pe 5 ani cu FC Dinamo Bucure\u0219ti&#8230;"},"content":{"rendered":"<div class=\"d79db4796efc26332eabfc3f5dafbc76\" data-index=\"1\" style=\"float: none; margin:10px 0 10px 0; text-align:center;\">\n<div class=\"hb-ad-inarticle\">\r\n    <div class=\"hb-ad-inner\"> \r\n    <div class=\"hbagency_cls\"  id=\"hbagency_space_111930\"><\/div><\/div> <\/div>\n<\/div>\n<p>Cel mai bun juc\u0103tor al FC Rapid Bucure\u0219ti, care a fost un pilon important al echipei \u00een ultimii ani, a semnat oficial un nou contract pe 5 ani cu FC Dinamo Bucure\u0219ti, un transfer care a surprins mul\u021bi dintre fanii fotbalului din Rom\u00e2nia. Decizia de a p\u0103r\u0103si echipa \u201evi\u0219inie\u201d pentru rivalii din \u0218oseaua \u0218tefan cel Mare a st\u00e2rnit controverse \u0219i discu\u021bii aprinse \u00een r\u00e2ndul suporterilor, care nu au ezitat s\u0103-\u0219i exprime nemul\u021bumirea fa\u021b\u0103 de plecarea unui juc\u0103tor at\u00e2t de important pentru clubul lor.<\/p>\n<p><img loading=\"lazy\" decoding=\"async\" class=\"alignnone size-medium wp-image-15334\" src=\"https:\/\/www.letsportsrock.com\/wp-content\/uploads\/2024\/12\/6dfbf1a575e8d8df5089c1fee0b70dd0-1-300x168.png\" alt=\"\" width=\"300\" height=\"168\" srcset=\"https:\/\/www.letsportsrock.com\/wp-content\/uploads\/2024\/12\/6dfbf1a575e8d8df5089c1fee0b70dd0-1-300x168.png 300w, https:\/\/www.letsportsrock.com\/wp-content\/uploads\/2024\/12\/6dfbf1a575e8d8df5089c1fee0b70dd0-1.png 739w\" sizes=\"auto, (max-width: 300px) 100vw, 300px\" \/><\/p>\n<p>Juc\u0103torul, cunoscut pentru abilitatea sa remarcabil\u0103 de a controla jocul \u0219i pentru impactul s\u0103u ofensiv, va aduce un plus de valoare echipei din \u201e\u0218tefan cel Mare\u201d, care se afl\u0103 \u00eentr-un proces de reconstruc\u021bie \u0219i \u00eencercarea de a reveni \u00een prim-planul fotbalului rom\u00e2nesc. De\u0219i mul\u021bi nu se a\u0219teptau la un astfel de transfer, este evident c\u0103 Dinamo vizeaz\u0103 o echip\u0103 competitiv\u0103, iar acest transfer reprezint\u0103 un semnal clar c\u0103 echipa se preg\u0103te\u0219te pentru o perioad\u0103 de reconstruc\u021bie solid\u0103.<\/p>\n<p>&nbsp;<\/p>\n<p>Pentru FC Rapid, aceast\u0103 plecare va reprezenta o mare pierdere, iar conducerea va trebui s\u0103 g\u0103seasc\u0103 rapid o solu\u021bie pentru a suplini absen\u021ba juc\u0103torului.<\/p>\n<p>&nbsp;<\/p>\n<p>&nbsp;<\/p>\n\n<div style=\"font-size: 0px; height: 0px; line-height: 0px; margin: 0; padding: 0; clear: both;\"><\/div>","protected":false},"excerpt":{"rendered":"<p>Cel mai bun juc\u0103tor al FC Rapid Bucure\u0219ti, care a fost un pilon important al echipei \u00een ultimii ani, a semnat oficial un nou contract pe 5 ani cu FC Dinamo Bucure\u0219ti, un transfer care a surprins mul\u021bi dintre fanii fotbalului din Rom\u00e2nia. Decizia de a p\u0103r\u0103si echipa \u201evi\u0219inie\u201d pentru rivalii din \u0218oseaua \u0218tefan cel [&hellip;]<\/p>\n","protected":false},"author":5,"featured_media":15335,"comment_status":"open","ping_status":"open","sticky":false,"template":"","format":"standard","meta":{"_jetpack_memberships_contains_paid_content":false,"footnotes":""},"categories":[1],"tags":[419,410],"class_list":["post-15333","post","type-post","status-publish","format-standard","has-post-thumbnail","hentry","category-uncategorized","tag-fc-dinamo-bucuresti","tag-fc-rapid-bucuresti"],"yoast_head":"<!-- This site is optimized with the Yoast SEO plugin v27.4 - https:\/\/yoast.com\/product\/yoast-seo-wordpress\/ -->\n<title>Cel mai bun juc\u0103tor al FC Rapid Bucure\u0219ti a semnat oficial ...<\/title>\n<meta name=\"description\" content=\"Cel mai bun juc\u0103tor al FC Rapid Bucure\u0219ti a semnat oficial un nou contract pe 5 ani cu FC Dinamo Bucure\u0219ti...\" \/>\n<meta name=\"robots\" content=\"index, follow, max-snippet:-1, max-image-preview:large, max-video-preview:-1\" \/>\n<link rel=\"canonical\" href=\"https:\/\/www.letsportsrock.com\/?p=15333\" \/>\n<meta property=\"og:locale\" content=\"en_US\" \/>\n<meta property=\"og:type\" content=\"article\" \/>\n<meta property=\"og:title\" content=\"Cel mai bun juc\u0103tor al FC Rapid Bucure\u0219ti a semnat oficial ...\" \/>\n<meta property=\"og:description\" content=\"Cel mai bun juc\u0103tor al FC Rapid Bucure\u0219ti a semnat oficial un nou contract pe 5 ani cu FC Dinamo Bucure\u0219ti...\" \/>\n<meta property=\"og:url\" content=\"https:\/\/www.letsportsrock.com\/?p=15333\" \/>\n<meta property=\"og:site_name\" content=\"letsportsrock\" \/>\n<meta property=\"article:published_time\" content=\"2024-12-25T01:58:33+00:00\" \/>\n<meta property=\"og:image\" content=\"https:\/\/www.letsportsrock.com\/wp-content\/uploads\/2024\/12\/images-17-3.jpeg\" \/>\n\t<meta property=\"og:image:width\" content=\"466\" \/>\n\t<meta property=\"og:image:height\" content=\"659\" \/>\n\t<meta property=\"og:image:type\" content=\"image\/jpeg\" \/>\n<meta name=\"author\" content=\"Commy Msuurshima\" \/>\n<meta name=\"twitter:card\" content=\"summary_large_image\" \/>\n<meta name=\"twitter:label1\" content=\"Written by\" \/>\n\t<meta name=\"twitter:data1\" content=\"Commy Msuurshima\" \/>\n\t<meta name=\"twitter:label2\" content=\"Est. reading time\" \/>\n\t<meta name=\"twitter:data2\" content=\"2 minutes\" \/>\n<script type=\"application\/ld+json\" class=\"yoast-schema-graph\">{\"@context\":\"https:\\\/\\\/schema.org\",\"@graph\":[{\"@type\":\"Article\",\"@id\":\"https:\\\/\\\/www.letsportsrock.com\\\/?p=15333#article\",\"isPartOf\":{\"@id\":\"https:\\\/\\\/www.letsportsrock.com\\\/?p=15333\"},\"author\":{\"name\":\"Commy Msuurshima\",\"@id\":\"https:\\\/\\\/www.letsportsrock.com\\\/#\\\/schema\\\/person\\\/48a7d50d6b0e142e624de09fb01c90ed\"},\"headline\":\"Cel mai bun juc\u0103tor al FC Rapid Bucure\u0219ti a semnat oficial un nou contract pe 5 ani cu FC Dinamo Bucure\u0219ti&#8230;\",\"datePublished\":\"2024-12-25T01:58:33+00:00\",\"mainEntityOfPage\":{\"@id\":\"https:\\\/\\\/www.letsportsrock.com\\\/?p=15333\"},\"wordCount\":239,\"commentCount\":0,\"image\":{\"@id\":\"https:\\\/\\\/www.letsportsrock.com\\\/?p=15333#primaryimage\"},\"thumbnailUrl\":\"https:\\\/\\\/www.letsportsrock.com\\\/wp-content\\\/uploads\\\/2024\\\/12\\\/images-17-3.jpeg\",\"keywords\":[\"Fc Dinamo bucuresti\",\"FC Rapid Bucure\u0219ti\"],\"inLanguage\":\"en-US\",\"potentialAction\":[{\"@type\":\"CommentAction\",\"name\":\"Comment\",\"target\":[\"https:\\\/\\\/www.letsportsrock.com\\\/?p=15333#respond\"]}]},{\"@type\":\"WebPage\",\"@id\":\"https:\\\/\\\/www.letsportsrock.com\\\/?p=15333\",\"url\":\"https:\\\/\\\/www.letsportsrock.com\\\/?p=15333\",\"name\":\"Cel mai bun juc\u0103tor al FC Rapid Bucure\u0219ti a semnat oficial ...\",\"isPartOf\":{\"@id\":\"https:\\\/\\\/www.letsportsrock.com\\\/#website\"},\"primaryImageOfPage\":{\"@id\":\"https:\\\/\\\/www.letsportsrock.com\\\/?p=15333#primaryimage\"},\"image\":{\"@id\":\"https:\\\/\\\/www.letsportsrock.com\\\/?p=15333#primaryimage\"},\"thumbnailUrl\":\"https:\\\/\\\/www.letsportsrock.com\\\/wp-content\\\/uploads\\\/2024\\\/12\\\/images-17-3.jpeg\",\"datePublished\":\"2024-12-25T01:58:33+00:00\",\"author\":{\"@id\":\"https:\\\/\\\/www.letsportsrock.com\\\/#\\\/schema\\\/person\\\/48a7d50d6b0e142e624de09fb01c90ed\"},\"description\":\"Cel mai bun juc\u0103tor al FC Rapid Bucure\u0219ti a semnat oficial un nou contract pe 5 ani cu FC Dinamo Bucure\u0219ti...\",\"breadcrumb\":{\"@id\":\"https:\\\/\\\/www.letsportsrock.com\\\/?p=15333#breadcrumb\"},\"inLanguage\":\"en-US\",\"potentialAction\":[{\"@type\":\"ReadAction\",\"target\":[\"https:\\\/\\\/www.letsportsrock.com\\\/?p=15333\"]}]},{\"@type\":\"ImageObject\",\"inLanguage\":\"en-US\",\"@id\":\"https:\\\/\\\/www.letsportsrock.com\\\/?p=15333#primaryimage\",\"url\":\"https:\\\/\\\/www.letsportsrock.com\\\/wp-content\\\/uploads\\\/2024\\\/12\\\/images-17-3.jpeg\",\"contentUrl\":\"https:\\\/\\\/www.letsportsrock.com\\\/wp-content\\\/uploads\\\/2024\\\/12\\\/images-17-3.jpeg\",\"width\":466,\"height\":659},{\"@type\":\"BreadcrumbList\",\"@id\":\"https:\\\/\\\/www.letsportsrock.com\\\/?p=15333#breadcrumb\",\"itemListElement\":[{\"@type\":\"ListItem\",\"position\":1,\"name\":\"Home\",\"item\":\"https:\\\/\\\/www.letsportsrock.com\\\/\"},{\"@type\":\"ListItem\",\"position\":2,\"name\":\"Cel mai bun juc\u0103tor al FC Rapid Bucure\u0219ti a semnat oficial un nou contract pe 5 ani cu FC Dinamo Bucure\u0219ti&#8230;\"}]},{\"@type\":\"WebSite\",\"@id\":\"https:\\\/\\\/www.letsportsrock.com\\\/#website\",\"url\":\"https:\\\/\\\/www.letsportsrock.com\\\/\",\"name\":\"letsportsrock\",\"description\":\"Sport News and Updates\",\"potentialAction\":[{\"@type\":\"SearchAction\",\"target\":{\"@type\":\"EntryPoint\",\"urlTemplate\":\"https:\\\/\\\/www.letsportsrock.com\\\/?s={search_term_string}\"},\"query-input\":{\"@type\":\"PropertyValueSpecification\",\"valueRequired\":true,\"valueName\":\"search_term_string\"}}],\"inLanguage\":\"en-US\"},{\"@type\":\"Person\",\"@id\":\"https:\\\/\\\/www.letsportsrock.com\\\/#\\\/schema\\\/person\\\/48a7d50d6b0e142e624de09fb01c90ed\",\"name\":\"Commy Msuurshima\",\"image\":{\"@type\":\"ImageObject\",\"inLanguage\":\"en-US\",\"@id\":\"https:\\\/\\\/secure.gravatar.com\\\/avatar\\\/93ebd91bfe49a370e03292e81b65e6f106b4c734b18cac41570aa99a1503b409?s=96&d=mm&r=g\",\"url\":\"https:\\\/\\\/secure.gravatar.com\\\/avatar\\\/93ebd91bfe49a370e03292e81b65e6f106b4c734b18cac41570aa99a1503b409?s=96&d=mm&r=g\",\"contentUrl\":\"https:\\\/\\\/secure.gravatar.com\\\/avatar\\\/93ebd91bfe49a370e03292e81b65e6f106b4c734b18cac41570aa99a1503b409?s=96&d=mm&r=g\",\"caption\":\"Commy Msuurshima\"},\"sameAs\":[\"http:\\\/\\\/Letsportsrock.com\"],\"url\":\"https:\\\/\\\/www.letsportsrock.com\\\/?author=5\"}]}<\/script>\n<!-- \/ Yoast SEO plugin. -->","yoast_head_json":{"title":"Cel mai bun juc\u0103tor al FC Rapid Bucure\u0219ti a semnat oficial ...","description":"Cel mai bun juc\u0103tor al FC Rapid Bucure\u0219ti a semnat oficial un nou contract pe 5 ani cu FC Dinamo Bucure\u0219ti...","robots":{"index":"index","follow":"follow","max-snippet":"max-snippet:-1","max-image-preview":"max-image-preview:large","max-video-preview":"max-video-preview:-1"},"canonical":"https:\/\/www.letsportsrock.com\/?p=15333","og_locale":"en_US","og_type":"article","og_title":"Cel mai bun juc\u0103tor al FC Rapid Bucure\u0219ti a semnat oficial ...","og_description":"Cel mai bun juc\u0103tor al FC Rapid Bucure\u0219ti a semnat oficial un nou contract pe 5 ani cu FC Dinamo Bucure\u0219ti...","og_url":"https:\/\/www.letsportsrock.com\/?p=15333","og_site_name":"letsportsrock","article_published_time":"2024-12-25T01:58:33+00:00","og_image":[{"width":466,"height":659,"url":"https:\/\/www.letsportsrock.com\/wp-content\/uploads\/2024\/12\/images-17-3.jpeg","type":"image\/jpeg"}],"author":"Commy Msuurshima","twitter_card":"summary_large_image","twitter_misc":{"Written by":"Commy Msuurshima","Est. reading time":"2 minutes"},"schema":{"@context":"https:\/\/schema.org","@graph":[{"@type":"Article","@id":"https:\/\/www.letsportsrock.com\/?p=15333#article","isPartOf":{"@id":"https:\/\/www.letsportsrock.com\/?p=15333"},"author":{"name":"Commy Msuurshima","@id":"https:\/\/www.letsportsrock.com\/#\/schema\/person\/48a7d50d6b0e142e624de09fb01c90ed"},"headline":"Cel mai bun juc\u0103tor al FC Rapid Bucure\u0219ti a semnat oficial un nou contract pe 5 ani cu FC Dinamo Bucure\u0219ti&#8230;","datePublished":"2024-12-25T01:58:33+00:00","mainEntityOfPage":{"@id":"https:\/\/www.letsportsrock.com\/?p=15333"},"wordCount":239,"commentCount":0,"image":{"@id":"https:\/\/www.letsportsrock.com\/?p=15333#primaryimage"},"thumbnailUrl":"https:\/\/www.letsportsrock.com\/wp-content\/uploads\/2024\/12\/images-17-3.jpeg","keywords":["Fc Dinamo bucuresti","FC Rapid Bucure\u0219ti"],"inLanguage":"en-US","potentialAction":[{"@type":"CommentAction","name":"Comment","target":["https:\/\/www.letsportsrock.com\/?p=15333#respond"]}]},{"@type":"WebPage","@id":"https:\/\/www.letsportsrock.com\/?p=15333","url":"https:\/\/www.letsportsrock.com\/?p=15333","name":"Cel mai bun juc\u0103tor al FC Rapid Bucure\u0219ti a semnat oficial ...","isPartOf":{"@id":"https:\/\/www.letsportsrock.com\/#website"},"primaryImageOfPage":{"@id":"https:\/\/www.letsportsrock.com\/?p=15333#primaryimage"},"image":{"@id":"https:\/\/www.letsportsrock.com\/?p=15333#primaryimage"},"thumbnailUrl":"https:\/\/www.letsportsrock.com\/wp-content\/uploads\/2024\/12\/images-17-3.jpeg","datePublished":"2024-12-25T01:58:33+00:00","author":{"@id":"https:\/\/www.letsportsrock.com\/#\/schema\/person\/48a7d50d6b0e142e624de09fb01c90ed"},"description":"Cel mai bun juc\u0103tor al FC Rapid Bucure\u0219ti a semnat oficial un nou contract pe 5 ani cu FC Dinamo Bucure\u0219ti...","breadcrumb":{"@id":"https:\/\/www.letsportsrock.com\/?p=15333#breadcrumb"},"inLanguage":"en-US","potentialAction":[{"@type":"ReadAction","target":["https:\/\/www.letsportsrock.com\/?p=15333"]}]},{"@type":"ImageObject","inLanguage":"en-US","@id":"https:\/\/www.letsportsrock.com\/?p=15333#primaryimage","url":"https:\/\/www.letsportsrock.com\/wp-content\/uploads\/2024\/12\/images-17-3.jpeg","contentUrl":"https:\/\/www.letsportsrock.com\/wp-content\/uploads\/2024\/12\/images-17-3.jpeg","width":466,"height":659},{"@type":"BreadcrumbList","@id":"https:\/\/www.letsportsrock.com\/?p=15333#breadcrumb","itemListElement":[{"@type":"ListItem","position":1,"name":"Home","item":"https:\/\/www.letsportsrock.com\/"},{"@type":"ListItem","position":2,"name":"Cel mai bun juc\u0103tor al FC Rapid Bucure\u0219ti a semnat oficial un nou contract pe 5 ani cu FC Dinamo Bucure\u0219ti&#8230;"}]},{"@type":"WebSite","@id":"https:\/\/www.letsportsrock.com\/#website","url":"https:\/\/www.letsportsrock.com\/","name":"letsportsrock","description":"Sport News and Updates","potentialAction":[{"@type":"SearchAction","target":{"@type":"EntryPoint","urlTemplate":"https:\/\/www.letsportsrock.com\/?s={search_term_string}"},"query-input":{"@type":"PropertyValueSpecification","valueRequired":true,"valueName":"search_term_string"}}],"inLanguage":"en-US"},{"@type":"Person","@id":"https:\/\/www.letsportsrock.com\/#\/schema\/person\/48a7d50d6b0e142e624de09fb01c90ed","name":"Commy Msuurshima","image":{"@type":"ImageObject","inLanguage":"en-US","@id":"https:\/\/secure.gravatar.com\/avatar\/93ebd91bfe49a370e03292e81b65e6f106b4c734b18cac41570aa99a1503b409?s=96&d=mm&r=g","url":"https:\/\/secure.gravatar.com\/avatar\/93ebd91bfe49a370e03292e81b65e6f106b4c734b18cac41570aa99a1503b409?s=96&d=mm&r=g","contentUrl":"https:\/\/secure.gravatar.com\/avatar\/93ebd91bfe49a370e03292e81b65e6f106b4c734b18cac41570aa99a1503b409?s=96&d=mm&r=g","caption":"Commy Msuurshima"},"sameAs":["http:\/\/Letsportsrock.com"],"url":"https:\/\/www.letsportsrock.com\/?author=5"}]}},"jetpack_featured_media_url":"https:\/\/www.letsportsrock.com\/wp-content\/uploads\/2024\/12\/images-17-3.jpeg","jetpack_sharing_enabled":true,"_links":{"self":[{"href":"https:\/\/www.letsportsrock.com\/index.php?rest_route=\/wp\/v2\/posts\/15333","targetHints":{"allow":["GET"]}}],"collection":[{"href":"https:\/\/www.letsportsrock.com\/index.php?rest_route=\/wp\/v2\/posts"}],"about":[{"href":"https:\/\/www.letsportsrock.com\/index.php?rest_route=\/wp\/v2\/types\/post"}],"author":[{"embeddable":true,"href":"https:\/\/www.letsportsrock.com\/index.php?rest_route=\/wp\/v2\/users\/5"}],"replies":[{"embeddable":true,"href":"https:\/\/www.letsportsrock.com\/index.php?rest_route=%2Fwp%2Fv2%2Fcomments&post=15333"}],"version-history":[{"count":1,"href":"https:\/\/www.letsportsrock.com\/index.php?rest_route=\/wp\/v2\/posts\/15333\/revisions"}],"predecessor-version":[{"id":15336,"href":"https:\/\/www.letsportsrock.com\/index.php?rest_route=\/wp\/v2\/posts\/15333\/revisions\/15336"}],"wp:featuredmedia":[{"embeddable":true,"href":"https:\/\/www.letsportsrock.com\/index.php?rest_route=\/wp\/v2\/media\/15335"}],"wp:attachment":[{"href":"https:\/\/www.letsportsrock.com\/index.php?rest_route=%2Fwp%2Fv2%2Fmedia&parent=15333"}],"wp:term":[{"taxonomy":"category","embeddable":true,"href":"https:\/\/www.letsportsrock.com\/index.php?rest_route=%2Fwp%2Fv2%2Fcategories&post=15333"},{"taxonomy":"post_tag","embeddable":true,"href":"https:\/\/www.letsportsrock.com\/index.php?rest_route=%2Fwp%2Fv2%2Ftags&post=15333"}],"curies":[{"name":"wp","href":"https:\/\/api.w.org\/{rel}","templated":true}]}}