{"id":15493,"date":"2024-12-25T19:34:47","date_gmt":"2024-12-25T19:34:47","guid":{"rendered":"https:\/\/www.letsportsrock.com\/?p=15493"},"modified":"2024-12-25T19:38:31","modified_gmt":"2024-12-25T19:38:31","slug":"voi-pleca-pentru-ca-el-sa-joace-starul-de-la-fcsb-fc-steaua-bucuresti-confirma-ca-va-pleca-daca-el","status":"publish","type":"post","link":"https:\/\/www.letsportsrock.com\/?p=15493","title":{"rendered":"\u201eVoi pleca pentru ca el s\u0103 joace\u201d &#8211; Starul de la FCSB, FC Steaua Bucure\u0219ti, confirm\u0103 c\u0103 va pleca dac\u0103 el&#8230;"},"content":{"rendered":"<div class=\"d79db4796efc26332eabfc3f5dafbc76\" data-index=\"1\" style=\"float: none; margin:10px 0 10px 0; text-align:center;\">\n<div class=\"hb-ad-inarticle\">\r\n    <div class=\"hb-ad-inner\"> \r\n    <div class=\"hbagency_cls\"  id=\"hbagency_space_111930\"><\/div><\/div> <\/div>\n<\/div>\n<p>\u201eVoi pleca pentru ca el s\u0103 joace\u201d &#8211; Starul de la FCSB, FC Steaua Bucure\u0219ti, confirm\u0103 c\u0103 va pleca dac\u0103 el&#8230;<\/p>\n<p>&nbsp;<\/p>\n<p>Unul dintre juc\u0103torii importan\u021bi ai echipei FCSB, din cadrul FC Steaua Bucure\u0219ti, a f\u0103cut declara\u021bii care au st\u00e2rnit un val de specula\u021bii \u00een r\u00e2ndul fanilor \u0219i al presei din Rom\u00e2nia. Acesta a confirmat c\u0103 este dispus s\u0103 p\u0103r\u0103seasc\u0103 echipa, \u00eentr-o situa\u021bie ipotetic\u0103, pentru a-i da posibilitatea unui coleg s\u0103 joace mai mult. Afirma\u021biile vin \u00eentr-un context \u00een care jocul de echip\u0103 \u0219i competi\u021bia intern\u0103 au devenit teme sensibile pentru to\u021bi juc\u0103torii din lotul Stelei, fiecare dorind s\u0103 fie \u00een prima echip\u0103 \u0219i s\u0103 aib\u0103 c\u00e2t mai multe minute pe teren.<\/p>\n<p>&nbsp;<\/p>\n<p>De\u0219i juc\u0103torul nu a specificat exact la cine se refer\u0103, este clar c\u0103 decizia sa de a pleca ar putea fi influen\u021bat\u0103 de dorin\u021ba ca un alt coleg s\u0103 beneficieze de mai multe oportunit\u0103\u021bi de a juca. Aceasta este o pozi\u021bie rar \u00eent\u00e2lnit\u0103 \u00een fotbalul profesionist, unde competi\u021bia acerb\u0103 pentru locurile de titular este adesea un subiect tabu.<\/p>\n<p>&nbsp;<\/p>\n<p>Este posibil ca acest juc\u0103tor s\u0103 fi fost afectat de faptul c\u0103 nu a avut suficient timp de joc \u00een sezonul curent sau s\u0103 fi sim\u021bit c\u0103 echipa beneficiaz\u0103 mai mult de al\u021bi juc\u0103tori \u00een anumite meciuri. Oricum ar fi, declara\u021biile sale reflect\u0103 o mare maturitate \u0219i un spirit de echip\u0103 rar \u00eent\u00e2lnit, \u00een care interesele colective sunt puse mai presus de ambi\u021biile personale.<\/p>\n<p>&nbsp;<\/p>\n<p>R\u0103m\u00e2ne de v\u0103zut ce va decide conducerea clubului \u0219i care vor fi urm\u0103rile acestei situa\u021bii, \u00een contextul \u00een care echipa are obiective mari \u00een competi\u021biile interne \u0219i interna\u021bionale.<\/p>\n\n<div style=\"font-size: 0px; height: 0px; line-height: 0px; margin: 0; padding: 0; clear: both;\"><\/div>","protected":false},"excerpt":{"rendered":"<p>\u201eVoi pleca pentru ca el s\u0103 joace\u201d &#8211; Starul de la FCSB, FC Steaua Bucure\u0219ti, confirm\u0103 c\u0103 va pleca dac\u0103 el&#8230; &nbsp; Unul dintre juc\u0103torii importan\u021bi ai echipei FCSB, din cadrul FC Steaua Bucure\u0219ti, a f\u0103cut declara\u021bii care au st\u00e2rnit un val de specula\u021bii \u00een r\u00e2ndul fanilor \u0219i al presei din Rom\u00e2nia. Acesta a confirmat [&hellip;]<\/p>\n","protected":false},"author":1,"featured_media":15495,"comment_status":"open","ping_status":"open","sticky":false,"template":"","format":"standard","meta":{"_jetpack_memberships_contains_paid_content":false,"footnotes":""},"categories":[1],"tags":[],"class_list":["post-15493","post","type-post","status-publish","format-standard","has-post-thumbnail","hentry","category-uncategorized"],"yoast_head":"<!-- This site is optimized with the Yoast SEO plugin v27.4 - https:\/\/yoast.com\/product\/yoast-seo-wordpress\/ -->\n<title>\u201eVoi pleca pentru ca el s\u0103 joace\u201d - Starul d.<\/title>\n<meta name=\"description\" content=\"\u201eVoi pleca pentru ca el s\u0103 joace\u201d - Starul de la FCSB, FC Steaua Bucure\u0219ti, confirm\u0103 c\u0103 va pleca dac\u0103 el...\" \/>\n<meta name=\"robots\" content=\"index, follow, max-snippet:-1, max-image-preview:large, max-video-preview:-1\" \/>\n<link rel=\"canonical\" href=\"https:\/\/www.letsportsrock.com\/?p=15493\" \/>\n<meta property=\"og:locale\" content=\"en_US\" \/>\n<meta property=\"og:type\" content=\"article\" \/>\n<meta property=\"og:title\" content=\"\u201eVoi pleca pentru ca el s\u0103 joace\u201d - Starul d.\" \/>\n<meta property=\"og:description\" content=\"\u201eVoi pleca pentru ca el s\u0103 joace\u201d - Starul de la FCSB, FC Steaua Bucure\u0219ti, confirm\u0103 c\u0103 va pleca dac\u0103 el...\" \/>\n<meta property=\"og:url\" content=\"https:\/\/www.letsportsrock.com\/?p=15493\" \/>\n<meta property=\"og:site_name\" content=\"letsportsrock\" \/>\n<meta property=\"article:published_time\" content=\"2024-12-25T19:34:47+00:00\" \/>\n<meta property=\"article:modified_time\" content=\"2024-12-25T19:38:31+00:00\" \/>\n<meta property=\"og:image\" content=\"https:\/\/www.letsportsrock.com\/wp-content\/uploads\/2024\/12\/images-2024-12-25T203743.365.jpeg\" \/>\n\t<meta property=\"og:image:width\" content=\"739\" \/>\n\t<meta property=\"og:image:height\" content=\"415\" \/>\n\t<meta property=\"og:image:type\" content=\"image\/jpeg\" \/>\n<meta name=\"author\" content=\"letsportsrock\" \/>\n<meta name=\"twitter:card\" content=\"summary_large_image\" \/>\n<meta name=\"twitter:label1\" content=\"Written by\" \/>\n\t<meta name=\"twitter:data1\" content=\"letsportsrock\" \/>\n\t<meta name=\"twitter:label2\" content=\"Est. reading time\" \/>\n\t<meta name=\"twitter:data2\" content=\"2 minutes\" \/>\n<script type=\"application\/ld+json\" class=\"yoast-schema-graph\">{\"@context\":\"https:\\\/\\\/schema.org\",\"@graph\":[{\"@type\":\"Article\",\"@id\":\"https:\\\/\\\/www.letsportsrock.com\\\/?p=15493#article\",\"isPartOf\":{\"@id\":\"https:\\\/\\\/www.letsportsrock.com\\\/?p=15493\"},\"author\":{\"name\":\"letsportsrock\",\"@id\":\"https:\\\/\\\/www.letsportsrock.com\\\/#\\\/schema\\\/person\\\/a454ac24e58b214ddd97e4b5afb0bf01\"},\"headline\":\"\u201eVoi pleca pentru ca el s\u0103 joace\u201d &#8211; Starul de la FCSB, FC Steaua Bucure\u0219ti, confirm\u0103 c\u0103 va pleca dac\u0103 el&#8230;\",\"datePublished\":\"2024-12-25T19:34:47+00:00\",\"dateModified\":\"2024-12-25T19:38:31+00:00\",\"mainEntityOfPage\":{\"@id\":\"https:\\\/\\\/www.letsportsrock.com\\\/?p=15493\"},\"wordCount\":327,\"commentCount\":0,\"image\":{\"@id\":\"https:\\\/\\\/www.letsportsrock.com\\\/?p=15493#primaryimage\"},\"thumbnailUrl\":\"https:\\\/\\\/www.letsportsrock.com\\\/wp-content\\\/uploads\\\/2024\\\/12\\\/images-2024-12-25T203743.365.jpeg\",\"inLanguage\":\"en-US\",\"potentialAction\":[{\"@type\":\"CommentAction\",\"name\":\"Comment\",\"target\":[\"https:\\\/\\\/www.letsportsrock.com\\\/?p=15493#respond\"]}]},{\"@type\":\"WebPage\",\"@id\":\"https:\\\/\\\/www.letsportsrock.com\\\/?p=15493\",\"url\":\"https:\\\/\\\/www.letsportsrock.com\\\/?p=15493\",\"name\":\"\u201eVoi pleca pentru ca el s\u0103 joace\u201d - Starul d.\",\"isPartOf\":{\"@id\":\"https:\\\/\\\/www.letsportsrock.com\\\/#website\"},\"primaryImageOfPage\":{\"@id\":\"https:\\\/\\\/www.letsportsrock.com\\\/?p=15493#primaryimage\"},\"image\":{\"@id\":\"https:\\\/\\\/www.letsportsrock.com\\\/?p=15493#primaryimage\"},\"thumbnailUrl\":\"https:\\\/\\\/www.letsportsrock.com\\\/wp-content\\\/uploads\\\/2024\\\/12\\\/images-2024-12-25T203743.365.jpeg\",\"datePublished\":\"2024-12-25T19:34:47+00:00\",\"dateModified\":\"2024-12-25T19:38:31+00:00\",\"author\":{\"@id\":\"https:\\\/\\\/www.letsportsrock.com\\\/#\\\/schema\\\/person\\\/a454ac24e58b214ddd97e4b5afb0bf01\"},\"description\":\"\u201eVoi pleca pentru ca el s\u0103 joace\u201d - Starul de la FCSB, FC Steaua Bucure\u0219ti, confirm\u0103 c\u0103 va pleca dac\u0103 el...\",\"breadcrumb\":{\"@id\":\"https:\\\/\\\/www.letsportsrock.com\\\/?p=15493#breadcrumb\"},\"inLanguage\":\"en-US\",\"potentialAction\":[{\"@type\":\"ReadAction\",\"target\":[\"https:\\\/\\\/www.letsportsrock.com\\\/?p=15493\"]}]},{\"@type\":\"ImageObject\",\"inLanguage\":\"en-US\",\"@id\":\"https:\\\/\\\/www.letsportsrock.com\\\/?p=15493#primaryimage\",\"url\":\"https:\\\/\\\/www.letsportsrock.com\\\/wp-content\\\/uploads\\\/2024\\\/12\\\/images-2024-12-25T203743.365.jpeg\",\"contentUrl\":\"https:\\\/\\\/www.letsportsrock.com\\\/wp-content\\\/uploads\\\/2024\\\/12\\\/images-2024-12-25T203743.365.jpeg\",\"width\":739,\"height\":415},{\"@type\":\"BreadcrumbList\",\"@id\":\"https:\\\/\\\/www.letsportsrock.com\\\/?p=15493#breadcrumb\",\"itemListElement\":[{\"@type\":\"ListItem\",\"position\":1,\"name\":\"Home\",\"item\":\"https:\\\/\\\/www.letsportsrock.com\\\/\"},{\"@type\":\"ListItem\",\"position\":2,\"name\":\"\u201eVoi pleca pentru ca el s\u0103 joace\u201d &#8211; Starul de la FCSB, FC Steaua Bucure\u0219ti, confirm\u0103 c\u0103 va pleca dac\u0103 el&#8230;\"}]},{\"@type\":\"WebSite\",\"@id\":\"https:\\\/\\\/www.letsportsrock.com\\\/#website\",\"url\":\"https:\\\/\\\/www.letsportsrock.com\\\/\",\"name\":\"letsportsrock\",\"description\":\"Sport News and Updates\",\"potentialAction\":[{\"@type\":\"SearchAction\",\"target\":{\"@type\":\"EntryPoint\",\"urlTemplate\":\"https:\\\/\\\/www.letsportsrock.com\\\/?s={search_term_string}\"},\"query-input\":{\"@type\":\"PropertyValueSpecification\",\"valueRequired\":true,\"valueName\":\"search_term_string\"}}],\"inLanguage\":\"en-US\"},{\"@type\":\"Person\",\"@id\":\"https:\\\/\\\/www.letsportsrock.com\\\/#\\\/schema\\\/person\\\/a454ac24e58b214ddd97e4b5afb0bf01\",\"name\":\"letsportsrock\",\"image\":{\"@type\":\"ImageObject\",\"inLanguage\":\"en-US\",\"@id\":\"https:\\\/\\\/secure.gravatar.com\\\/avatar\\\/f8ef950cbb7574c0bc874094b8d307659bfe2d7aa4a9d26fa6917eff010748f9?s=96&d=mm&r=g\",\"url\":\"https:\\\/\\\/secure.gravatar.com\\\/avatar\\\/f8ef950cbb7574c0bc874094b8d307659bfe2d7aa4a9d26fa6917eff010748f9?s=96&d=mm&r=g\",\"contentUrl\":\"https:\\\/\\\/secure.gravatar.com\\\/avatar\\\/f8ef950cbb7574c0bc874094b8d307659bfe2d7aa4a9d26fa6917eff010748f9?s=96&d=mm&r=g\",\"caption\":\"letsportsrock\"},\"sameAs\":[\"https:\\\/\\\/www.letsportsrock.com\"],\"url\":\"https:\\\/\\\/www.letsportsrock.com\\\/?author=1\"}]}<\/script>\n<!-- \/ Yoast SEO plugin. -->","yoast_head_json":{"title":"\u201eVoi pleca pentru ca el s\u0103 joace\u201d - Starul d.","description":"\u201eVoi pleca pentru ca el s\u0103 joace\u201d - Starul de la FCSB, FC Steaua Bucure\u0219ti, confirm\u0103 c\u0103 va pleca dac\u0103 el...","robots":{"index":"index","follow":"follow","max-snippet":"max-snippet:-1","max-image-preview":"max-image-preview:large","max-video-preview":"max-video-preview:-1"},"canonical":"https:\/\/www.letsportsrock.com\/?p=15493","og_locale":"en_US","og_type":"article","og_title":"\u201eVoi pleca pentru ca el s\u0103 joace\u201d - Starul d.","og_description":"\u201eVoi pleca pentru ca el s\u0103 joace\u201d - Starul de la FCSB, FC Steaua Bucure\u0219ti, confirm\u0103 c\u0103 va pleca dac\u0103 el...","og_url":"https:\/\/www.letsportsrock.com\/?p=15493","og_site_name":"letsportsrock","article_published_time":"2024-12-25T19:34:47+00:00","article_modified_time":"2024-12-25T19:38:31+00:00","og_image":[{"width":739,"height":415,"url":"https:\/\/www.letsportsrock.com\/wp-content\/uploads\/2024\/12\/images-2024-12-25T203743.365.jpeg","type":"image\/jpeg"}],"author":"letsportsrock","twitter_card":"summary_large_image","twitter_misc":{"Written by":"letsportsrock","Est. reading time":"2 minutes"},"schema":{"@context":"https:\/\/schema.org","@graph":[{"@type":"Article","@id":"https:\/\/www.letsportsrock.com\/?p=15493#article","isPartOf":{"@id":"https:\/\/www.letsportsrock.com\/?p=15493"},"author":{"name":"letsportsrock","@id":"https:\/\/www.letsportsrock.com\/#\/schema\/person\/a454ac24e58b214ddd97e4b5afb0bf01"},"headline":"\u201eVoi pleca pentru ca el s\u0103 joace\u201d &#8211; Starul de la FCSB, FC Steaua Bucure\u0219ti, confirm\u0103 c\u0103 va pleca dac\u0103 el&#8230;","datePublished":"2024-12-25T19:34:47+00:00","dateModified":"2024-12-25T19:38:31+00:00","mainEntityOfPage":{"@id":"https:\/\/www.letsportsrock.com\/?p=15493"},"wordCount":327,"commentCount":0,"image":{"@id":"https:\/\/www.letsportsrock.com\/?p=15493#primaryimage"},"thumbnailUrl":"https:\/\/www.letsportsrock.com\/wp-content\/uploads\/2024\/12\/images-2024-12-25T203743.365.jpeg","inLanguage":"en-US","potentialAction":[{"@type":"CommentAction","name":"Comment","target":["https:\/\/www.letsportsrock.com\/?p=15493#respond"]}]},{"@type":"WebPage","@id":"https:\/\/www.letsportsrock.com\/?p=15493","url":"https:\/\/www.letsportsrock.com\/?p=15493","name":"\u201eVoi pleca pentru ca el s\u0103 joace\u201d - Starul d.","isPartOf":{"@id":"https:\/\/www.letsportsrock.com\/#website"},"primaryImageOfPage":{"@id":"https:\/\/www.letsportsrock.com\/?p=15493#primaryimage"},"image":{"@id":"https:\/\/www.letsportsrock.com\/?p=15493#primaryimage"},"thumbnailUrl":"https:\/\/www.letsportsrock.com\/wp-content\/uploads\/2024\/12\/images-2024-12-25T203743.365.jpeg","datePublished":"2024-12-25T19:34:47+00:00","dateModified":"2024-12-25T19:38:31+00:00","author":{"@id":"https:\/\/www.letsportsrock.com\/#\/schema\/person\/a454ac24e58b214ddd97e4b5afb0bf01"},"description":"\u201eVoi pleca pentru ca el s\u0103 joace\u201d - Starul de la FCSB, FC Steaua Bucure\u0219ti, confirm\u0103 c\u0103 va pleca dac\u0103 el...","breadcrumb":{"@id":"https:\/\/www.letsportsrock.com\/?p=15493#breadcrumb"},"inLanguage":"en-US","potentialAction":[{"@type":"ReadAction","target":["https:\/\/www.letsportsrock.com\/?p=15493"]}]},{"@type":"ImageObject","inLanguage":"en-US","@id":"https:\/\/www.letsportsrock.com\/?p=15493#primaryimage","url":"https:\/\/www.letsportsrock.com\/wp-content\/uploads\/2024\/12\/images-2024-12-25T203743.365.jpeg","contentUrl":"https:\/\/www.letsportsrock.com\/wp-content\/uploads\/2024\/12\/images-2024-12-25T203743.365.jpeg","width":739,"height":415},{"@type":"BreadcrumbList","@id":"https:\/\/www.letsportsrock.com\/?p=15493#breadcrumb","itemListElement":[{"@type":"ListItem","position":1,"name":"Home","item":"https:\/\/www.letsportsrock.com\/"},{"@type":"ListItem","position":2,"name":"\u201eVoi pleca pentru ca el s\u0103 joace\u201d &#8211; Starul de la FCSB, FC Steaua Bucure\u0219ti, confirm\u0103 c\u0103 va pleca dac\u0103 el&#8230;"}]},{"@type":"WebSite","@id":"https:\/\/www.letsportsrock.com\/#website","url":"https:\/\/www.letsportsrock.com\/","name":"letsportsrock","description":"Sport News and Updates","potentialAction":[{"@type":"SearchAction","target":{"@type":"EntryPoint","urlTemplate":"https:\/\/www.letsportsrock.com\/?s={search_term_string}"},"query-input":{"@type":"PropertyValueSpecification","valueRequired":true,"valueName":"search_term_string"}}],"inLanguage":"en-US"},{"@type":"Person","@id":"https:\/\/www.letsportsrock.com\/#\/schema\/person\/a454ac24e58b214ddd97e4b5afb0bf01","name":"letsportsrock","image":{"@type":"ImageObject","inLanguage":"en-US","@id":"https:\/\/secure.gravatar.com\/avatar\/f8ef950cbb7574c0bc874094b8d307659bfe2d7aa4a9d26fa6917eff010748f9?s=96&d=mm&r=g","url":"https:\/\/secure.gravatar.com\/avatar\/f8ef950cbb7574c0bc874094b8d307659bfe2d7aa4a9d26fa6917eff010748f9?s=96&d=mm&r=g","contentUrl":"https:\/\/secure.gravatar.com\/avatar\/f8ef950cbb7574c0bc874094b8d307659bfe2d7aa4a9d26fa6917eff010748f9?s=96&d=mm&r=g","caption":"letsportsrock"},"sameAs":["https:\/\/www.letsportsrock.com"],"url":"https:\/\/www.letsportsrock.com\/?author=1"}]}},"jetpack_featured_media_url":"https:\/\/www.letsportsrock.com\/wp-content\/uploads\/2024\/12\/images-2024-12-25T203743.365.jpeg","jetpack_sharing_enabled":true,"_links":{"self":[{"href":"https:\/\/www.letsportsrock.com\/index.php?rest_route=\/wp\/v2\/posts\/15493","targetHints":{"allow":["GET"]}}],"collection":[{"href":"https:\/\/www.letsportsrock.com\/index.php?rest_route=\/wp\/v2\/posts"}],"about":[{"href":"https:\/\/www.letsportsrock.com\/index.php?rest_route=\/wp\/v2\/types\/post"}],"author":[{"embeddable":true,"href":"https:\/\/www.letsportsrock.com\/index.php?rest_route=\/wp\/v2\/users\/1"}],"replies":[{"embeddable":true,"href":"https:\/\/www.letsportsrock.com\/index.php?rest_route=%2Fwp%2Fv2%2Fcomments&post=15493"}],"version-history":[{"count":1,"href":"https:\/\/www.letsportsrock.com\/index.php?rest_route=\/wp\/v2\/posts\/15493\/revisions"}],"predecessor-version":[{"id":15494,"href":"https:\/\/www.letsportsrock.com\/index.php?rest_route=\/wp\/v2\/posts\/15493\/revisions\/15494"}],"wp:featuredmedia":[{"embeddable":true,"href":"https:\/\/www.letsportsrock.com\/index.php?rest_route=\/wp\/v2\/media\/15495"}],"wp:attachment":[{"href":"https:\/\/www.letsportsrock.com\/index.php?rest_route=%2Fwp%2Fv2%2Fmedia&parent=15493"}],"wp:term":[{"taxonomy":"category","embeddable":true,"href":"https:\/\/www.letsportsrock.com\/index.php?rest_route=%2Fwp%2Fv2%2Fcategories&post=15493"},{"taxonomy":"post_tag","embeddable":true,"href":"https:\/\/www.letsportsrock.com\/index.php?rest_route=%2Fwp%2Fv2%2Ftags&post=15493"}],"curies":[{"name":"wp","href":"https:\/\/api.w.org\/{rel}","templated":true}]}}