{"id":15686,"date":"2024-12-28T09:27:04","date_gmt":"2024-12-28T09:27:04","guid":{"rendered":"https:\/\/www.letsportsrock.com\/?p=15686"},"modified":"2024-12-28T09:27:04","modified_gmt":"2024-12-28T09:27:04","slug":"stiri-contracte-antrenorul-principal-al-fc-rapid-bucuresti-marius-sumudica-a-adus-un-alt-jucator-de-top-liber-de-contract-in-aceasta-dimineata","status":"publish","type":"post","link":"https:\/\/www.letsportsrock.com\/?p=15686","title":{"rendered":"\u0218tiri contracte: Antrenorul principal al FC Rapid Bucure\u0219ti, Marius \u0218umudic\u0103, a adus un alt juc\u0103tor de top liber de contract \u00een aceast\u0103 diminea\u021b\u0103&#8230;"},"content":{"rendered":"<div class=\"d79db4796efc26332eabfc3f5dafbc76\" data-index=\"1\" style=\"float: none; margin:10px 0 10px 0; text-align:center;\">\n<div class=\"hb-ad-inarticle\">\r\n    <div class=\"hb-ad-inner\"> \r\n    <div class=\"hbagency_cls\"  id=\"hbagency_space_111930\"><\/div><\/div> <\/div>\n<\/div>\n<p>**\u0218tiri contracte: Antrenorul principal al FC Rapid Bucure\u0219ti, Marius \u0218umudic\u0103, a adus un alt juc\u0103tor de top liber de contract \u00een aceast\u0103 diminea\u021b\u0103**<\/p>\n<p>&nbsp;<\/p>\n<p>FC Rapid Bucure\u0219ti continu\u0103 s\u0103-\u0219i consolideze echipa pentru a deveni o for\u021b\u0103 \u00een fotbalul rom\u00e2nesc \u0219i european. \u00cen aceast\u0103 diminea\u021b\u0103, antrenorul principal Marius \u0218umudic\u0103 a adus un alt juc\u0103tor de top pe pia\u021ba transferurilor, semn\u00e2nd un contract cu un fotbalist liber de contract, care a fost dorit de mai multe echipe din Rom\u00e2nia \u0219i din afacerea interna\u021bional\u0103.<\/p>\n<p>&nbsp;<\/p>\n<p>De\u0219i detaliile oficiale ale transferului nu au fost \u00eenc\u0103 dezv\u0103luite, sursele interne confirm\u0103 c\u0103 noul juc\u0103tor va ad\u0103uga un plus de valoare echipei \u0219i va fi o pies\u0103 important\u0103 \u00een strategia lui \u0218umudic\u0103 pentru sezonul \u00een curs. Antrenorul Rapidului a reu\u0219it s\u0103 atrag\u0103 un nume de renume, ce se al\u0103tur\u0103 unei echipe deja bine preg\u0103tite, dar care necesit\u0103 \u00eenc\u0103 \u00eent\u0103riri pentru a-\u0219i atinge obiectivele ambi\u021bioase.<\/p>\n<p>&nbsp;<\/p>\n<p>Aceast\u0103 mi\u0219care vine \u00eentr-un moment crucial al sezonului, c\u00e2nd Rapid Bucure\u0219ti este implicat \u00een competi\u021bii importante \u0219i \u00ee\u0219i propune s\u0103-\u0219i \u00eembun\u0103t\u0103\u021beasc\u0103 performan\u021bele. Marius \u0218umudic\u0103 a demonstrat, de-a lungul carierei sale, c\u0103 \u0219tie s\u0103 construiasc\u0103 echipe competitive \u0219i s\u0103 atrag\u0103 juc\u0103tori de valoare, iar aceast\u0103 ultim\u0103 achizi\u021bie pare s\u0103 fie o confirmare a abilit\u0103\u021bilor sale de a negocia pe pia\u021ba transferurilor.<\/p>\n<p>&nbsp;<\/p>\n<p>Rapid se afl\u0103 \u00eentr-un proces continuu de revitalizare a lotului, iar Marius \u0218umudic\u0103 pare s\u0103 fie omul potrivit pentru a conduce echipa c\u0103tre succes. Suporterii se arat\u0103 optimi\u0219ti \u00een privin\u021ba acestui transfer, iar a\u0219tept\u0103rile pentru performan\u021bele echipei sunt ridicate \u00een continuare. R\u0103m\u00e2ne de v\u0103zut cum va impacta acest nou transfer echipa \u00een meciurile viitoare \u0219i \u00een competi\u021biile europene.<\/p>\n\n<div style=\"font-size: 0px; height: 0px; line-height: 0px; margin: 0; padding: 0; clear: both;\"><\/div>","protected":false},"excerpt":{"rendered":"<p>**\u0218tiri contracte: Antrenorul principal al FC Rapid Bucure\u0219ti, Marius \u0218umudic\u0103, a adus un alt juc\u0103tor de top liber de contract \u00een aceast\u0103 diminea\u021b\u0103** &nbsp; FC Rapid Bucure\u0219ti continu\u0103 s\u0103-\u0219i consolideze echipa pentru a deveni o for\u021b\u0103 \u00een fotbalul rom\u00e2nesc \u0219i european. \u00cen aceast\u0103 diminea\u021b\u0103, antrenorul principal Marius \u0218umudic\u0103 a adus un alt juc\u0103tor de top [&hellip;]<\/p>\n","protected":false},"author":1,"featured_media":15687,"comment_status":"open","ping_status":"open","sticky":false,"template":"","format":"standard","meta":{"_jetpack_memberships_contains_paid_content":false,"footnotes":""},"categories":[1],"tags":[],"class_list":["post-15686","post","type-post","status-publish","format-standard","has-post-thumbnail","hentry","category-uncategorized"],"yoast_head":"<!-- This site is optimized with the Yoast SEO plugin v27.4 - https:\/\/yoast.com\/product\/yoast-seo-wordpress\/ -->\n<title>\u0218tiri contracte: Antrenorul principal al FC Rapid Bucure\u0219ti,<\/title>\n<meta name=\"description\" content=\"\u0218tiri contracte: Antrenorul principal al FC Rapid Bucure\u0219ti, Marius \u0218umudic\u0103, a adus un alt juc\u0103tor de top liber de contract \u00een aceast.\" \/>\n<meta name=\"robots\" content=\"index, follow, max-snippet:-1, max-image-preview:large, max-video-preview:-1\" \/>\n<link rel=\"canonical\" href=\"https:\/\/www.letsportsrock.com\/?p=15686\" \/>\n<meta property=\"og:locale\" content=\"en_US\" \/>\n<meta property=\"og:type\" content=\"article\" \/>\n<meta property=\"og:title\" content=\"\u0218tiri contracte: Antrenorul principal al FC Rapid Bucure\u0219ti,\" \/>\n<meta property=\"og:description\" content=\"\u0218tiri contracte: Antrenorul principal al FC Rapid Bucure\u0219ti, Marius \u0218umudic\u0103, a adus un alt juc\u0103tor de top liber de contract \u00een aceast.\" \/>\n<meta property=\"og:url\" content=\"https:\/\/www.letsportsrock.com\/?p=15686\" \/>\n<meta property=\"og:site_name\" content=\"letsportsrock\" \/>\n<meta property=\"article:published_time\" content=\"2024-12-28T09:27:04+00:00\" \/>\n<meta property=\"og:image\" content=\"https:\/\/www.letsportsrock.com\/wp-content\/uploads\/2024\/12\/images-2024-12-28T102338.311.jpeg\" \/>\n\t<meta property=\"og:image:width\" content=\"678\" \/>\n\t<meta property=\"og:image:height\" content=\"452\" \/>\n\t<meta property=\"og:image:type\" content=\"image\/jpeg\" \/>\n<meta name=\"author\" content=\"letsportsrock\" \/>\n<meta name=\"twitter:card\" content=\"summary_large_image\" \/>\n<meta name=\"twitter:label1\" content=\"Written by\" \/>\n\t<meta name=\"twitter:data1\" content=\"letsportsrock\" \/>\n\t<meta name=\"twitter:label2\" content=\"Est. reading time\" \/>\n\t<meta name=\"twitter:data2\" content=\"2 minutes\" \/>\n<script type=\"application\/ld+json\" class=\"yoast-schema-graph\">{\"@context\":\"https:\\\/\\\/schema.org\",\"@graph\":[{\"@type\":\"Article\",\"@id\":\"https:\\\/\\\/www.letsportsrock.com\\\/?p=15686#article\",\"isPartOf\":{\"@id\":\"https:\\\/\\\/www.letsportsrock.com\\\/?p=15686\"},\"author\":{\"name\":\"letsportsrock\",\"@id\":\"https:\\\/\\\/www.letsportsrock.com\\\/#\\\/schema\\\/person\\\/a454ac24e58b214ddd97e4b5afb0bf01\"},\"headline\":\"\u0218tiri contracte: Antrenorul principal al FC Rapid Bucure\u0219ti, Marius \u0218umudic\u0103, a adus un alt juc\u0103tor de top liber de contract \u00een aceast\u0103 diminea\u021b\u0103&#8230;\",\"datePublished\":\"2024-12-28T09:27:04+00:00\",\"mainEntityOfPage\":{\"@id\":\"https:\\\/\\\/www.letsportsrock.com\\\/?p=15686\"},\"wordCount\":336,\"commentCount\":0,\"image\":{\"@id\":\"https:\\\/\\\/www.letsportsrock.com\\\/?p=15686#primaryimage\"},\"thumbnailUrl\":\"https:\\\/\\\/www.letsportsrock.com\\\/wp-content\\\/uploads\\\/2024\\\/12\\\/images-2024-12-28T102338.311.jpeg\",\"inLanguage\":\"en-US\",\"potentialAction\":[{\"@type\":\"CommentAction\",\"name\":\"Comment\",\"target\":[\"https:\\\/\\\/www.letsportsrock.com\\\/?p=15686#respond\"]}]},{\"@type\":\"WebPage\",\"@id\":\"https:\\\/\\\/www.letsportsrock.com\\\/?p=15686\",\"url\":\"https:\\\/\\\/www.letsportsrock.com\\\/?p=15686\",\"name\":\"\u0218tiri contracte: Antrenorul principal al FC Rapid Bucure\u0219ti,\",\"isPartOf\":{\"@id\":\"https:\\\/\\\/www.letsportsrock.com\\\/#website\"},\"primaryImageOfPage\":{\"@id\":\"https:\\\/\\\/www.letsportsrock.com\\\/?p=15686#primaryimage\"},\"image\":{\"@id\":\"https:\\\/\\\/www.letsportsrock.com\\\/?p=15686#primaryimage\"},\"thumbnailUrl\":\"https:\\\/\\\/www.letsportsrock.com\\\/wp-content\\\/uploads\\\/2024\\\/12\\\/images-2024-12-28T102338.311.jpeg\",\"datePublished\":\"2024-12-28T09:27:04+00:00\",\"author\":{\"@id\":\"https:\\\/\\\/www.letsportsrock.com\\\/#\\\/schema\\\/person\\\/a454ac24e58b214ddd97e4b5afb0bf01\"},\"description\":\"\u0218tiri contracte: Antrenorul principal al FC Rapid Bucure\u0219ti, Marius \u0218umudic\u0103, a adus un alt juc\u0103tor de top liber de contract \u00een aceast.\",\"breadcrumb\":{\"@id\":\"https:\\\/\\\/www.letsportsrock.com\\\/?p=15686#breadcrumb\"},\"inLanguage\":\"en-US\",\"potentialAction\":[{\"@type\":\"ReadAction\",\"target\":[\"https:\\\/\\\/www.letsportsrock.com\\\/?p=15686\"]}]},{\"@type\":\"ImageObject\",\"inLanguage\":\"en-US\",\"@id\":\"https:\\\/\\\/www.letsportsrock.com\\\/?p=15686#primaryimage\",\"url\":\"https:\\\/\\\/www.letsportsrock.com\\\/wp-content\\\/uploads\\\/2024\\\/12\\\/images-2024-12-28T102338.311.jpeg\",\"contentUrl\":\"https:\\\/\\\/www.letsportsrock.com\\\/wp-content\\\/uploads\\\/2024\\\/12\\\/images-2024-12-28T102338.311.jpeg\",\"width\":678,\"height\":452},{\"@type\":\"BreadcrumbList\",\"@id\":\"https:\\\/\\\/www.letsportsrock.com\\\/?p=15686#breadcrumb\",\"itemListElement\":[{\"@type\":\"ListItem\",\"position\":1,\"name\":\"Home\",\"item\":\"https:\\\/\\\/www.letsportsrock.com\\\/\"},{\"@type\":\"ListItem\",\"position\":2,\"name\":\"\u0218tiri contracte: Antrenorul principal al FC Rapid Bucure\u0219ti, Marius \u0218umudic\u0103, a adus un alt juc\u0103tor de top liber de contract \u00een aceast\u0103 diminea\u021b\u0103&#8230;\"}]},{\"@type\":\"WebSite\",\"@id\":\"https:\\\/\\\/www.letsportsrock.com\\\/#website\",\"url\":\"https:\\\/\\\/www.letsportsrock.com\\\/\",\"name\":\"letsportsrock\",\"description\":\"Sport News and Updates\",\"potentialAction\":[{\"@type\":\"SearchAction\",\"target\":{\"@type\":\"EntryPoint\",\"urlTemplate\":\"https:\\\/\\\/www.letsportsrock.com\\\/?s={search_term_string}\"},\"query-input\":{\"@type\":\"PropertyValueSpecification\",\"valueRequired\":true,\"valueName\":\"search_term_string\"}}],\"inLanguage\":\"en-US\"},{\"@type\":\"Person\",\"@id\":\"https:\\\/\\\/www.letsportsrock.com\\\/#\\\/schema\\\/person\\\/a454ac24e58b214ddd97e4b5afb0bf01\",\"name\":\"letsportsrock\",\"image\":{\"@type\":\"ImageObject\",\"inLanguage\":\"en-US\",\"@id\":\"https:\\\/\\\/secure.gravatar.com\\\/avatar\\\/f8ef950cbb7574c0bc874094b8d307659bfe2d7aa4a9d26fa6917eff010748f9?s=96&d=mm&r=g\",\"url\":\"https:\\\/\\\/secure.gravatar.com\\\/avatar\\\/f8ef950cbb7574c0bc874094b8d307659bfe2d7aa4a9d26fa6917eff010748f9?s=96&d=mm&r=g\",\"contentUrl\":\"https:\\\/\\\/secure.gravatar.com\\\/avatar\\\/f8ef950cbb7574c0bc874094b8d307659bfe2d7aa4a9d26fa6917eff010748f9?s=96&d=mm&r=g\",\"caption\":\"letsportsrock\"},\"sameAs\":[\"https:\\\/\\\/www.letsportsrock.com\"],\"url\":\"https:\\\/\\\/www.letsportsrock.com\\\/?author=1\"}]}<\/script>\n<!-- \/ Yoast SEO plugin. -->","yoast_head_json":{"title":"\u0218tiri contracte: Antrenorul principal al FC Rapid Bucure\u0219ti,","description":"\u0218tiri contracte: Antrenorul principal al FC Rapid Bucure\u0219ti, Marius \u0218umudic\u0103, a adus un alt juc\u0103tor de top liber de contract \u00een aceast.","robots":{"index":"index","follow":"follow","max-snippet":"max-snippet:-1","max-image-preview":"max-image-preview:large","max-video-preview":"max-video-preview:-1"},"canonical":"https:\/\/www.letsportsrock.com\/?p=15686","og_locale":"en_US","og_type":"article","og_title":"\u0218tiri contracte: Antrenorul principal al FC Rapid Bucure\u0219ti,","og_description":"\u0218tiri contracte: Antrenorul principal al FC Rapid Bucure\u0219ti, Marius \u0218umudic\u0103, a adus un alt juc\u0103tor de top liber de contract \u00een aceast.","og_url":"https:\/\/www.letsportsrock.com\/?p=15686","og_site_name":"letsportsrock","article_published_time":"2024-12-28T09:27:04+00:00","og_image":[{"width":678,"height":452,"url":"https:\/\/www.letsportsrock.com\/wp-content\/uploads\/2024\/12\/images-2024-12-28T102338.311.jpeg","type":"image\/jpeg"}],"author":"letsportsrock","twitter_card":"summary_large_image","twitter_misc":{"Written by":"letsportsrock","Est. reading time":"2 minutes"},"schema":{"@context":"https:\/\/schema.org","@graph":[{"@type":"Article","@id":"https:\/\/www.letsportsrock.com\/?p=15686#article","isPartOf":{"@id":"https:\/\/www.letsportsrock.com\/?p=15686"},"author":{"name":"letsportsrock","@id":"https:\/\/www.letsportsrock.com\/#\/schema\/person\/a454ac24e58b214ddd97e4b5afb0bf01"},"headline":"\u0218tiri contracte: Antrenorul principal al FC Rapid Bucure\u0219ti, Marius \u0218umudic\u0103, a adus un alt juc\u0103tor de top liber de contract \u00een aceast\u0103 diminea\u021b\u0103&#8230;","datePublished":"2024-12-28T09:27:04+00:00","mainEntityOfPage":{"@id":"https:\/\/www.letsportsrock.com\/?p=15686"},"wordCount":336,"commentCount":0,"image":{"@id":"https:\/\/www.letsportsrock.com\/?p=15686#primaryimage"},"thumbnailUrl":"https:\/\/www.letsportsrock.com\/wp-content\/uploads\/2024\/12\/images-2024-12-28T102338.311.jpeg","inLanguage":"en-US","potentialAction":[{"@type":"CommentAction","name":"Comment","target":["https:\/\/www.letsportsrock.com\/?p=15686#respond"]}]},{"@type":"WebPage","@id":"https:\/\/www.letsportsrock.com\/?p=15686","url":"https:\/\/www.letsportsrock.com\/?p=15686","name":"\u0218tiri contracte: Antrenorul principal al FC Rapid Bucure\u0219ti,","isPartOf":{"@id":"https:\/\/www.letsportsrock.com\/#website"},"primaryImageOfPage":{"@id":"https:\/\/www.letsportsrock.com\/?p=15686#primaryimage"},"image":{"@id":"https:\/\/www.letsportsrock.com\/?p=15686#primaryimage"},"thumbnailUrl":"https:\/\/www.letsportsrock.com\/wp-content\/uploads\/2024\/12\/images-2024-12-28T102338.311.jpeg","datePublished":"2024-12-28T09:27:04+00:00","author":{"@id":"https:\/\/www.letsportsrock.com\/#\/schema\/person\/a454ac24e58b214ddd97e4b5afb0bf01"},"description":"\u0218tiri contracte: Antrenorul principal al FC Rapid Bucure\u0219ti, Marius \u0218umudic\u0103, a adus un alt juc\u0103tor de top liber de contract \u00een aceast.","breadcrumb":{"@id":"https:\/\/www.letsportsrock.com\/?p=15686#breadcrumb"},"inLanguage":"en-US","potentialAction":[{"@type":"ReadAction","target":["https:\/\/www.letsportsrock.com\/?p=15686"]}]},{"@type":"ImageObject","inLanguage":"en-US","@id":"https:\/\/www.letsportsrock.com\/?p=15686#primaryimage","url":"https:\/\/www.letsportsrock.com\/wp-content\/uploads\/2024\/12\/images-2024-12-28T102338.311.jpeg","contentUrl":"https:\/\/www.letsportsrock.com\/wp-content\/uploads\/2024\/12\/images-2024-12-28T102338.311.jpeg","width":678,"height":452},{"@type":"BreadcrumbList","@id":"https:\/\/www.letsportsrock.com\/?p=15686#breadcrumb","itemListElement":[{"@type":"ListItem","position":1,"name":"Home","item":"https:\/\/www.letsportsrock.com\/"},{"@type":"ListItem","position":2,"name":"\u0218tiri contracte: Antrenorul principal al FC Rapid Bucure\u0219ti, Marius \u0218umudic\u0103, a adus un alt juc\u0103tor de top liber de contract \u00een aceast\u0103 diminea\u021b\u0103&#8230;"}]},{"@type":"WebSite","@id":"https:\/\/www.letsportsrock.com\/#website","url":"https:\/\/www.letsportsrock.com\/","name":"letsportsrock","description":"Sport News and Updates","potentialAction":[{"@type":"SearchAction","target":{"@type":"EntryPoint","urlTemplate":"https:\/\/www.letsportsrock.com\/?s={search_term_string}"},"query-input":{"@type":"PropertyValueSpecification","valueRequired":true,"valueName":"search_term_string"}}],"inLanguage":"en-US"},{"@type":"Person","@id":"https:\/\/www.letsportsrock.com\/#\/schema\/person\/a454ac24e58b214ddd97e4b5afb0bf01","name":"letsportsrock","image":{"@type":"ImageObject","inLanguage":"en-US","@id":"https:\/\/secure.gravatar.com\/avatar\/f8ef950cbb7574c0bc874094b8d307659bfe2d7aa4a9d26fa6917eff010748f9?s=96&d=mm&r=g","url":"https:\/\/secure.gravatar.com\/avatar\/f8ef950cbb7574c0bc874094b8d307659bfe2d7aa4a9d26fa6917eff010748f9?s=96&d=mm&r=g","contentUrl":"https:\/\/secure.gravatar.com\/avatar\/f8ef950cbb7574c0bc874094b8d307659bfe2d7aa4a9d26fa6917eff010748f9?s=96&d=mm&r=g","caption":"letsportsrock"},"sameAs":["https:\/\/www.letsportsrock.com"],"url":"https:\/\/www.letsportsrock.com\/?author=1"}]}},"jetpack_featured_media_url":"https:\/\/www.letsportsrock.com\/wp-content\/uploads\/2024\/12\/images-2024-12-28T102338.311.jpeg","jetpack_sharing_enabled":true,"_links":{"self":[{"href":"https:\/\/www.letsportsrock.com\/index.php?rest_route=\/wp\/v2\/posts\/15686","targetHints":{"allow":["GET"]}}],"collection":[{"href":"https:\/\/www.letsportsrock.com\/index.php?rest_route=\/wp\/v2\/posts"}],"about":[{"href":"https:\/\/www.letsportsrock.com\/index.php?rest_route=\/wp\/v2\/types\/post"}],"author":[{"embeddable":true,"href":"https:\/\/www.letsportsrock.com\/index.php?rest_route=\/wp\/v2\/users\/1"}],"replies":[{"embeddable":true,"href":"https:\/\/www.letsportsrock.com\/index.php?rest_route=%2Fwp%2Fv2%2Fcomments&post=15686"}],"version-history":[{"count":1,"href":"https:\/\/www.letsportsrock.com\/index.php?rest_route=\/wp\/v2\/posts\/15686\/revisions"}],"predecessor-version":[{"id":15688,"href":"https:\/\/www.letsportsrock.com\/index.php?rest_route=\/wp\/v2\/posts\/15686\/revisions\/15688"}],"wp:featuredmedia":[{"embeddable":true,"href":"https:\/\/www.letsportsrock.com\/index.php?rest_route=\/wp\/v2\/media\/15687"}],"wp:attachment":[{"href":"https:\/\/www.letsportsrock.com\/index.php?rest_route=%2Fwp%2Fv2%2Fmedia&parent=15686"}],"wp:term":[{"taxonomy":"category","embeddable":true,"href":"https:\/\/www.letsportsrock.com\/index.php?rest_route=%2Fwp%2Fv2%2Fcategories&post=15686"},{"taxonomy":"post_tag","embeddable":true,"href":"https:\/\/www.letsportsrock.com\/index.php?rest_route=%2Fwp%2Fv2%2Ftags&post=15686"}],"curies":[{"name":"wp","href":"https:\/\/api.w.org\/{rel}","templated":true}]}}