{"id":16175,"date":"2024-12-29T20:47:33","date_gmt":"2024-12-29T20:47:33","guid":{"rendered":"https:\/\/www.letsportsrock.com\/?p=16175"},"modified":"2024-12-29T20:48:53","modified_gmt":"2024-12-29T20:48:53","slug":"veste-buna-vedeta-celor-de-la-fcsb-fc-steaua-bucuresti-confirma-ca-vrea-sa-se-intoarca","status":"publish","type":"post","link":"https:\/\/www.letsportsrock.com\/?p=16175","title":{"rendered":"Veste bun\u0103: &#8220;Vedeta celor de la FCSB &#8211; FC Steaua Bucure\u0219ti confirm\u0103 c\u0103 vrea s\u0103 se \u00eentoarc\u0103&#8230;&#8221;"},"content":{"rendered":"<div class=\"d79db4796efc26332eabfc3f5dafbc76\" data-index=\"1\" style=\"float: none; margin:10px 0 10px 0; text-align:center;\">\n<div class=\"hb-ad-inarticle\">\r\n    <div class=\"hb-ad-inner\"> \r\n    <div class=\"hbagency_cls\"  id=\"hbagency_space_111930\"><\/div><\/div> <\/div>\n<\/div>\n<p>**Veste bun\u0103: &#8220;Vedeta celor de la FCSB &#8211; FC Steaua Bucure\u0219ti confirm\u0103 c\u0103 vrea s\u0103 se \u00eentoarc\u0103&#8230;&#8221;**<\/p>\n<p>&nbsp;<\/p>\n<p>FCSB &#8211; FC Steaua Bucure\u0219ti prime\u0219te o veste extraordinar\u0103 din partea uneia dintre cele mai mari vedete ale echipei. \u00centr-o declara\u021bie recent\u0103, juc\u0103torul a confirmat c\u0103 inten\u021bioneaz\u0103 s\u0103 se \u00eentoarc\u0103 la club, aduc\u00e2nd un val de optimism \u00een r\u00e2ndul suporterilor \u0219i conduc\u0103torilor echipei. Aceast\u0103 veste vine \u00eentr-un moment \u00een care FCSB se afl\u0103 \u00eentr-o perioad\u0103 de reconstruc\u021bie, iar \u00eentoarcerea unui juc\u0103tor de top ar putea s\u0103 fie un pas major \u00een consolidarea echipei.<\/p>\n<p>&nbsp;<\/p>\n<p>Vedeta, care a fost un element cheie \u00een succesul echipei \u00een trecut, a declarat c\u0103 se simte preg\u0103tit\u0103 s\u0103 revin\u0103 \u00een s\u00e2nul clubului \u0219i s\u0103 contribuie din nou la performan\u021bele FCSB-ului pe terenul de fotbal. De-a lungul carierei sale, acest juc\u0103tor a c\u00e2\u0219tigat aprecierea fanilor \u0219i a fost un lider al echipei, fiind implicat \u00een numeroase momente memorabile din istoria recent\u0103 a clubului.<\/p>\n<p>&nbsp;<\/p>\n<p>FCSB a avut un sezon dificil, iar \u00eentoarcerea unui juc\u0103tor cu experien\u021b\u0103 \u0219i calitate ar putea aduce stabilitate \u0219i performan\u021be mai bune. De asemenea, \u00eentoarcerea sa ar putea s\u0103 ofere \u0219i un imbold moral echipei, \u00eencuraj\u00e2nd o atmosfer\u0103 mai pozitiv\u0103 \u00een vestiar \u0219i \u00een r\u00e2ndul suporterilor.<\/p>\n<p>&nbsp;<\/p>\n<p>\u00cen plus, conducerea clubului este \u00eencrez\u0103toare c\u0103 aceast\u0103 \u00eentoarcere va contribui la consolidarea identit\u0103\u021bii clubului \u0219i va aduce mai mult\u0103 competitivitate \u00een cadrul Ligii I. Fanii a\u0219teapt\u0103 cu ner\u0103bdare s\u0103-l vad\u0103 pe juc\u0103torul respectiv revenind \u00een tricoul FCSB-ului, iar acest anun\u021b este un motiv de s\u0103rb\u0103toare pentru \u00eentreaga suflare a echipei.<\/p>\n\n<div style=\"font-size: 0px; height: 0px; line-height: 0px; margin: 0; padding: 0; clear: both;\"><\/div>","protected":false},"excerpt":{"rendered":"<p>**Veste bun\u0103: &#8220;Vedeta celor de la FCSB &#8211; FC Steaua Bucure\u0219ti confirm\u0103 c\u0103 vrea s\u0103 se \u00eentoarc\u0103&#8230;&#8221;** &nbsp; FCSB &#8211; FC Steaua Bucure\u0219ti prime\u0219te o veste extraordinar\u0103 din partea uneia dintre cele mai mari vedete ale echipei. \u00centr-o declara\u021bie recent\u0103, juc\u0103torul a confirmat c\u0103 inten\u021bioneaz\u0103 s\u0103 se \u00eentoarc\u0103 la club, aduc\u00e2nd un val de optimism [&hellip;]<\/p>\n","protected":false},"author":1,"featured_media":16176,"comment_status":"open","ping_status":"open","sticky":false,"template":"","format":"standard","meta":{"_jetpack_memberships_contains_paid_content":false,"footnotes":""},"categories":[1],"tags":[],"class_list":["post-16175","post","type-post","status-publish","format-standard","has-post-thumbnail","hentry","category-uncategorized"],"yoast_head":"<!-- This site is optimized with the Yoast SEO plugin v27.4 - https:\/\/yoast.com\/product\/yoast-seo-wordpress\/ -->\n<title>Veste bun\u0103: &quot;Vedeta celor de la FCSB - FC Steaua .<\/title>\n<meta name=\"description\" content=\"Veste bun\u0103: &quot;Vedeta celor de la FCSB - FC Steaua Bucure\u0219ti confirm\u0103 c\u0103 vrea s\u0103 se \u00eentoarc\u0103...&quot;.......................\" \/>\n<meta name=\"robots\" content=\"index, follow, max-snippet:-1, max-image-preview:large, max-video-preview:-1\" \/>\n<link rel=\"canonical\" href=\"https:\/\/www.letsportsrock.com\/?p=16175\" \/>\n<meta property=\"og:locale\" content=\"en_US\" \/>\n<meta property=\"og:type\" content=\"article\" \/>\n<meta property=\"og:title\" content=\"Veste bun\u0103: &quot;Vedeta celor de la FCSB - FC Steaua .\" \/>\n<meta property=\"og:description\" content=\"Veste bun\u0103: &quot;Vedeta celor de la FCSB - FC Steaua Bucure\u0219ti confirm\u0103 c\u0103 vrea s\u0103 se \u00eentoarc\u0103...&quot;.......................\" \/>\n<meta property=\"og:url\" content=\"https:\/\/www.letsportsrock.com\/?p=16175\" \/>\n<meta property=\"og:site_name\" content=\"letsportsrock\" \/>\n<meta property=\"article:published_time\" content=\"2024-12-29T20:47:33+00:00\" \/>\n<meta property=\"article:modified_time\" content=\"2024-12-29T20:48:53+00:00\" \/>\n<meta property=\"og:image\" content=\"https:\/\/www.letsportsrock.com\/wp-content\/uploads\/2024\/12\/images-2024-12-29T214643.998.jpeg\" \/>\n\t<meta property=\"og:image:width\" content=\"682\" \/>\n\t<meta property=\"og:image:height\" content=\"449\" \/>\n\t<meta property=\"og:image:type\" content=\"image\/jpeg\" \/>\n<meta name=\"author\" content=\"letsportsrock\" \/>\n<meta name=\"twitter:card\" content=\"summary_large_image\" \/>\n<meta name=\"twitter:label1\" content=\"Written by\" \/>\n\t<meta name=\"twitter:data1\" content=\"letsportsrock\" \/>\n\t<meta name=\"twitter:label2\" content=\"Est. reading time\" \/>\n\t<meta name=\"twitter:data2\" content=\"2 minutes\" \/>\n<script type=\"application\/ld+json\" class=\"yoast-schema-graph\">{\"@context\":\"https:\\\/\\\/schema.org\",\"@graph\":[{\"@type\":\"Article\",\"@id\":\"https:\\\/\\\/www.letsportsrock.com\\\/?p=16175#article\",\"isPartOf\":{\"@id\":\"https:\\\/\\\/www.letsportsrock.com\\\/?p=16175\"},\"author\":{\"name\":\"letsportsrock\",\"@id\":\"https:\\\/\\\/www.letsportsrock.com\\\/#\\\/schema\\\/person\\\/a454ac24e58b214ddd97e4b5afb0bf01\"},\"headline\":\"Veste bun\u0103: &#8220;Vedeta celor de la FCSB &#8211; FC Steaua Bucure\u0219ti confirm\u0103 c\u0103 vrea s\u0103 se \u00eentoarc\u0103&#8230;&#8221;\",\"datePublished\":\"2024-12-29T20:47:33+00:00\",\"dateModified\":\"2024-12-29T20:48:53+00:00\",\"mainEntityOfPage\":{\"@id\":\"https:\\\/\\\/www.letsportsrock.com\\\/?p=16175\"},\"wordCount\":300,\"commentCount\":0,\"image\":{\"@id\":\"https:\\\/\\\/www.letsportsrock.com\\\/?p=16175#primaryimage\"},\"thumbnailUrl\":\"https:\\\/\\\/www.letsportsrock.com\\\/wp-content\\\/uploads\\\/2024\\\/12\\\/images-2024-12-29T214643.998.jpeg\",\"inLanguage\":\"en-US\",\"potentialAction\":[{\"@type\":\"CommentAction\",\"name\":\"Comment\",\"target\":[\"https:\\\/\\\/www.letsportsrock.com\\\/?p=16175#respond\"]}]},{\"@type\":\"WebPage\",\"@id\":\"https:\\\/\\\/www.letsportsrock.com\\\/?p=16175\",\"url\":\"https:\\\/\\\/www.letsportsrock.com\\\/?p=16175\",\"name\":\"Veste bun\u0103: \\\"Vedeta celor de la FCSB - FC Steaua .\",\"isPartOf\":{\"@id\":\"https:\\\/\\\/www.letsportsrock.com\\\/#website\"},\"primaryImageOfPage\":{\"@id\":\"https:\\\/\\\/www.letsportsrock.com\\\/?p=16175#primaryimage\"},\"image\":{\"@id\":\"https:\\\/\\\/www.letsportsrock.com\\\/?p=16175#primaryimage\"},\"thumbnailUrl\":\"https:\\\/\\\/www.letsportsrock.com\\\/wp-content\\\/uploads\\\/2024\\\/12\\\/images-2024-12-29T214643.998.jpeg\",\"datePublished\":\"2024-12-29T20:47:33+00:00\",\"dateModified\":\"2024-12-29T20:48:53+00:00\",\"author\":{\"@id\":\"https:\\\/\\\/www.letsportsrock.com\\\/#\\\/schema\\\/person\\\/a454ac24e58b214ddd97e4b5afb0bf01\"},\"description\":\"Veste bun\u0103: \\\"Vedeta celor de la FCSB - FC Steaua Bucure\u0219ti confirm\u0103 c\u0103 vrea s\u0103 se \u00eentoarc\u0103...\\\".......................\",\"breadcrumb\":{\"@id\":\"https:\\\/\\\/www.letsportsrock.com\\\/?p=16175#breadcrumb\"},\"inLanguage\":\"en-US\",\"potentialAction\":[{\"@type\":\"ReadAction\",\"target\":[\"https:\\\/\\\/www.letsportsrock.com\\\/?p=16175\"]}]},{\"@type\":\"ImageObject\",\"inLanguage\":\"en-US\",\"@id\":\"https:\\\/\\\/www.letsportsrock.com\\\/?p=16175#primaryimage\",\"url\":\"https:\\\/\\\/www.letsportsrock.com\\\/wp-content\\\/uploads\\\/2024\\\/12\\\/images-2024-12-29T214643.998.jpeg\",\"contentUrl\":\"https:\\\/\\\/www.letsportsrock.com\\\/wp-content\\\/uploads\\\/2024\\\/12\\\/images-2024-12-29T214643.998.jpeg\",\"width\":682,\"height\":449},{\"@type\":\"BreadcrumbList\",\"@id\":\"https:\\\/\\\/www.letsportsrock.com\\\/?p=16175#breadcrumb\",\"itemListElement\":[{\"@type\":\"ListItem\",\"position\":1,\"name\":\"Home\",\"item\":\"https:\\\/\\\/www.letsportsrock.com\\\/\"},{\"@type\":\"ListItem\",\"position\":2,\"name\":\"Veste bun\u0103: &#8220;Vedeta celor de la FCSB &#8211; FC Steaua Bucure\u0219ti confirm\u0103 c\u0103 vrea s\u0103 se \u00eentoarc\u0103&#8230;&#8221;\"}]},{\"@type\":\"WebSite\",\"@id\":\"https:\\\/\\\/www.letsportsrock.com\\\/#website\",\"url\":\"https:\\\/\\\/www.letsportsrock.com\\\/\",\"name\":\"letsportsrock\",\"description\":\"Sport News and Updates\",\"potentialAction\":[{\"@type\":\"SearchAction\",\"target\":{\"@type\":\"EntryPoint\",\"urlTemplate\":\"https:\\\/\\\/www.letsportsrock.com\\\/?s={search_term_string}\"},\"query-input\":{\"@type\":\"PropertyValueSpecification\",\"valueRequired\":true,\"valueName\":\"search_term_string\"}}],\"inLanguage\":\"en-US\"},{\"@type\":\"Person\",\"@id\":\"https:\\\/\\\/www.letsportsrock.com\\\/#\\\/schema\\\/person\\\/a454ac24e58b214ddd97e4b5afb0bf01\",\"name\":\"letsportsrock\",\"image\":{\"@type\":\"ImageObject\",\"inLanguage\":\"en-US\",\"@id\":\"https:\\\/\\\/secure.gravatar.com\\\/avatar\\\/f8ef950cbb7574c0bc874094b8d307659bfe2d7aa4a9d26fa6917eff010748f9?s=96&d=mm&r=g\",\"url\":\"https:\\\/\\\/secure.gravatar.com\\\/avatar\\\/f8ef950cbb7574c0bc874094b8d307659bfe2d7aa4a9d26fa6917eff010748f9?s=96&d=mm&r=g\",\"contentUrl\":\"https:\\\/\\\/secure.gravatar.com\\\/avatar\\\/f8ef950cbb7574c0bc874094b8d307659bfe2d7aa4a9d26fa6917eff010748f9?s=96&d=mm&r=g\",\"caption\":\"letsportsrock\"},\"sameAs\":[\"https:\\\/\\\/www.letsportsrock.com\"],\"url\":\"https:\\\/\\\/www.letsportsrock.com\\\/?author=1\"}]}<\/script>\n<!-- \/ Yoast SEO plugin. -->","yoast_head_json":{"title":"Veste bun\u0103: \"Vedeta celor de la FCSB - FC Steaua .","description":"Veste bun\u0103: \"Vedeta celor de la FCSB - FC Steaua Bucure\u0219ti confirm\u0103 c\u0103 vrea s\u0103 se \u00eentoarc\u0103...\".......................","robots":{"index":"index","follow":"follow","max-snippet":"max-snippet:-1","max-image-preview":"max-image-preview:large","max-video-preview":"max-video-preview:-1"},"canonical":"https:\/\/www.letsportsrock.com\/?p=16175","og_locale":"en_US","og_type":"article","og_title":"Veste bun\u0103: \"Vedeta celor de la FCSB - FC Steaua .","og_description":"Veste bun\u0103: \"Vedeta celor de la FCSB - FC Steaua Bucure\u0219ti confirm\u0103 c\u0103 vrea s\u0103 se \u00eentoarc\u0103...\".......................","og_url":"https:\/\/www.letsportsrock.com\/?p=16175","og_site_name":"letsportsrock","article_published_time":"2024-12-29T20:47:33+00:00","article_modified_time":"2024-12-29T20:48:53+00:00","og_image":[{"width":682,"height":449,"url":"https:\/\/www.letsportsrock.com\/wp-content\/uploads\/2024\/12\/images-2024-12-29T214643.998.jpeg","type":"image\/jpeg"}],"author":"letsportsrock","twitter_card":"summary_large_image","twitter_misc":{"Written by":"letsportsrock","Est. reading time":"2 minutes"},"schema":{"@context":"https:\/\/schema.org","@graph":[{"@type":"Article","@id":"https:\/\/www.letsportsrock.com\/?p=16175#article","isPartOf":{"@id":"https:\/\/www.letsportsrock.com\/?p=16175"},"author":{"name":"letsportsrock","@id":"https:\/\/www.letsportsrock.com\/#\/schema\/person\/a454ac24e58b214ddd97e4b5afb0bf01"},"headline":"Veste bun\u0103: &#8220;Vedeta celor de la FCSB &#8211; FC Steaua Bucure\u0219ti confirm\u0103 c\u0103 vrea s\u0103 se \u00eentoarc\u0103&#8230;&#8221;","datePublished":"2024-12-29T20:47:33+00:00","dateModified":"2024-12-29T20:48:53+00:00","mainEntityOfPage":{"@id":"https:\/\/www.letsportsrock.com\/?p=16175"},"wordCount":300,"commentCount":0,"image":{"@id":"https:\/\/www.letsportsrock.com\/?p=16175#primaryimage"},"thumbnailUrl":"https:\/\/www.letsportsrock.com\/wp-content\/uploads\/2024\/12\/images-2024-12-29T214643.998.jpeg","inLanguage":"en-US","potentialAction":[{"@type":"CommentAction","name":"Comment","target":["https:\/\/www.letsportsrock.com\/?p=16175#respond"]}]},{"@type":"WebPage","@id":"https:\/\/www.letsportsrock.com\/?p=16175","url":"https:\/\/www.letsportsrock.com\/?p=16175","name":"Veste bun\u0103: \"Vedeta celor de la FCSB - FC Steaua .","isPartOf":{"@id":"https:\/\/www.letsportsrock.com\/#website"},"primaryImageOfPage":{"@id":"https:\/\/www.letsportsrock.com\/?p=16175#primaryimage"},"image":{"@id":"https:\/\/www.letsportsrock.com\/?p=16175#primaryimage"},"thumbnailUrl":"https:\/\/www.letsportsrock.com\/wp-content\/uploads\/2024\/12\/images-2024-12-29T214643.998.jpeg","datePublished":"2024-12-29T20:47:33+00:00","dateModified":"2024-12-29T20:48:53+00:00","author":{"@id":"https:\/\/www.letsportsrock.com\/#\/schema\/person\/a454ac24e58b214ddd97e4b5afb0bf01"},"description":"Veste bun\u0103: \"Vedeta celor de la FCSB - FC Steaua Bucure\u0219ti confirm\u0103 c\u0103 vrea s\u0103 se \u00eentoarc\u0103...\".......................","breadcrumb":{"@id":"https:\/\/www.letsportsrock.com\/?p=16175#breadcrumb"},"inLanguage":"en-US","potentialAction":[{"@type":"ReadAction","target":["https:\/\/www.letsportsrock.com\/?p=16175"]}]},{"@type":"ImageObject","inLanguage":"en-US","@id":"https:\/\/www.letsportsrock.com\/?p=16175#primaryimage","url":"https:\/\/www.letsportsrock.com\/wp-content\/uploads\/2024\/12\/images-2024-12-29T214643.998.jpeg","contentUrl":"https:\/\/www.letsportsrock.com\/wp-content\/uploads\/2024\/12\/images-2024-12-29T214643.998.jpeg","width":682,"height":449},{"@type":"BreadcrumbList","@id":"https:\/\/www.letsportsrock.com\/?p=16175#breadcrumb","itemListElement":[{"@type":"ListItem","position":1,"name":"Home","item":"https:\/\/www.letsportsrock.com\/"},{"@type":"ListItem","position":2,"name":"Veste bun\u0103: &#8220;Vedeta celor de la FCSB &#8211; FC Steaua Bucure\u0219ti confirm\u0103 c\u0103 vrea s\u0103 se \u00eentoarc\u0103&#8230;&#8221;"}]},{"@type":"WebSite","@id":"https:\/\/www.letsportsrock.com\/#website","url":"https:\/\/www.letsportsrock.com\/","name":"letsportsrock","description":"Sport News and Updates","potentialAction":[{"@type":"SearchAction","target":{"@type":"EntryPoint","urlTemplate":"https:\/\/www.letsportsrock.com\/?s={search_term_string}"},"query-input":{"@type":"PropertyValueSpecification","valueRequired":true,"valueName":"search_term_string"}}],"inLanguage":"en-US"},{"@type":"Person","@id":"https:\/\/www.letsportsrock.com\/#\/schema\/person\/a454ac24e58b214ddd97e4b5afb0bf01","name":"letsportsrock","image":{"@type":"ImageObject","inLanguage":"en-US","@id":"https:\/\/secure.gravatar.com\/avatar\/f8ef950cbb7574c0bc874094b8d307659bfe2d7aa4a9d26fa6917eff010748f9?s=96&d=mm&r=g","url":"https:\/\/secure.gravatar.com\/avatar\/f8ef950cbb7574c0bc874094b8d307659bfe2d7aa4a9d26fa6917eff010748f9?s=96&d=mm&r=g","contentUrl":"https:\/\/secure.gravatar.com\/avatar\/f8ef950cbb7574c0bc874094b8d307659bfe2d7aa4a9d26fa6917eff010748f9?s=96&d=mm&r=g","caption":"letsportsrock"},"sameAs":["https:\/\/www.letsportsrock.com"],"url":"https:\/\/www.letsportsrock.com\/?author=1"}]}},"jetpack_featured_media_url":"https:\/\/www.letsportsrock.com\/wp-content\/uploads\/2024\/12\/images-2024-12-29T214643.998.jpeg","jetpack_sharing_enabled":true,"_links":{"self":[{"href":"https:\/\/www.letsportsrock.com\/index.php?rest_route=\/wp\/v2\/posts\/16175","targetHints":{"allow":["GET"]}}],"collection":[{"href":"https:\/\/www.letsportsrock.com\/index.php?rest_route=\/wp\/v2\/posts"}],"about":[{"href":"https:\/\/www.letsportsrock.com\/index.php?rest_route=\/wp\/v2\/types\/post"}],"author":[{"embeddable":true,"href":"https:\/\/www.letsportsrock.com\/index.php?rest_route=\/wp\/v2\/users\/1"}],"replies":[{"embeddable":true,"href":"https:\/\/www.letsportsrock.com\/index.php?rest_route=%2Fwp%2Fv2%2Fcomments&post=16175"}],"version-history":[{"count":1,"href":"https:\/\/www.letsportsrock.com\/index.php?rest_route=\/wp\/v2\/posts\/16175\/revisions"}],"predecessor-version":[{"id":16177,"href":"https:\/\/www.letsportsrock.com\/index.php?rest_route=\/wp\/v2\/posts\/16175\/revisions\/16177"}],"wp:featuredmedia":[{"embeddable":true,"href":"https:\/\/www.letsportsrock.com\/index.php?rest_route=\/wp\/v2\/media\/16176"}],"wp:attachment":[{"href":"https:\/\/www.letsportsrock.com\/index.php?rest_route=%2Fwp%2Fv2%2Fmedia&parent=16175"}],"wp:term":[{"taxonomy":"category","embeddable":true,"href":"https:\/\/www.letsportsrock.com\/index.php?rest_route=%2Fwp%2Fv2%2Fcategories&post=16175"},{"taxonomy":"post_tag","embeddable":true,"href":"https:\/\/www.letsportsrock.com\/index.php?rest_route=%2Fwp%2Fv2%2Ftags&post=16175"}],"curies":[{"name":"wp","href":"https:\/\/api.w.org\/{rel}","templated":true}]}}