{"id":16300,"date":"2024-12-30T03:43:35","date_gmt":"2024-12-30T03:43:35","guid":{"rendered":"https:\/\/www.letsportsrock.com\/?p=16300"},"modified":"2024-12-30T03:50:19","modified_gmt":"2024-12-30T03:50:19","slug":"stiri-triste-in-acest-moment-antrenorul-principal-al-rapid","status":"publish","type":"post","link":"https:\/\/www.letsportsrock.com\/?p=16300","title":{"rendered":"\u0218TIRI TRISTE: \u00cen acest moment, antrenorul principal al Rapid Bucure\u0219ti a fost demis pentru un an \u0219i dou\u0103 \u2026.Citi\u021bi mai multe detalii \u00een"},"content":{"rendered":"<div class=\"d79db4796efc26332eabfc3f5dafbc76\" data-index=\"1\" style=\"float: none; margin:10px 0 10px 0; text-align:center;\">\n<div class=\"hb-ad-inarticle\">\r\n    <div class=\"hb-ad-inner\"> \r\n    <div class=\"hbagency_cls\"  id=\"hbagency_space_111930\"><\/div><\/div> <\/div>\n<\/div>\n<p>It seems like I don&#8217;t have access to the latest news right now, but I can help you draft a sample response based on general news writing conventions. If you can provide me with more details, I would be happy to assist further!<\/p>\n<p>&nbsp;<\/p>\n<p>Here\u2019s an example based on the structure you might be referring to:<\/p>\n<p>&nbsp;<\/p>\n<p>\u0218tiri Triste: Antrenorul Principal al Rapid Bucure\u0219ti a Fost Demis<\/p>\n<p>&nbsp;<\/p>\n<p>\u00centr-o veste trist\u0103 pentru fanii Rapidului, clubul bucure\u0219tean a anun\u021bat ast\u0103zi demiterea antrenorului principal al echipei. Decizia vine dup\u0103 o perioad\u0103 de instabilitate \u00een rezultate \u0219i de performan\u021be nesatisf\u0103c\u0103toare \u00een competi\u021biile interne. Antrenorul a fost \u00een func\u021bie pentru aproximativ un an \u0219i dou\u0103 luni, \u00eens\u0103, \u00een urma analizelor f\u0103cute de conducere, s-a considerat c\u0103 este necesar un schimb pentru a relansa echipa.<\/p>\n<p>&nbsp;<\/p>\n<p>Rapid Bucure\u0219ti se afl\u0103 \u00eentr-o perioad\u0103 de reconstruire, iar demiterea antrenorului face parte dintr-o serie de m\u0103suri menite s\u0103 aduc\u0103 echipa \u00eenapoi pe drumul victoriilor. Fanii sunt dezam\u0103gi\u021bi de aceast\u0103 decizie, dar sper\u0103 c\u0103 schimbarea va aduce o nou\u0103 er\u0103 de succes. De asemenea, conducerea clubului a mul\u021bumit antrenorului pentru munca depus\u0103, dar a subliniat c\u0103 obiectivele echipei nu au fost \u00eendeplinite.<\/p>\n<p>&nbsp;<\/p>\n<p>\u00cen urm\u0103toarele zile, Rapid Bucure\u0219ti va anun\u021ba numele noului antrenor principal, iar fanii sper\u0103 ca aceast\u0103 schimbare s\u0103 aduc\u0103 un suflu nou echipei.<\/p>\n<p>&nbsp;<\/p>\n<p>This is a generic draft. If you have additional specifics or want to modify the tone or information, let me know!<\/p>\n<p>&nbsp;<\/p>\n<p>&nbsp;<\/p>\n\n<div style=\"font-size: 0px; height: 0px; line-height: 0px; margin: 0; padding: 0; clear: both;\"><\/div>","protected":false},"excerpt":{"rendered":"<p>It seems like I don&#8217;t have access to the latest news right now, but I can help you draft a sample response based on general news writing conventions. If you can provide me with more details, I would be happy to assist further! &nbsp; Here\u2019s an example based on the structure you might be referring [&hellip;]<\/p>\n","protected":false},"author":5,"featured_media":16306,"comment_status":"open","ping_status":"open","sticky":false,"template":"","format":"standard","meta":{"_jetpack_memberships_contains_paid_content":false,"footnotes":""},"categories":[1],"tags":[410],"class_list":["post-16300","post","type-post","status-publish","format-standard","has-post-thumbnail","hentry","category-uncategorized","tag-fc-rapid-bucuresti"],"yoast_head":"<!-- This site is optimized with the Yoast SEO plugin v27.5 - https:\/\/yoast.com\/product\/yoast-seo-wordpress\/ -->\n<title>\u0218TIRI TRISTE: \u00cen acest moment, antrenorul principal al Rapid...<\/title>\n<meta name=\"description\" content=\"\u0218TIRI TRISTE: \u00cen acest moment, antrenorul principal al Rapid Bucure\u0219ti a fost demis pentru un an \u0219i dou\u0103 \u2026.Citi\u021bi mai multe detalii \u00een\" \/>\n<meta name=\"robots\" content=\"index, follow, max-snippet:-1, max-image-preview:large, max-video-preview:-1\" \/>\n<link rel=\"canonical\" href=\"https:\/\/www.letsportsrock.com\/?p=16300\" \/>\n<meta property=\"og:locale\" content=\"en_US\" \/>\n<meta property=\"og:type\" content=\"article\" \/>\n<meta property=\"og:title\" content=\"\u0218TIRI TRISTE: \u00cen acest moment, antrenorul principal al Rapid...\" \/>\n<meta property=\"og:description\" content=\"\u0218TIRI TRISTE: \u00cen acest moment, antrenorul principal al Rapid Bucure\u0219ti a fost demis pentru un an \u0219i dou\u0103 \u2026.Citi\u021bi mai multe detalii \u00een\" \/>\n<meta property=\"og:url\" content=\"https:\/\/www.letsportsrock.com\/?p=16300\" \/>\n<meta property=\"og:site_name\" content=\"letsportsrock\" \/>\n<meta property=\"article:published_time\" content=\"2024-12-30T03:43:35+00:00\" \/>\n<meta property=\"article:modified_time\" content=\"2024-12-30T03:50:19+00:00\" \/>\n<meta property=\"og:image\" content=\"https:\/\/www.letsportsrock.com\/wp-content\/uploads\/2024\/12\/images-6-5.jpeg\" \/>\n\t<meta property=\"og:image:width\" content=\"650\" \/>\n\t<meta property=\"og:image:height\" content=\"350\" \/>\n\t<meta property=\"og:image:type\" content=\"image\/jpeg\" \/>\n<meta name=\"author\" content=\"Commy Msuurshima\" \/>\n<meta name=\"twitter:card\" content=\"summary_large_image\" \/>\n<meta name=\"twitter:label1\" content=\"Written by\" \/>\n\t<meta name=\"twitter:data1\" content=\"Commy Msuurshima\" \/>\n\t<meta name=\"twitter:label2\" content=\"Est. reading time\" \/>\n\t<meta name=\"twitter:data2\" content=\"2 minutes\" \/>\n<script type=\"application\/ld+json\" class=\"yoast-schema-graph\">{\"@context\":\"https:\\\/\\\/schema.org\",\"@graph\":[{\"@type\":\"Article\",\"@id\":\"https:\\\/\\\/www.letsportsrock.com\\\/?p=16300#article\",\"isPartOf\":{\"@id\":\"https:\\\/\\\/www.letsportsrock.com\\\/?p=16300\"},\"author\":{\"name\":\"Commy Msuurshima\",\"@id\":\"https:\\\/\\\/www.letsportsrock.com\\\/#\\\/schema\\\/person\\\/48a7d50d6b0e142e624de09fb01c90ed\"},\"headline\":\"\u0218TIRI TRISTE: \u00cen acest moment, antrenorul principal al Rapid Bucure\u0219ti a fost demis pentru un an \u0219i dou\u0103 \u2026.Citi\u021bi mai multe detalii \u00een\",\"datePublished\":\"2024-12-30T03:43:35+00:00\",\"dateModified\":\"2024-12-30T03:50:19+00:00\",\"mainEntityOfPage\":{\"@id\":\"https:\\\/\\\/www.letsportsrock.com\\\/?p=16300\"},\"wordCount\":286,\"commentCount\":0,\"image\":{\"@id\":\"https:\\\/\\\/www.letsportsrock.com\\\/?p=16300#primaryimage\"},\"thumbnailUrl\":\"https:\\\/\\\/www.letsportsrock.com\\\/wp-content\\\/uploads\\\/2024\\\/12\\\/images-6-5.jpeg\",\"keywords\":[\"FC Rapid Bucure\u0219ti\"],\"inLanguage\":\"en-US\",\"potentialAction\":[{\"@type\":\"CommentAction\",\"name\":\"Comment\",\"target\":[\"https:\\\/\\\/www.letsportsrock.com\\\/?p=16300#respond\"]}]},{\"@type\":\"WebPage\",\"@id\":\"https:\\\/\\\/www.letsportsrock.com\\\/?p=16300\",\"url\":\"https:\\\/\\\/www.letsportsrock.com\\\/?p=16300\",\"name\":\"\u0218TIRI TRISTE: \u00cen acest moment, antrenorul principal al Rapid...\",\"isPartOf\":{\"@id\":\"https:\\\/\\\/www.letsportsrock.com\\\/#website\"},\"primaryImageOfPage\":{\"@id\":\"https:\\\/\\\/www.letsportsrock.com\\\/?p=16300#primaryimage\"},\"image\":{\"@id\":\"https:\\\/\\\/www.letsportsrock.com\\\/?p=16300#primaryimage\"},\"thumbnailUrl\":\"https:\\\/\\\/www.letsportsrock.com\\\/wp-content\\\/uploads\\\/2024\\\/12\\\/images-6-5.jpeg\",\"datePublished\":\"2024-12-30T03:43:35+00:00\",\"dateModified\":\"2024-12-30T03:50:19+00:00\",\"author\":{\"@id\":\"https:\\\/\\\/www.letsportsrock.com\\\/#\\\/schema\\\/person\\\/48a7d50d6b0e142e624de09fb01c90ed\"},\"description\":\"\u0218TIRI TRISTE: \u00cen acest moment, antrenorul principal al Rapid Bucure\u0219ti a fost demis pentru un an \u0219i dou\u0103 \u2026.Citi\u021bi mai multe detalii \u00een\",\"breadcrumb\":{\"@id\":\"https:\\\/\\\/www.letsportsrock.com\\\/?p=16300#breadcrumb\"},\"inLanguage\":\"en-US\",\"potentialAction\":[{\"@type\":\"ReadAction\",\"target\":[\"https:\\\/\\\/www.letsportsrock.com\\\/?p=16300\"]}]},{\"@type\":\"ImageObject\",\"inLanguage\":\"en-US\",\"@id\":\"https:\\\/\\\/www.letsportsrock.com\\\/?p=16300#primaryimage\",\"url\":\"https:\\\/\\\/www.letsportsrock.com\\\/wp-content\\\/uploads\\\/2024\\\/12\\\/images-6-5.jpeg\",\"contentUrl\":\"https:\\\/\\\/www.letsportsrock.com\\\/wp-content\\\/uploads\\\/2024\\\/12\\\/images-6-5.jpeg\",\"width\":650,\"height\":350},{\"@type\":\"BreadcrumbList\",\"@id\":\"https:\\\/\\\/www.letsportsrock.com\\\/?p=16300#breadcrumb\",\"itemListElement\":[{\"@type\":\"ListItem\",\"position\":1,\"name\":\"Home\",\"item\":\"https:\\\/\\\/www.letsportsrock.com\\\/\"},{\"@type\":\"ListItem\",\"position\":2,\"name\":\"\u0218TIRI TRISTE: \u00cen acest moment, antrenorul principal al Rapid Bucure\u0219ti a fost demis pentru un an \u0219i dou\u0103 \u2026.Citi\u021bi mai multe detalii \u00een\"}]},{\"@type\":\"WebSite\",\"@id\":\"https:\\\/\\\/www.letsportsrock.com\\\/#website\",\"url\":\"https:\\\/\\\/www.letsportsrock.com\\\/\",\"name\":\"letsportsrock\",\"description\":\"Sport News and Updates\",\"potentialAction\":[{\"@type\":\"SearchAction\",\"target\":{\"@type\":\"EntryPoint\",\"urlTemplate\":\"https:\\\/\\\/www.letsportsrock.com\\\/?s={search_term_string}\"},\"query-input\":{\"@type\":\"PropertyValueSpecification\",\"valueRequired\":true,\"valueName\":\"search_term_string\"}}],\"inLanguage\":\"en-US\"},{\"@type\":\"Person\",\"@id\":\"https:\\\/\\\/www.letsportsrock.com\\\/#\\\/schema\\\/person\\\/48a7d50d6b0e142e624de09fb01c90ed\",\"name\":\"Commy Msuurshima\",\"image\":{\"@type\":\"ImageObject\",\"inLanguage\":\"en-US\",\"@id\":\"https:\\\/\\\/secure.gravatar.com\\\/avatar\\\/93ebd91bfe49a370e03292e81b65e6f106b4c734b18cac41570aa99a1503b409?s=96&d=mm&r=g\",\"url\":\"https:\\\/\\\/secure.gravatar.com\\\/avatar\\\/93ebd91bfe49a370e03292e81b65e6f106b4c734b18cac41570aa99a1503b409?s=96&d=mm&r=g\",\"contentUrl\":\"https:\\\/\\\/secure.gravatar.com\\\/avatar\\\/93ebd91bfe49a370e03292e81b65e6f106b4c734b18cac41570aa99a1503b409?s=96&d=mm&r=g\",\"caption\":\"Commy Msuurshima\"},\"sameAs\":[\"http:\\\/\\\/Letsportsrock.com\"],\"url\":\"https:\\\/\\\/www.letsportsrock.com\\\/?author=5\"}]}<\/script>\n<!-- \/ Yoast SEO plugin. -->","yoast_head_json":{"title":"\u0218TIRI TRISTE: \u00cen acest moment, antrenorul principal al Rapid...","description":"\u0218TIRI TRISTE: \u00cen acest moment, antrenorul principal al Rapid Bucure\u0219ti a fost demis pentru un an \u0219i dou\u0103 \u2026.Citi\u021bi mai multe detalii \u00een","robots":{"index":"index","follow":"follow","max-snippet":"max-snippet:-1","max-image-preview":"max-image-preview:large","max-video-preview":"max-video-preview:-1"},"canonical":"https:\/\/www.letsportsrock.com\/?p=16300","og_locale":"en_US","og_type":"article","og_title":"\u0218TIRI TRISTE: \u00cen acest moment, antrenorul principal al Rapid...","og_description":"\u0218TIRI TRISTE: \u00cen acest moment, antrenorul principal al Rapid Bucure\u0219ti a fost demis pentru un an \u0219i dou\u0103 \u2026.Citi\u021bi mai multe detalii \u00een","og_url":"https:\/\/www.letsportsrock.com\/?p=16300","og_site_name":"letsportsrock","article_published_time":"2024-12-30T03:43:35+00:00","article_modified_time":"2024-12-30T03:50:19+00:00","og_image":[{"width":650,"height":350,"url":"https:\/\/www.letsportsrock.com\/wp-content\/uploads\/2024\/12\/images-6-5.jpeg","type":"image\/jpeg"}],"author":"Commy Msuurshima","twitter_card":"summary_large_image","twitter_misc":{"Written by":"Commy Msuurshima","Est. reading time":"2 minutes"},"schema":{"@context":"https:\/\/schema.org","@graph":[{"@type":"Article","@id":"https:\/\/www.letsportsrock.com\/?p=16300#article","isPartOf":{"@id":"https:\/\/www.letsportsrock.com\/?p=16300"},"author":{"name":"Commy Msuurshima","@id":"https:\/\/www.letsportsrock.com\/#\/schema\/person\/48a7d50d6b0e142e624de09fb01c90ed"},"headline":"\u0218TIRI TRISTE: \u00cen acest moment, antrenorul principal al Rapid Bucure\u0219ti a fost demis pentru un an \u0219i dou\u0103 \u2026.Citi\u021bi mai multe detalii \u00een","datePublished":"2024-12-30T03:43:35+00:00","dateModified":"2024-12-30T03:50:19+00:00","mainEntityOfPage":{"@id":"https:\/\/www.letsportsrock.com\/?p=16300"},"wordCount":286,"commentCount":0,"image":{"@id":"https:\/\/www.letsportsrock.com\/?p=16300#primaryimage"},"thumbnailUrl":"https:\/\/www.letsportsrock.com\/wp-content\/uploads\/2024\/12\/images-6-5.jpeg","keywords":["FC Rapid Bucure\u0219ti"],"inLanguage":"en-US","potentialAction":[{"@type":"CommentAction","name":"Comment","target":["https:\/\/www.letsportsrock.com\/?p=16300#respond"]}]},{"@type":"WebPage","@id":"https:\/\/www.letsportsrock.com\/?p=16300","url":"https:\/\/www.letsportsrock.com\/?p=16300","name":"\u0218TIRI TRISTE: \u00cen acest moment, antrenorul principal al Rapid...","isPartOf":{"@id":"https:\/\/www.letsportsrock.com\/#website"},"primaryImageOfPage":{"@id":"https:\/\/www.letsportsrock.com\/?p=16300#primaryimage"},"image":{"@id":"https:\/\/www.letsportsrock.com\/?p=16300#primaryimage"},"thumbnailUrl":"https:\/\/www.letsportsrock.com\/wp-content\/uploads\/2024\/12\/images-6-5.jpeg","datePublished":"2024-12-30T03:43:35+00:00","dateModified":"2024-12-30T03:50:19+00:00","author":{"@id":"https:\/\/www.letsportsrock.com\/#\/schema\/person\/48a7d50d6b0e142e624de09fb01c90ed"},"description":"\u0218TIRI TRISTE: \u00cen acest moment, antrenorul principal al Rapid Bucure\u0219ti a fost demis pentru un an \u0219i dou\u0103 \u2026.Citi\u021bi mai multe detalii \u00een","breadcrumb":{"@id":"https:\/\/www.letsportsrock.com\/?p=16300#breadcrumb"},"inLanguage":"en-US","potentialAction":[{"@type":"ReadAction","target":["https:\/\/www.letsportsrock.com\/?p=16300"]}]},{"@type":"ImageObject","inLanguage":"en-US","@id":"https:\/\/www.letsportsrock.com\/?p=16300#primaryimage","url":"https:\/\/www.letsportsrock.com\/wp-content\/uploads\/2024\/12\/images-6-5.jpeg","contentUrl":"https:\/\/www.letsportsrock.com\/wp-content\/uploads\/2024\/12\/images-6-5.jpeg","width":650,"height":350},{"@type":"BreadcrumbList","@id":"https:\/\/www.letsportsrock.com\/?p=16300#breadcrumb","itemListElement":[{"@type":"ListItem","position":1,"name":"Home","item":"https:\/\/www.letsportsrock.com\/"},{"@type":"ListItem","position":2,"name":"\u0218TIRI TRISTE: \u00cen acest moment, antrenorul principal al Rapid Bucure\u0219ti a fost demis pentru un an \u0219i dou\u0103 \u2026.Citi\u021bi mai multe detalii \u00een"}]},{"@type":"WebSite","@id":"https:\/\/www.letsportsrock.com\/#website","url":"https:\/\/www.letsportsrock.com\/","name":"letsportsrock","description":"Sport News and Updates","potentialAction":[{"@type":"SearchAction","target":{"@type":"EntryPoint","urlTemplate":"https:\/\/www.letsportsrock.com\/?s={search_term_string}"},"query-input":{"@type":"PropertyValueSpecification","valueRequired":true,"valueName":"search_term_string"}}],"inLanguage":"en-US"},{"@type":"Person","@id":"https:\/\/www.letsportsrock.com\/#\/schema\/person\/48a7d50d6b0e142e624de09fb01c90ed","name":"Commy Msuurshima","image":{"@type":"ImageObject","inLanguage":"en-US","@id":"https:\/\/secure.gravatar.com\/avatar\/93ebd91bfe49a370e03292e81b65e6f106b4c734b18cac41570aa99a1503b409?s=96&d=mm&r=g","url":"https:\/\/secure.gravatar.com\/avatar\/93ebd91bfe49a370e03292e81b65e6f106b4c734b18cac41570aa99a1503b409?s=96&d=mm&r=g","contentUrl":"https:\/\/secure.gravatar.com\/avatar\/93ebd91bfe49a370e03292e81b65e6f106b4c734b18cac41570aa99a1503b409?s=96&d=mm&r=g","caption":"Commy Msuurshima"},"sameAs":["http:\/\/Letsportsrock.com"],"url":"https:\/\/www.letsportsrock.com\/?author=5"}]}},"jetpack_featured_media_url":"https:\/\/www.letsportsrock.com\/wp-content\/uploads\/2024\/12\/images-6-5.jpeg","jetpack_sharing_enabled":true,"_links":{"self":[{"href":"https:\/\/www.letsportsrock.com\/index.php?rest_route=\/wp\/v2\/posts\/16300","targetHints":{"allow":["GET"]}}],"collection":[{"href":"https:\/\/www.letsportsrock.com\/index.php?rest_route=\/wp\/v2\/posts"}],"about":[{"href":"https:\/\/www.letsportsrock.com\/index.php?rest_route=\/wp\/v2\/types\/post"}],"author":[{"embeddable":true,"href":"https:\/\/www.letsportsrock.com\/index.php?rest_route=\/wp\/v2\/users\/5"}],"replies":[{"embeddable":true,"href":"https:\/\/www.letsportsrock.com\/index.php?rest_route=%2Fwp%2Fv2%2Fcomments&post=16300"}],"version-history":[{"count":1,"href":"https:\/\/www.letsportsrock.com\/index.php?rest_route=\/wp\/v2\/posts\/16300\/revisions"}],"predecessor-version":[{"id":16305,"href":"https:\/\/www.letsportsrock.com\/index.php?rest_route=\/wp\/v2\/posts\/16300\/revisions\/16305"}],"wp:featuredmedia":[{"embeddable":true,"href":"https:\/\/www.letsportsrock.com\/index.php?rest_route=\/wp\/v2\/media\/16306"}],"wp:attachment":[{"href":"https:\/\/www.letsportsrock.com\/index.php?rest_route=%2Fwp%2Fv2%2Fmedia&parent=16300"}],"wp:term":[{"taxonomy":"category","embeddable":true,"href":"https:\/\/www.letsportsrock.com\/index.php?rest_route=%2Fwp%2Fv2%2Fcategories&post=16300"},{"taxonomy":"post_tag","embeddable":true,"href":"https:\/\/www.letsportsrock.com\/index.php?rest_route=%2Fwp%2Fv2%2Ftags&post=16300"}],"curies":[{"name":"wp","href":"https:\/\/api.w.org\/{rel}","templated":true}]}}