{"id":16436,"date":"2024-12-30T18:36:55","date_gmt":"2024-12-30T18:36:55","guid":{"rendered":"https:\/\/www.letsportsrock.com\/?p=16436"},"modified":"2024-12-30T18:36:55","modified_gmt":"2024-12-30T18:36:55","slug":"denis-politic-isi-reziliaza-contractul-cu-fc-dinamo-bucuresti-si-se-muta-la-fc-rapid-bucuresti-declarand-ca-va","status":"publish","type":"post","link":"https:\/\/www.letsportsrock.com\/?p=16436","title":{"rendered":"&#8220;Denis Politic \u00ee\u0219i reziliaz\u0103 contractul cu FC Dinamo Bucure\u0219ti \u0219i se mut\u0103 la FC Rapid Bucure\u0219ti, declar\u00e2nd c\u0103 va&#8230;&#8221;"},"content":{"rendered":"<div class=\"d79db4796efc26332eabfc3f5dafbc76\" data-index=\"1\" style=\"float: none; margin:10px 0 10px 0; text-align:center;\">\n<div class=\"hb-ad-inarticle\">\r\n    <div class=\"hb-ad-inner\"> \r\n    <div class=\"hbagency_cls\"  id=\"hbagency_space_111930\"><\/div><\/div> <\/div>\n<\/div>\n<p>**Denis Politic \u00ee\u0219i reziliaz\u0103 contractul cu FC Dinamo Bucure\u0219ti \u0219i se mut\u0103 la FC Rapid Bucure\u0219ti, declar\u00e2nd c\u0103 va&#8230;**<\/p>\n<p>&nbsp;<\/p>\n<p>\u00centr-o mi\u0219care surprinz\u0103toare pentru iubitorii fotbalului din Rom\u00e2nia, Denis Politic a anun\u021bat c\u0103 \u00ee\u0219i va rezilia contractul cu FC Dinamo Bucure\u0219ti \u0219i va semna cu rivalii de la FC Rapid Bucure\u0219ti. Mijloca\u0219ul de 23 de ani, care a fost adus \u00een 2022 la Dinamo, a avut o perioad\u0103 marcat\u0103 de fluctua\u021bii, \u00eens\u0103 transferul s\u0103u c\u0103tre echipa giule\u0219tean\u0103 este considerat un pas important \u00een cariera sa.<\/p>\n<p>&nbsp;<\/p>\n<p>\u00cen cadrul unui interviu acordat imediat dup\u0103 anun\u021b, Politic a declarat c\u0103 decizia de a p\u0103r\u0103si Dinamo a fost una dificil\u0103, dar necesar\u0103 pentru dezvoltarea sa profesional\u0103. \u201eAm fost aici timp de c\u00e2teva luni \u0219i am avut momente bune, dar simt c\u0103 este momentul pentru un nou \u00eenceput. Rapidul reprezint\u0103 o oportunitate de a evolua \u0219i de a c\u00e2\u0219tiga trofee al\u0103turi de o echip\u0103 cu o istorie mare \u0219i o baz\u0103 de suporteri incredibil\u0103&#8221;, a declarat Politic. Mijloca\u0219ul a subliniat, de asemenea, importan\u021ba noului proiect la Rapid \u0219i ambi\u021biile echipei, care vizeaz\u0103 c\u00e2\u0219tigarea campionatului \u0219i o clasare bun\u0103 \u00een competi\u021biile europene.<\/p>\n<p>&nbsp;<\/p>\n<p>La r\u00e2ndul s\u0103u, oficialii clubului Rapid au exprimat entuziasm fa\u021b\u0103 de acest transfer \u0219i au l\u0103udat calit\u0103\u021bile lui Politic, consider\u00e2ndu-l un juc\u0103tor de perspectiv\u0103 care poate aduce un plus de valoare echipei. De asemenea, au fost mul\u021bumi\u021bi de rapiditatea cu care s-a finalizat transferul, ceea ce subliniaz\u0103 inten\u021bia clubului de a se \u00eent\u0103ri \u00een vederea competi\u021biilor interne \u0219i interna\u021bionale din sezonul urm\u0103tor.<\/p>\n<p>&nbsp;<\/p>\n<p>Prin acest transfer, Denis Politic face un pas important \u00een cariera sa, iar suporterii celor dou\u0103 echipe se a\u0219teapt\u0103 la o rivalitate intens\u0103 pe teren \u00een urm\u0103toarele luni.<\/p>\n\n<div style=\"font-size: 0px; height: 0px; line-height: 0px; margin: 0; padding: 0; clear: both;\"><\/div>","protected":false},"excerpt":{"rendered":"<p>**Denis Politic \u00ee\u0219i reziliaz\u0103 contractul cu FC Dinamo Bucure\u0219ti \u0219i se mut\u0103 la FC Rapid Bucure\u0219ti, declar\u00e2nd c\u0103 va&#8230;** &nbsp; \u00centr-o mi\u0219care surprinz\u0103toare pentru iubitorii fotbalului din Rom\u00e2nia, Denis Politic a anun\u021bat c\u0103 \u00ee\u0219i va rezilia contractul cu FC Dinamo Bucure\u0219ti \u0219i va semna cu rivalii de la FC Rapid Bucure\u0219ti. Mijloca\u0219ul de 23 de [&hellip;]<\/p>\n","protected":false},"author":1,"featured_media":16437,"comment_status":"open","ping_status":"open","sticky":false,"template":"","format":"standard","meta":{"_jetpack_memberships_contains_paid_content":false,"footnotes":""},"categories":[1],"tags":[],"class_list":["post-16436","post","type-post","status-publish","format-standard","has-post-thumbnail","hentry","category-uncategorized"],"yoast_head":"<!-- This site is optimized with the Yoast SEO plugin v27.4 - https:\/\/yoast.com\/product\/yoast-seo-wordpress\/ -->\n<title>&quot;Denis Politic \u00ee\u0219i reziliaz\u0103 contractul cu FC Dinamo Bucure\u0219ti<\/title>\n<meta name=\"description\" content=\"&quot;Denis Politic \u00ee\u0219i reziliaz\u0103 contractul cu FC Dinamo Bucure\u0219ti \u0219i se mut\u0103 la FC Rapid Bucure\u0219ti, declar\u00e2nd c\u0103 va...&quot;\" \/>\n<meta name=\"robots\" content=\"index, follow, max-snippet:-1, max-image-preview:large, max-video-preview:-1\" \/>\n<link rel=\"canonical\" href=\"https:\/\/www.letsportsrock.com\/?p=16436\" \/>\n<meta property=\"og:locale\" content=\"en_US\" \/>\n<meta property=\"og:type\" content=\"article\" \/>\n<meta property=\"og:title\" content=\"&quot;Denis Politic \u00ee\u0219i reziliaz\u0103 contractul cu FC Dinamo Bucure\u0219ti\" \/>\n<meta property=\"og:description\" content=\"&quot;Denis Politic \u00ee\u0219i reziliaz\u0103 contractul cu FC Dinamo Bucure\u0219ti \u0219i se mut\u0103 la FC Rapid Bucure\u0219ti, declar\u00e2nd c\u0103 va...&quot;\" \/>\n<meta property=\"og:url\" content=\"https:\/\/www.letsportsrock.com\/?p=16436\" \/>\n<meta property=\"og:site_name\" content=\"letsportsrock\" \/>\n<meta property=\"article:published_time\" content=\"2024-12-30T18:36:55+00:00\" \/>\n<meta property=\"og:image\" content=\"https:\/\/www.letsportsrock.com\/wp-content\/uploads\/2024\/12\/images-17-4.jpeg\" \/>\n\t<meta property=\"og:image:width\" content=\"741\" \/>\n\t<meta property=\"og:image:height\" content=\"414\" \/>\n\t<meta property=\"og:image:type\" content=\"image\/jpeg\" \/>\n<meta name=\"author\" content=\"letsportsrock\" \/>\n<meta name=\"twitter:card\" content=\"summary_large_image\" \/>\n<meta name=\"twitter:label1\" content=\"Written by\" \/>\n\t<meta name=\"twitter:data1\" content=\"letsportsrock\" \/>\n\t<meta name=\"twitter:label2\" content=\"Est. reading time\" \/>\n\t<meta name=\"twitter:data2\" content=\"2 minutes\" \/>\n<script type=\"application\/ld+json\" class=\"yoast-schema-graph\">{\"@context\":\"https:\\\/\\\/schema.org\",\"@graph\":[{\"@type\":\"Article\",\"@id\":\"https:\\\/\\\/www.letsportsrock.com\\\/?p=16436#article\",\"isPartOf\":{\"@id\":\"https:\\\/\\\/www.letsportsrock.com\\\/?p=16436\"},\"author\":{\"name\":\"letsportsrock\",\"@id\":\"https:\\\/\\\/www.letsportsrock.com\\\/#\\\/schema\\\/person\\\/a454ac24e58b214ddd97e4b5afb0bf01\"},\"headline\":\"&#8220;Denis Politic \u00ee\u0219i reziliaz\u0103 contractul cu FC Dinamo Bucure\u0219ti \u0219i se mut\u0103 la FC Rapid Bucure\u0219ti, declar\u00e2nd c\u0103 va&#8230;&#8221;\",\"datePublished\":\"2024-12-30T18:36:55+00:00\",\"mainEntityOfPage\":{\"@id\":\"https:\\\/\\\/www.letsportsrock.com\\\/?p=16436\"},\"wordCount\":338,\"commentCount\":0,\"image\":{\"@id\":\"https:\\\/\\\/www.letsportsrock.com\\\/?p=16436#primaryimage\"},\"thumbnailUrl\":\"https:\\\/\\\/www.letsportsrock.com\\\/wp-content\\\/uploads\\\/2024\\\/12\\\/images-17-4.jpeg\",\"inLanguage\":\"en-US\",\"potentialAction\":[{\"@type\":\"CommentAction\",\"name\":\"Comment\",\"target\":[\"https:\\\/\\\/www.letsportsrock.com\\\/?p=16436#respond\"]}]},{\"@type\":\"WebPage\",\"@id\":\"https:\\\/\\\/www.letsportsrock.com\\\/?p=16436\",\"url\":\"https:\\\/\\\/www.letsportsrock.com\\\/?p=16436\",\"name\":\"\\\"Denis Politic \u00ee\u0219i reziliaz\u0103 contractul cu FC Dinamo Bucure\u0219ti\",\"isPartOf\":{\"@id\":\"https:\\\/\\\/www.letsportsrock.com\\\/#website\"},\"primaryImageOfPage\":{\"@id\":\"https:\\\/\\\/www.letsportsrock.com\\\/?p=16436#primaryimage\"},\"image\":{\"@id\":\"https:\\\/\\\/www.letsportsrock.com\\\/?p=16436#primaryimage\"},\"thumbnailUrl\":\"https:\\\/\\\/www.letsportsrock.com\\\/wp-content\\\/uploads\\\/2024\\\/12\\\/images-17-4.jpeg\",\"datePublished\":\"2024-12-30T18:36:55+00:00\",\"author\":{\"@id\":\"https:\\\/\\\/www.letsportsrock.com\\\/#\\\/schema\\\/person\\\/a454ac24e58b214ddd97e4b5afb0bf01\"},\"description\":\"\\\"Denis Politic \u00ee\u0219i reziliaz\u0103 contractul cu FC Dinamo Bucure\u0219ti \u0219i se mut\u0103 la FC Rapid Bucure\u0219ti, declar\u00e2nd c\u0103 va...\\\"\",\"breadcrumb\":{\"@id\":\"https:\\\/\\\/www.letsportsrock.com\\\/?p=16436#breadcrumb\"},\"inLanguage\":\"en-US\",\"potentialAction\":[{\"@type\":\"ReadAction\",\"target\":[\"https:\\\/\\\/www.letsportsrock.com\\\/?p=16436\"]}]},{\"@type\":\"ImageObject\",\"inLanguage\":\"en-US\",\"@id\":\"https:\\\/\\\/www.letsportsrock.com\\\/?p=16436#primaryimage\",\"url\":\"https:\\\/\\\/www.letsportsrock.com\\\/wp-content\\\/uploads\\\/2024\\\/12\\\/images-17-4.jpeg\",\"contentUrl\":\"https:\\\/\\\/www.letsportsrock.com\\\/wp-content\\\/uploads\\\/2024\\\/12\\\/images-17-4.jpeg\",\"width\":741,\"height\":414},{\"@type\":\"BreadcrumbList\",\"@id\":\"https:\\\/\\\/www.letsportsrock.com\\\/?p=16436#breadcrumb\",\"itemListElement\":[{\"@type\":\"ListItem\",\"position\":1,\"name\":\"Home\",\"item\":\"https:\\\/\\\/www.letsportsrock.com\\\/\"},{\"@type\":\"ListItem\",\"position\":2,\"name\":\"&#8220;Denis Politic \u00ee\u0219i reziliaz\u0103 contractul cu FC Dinamo Bucure\u0219ti \u0219i se mut\u0103 la FC Rapid Bucure\u0219ti, declar\u00e2nd c\u0103 va&#8230;&#8221;\"}]},{\"@type\":\"WebSite\",\"@id\":\"https:\\\/\\\/www.letsportsrock.com\\\/#website\",\"url\":\"https:\\\/\\\/www.letsportsrock.com\\\/\",\"name\":\"letsportsrock\",\"description\":\"Sport News and Updates\",\"potentialAction\":[{\"@type\":\"SearchAction\",\"target\":{\"@type\":\"EntryPoint\",\"urlTemplate\":\"https:\\\/\\\/www.letsportsrock.com\\\/?s={search_term_string}\"},\"query-input\":{\"@type\":\"PropertyValueSpecification\",\"valueRequired\":true,\"valueName\":\"search_term_string\"}}],\"inLanguage\":\"en-US\"},{\"@type\":\"Person\",\"@id\":\"https:\\\/\\\/www.letsportsrock.com\\\/#\\\/schema\\\/person\\\/a454ac24e58b214ddd97e4b5afb0bf01\",\"name\":\"letsportsrock\",\"image\":{\"@type\":\"ImageObject\",\"inLanguage\":\"en-US\",\"@id\":\"https:\\\/\\\/secure.gravatar.com\\\/avatar\\\/f8ef950cbb7574c0bc874094b8d307659bfe2d7aa4a9d26fa6917eff010748f9?s=96&d=mm&r=g\",\"url\":\"https:\\\/\\\/secure.gravatar.com\\\/avatar\\\/f8ef950cbb7574c0bc874094b8d307659bfe2d7aa4a9d26fa6917eff010748f9?s=96&d=mm&r=g\",\"contentUrl\":\"https:\\\/\\\/secure.gravatar.com\\\/avatar\\\/f8ef950cbb7574c0bc874094b8d307659bfe2d7aa4a9d26fa6917eff010748f9?s=96&d=mm&r=g\",\"caption\":\"letsportsrock\"},\"sameAs\":[\"https:\\\/\\\/www.letsportsrock.com\"],\"url\":\"https:\\\/\\\/www.letsportsrock.com\\\/?author=1\"}]}<\/script>\n<!-- \/ Yoast SEO plugin. -->","yoast_head_json":{"title":"\"Denis Politic \u00ee\u0219i reziliaz\u0103 contractul cu FC Dinamo Bucure\u0219ti","description":"\"Denis Politic \u00ee\u0219i reziliaz\u0103 contractul cu FC Dinamo Bucure\u0219ti \u0219i se mut\u0103 la FC Rapid Bucure\u0219ti, declar\u00e2nd c\u0103 va...\"","robots":{"index":"index","follow":"follow","max-snippet":"max-snippet:-1","max-image-preview":"max-image-preview:large","max-video-preview":"max-video-preview:-1"},"canonical":"https:\/\/www.letsportsrock.com\/?p=16436","og_locale":"en_US","og_type":"article","og_title":"\"Denis Politic \u00ee\u0219i reziliaz\u0103 contractul cu FC Dinamo Bucure\u0219ti","og_description":"\"Denis Politic \u00ee\u0219i reziliaz\u0103 contractul cu FC Dinamo Bucure\u0219ti \u0219i se mut\u0103 la FC Rapid Bucure\u0219ti, declar\u00e2nd c\u0103 va...\"","og_url":"https:\/\/www.letsportsrock.com\/?p=16436","og_site_name":"letsportsrock","article_published_time":"2024-12-30T18:36:55+00:00","og_image":[{"width":741,"height":414,"url":"https:\/\/www.letsportsrock.com\/wp-content\/uploads\/2024\/12\/images-17-4.jpeg","type":"image\/jpeg"}],"author":"letsportsrock","twitter_card":"summary_large_image","twitter_misc":{"Written by":"letsportsrock","Est. reading time":"2 minutes"},"schema":{"@context":"https:\/\/schema.org","@graph":[{"@type":"Article","@id":"https:\/\/www.letsportsrock.com\/?p=16436#article","isPartOf":{"@id":"https:\/\/www.letsportsrock.com\/?p=16436"},"author":{"name":"letsportsrock","@id":"https:\/\/www.letsportsrock.com\/#\/schema\/person\/a454ac24e58b214ddd97e4b5afb0bf01"},"headline":"&#8220;Denis Politic \u00ee\u0219i reziliaz\u0103 contractul cu FC Dinamo Bucure\u0219ti \u0219i se mut\u0103 la FC Rapid Bucure\u0219ti, declar\u00e2nd c\u0103 va&#8230;&#8221;","datePublished":"2024-12-30T18:36:55+00:00","mainEntityOfPage":{"@id":"https:\/\/www.letsportsrock.com\/?p=16436"},"wordCount":338,"commentCount":0,"image":{"@id":"https:\/\/www.letsportsrock.com\/?p=16436#primaryimage"},"thumbnailUrl":"https:\/\/www.letsportsrock.com\/wp-content\/uploads\/2024\/12\/images-17-4.jpeg","inLanguage":"en-US","potentialAction":[{"@type":"CommentAction","name":"Comment","target":["https:\/\/www.letsportsrock.com\/?p=16436#respond"]}]},{"@type":"WebPage","@id":"https:\/\/www.letsportsrock.com\/?p=16436","url":"https:\/\/www.letsportsrock.com\/?p=16436","name":"\"Denis Politic \u00ee\u0219i reziliaz\u0103 contractul cu FC Dinamo Bucure\u0219ti","isPartOf":{"@id":"https:\/\/www.letsportsrock.com\/#website"},"primaryImageOfPage":{"@id":"https:\/\/www.letsportsrock.com\/?p=16436#primaryimage"},"image":{"@id":"https:\/\/www.letsportsrock.com\/?p=16436#primaryimage"},"thumbnailUrl":"https:\/\/www.letsportsrock.com\/wp-content\/uploads\/2024\/12\/images-17-4.jpeg","datePublished":"2024-12-30T18:36:55+00:00","author":{"@id":"https:\/\/www.letsportsrock.com\/#\/schema\/person\/a454ac24e58b214ddd97e4b5afb0bf01"},"description":"\"Denis Politic \u00ee\u0219i reziliaz\u0103 contractul cu FC Dinamo Bucure\u0219ti \u0219i se mut\u0103 la FC Rapid Bucure\u0219ti, declar\u00e2nd c\u0103 va...\"","breadcrumb":{"@id":"https:\/\/www.letsportsrock.com\/?p=16436#breadcrumb"},"inLanguage":"en-US","potentialAction":[{"@type":"ReadAction","target":["https:\/\/www.letsportsrock.com\/?p=16436"]}]},{"@type":"ImageObject","inLanguage":"en-US","@id":"https:\/\/www.letsportsrock.com\/?p=16436#primaryimage","url":"https:\/\/www.letsportsrock.com\/wp-content\/uploads\/2024\/12\/images-17-4.jpeg","contentUrl":"https:\/\/www.letsportsrock.com\/wp-content\/uploads\/2024\/12\/images-17-4.jpeg","width":741,"height":414},{"@type":"BreadcrumbList","@id":"https:\/\/www.letsportsrock.com\/?p=16436#breadcrumb","itemListElement":[{"@type":"ListItem","position":1,"name":"Home","item":"https:\/\/www.letsportsrock.com\/"},{"@type":"ListItem","position":2,"name":"&#8220;Denis Politic \u00ee\u0219i reziliaz\u0103 contractul cu FC Dinamo Bucure\u0219ti \u0219i se mut\u0103 la FC Rapid Bucure\u0219ti, declar\u00e2nd c\u0103 va&#8230;&#8221;"}]},{"@type":"WebSite","@id":"https:\/\/www.letsportsrock.com\/#website","url":"https:\/\/www.letsportsrock.com\/","name":"letsportsrock","description":"Sport News and Updates","potentialAction":[{"@type":"SearchAction","target":{"@type":"EntryPoint","urlTemplate":"https:\/\/www.letsportsrock.com\/?s={search_term_string}"},"query-input":{"@type":"PropertyValueSpecification","valueRequired":true,"valueName":"search_term_string"}}],"inLanguage":"en-US"},{"@type":"Person","@id":"https:\/\/www.letsportsrock.com\/#\/schema\/person\/a454ac24e58b214ddd97e4b5afb0bf01","name":"letsportsrock","image":{"@type":"ImageObject","inLanguage":"en-US","@id":"https:\/\/secure.gravatar.com\/avatar\/f8ef950cbb7574c0bc874094b8d307659bfe2d7aa4a9d26fa6917eff010748f9?s=96&d=mm&r=g","url":"https:\/\/secure.gravatar.com\/avatar\/f8ef950cbb7574c0bc874094b8d307659bfe2d7aa4a9d26fa6917eff010748f9?s=96&d=mm&r=g","contentUrl":"https:\/\/secure.gravatar.com\/avatar\/f8ef950cbb7574c0bc874094b8d307659bfe2d7aa4a9d26fa6917eff010748f9?s=96&d=mm&r=g","caption":"letsportsrock"},"sameAs":["https:\/\/www.letsportsrock.com"],"url":"https:\/\/www.letsportsrock.com\/?author=1"}]}},"jetpack_featured_media_url":"https:\/\/www.letsportsrock.com\/wp-content\/uploads\/2024\/12\/images-17-4.jpeg","jetpack_sharing_enabled":true,"_links":{"self":[{"href":"https:\/\/www.letsportsrock.com\/index.php?rest_route=\/wp\/v2\/posts\/16436","targetHints":{"allow":["GET"]}}],"collection":[{"href":"https:\/\/www.letsportsrock.com\/index.php?rest_route=\/wp\/v2\/posts"}],"about":[{"href":"https:\/\/www.letsportsrock.com\/index.php?rest_route=\/wp\/v2\/types\/post"}],"author":[{"embeddable":true,"href":"https:\/\/www.letsportsrock.com\/index.php?rest_route=\/wp\/v2\/users\/1"}],"replies":[{"embeddable":true,"href":"https:\/\/www.letsportsrock.com\/index.php?rest_route=%2Fwp%2Fv2%2Fcomments&post=16436"}],"version-history":[{"count":1,"href":"https:\/\/www.letsportsrock.com\/index.php?rest_route=\/wp\/v2\/posts\/16436\/revisions"}],"predecessor-version":[{"id":16438,"href":"https:\/\/www.letsportsrock.com\/index.php?rest_route=\/wp\/v2\/posts\/16436\/revisions\/16438"}],"wp:featuredmedia":[{"embeddable":true,"href":"https:\/\/www.letsportsrock.com\/index.php?rest_route=\/wp\/v2\/media\/16437"}],"wp:attachment":[{"href":"https:\/\/www.letsportsrock.com\/index.php?rest_route=%2Fwp%2Fv2%2Fmedia&parent=16436"}],"wp:term":[{"taxonomy":"category","embeddable":true,"href":"https:\/\/www.letsportsrock.com\/index.php?rest_route=%2Fwp%2Fv2%2Fcategories&post=16436"},{"taxonomy":"post_tag","embeddable":true,"href":"https:\/\/www.letsportsrock.com\/index.php?rest_route=%2Fwp%2Fv2%2Ftags&post=16436"}],"curies":[{"name":"wp","href":"https:\/\/api.w.org\/{rel}","templated":true}]}}