{"id":16452,"date":"2024-12-30T19:33:18","date_gmt":"2024-12-30T19:33:18","guid":{"rendered":"https:\/\/www.letsportsrock.com\/?p=16452"},"modified":"2024-12-30T19:33:18","modified_gmt":"2024-12-30T19:33:18","slug":"afacere-incheiata-la-revedere-d-miculescu-isi-reziliaza-contractul-cu-fcsb-si-anunta-semnarea-cu-fc-rapid-bucuresti","status":"publish","type":"post","link":"https:\/\/www.letsportsrock.com\/?p=16452","title":{"rendered":"Afacere \u00eencheiat\u0103: &#8220;La revedere&#8221; D. Miculescu \u00ee\u0219i reziliaz\u0103 contractul cu FCSB \u0219i anun\u021b\u0103 semnarea cu FC Rapid Bucure\u0219ti."},"content":{"rendered":"<div class=\"d79db4796efc26332eabfc3f5dafbc76\" data-index=\"1\" style=\"float: none; margin:10px 0 10px 0; text-align:center;\">\n<div class=\"hb-ad-inarticle\">\r\n    <div class=\"hb-ad-inner\"> \r\n    <div class=\"hbagency_cls\"  id=\"hbagency_space_111930\"><\/div><\/div> <\/div>\n<\/div>\n<p>Doru Miculescu, un nume cunoscut \u00een fotbalul rom\u00e2nesc, a anun\u021bat recent rezilierea contractului cu FCSB, club cu care a colaborat pentru o perioad\u0103 semnificativ\u0103, pentru a semna un nou acord cu FC Rapid Bucure\u0219ti. Mi\u0219carea a fost una surprinz\u0103toare pentru fanii ambelor echipe \u0219i a st\u00e2rnit numeroase specula\u021bii \u00een r\u00e2ndul presei sportive.<\/p>\n<p>&nbsp;<\/p>\n<p>Miculescu a fost un juc\u0103tor important la FCSB, dar rela\u021bia dintre juc\u0103tor \u0219i club s-a \u00eencheiat dup\u0103 o perioad\u0103 \u00een care nu a reu\u0219it s\u0103 \u00ee\u0219i reg\u0103seasc\u0103 forma din sezoanele precedente. \u00cen urma rezilierii contractului, Miculescu a f\u0103cut un anun\u021b public, \u00een care le-a mul\u021bumit celor de la FCSB pentru oportunit\u0103\u021bile oferite \u0219i pentru experien\u021bele tr\u0103ite \u00een cadrul echipei. De asemenea, juc\u0103torul \u0219i-a exprimat dorin\u021ba de a \u00eencepe un nou capitol \u00een cariera sa, unul care s\u0103 \u00eel aduc\u0103 \u00een fa\u021ba unui nou public \u0219i \u00eentr-o competi\u021bie puternic\u0103.<\/p>\n<p>&nbsp;<\/p>\n<p>Semnarea cu FC Rapid Bucure\u0219ti marcheaz\u0103 un moment important \u00een cariera lui Miculescu, echip\u0103 cunoscut\u0103 pentru pasiunea \u0219i devotamentul suporterilor s\u0103i. Rapidul este un club cu o istorie bogat\u0103 \u0219i o tradi\u021bie puternic\u0103 \u00een fotbalul rom\u00e2nesc, iar transferul lui Miculescu poate aduce un suflu nou echipei. De\u0219i exist\u0103 presiuni mari pe juc\u0103tori la o echip\u0103 de asemenea calibru, Miculescu este preg\u0103tit pentru acest nou \u00eenceput \u0219i sper\u0103 s\u0103 \u00ee\u0219i aduc\u0103 aportul la succesul echipei.<\/p>\n<p>&nbsp;<\/p>\n<p>Transferul lui Miculescu la Rapid Bucure\u0219ti este v\u0103zut ca o mutare strategic\u0103 at\u00e2t din partea juc\u0103torului, c\u00e2t \u0219i a clubului, care \u00ee\u0219i propune s\u0103 \u00eent\u0103reasc\u0103 lotul \u0219i s\u0103 se lupte pentru performan\u021be mari \u00een competi\u021biile interne. R\u0103m\u00e2ne de v\u0103zut cum va evolua cariera lui Miculescu \u00een acest nou capitol al carierei sale.<\/p>\n\n<div style=\"font-size: 0px; height: 0px; line-height: 0px; margin: 0; padding: 0; clear: both;\"><\/div>","protected":false},"excerpt":{"rendered":"<p>Doru Miculescu, un nume cunoscut \u00een fotbalul rom\u00e2nesc, a anun\u021bat recent rezilierea contractului cu FCSB, club cu care a colaborat pentru o perioad\u0103 semnificativ\u0103, pentru a semna un nou acord cu FC Rapid Bucure\u0219ti. Mi\u0219carea a fost una surprinz\u0103toare pentru fanii ambelor echipe \u0219i a st\u00e2rnit numeroase specula\u021bii \u00een r\u00e2ndul presei sportive. &nbsp; Miculescu a [&hellip;]<\/p>\n","protected":false},"author":1,"featured_media":16453,"comment_status":"open","ping_status":"open","sticky":false,"template":"","format":"standard","meta":{"_jetpack_memberships_contains_paid_content":false,"footnotes":""},"categories":[1],"tags":[],"class_list":["post-16452","post","type-post","status-publish","format-standard","has-post-thumbnail","hentry","category-uncategorized"],"yoast_head":"<!-- This site is optimized with the Yoast SEO plugin v27.4 - https:\/\/yoast.com\/product\/yoast-seo-wordpress\/ -->\n<title>Afacere \u00eencheiat\u0103: &quot;La revedere&quot; D. Miculescu \u00ee\u0219i<\/title>\n<meta name=\"description\" content=\"Afacere \u00eencheiat\u0103: &quot;La revedere&quot; D. Miculescu \u00ee\u0219i reziliaz\u0103 contractul cu FCSB \u0219i anun\u021b\u0103 semnarea cu FC Rapid Bucure\u0219ti.\" \/>\n<meta name=\"robots\" content=\"index, follow, max-snippet:-1, max-image-preview:large, max-video-preview:-1\" \/>\n<link rel=\"canonical\" href=\"https:\/\/www.letsportsrock.com\/?p=16452\" \/>\n<meta property=\"og:locale\" content=\"en_US\" \/>\n<meta property=\"og:type\" content=\"article\" \/>\n<meta property=\"og:title\" content=\"Afacere \u00eencheiat\u0103: &quot;La revedere&quot; D. Miculescu \u00ee\u0219i\" \/>\n<meta property=\"og:description\" content=\"Afacere \u00eencheiat\u0103: &quot;La revedere&quot; D. Miculescu \u00ee\u0219i reziliaz\u0103 contractul cu FCSB \u0219i anun\u021b\u0103 semnarea cu FC Rapid Bucure\u0219ti.\" \/>\n<meta property=\"og:url\" content=\"https:\/\/www.letsportsrock.com\/?p=16452\" \/>\n<meta property=\"og:site_name\" content=\"letsportsrock\" \/>\n<meta property=\"article:published_time\" content=\"2024-12-30T19:33:18+00:00\" \/>\n<meta property=\"og:image\" content=\"https:\/\/www.letsportsrock.com\/wp-content\/uploads\/2024\/12\/images-20-5.jpeg\" \/>\n\t<meta property=\"og:image:width\" content=\"500\" \/>\n\t<meta property=\"og:image:height\" content=\"342\" \/>\n\t<meta property=\"og:image:type\" content=\"image\/jpeg\" \/>\n<meta name=\"author\" content=\"letsportsrock\" \/>\n<meta name=\"twitter:card\" content=\"summary_large_image\" \/>\n<meta name=\"twitter:label1\" content=\"Written by\" \/>\n\t<meta name=\"twitter:data1\" content=\"letsportsrock\" \/>\n\t<meta name=\"twitter:label2\" content=\"Est. reading time\" \/>\n\t<meta name=\"twitter:data2\" content=\"2 minutes\" \/>\n<script type=\"application\/ld+json\" class=\"yoast-schema-graph\">{\"@context\":\"https:\\\/\\\/schema.org\",\"@graph\":[{\"@type\":\"Article\",\"@id\":\"https:\\\/\\\/www.letsportsrock.com\\\/?p=16452#article\",\"isPartOf\":{\"@id\":\"https:\\\/\\\/www.letsportsrock.com\\\/?p=16452\"},\"author\":{\"name\":\"letsportsrock\",\"@id\":\"https:\\\/\\\/www.letsportsrock.com\\\/#\\\/schema\\\/person\\\/a454ac24e58b214ddd97e4b5afb0bf01\"},\"headline\":\"Afacere \u00eencheiat\u0103: &#8220;La revedere&#8221; D. Miculescu \u00ee\u0219i reziliaz\u0103 contractul cu FCSB \u0219i anun\u021b\u0103 semnarea cu FC Rapid Bucure\u0219ti.\",\"datePublished\":\"2024-12-30T19:33:18+00:00\",\"mainEntityOfPage\":{\"@id\":\"https:\\\/\\\/www.letsportsrock.com\\\/?p=16452\"},\"wordCount\":328,\"commentCount\":0,\"image\":{\"@id\":\"https:\\\/\\\/www.letsportsrock.com\\\/?p=16452#primaryimage\"},\"thumbnailUrl\":\"https:\\\/\\\/www.letsportsrock.com\\\/wp-content\\\/uploads\\\/2024\\\/12\\\/images-20-5.jpeg\",\"inLanguage\":\"en-US\",\"potentialAction\":[{\"@type\":\"CommentAction\",\"name\":\"Comment\",\"target\":[\"https:\\\/\\\/www.letsportsrock.com\\\/?p=16452#respond\"]}]},{\"@type\":\"WebPage\",\"@id\":\"https:\\\/\\\/www.letsportsrock.com\\\/?p=16452\",\"url\":\"https:\\\/\\\/www.letsportsrock.com\\\/?p=16452\",\"name\":\"Afacere \u00eencheiat\u0103: \\\"La revedere\\\" D. Miculescu \u00ee\u0219i\",\"isPartOf\":{\"@id\":\"https:\\\/\\\/www.letsportsrock.com\\\/#website\"},\"primaryImageOfPage\":{\"@id\":\"https:\\\/\\\/www.letsportsrock.com\\\/?p=16452#primaryimage\"},\"image\":{\"@id\":\"https:\\\/\\\/www.letsportsrock.com\\\/?p=16452#primaryimage\"},\"thumbnailUrl\":\"https:\\\/\\\/www.letsportsrock.com\\\/wp-content\\\/uploads\\\/2024\\\/12\\\/images-20-5.jpeg\",\"datePublished\":\"2024-12-30T19:33:18+00:00\",\"author\":{\"@id\":\"https:\\\/\\\/www.letsportsrock.com\\\/#\\\/schema\\\/person\\\/a454ac24e58b214ddd97e4b5afb0bf01\"},\"description\":\"Afacere \u00eencheiat\u0103: \\\"La revedere\\\" D. Miculescu \u00ee\u0219i reziliaz\u0103 contractul cu FCSB \u0219i anun\u021b\u0103 semnarea cu FC Rapid Bucure\u0219ti.\",\"breadcrumb\":{\"@id\":\"https:\\\/\\\/www.letsportsrock.com\\\/?p=16452#breadcrumb\"},\"inLanguage\":\"en-US\",\"potentialAction\":[{\"@type\":\"ReadAction\",\"target\":[\"https:\\\/\\\/www.letsportsrock.com\\\/?p=16452\"]}]},{\"@type\":\"ImageObject\",\"inLanguage\":\"en-US\",\"@id\":\"https:\\\/\\\/www.letsportsrock.com\\\/?p=16452#primaryimage\",\"url\":\"https:\\\/\\\/www.letsportsrock.com\\\/wp-content\\\/uploads\\\/2024\\\/12\\\/images-20-5.jpeg\",\"contentUrl\":\"https:\\\/\\\/www.letsportsrock.com\\\/wp-content\\\/uploads\\\/2024\\\/12\\\/images-20-5.jpeg\",\"width\":500,\"height\":342},{\"@type\":\"BreadcrumbList\",\"@id\":\"https:\\\/\\\/www.letsportsrock.com\\\/?p=16452#breadcrumb\",\"itemListElement\":[{\"@type\":\"ListItem\",\"position\":1,\"name\":\"Home\",\"item\":\"https:\\\/\\\/www.letsportsrock.com\\\/\"},{\"@type\":\"ListItem\",\"position\":2,\"name\":\"Afacere \u00eencheiat\u0103: &#8220;La revedere&#8221; D. Miculescu \u00ee\u0219i reziliaz\u0103 contractul cu FCSB \u0219i anun\u021b\u0103 semnarea cu FC Rapid Bucure\u0219ti.\"}]},{\"@type\":\"WebSite\",\"@id\":\"https:\\\/\\\/www.letsportsrock.com\\\/#website\",\"url\":\"https:\\\/\\\/www.letsportsrock.com\\\/\",\"name\":\"letsportsrock\",\"description\":\"Sport News and Updates\",\"potentialAction\":[{\"@type\":\"SearchAction\",\"target\":{\"@type\":\"EntryPoint\",\"urlTemplate\":\"https:\\\/\\\/www.letsportsrock.com\\\/?s={search_term_string}\"},\"query-input\":{\"@type\":\"PropertyValueSpecification\",\"valueRequired\":true,\"valueName\":\"search_term_string\"}}],\"inLanguage\":\"en-US\"},{\"@type\":\"Person\",\"@id\":\"https:\\\/\\\/www.letsportsrock.com\\\/#\\\/schema\\\/person\\\/a454ac24e58b214ddd97e4b5afb0bf01\",\"name\":\"letsportsrock\",\"image\":{\"@type\":\"ImageObject\",\"inLanguage\":\"en-US\",\"@id\":\"https:\\\/\\\/secure.gravatar.com\\\/avatar\\\/f8ef950cbb7574c0bc874094b8d307659bfe2d7aa4a9d26fa6917eff010748f9?s=96&d=mm&r=g\",\"url\":\"https:\\\/\\\/secure.gravatar.com\\\/avatar\\\/f8ef950cbb7574c0bc874094b8d307659bfe2d7aa4a9d26fa6917eff010748f9?s=96&d=mm&r=g\",\"contentUrl\":\"https:\\\/\\\/secure.gravatar.com\\\/avatar\\\/f8ef950cbb7574c0bc874094b8d307659bfe2d7aa4a9d26fa6917eff010748f9?s=96&d=mm&r=g\",\"caption\":\"letsportsrock\"},\"sameAs\":[\"https:\\\/\\\/www.letsportsrock.com\"],\"url\":\"https:\\\/\\\/www.letsportsrock.com\\\/?author=1\"}]}<\/script>\n<!-- \/ Yoast SEO plugin. -->","yoast_head_json":{"title":"Afacere \u00eencheiat\u0103: \"La revedere\" D. Miculescu \u00ee\u0219i","description":"Afacere \u00eencheiat\u0103: \"La revedere\" D. Miculescu \u00ee\u0219i reziliaz\u0103 contractul cu FCSB \u0219i anun\u021b\u0103 semnarea cu FC Rapid Bucure\u0219ti.","robots":{"index":"index","follow":"follow","max-snippet":"max-snippet:-1","max-image-preview":"max-image-preview:large","max-video-preview":"max-video-preview:-1"},"canonical":"https:\/\/www.letsportsrock.com\/?p=16452","og_locale":"en_US","og_type":"article","og_title":"Afacere \u00eencheiat\u0103: \"La revedere\" D. Miculescu \u00ee\u0219i","og_description":"Afacere \u00eencheiat\u0103: \"La revedere\" D. Miculescu \u00ee\u0219i reziliaz\u0103 contractul cu FCSB \u0219i anun\u021b\u0103 semnarea cu FC Rapid Bucure\u0219ti.","og_url":"https:\/\/www.letsportsrock.com\/?p=16452","og_site_name":"letsportsrock","article_published_time":"2024-12-30T19:33:18+00:00","og_image":[{"width":500,"height":342,"url":"https:\/\/www.letsportsrock.com\/wp-content\/uploads\/2024\/12\/images-20-5.jpeg","type":"image\/jpeg"}],"author":"letsportsrock","twitter_card":"summary_large_image","twitter_misc":{"Written by":"letsportsrock","Est. reading time":"2 minutes"},"schema":{"@context":"https:\/\/schema.org","@graph":[{"@type":"Article","@id":"https:\/\/www.letsportsrock.com\/?p=16452#article","isPartOf":{"@id":"https:\/\/www.letsportsrock.com\/?p=16452"},"author":{"name":"letsportsrock","@id":"https:\/\/www.letsportsrock.com\/#\/schema\/person\/a454ac24e58b214ddd97e4b5afb0bf01"},"headline":"Afacere \u00eencheiat\u0103: &#8220;La revedere&#8221; D. Miculescu \u00ee\u0219i reziliaz\u0103 contractul cu FCSB \u0219i anun\u021b\u0103 semnarea cu FC Rapid Bucure\u0219ti.","datePublished":"2024-12-30T19:33:18+00:00","mainEntityOfPage":{"@id":"https:\/\/www.letsportsrock.com\/?p=16452"},"wordCount":328,"commentCount":0,"image":{"@id":"https:\/\/www.letsportsrock.com\/?p=16452#primaryimage"},"thumbnailUrl":"https:\/\/www.letsportsrock.com\/wp-content\/uploads\/2024\/12\/images-20-5.jpeg","inLanguage":"en-US","potentialAction":[{"@type":"CommentAction","name":"Comment","target":["https:\/\/www.letsportsrock.com\/?p=16452#respond"]}]},{"@type":"WebPage","@id":"https:\/\/www.letsportsrock.com\/?p=16452","url":"https:\/\/www.letsportsrock.com\/?p=16452","name":"Afacere \u00eencheiat\u0103: \"La revedere\" D. Miculescu \u00ee\u0219i","isPartOf":{"@id":"https:\/\/www.letsportsrock.com\/#website"},"primaryImageOfPage":{"@id":"https:\/\/www.letsportsrock.com\/?p=16452#primaryimage"},"image":{"@id":"https:\/\/www.letsportsrock.com\/?p=16452#primaryimage"},"thumbnailUrl":"https:\/\/www.letsportsrock.com\/wp-content\/uploads\/2024\/12\/images-20-5.jpeg","datePublished":"2024-12-30T19:33:18+00:00","author":{"@id":"https:\/\/www.letsportsrock.com\/#\/schema\/person\/a454ac24e58b214ddd97e4b5afb0bf01"},"description":"Afacere \u00eencheiat\u0103: \"La revedere\" D. Miculescu \u00ee\u0219i reziliaz\u0103 contractul cu FCSB \u0219i anun\u021b\u0103 semnarea cu FC Rapid Bucure\u0219ti.","breadcrumb":{"@id":"https:\/\/www.letsportsrock.com\/?p=16452#breadcrumb"},"inLanguage":"en-US","potentialAction":[{"@type":"ReadAction","target":["https:\/\/www.letsportsrock.com\/?p=16452"]}]},{"@type":"ImageObject","inLanguage":"en-US","@id":"https:\/\/www.letsportsrock.com\/?p=16452#primaryimage","url":"https:\/\/www.letsportsrock.com\/wp-content\/uploads\/2024\/12\/images-20-5.jpeg","contentUrl":"https:\/\/www.letsportsrock.com\/wp-content\/uploads\/2024\/12\/images-20-5.jpeg","width":500,"height":342},{"@type":"BreadcrumbList","@id":"https:\/\/www.letsportsrock.com\/?p=16452#breadcrumb","itemListElement":[{"@type":"ListItem","position":1,"name":"Home","item":"https:\/\/www.letsportsrock.com\/"},{"@type":"ListItem","position":2,"name":"Afacere \u00eencheiat\u0103: &#8220;La revedere&#8221; D. Miculescu \u00ee\u0219i reziliaz\u0103 contractul cu FCSB \u0219i anun\u021b\u0103 semnarea cu FC Rapid Bucure\u0219ti."}]},{"@type":"WebSite","@id":"https:\/\/www.letsportsrock.com\/#website","url":"https:\/\/www.letsportsrock.com\/","name":"letsportsrock","description":"Sport News and Updates","potentialAction":[{"@type":"SearchAction","target":{"@type":"EntryPoint","urlTemplate":"https:\/\/www.letsportsrock.com\/?s={search_term_string}"},"query-input":{"@type":"PropertyValueSpecification","valueRequired":true,"valueName":"search_term_string"}}],"inLanguage":"en-US"},{"@type":"Person","@id":"https:\/\/www.letsportsrock.com\/#\/schema\/person\/a454ac24e58b214ddd97e4b5afb0bf01","name":"letsportsrock","image":{"@type":"ImageObject","inLanguage":"en-US","@id":"https:\/\/secure.gravatar.com\/avatar\/f8ef950cbb7574c0bc874094b8d307659bfe2d7aa4a9d26fa6917eff010748f9?s=96&d=mm&r=g","url":"https:\/\/secure.gravatar.com\/avatar\/f8ef950cbb7574c0bc874094b8d307659bfe2d7aa4a9d26fa6917eff010748f9?s=96&d=mm&r=g","contentUrl":"https:\/\/secure.gravatar.com\/avatar\/f8ef950cbb7574c0bc874094b8d307659bfe2d7aa4a9d26fa6917eff010748f9?s=96&d=mm&r=g","caption":"letsportsrock"},"sameAs":["https:\/\/www.letsportsrock.com"],"url":"https:\/\/www.letsportsrock.com\/?author=1"}]}},"jetpack_featured_media_url":"https:\/\/www.letsportsrock.com\/wp-content\/uploads\/2024\/12\/images-20-5.jpeg","jetpack_sharing_enabled":true,"_links":{"self":[{"href":"https:\/\/www.letsportsrock.com\/index.php?rest_route=\/wp\/v2\/posts\/16452","targetHints":{"allow":["GET"]}}],"collection":[{"href":"https:\/\/www.letsportsrock.com\/index.php?rest_route=\/wp\/v2\/posts"}],"about":[{"href":"https:\/\/www.letsportsrock.com\/index.php?rest_route=\/wp\/v2\/types\/post"}],"author":[{"embeddable":true,"href":"https:\/\/www.letsportsrock.com\/index.php?rest_route=\/wp\/v2\/users\/1"}],"replies":[{"embeddable":true,"href":"https:\/\/www.letsportsrock.com\/index.php?rest_route=%2Fwp%2Fv2%2Fcomments&post=16452"}],"version-history":[{"count":1,"href":"https:\/\/www.letsportsrock.com\/index.php?rest_route=\/wp\/v2\/posts\/16452\/revisions"}],"predecessor-version":[{"id":16454,"href":"https:\/\/www.letsportsrock.com\/index.php?rest_route=\/wp\/v2\/posts\/16452\/revisions\/16454"}],"wp:featuredmedia":[{"embeddable":true,"href":"https:\/\/www.letsportsrock.com\/index.php?rest_route=\/wp\/v2\/media\/16453"}],"wp:attachment":[{"href":"https:\/\/www.letsportsrock.com\/index.php?rest_route=%2Fwp%2Fv2%2Fmedia&parent=16452"}],"wp:term":[{"taxonomy":"category","embeddable":true,"href":"https:\/\/www.letsportsrock.com\/index.php?rest_route=%2Fwp%2Fv2%2Fcategories&post=16452"},{"taxonomy":"post_tag","embeddable":true,"href":"https:\/\/www.letsportsrock.com\/index.php?rest_route=%2Fwp%2Fv2%2Ftags&post=16452"}],"curies":[{"name":"wp","href":"https:\/\/api.w.org\/{rel}","templated":true}]}}