{"id":16517,"date":"2024-12-31T00:09:35","date_gmt":"2024-12-31T00:09:35","guid":{"rendered":"https:\/\/www.letsportsrock.com\/?p=16517"},"modified":"2024-12-31T00:09:35","modified_gmt":"2024-12-31T00:09:35","slug":"ma-intorc-fostul-star-atacant-de-la-fcsb-si-a-reziliat-contractul-cu-fc-dinamo-declarand-ca-va","status":"publish","type":"post","link":"https:\/\/www.letsportsrock.com\/?p=16517","title":{"rendered":"\u201eM\u0103 \u00eentorc.\u201d Fostul star atacant de la FCSB \u0219i-a reziliat contractul cu FC Dinamo, declar\u00e2nd c\u0103 va&#8230;"},"content":{"rendered":"<div class=\"d79db4796efc26332eabfc3f5dafbc76\" data-index=\"1\" style=\"float: none; margin:10px 0 10px 0; text-align:center;\">\n<div class=\"hb-ad-inarticle\">\r\n    <div class=\"hb-ad-inner\"> \r\n    <div class=\"hbagency_cls\"  id=\"hbagency_space_111930\"><\/div><\/div> <\/div>\n<\/div>\n<p>\u201eM\u0103 \u00eentorc.\u201d Fostul star atacant de la FCSB, care a avut un impact semnificativ \u00een echipele la care a evoluat de-a lungul carierei, \u0219i-a reziliat recent contractul cu FC Dinamo Bucure\u0219ti. Acesta a anun\u021bat public c\u0103 va face o schimbare important\u0103, l\u0103s\u00e2nd \u00een urm\u0103 echipa din \u201e\u0218tefan cel Mare\u201d pentru a face loc unei noi etape \u00een cariera sa. \u00cen declara\u021biile sale, juc\u0103torul a men\u021bionat c\u0103 decizia de a pleca nu a fost una u\u0219oar\u0103, dar c\u0103 este motivat s\u0103 \u00ee\u0219i urmeze calea \u00een alt\u0103 direc\u021bie, spre o echip\u0103 care \u00eei ofer\u0103 oportunit\u0103\u021bi noi de a se afirma.<\/p>\n<p>&nbsp;<\/p>\n<p>Fostul atacant a fost adus la Dinamo cu a\u0219tept\u0103ri mari, av\u00e2nd \u00een vedere experien\u021ba sa vast\u0103 \u00een fotbalul rom\u00e2nesc \u0219i interna\u021bional. De-a lungul sezonului, juc\u0103torul a avut momente bune pe teren, dar \u0219i unele perioade mai dificile, legate de rezultatele echipei. \u00cen ciuda acestor fluctua\u021bii, el a fost considerat o pies\u0103 important\u0103 \u00een ofensiva \u201ec\u00e2inilor ro\u0219ii\u201d, av\u00e2nd \u00eens\u0103 \u0219i diferen\u021be de viziune cu conducerea clubului.<\/p>\n<p>&nbsp;<\/p>\n<p>\u00cen urma rezilierii contractului, fostul atacant a confirmat c\u0103 \u00ee\u0219i dore\u0219te s\u0103 continue s\u0103 joace \u00een Liga 1 \u0219i c\u0103 are oferte din diverse col\u021buri ale \u021b\u0103rii, fiind preg\u0103tit s\u0103 \u00ee\u0219i adune for\u021bele pentru a demonstra din nou de ce a fost considerat unul dintre cei mai buni atacan\u021bi din fotbalul rom\u00e2nesc. De asemenea, el a men\u021bionat c\u0103 este preg\u0103tit pentru o nou\u0103 provocare, f\u0103r\u0103 a da prea multe detalii despre destina\u021bia sa viitoare, dar subliniind c\u0103 vrea s\u0103 r\u0103m\u00e2n\u0103 \u00een fotbalul de top din Rom\u00e2nia.<\/p>\n\n<div style=\"font-size: 0px; height: 0px; line-height: 0px; margin: 0; padding: 0; clear: both;\"><\/div>","protected":false},"excerpt":{"rendered":"<p>\u201eM\u0103 \u00eentorc.\u201d Fostul star atacant de la FCSB, care a avut un impact semnificativ \u00een echipele la care a evoluat de-a lungul carierei, \u0219i-a reziliat recent contractul cu FC Dinamo Bucure\u0219ti. Acesta a anun\u021bat public c\u0103 va face o schimbare important\u0103, l\u0103s\u00e2nd \u00een urm\u0103 echipa din \u201e\u0218tefan cel Mare\u201d pentru a face loc unei noi [&hellip;]<\/p>\n","protected":false},"author":1,"featured_media":16518,"comment_status":"open","ping_status":"open","sticky":false,"template":"","format":"standard","meta":{"_jetpack_memberships_contains_paid_content":false,"footnotes":""},"categories":[1],"tags":[],"class_list":["post-16517","post","type-post","status-publish","format-standard","has-post-thumbnail","hentry","category-uncategorized"],"yoast_head":"<!-- This site is optimized with the Yoast SEO plugin v27.4 - https:\/\/yoast.com\/product\/yoast-seo-wordpress\/ -->\n<title>\u201eM\u0103 \u00eentorc.\u201d Fostul star atacant de la FCSB \u0219i-a rezilia.<\/title>\n<meta name=\"description\" content=\"\u201eM\u0103 \u00eentorc.\u201d Fostul star atacant de la FCSB \u0219i-a reziliat contractul cu FC Dinamo, declar\u00e2nd c\u0103 va...........\" \/>\n<meta name=\"robots\" content=\"index, follow, max-snippet:-1, max-image-preview:large, max-video-preview:-1\" \/>\n<link rel=\"canonical\" href=\"https:\/\/www.letsportsrock.com\/?p=16517\" \/>\n<meta property=\"og:locale\" content=\"en_US\" \/>\n<meta property=\"og:type\" content=\"article\" \/>\n<meta property=\"og:title\" content=\"\u201eM\u0103 \u00eentorc.\u201d Fostul star atacant de la FCSB \u0219i-a rezilia.\" \/>\n<meta property=\"og:description\" content=\"\u201eM\u0103 \u00eentorc.\u201d Fostul star atacant de la FCSB \u0219i-a reziliat contractul cu FC Dinamo, declar\u00e2nd c\u0103 va...........\" \/>\n<meta property=\"og:url\" content=\"https:\/\/www.letsportsrock.com\/?p=16517\" \/>\n<meta property=\"og:site_name\" content=\"letsportsrock\" \/>\n<meta property=\"article:published_time\" content=\"2024-12-31T00:09:35+00:00\" \/>\n<meta property=\"og:image\" content=\"https:\/\/www.letsportsrock.com\/wp-content\/uploads\/2024\/12\/images-24-1.jpeg\" \/>\n\t<meta property=\"og:image:width\" content=\"739\" \/>\n\t<meta property=\"og:image:height\" content=\"415\" \/>\n\t<meta property=\"og:image:type\" content=\"image\/jpeg\" \/>\n<meta name=\"author\" content=\"letsportsrock\" \/>\n<meta name=\"twitter:card\" content=\"summary_large_image\" \/>\n<meta name=\"twitter:label1\" content=\"Written by\" \/>\n\t<meta name=\"twitter:data1\" content=\"letsportsrock\" \/>\n\t<meta name=\"twitter:label2\" content=\"Est. reading time\" \/>\n\t<meta name=\"twitter:data2\" content=\"2 minutes\" \/>\n<script type=\"application\/ld+json\" class=\"yoast-schema-graph\">{\"@context\":\"https:\\\/\\\/schema.org\",\"@graph\":[{\"@type\":\"Article\",\"@id\":\"https:\\\/\\\/www.letsportsrock.com\\\/?p=16517#article\",\"isPartOf\":{\"@id\":\"https:\\\/\\\/www.letsportsrock.com\\\/?p=16517\"},\"author\":{\"name\":\"letsportsrock\",\"@id\":\"https:\\\/\\\/www.letsportsrock.com\\\/#\\\/schema\\\/person\\\/a454ac24e58b214ddd97e4b5afb0bf01\"},\"headline\":\"\u201eM\u0103 \u00eentorc.\u201d Fostul star atacant de la FCSB \u0219i-a reziliat contractul cu FC Dinamo, declar\u00e2nd c\u0103 va&#8230;\",\"datePublished\":\"2024-12-31T00:09:35+00:00\",\"mainEntityOfPage\":{\"@id\":\"https:\\\/\\\/www.letsportsrock.com\\\/?p=16517\"},\"wordCount\":303,\"commentCount\":0,\"image\":{\"@id\":\"https:\\\/\\\/www.letsportsrock.com\\\/?p=16517#primaryimage\"},\"thumbnailUrl\":\"https:\\\/\\\/www.letsportsrock.com\\\/wp-content\\\/uploads\\\/2024\\\/12\\\/images-24-1.jpeg\",\"inLanguage\":\"en-US\",\"potentialAction\":[{\"@type\":\"CommentAction\",\"name\":\"Comment\",\"target\":[\"https:\\\/\\\/www.letsportsrock.com\\\/?p=16517#respond\"]}]},{\"@type\":\"WebPage\",\"@id\":\"https:\\\/\\\/www.letsportsrock.com\\\/?p=16517\",\"url\":\"https:\\\/\\\/www.letsportsrock.com\\\/?p=16517\",\"name\":\"\u201eM\u0103 \u00eentorc.\u201d Fostul star atacant de la FCSB \u0219i-a rezilia.\",\"isPartOf\":{\"@id\":\"https:\\\/\\\/www.letsportsrock.com\\\/#website\"},\"primaryImageOfPage\":{\"@id\":\"https:\\\/\\\/www.letsportsrock.com\\\/?p=16517#primaryimage\"},\"image\":{\"@id\":\"https:\\\/\\\/www.letsportsrock.com\\\/?p=16517#primaryimage\"},\"thumbnailUrl\":\"https:\\\/\\\/www.letsportsrock.com\\\/wp-content\\\/uploads\\\/2024\\\/12\\\/images-24-1.jpeg\",\"datePublished\":\"2024-12-31T00:09:35+00:00\",\"author\":{\"@id\":\"https:\\\/\\\/www.letsportsrock.com\\\/#\\\/schema\\\/person\\\/a454ac24e58b214ddd97e4b5afb0bf01\"},\"description\":\"\u201eM\u0103 \u00eentorc.\u201d Fostul star atacant de la FCSB \u0219i-a reziliat contractul cu FC Dinamo, declar\u00e2nd c\u0103 va...........\",\"breadcrumb\":{\"@id\":\"https:\\\/\\\/www.letsportsrock.com\\\/?p=16517#breadcrumb\"},\"inLanguage\":\"en-US\",\"potentialAction\":[{\"@type\":\"ReadAction\",\"target\":[\"https:\\\/\\\/www.letsportsrock.com\\\/?p=16517\"]}]},{\"@type\":\"ImageObject\",\"inLanguage\":\"en-US\",\"@id\":\"https:\\\/\\\/www.letsportsrock.com\\\/?p=16517#primaryimage\",\"url\":\"https:\\\/\\\/www.letsportsrock.com\\\/wp-content\\\/uploads\\\/2024\\\/12\\\/images-24-1.jpeg\",\"contentUrl\":\"https:\\\/\\\/www.letsportsrock.com\\\/wp-content\\\/uploads\\\/2024\\\/12\\\/images-24-1.jpeg\",\"width\":739,\"height\":415},{\"@type\":\"BreadcrumbList\",\"@id\":\"https:\\\/\\\/www.letsportsrock.com\\\/?p=16517#breadcrumb\",\"itemListElement\":[{\"@type\":\"ListItem\",\"position\":1,\"name\":\"Home\",\"item\":\"https:\\\/\\\/www.letsportsrock.com\\\/\"},{\"@type\":\"ListItem\",\"position\":2,\"name\":\"\u201eM\u0103 \u00eentorc.\u201d Fostul star atacant de la FCSB \u0219i-a reziliat contractul cu FC Dinamo, declar\u00e2nd c\u0103 va&#8230;\"}]},{\"@type\":\"WebSite\",\"@id\":\"https:\\\/\\\/www.letsportsrock.com\\\/#website\",\"url\":\"https:\\\/\\\/www.letsportsrock.com\\\/\",\"name\":\"letsportsrock\",\"description\":\"Sport News and Updates\",\"potentialAction\":[{\"@type\":\"SearchAction\",\"target\":{\"@type\":\"EntryPoint\",\"urlTemplate\":\"https:\\\/\\\/www.letsportsrock.com\\\/?s={search_term_string}\"},\"query-input\":{\"@type\":\"PropertyValueSpecification\",\"valueRequired\":true,\"valueName\":\"search_term_string\"}}],\"inLanguage\":\"en-US\"},{\"@type\":\"Person\",\"@id\":\"https:\\\/\\\/www.letsportsrock.com\\\/#\\\/schema\\\/person\\\/a454ac24e58b214ddd97e4b5afb0bf01\",\"name\":\"letsportsrock\",\"image\":{\"@type\":\"ImageObject\",\"inLanguage\":\"en-US\",\"@id\":\"https:\\\/\\\/secure.gravatar.com\\\/avatar\\\/f8ef950cbb7574c0bc874094b8d307659bfe2d7aa4a9d26fa6917eff010748f9?s=96&d=mm&r=g\",\"url\":\"https:\\\/\\\/secure.gravatar.com\\\/avatar\\\/f8ef950cbb7574c0bc874094b8d307659bfe2d7aa4a9d26fa6917eff010748f9?s=96&d=mm&r=g\",\"contentUrl\":\"https:\\\/\\\/secure.gravatar.com\\\/avatar\\\/f8ef950cbb7574c0bc874094b8d307659bfe2d7aa4a9d26fa6917eff010748f9?s=96&d=mm&r=g\",\"caption\":\"letsportsrock\"},\"sameAs\":[\"https:\\\/\\\/www.letsportsrock.com\"],\"url\":\"https:\\\/\\\/www.letsportsrock.com\\\/?author=1\"}]}<\/script>\n<!-- \/ Yoast SEO plugin. -->","yoast_head_json":{"title":"\u201eM\u0103 \u00eentorc.\u201d Fostul star atacant de la FCSB \u0219i-a rezilia.","description":"\u201eM\u0103 \u00eentorc.\u201d Fostul star atacant de la FCSB \u0219i-a reziliat contractul cu FC Dinamo, declar\u00e2nd c\u0103 va...........","robots":{"index":"index","follow":"follow","max-snippet":"max-snippet:-1","max-image-preview":"max-image-preview:large","max-video-preview":"max-video-preview:-1"},"canonical":"https:\/\/www.letsportsrock.com\/?p=16517","og_locale":"en_US","og_type":"article","og_title":"\u201eM\u0103 \u00eentorc.\u201d Fostul star atacant de la FCSB \u0219i-a rezilia.","og_description":"\u201eM\u0103 \u00eentorc.\u201d Fostul star atacant de la FCSB \u0219i-a reziliat contractul cu FC Dinamo, declar\u00e2nd c\u0103 va...........","og_url":"https:\/\/www.letsportsrock.com\/?p=16517","og_site_name":"letsportsrock","article_published_time":"2024-12-31T00:09:35+00:00","og_image":[{"width":739,"height":415,"url":"https:\/\/www.letsportsrock.com\/wp-content\/uploads\/2024\/12\/images-24-1.jpeg","type":"image\/jpeg"}],"author":"letsportsrock","twitter_card":"summary_large_image","twitter_misc":{"Written by":"letsportsrock","Est. reading time":"2 minutes"},"schema":{"@context":"https:\/\/schema.org","@graph":[{"@type":"Article","@id":"https:\/\/www.letsportsrock.com\/?p=16517#article","isPartOf":{"@id":"https:\/\/www.letsportsrock.com\/?p=16517"},"author":{"name":"letsportsrock","@id":"https:\/\/www.letsportsrock.com\/#\/schema\/person\/a454ac24e58b214ddd97e4b5afb0bf01"},"headline":"\u201eM\u0103 \u00eentorc.\u201d Fostul star atacant de la FCSB \u0219i-a reziliat contractul cu FC Dinamo, declar\u00e2nd c\u0103 va&#8230;","datePublished":"2024-12-31T00:09:35+00:00","mainEntityOfPage":{"@id":"https:\/\/www.letsportsrock.com\/?p=16517"},"wordCount":303,"commentCount":0,"image":{"@id":"https:\/\/www.letsportsrock.com\/?p=16517#primaryimage"},"thumbnailUrl":"https:\/\/www.letsportsrock.com\/wp-content\/uploads\/2024\/12\/images-24-1.jpeg","inLanguage":"en-US","potentialAction":[{"@type":"CommentAction","name":"Comment","target":["https:\/\/www.letsportsrock.com\/?p=16517#respond"]}]},{"@type":"WebPage","@id":"https:\/\/www.letsportsrock.com\/?p=16517","url":"https:\/\/www.letsportsrock.com\/?p=16517","name":"\u201eM\u0103 \u00eentorc.\u201d Fostul star atacant de la FCSB \u0219i-a rezilia.","isPartOf":{"@id":"https:\/\/www.letsportsrock.com\/#website"},"primaryImageOfPage":{"@id":"https:\/\/www.letsportsrock.com\/?p=16517#primaryimage"},"image":{"@id":"https:\/\/www.letsportsrock.com\/?p=16517#primaryimage"},"thumbnailUrl":"https:\/\/www.letsportsrock.com\/wp-content\/uploads\/2024\/12\/images-24-1.jpeg","datePublished":"2024-12-31T00:09:35+00:00","author":{"@id":"https:\/\/www.letsportsrock.com\/#\/schema\/person\/a454ac24e58b214ddd97e4b5afb0bf01"},"description":"\u201eM\u0103 \u00eentorc.\u201d Fostul star atacant de la FCSB \u0219i-a reziliat contractul cu FC Dinamo, declar\u00e2nd c\u0103 va...........","breadcrumb":{"@id":"https:\/\/www.letsportsrock.com\/?p=16517#breadcrumb"},"inLanguage":"en-US","potentialAction":[{"@type":"ReadAction","target":["https:\/\/www.letsportsrock.com\/?p=16517"]}]},{"@type":"ImageObject","inLanguage":"en-US","@id":"https:\/\/www.letsportsrock.com\/?p=16517#primaryimage","url":"https:\/\/www.letsportsrock.com\/wp-content\/uploads\/2024\/12\/images-24-1.jpeg","contentUrl":"https:\/\/www.letsportsrock.com\/wp-content\/uploads\/2024\/12\/images-24-1.jpeg","width":739,"height":415},{"@type":"BreadcrumbList","@id":"https:\/\/www.letsportsrock.com\/?p=16517#breadcrumb","itemListElement":[{"@type":"ListItem","position":1,"name":"Home","item":"https:\/\/www.letsportsrock.com\/"},{"@type":"ListItem","position":2,"name":"\u201eM\u0103 \u00eentorc.\u201d Fostul star atacant de la FCSB \u0219i-a reziliat contractul cu FC Dinamo, declar\u00e2nd c\u0103 va&#8230;"}]},{"@type":"WebSite","@id":"https:\/\/www.letsportsrock.com\/#website","url":"https:\/\/www.letsportsrock.com\/","name":"letsportsrock","description":"Sport News and Updates","potentialAction":[{"@type":"SearchAction","target":{"@type":"EntryPoint","urlTemplate":"https:\/\/www.letsportsrock.com\/?s={search_term_string}"},"query-input":{"@type":"PropertyValueSpecification","valueRequired":true,"valueName":"search_term_string"}}],"inLanguage":"en-US"},{"@type":"Person","@id":"https:\/\/www.letsportsrock.com\/#\/schema\/person\/a454ac24e58b214ddd97e4b5afb0bf01","name":"letsportsrock","image":{"@type":"ImageObject","inLanguage":"en-US","@id":"https:\/\/secure.gravatar.com\/avatar\/f8ef950cbb7574c0bc874094b8d307659bfe2d7aa4a9d26fa6917eff010748f9?s=96&d=mm&r=g","url":"https:\/\/secure.gravatar.com\/avatar\/f8ef950cbb7574c0bc874094b8d307659bfe2d7aa4a9d26fa6917eff010748f9?s=96&d=mm&r=g","contentUrl":"https:\/\/secure.gravatar.com\/avatar\/f8ef950cbb7574c0bc874094b8d307659bfe2d7aa4a9d26fa6917eff010748f9?s=96&d=mm&r=g","caption":"letsportsrock"},"sameAs":["https:\/\/www.letsportsrock.com"],"url":"https:\/\/www.letsportsrock.com\/?author=1"}]}},"jetpack_featured_media_url":"https:\/\/www.letsportsrock.com\/wp-content\/uploads\/2024\/12\/images-24-1.jpeg","jetpack_sharing_enabled":true,"_links":{"self":[{"href":"https:\/\/www.letsportsrock.com\/index.php?rest_route=\/wp\/v2\/posts\/16517","targetHints":{"allow":["GET"]}}],"collection":[{"href":"https:\/\/www.letsportsrock.com\/index.php?rest_route=\/wp\/v2\/posts"}],"about":[{"href":"https:\/\/www.letsportsrock.com\/index.php?rest_route=\/wp\/v2\/types\/post"}],"author":[{"embeddable":true,"href":"https:\/\/www.letsportsrock.com\/index.php?rest_route=\/wp\/v2\/users\/1"}],"replies":[{"embeddable":true,"href":"https:\/\/www.letsportsrock.com\/index.php?rest_route=%2Fwp%2Fv2%2Fcomments&post=16517"}],"version-history":[{"count":1,"href":"https:\/\/www.letsportsrock.com\/index.php?rest_route=\/wp\/v2\/posts\/16517\/revisions"}],"predecessor-version":[{"id":16519,"href":"https:\/\/www.letsportsrock.com\/index.php?rest_route=\/wp\/v2\/posts\/16517\/revisions\/16519"}],"wp:featuredmedia":[{"embeddable":true,"href":"https:\/\/www.letsportsrock.com\/index.php?rest_route=\/wp\/v2\/media\/16518"}],"wp:attachment":[{"href":"https:\/\/www.letsportsrock.com\/index.php?rest_route=%2Fwp%2Fv2%2Fmedia&parent=16517"}],"wp:term":[{"taxonomy":"category","embeddable":true,"href":"https:\/\/www.letsportsrock.com\/index.php?rest_route=%2Fwp%2Fv2%2Fcategories&post=16517"},{"taxonomy":"post_tag","embeddable":true,"href":"https:\/\/www.letsportsrock.com\/index.php?rest_route=%2Fwp%2Fv2%2Ftags&post=16517"}],"curies":[{"name":"wp","href":"https:\/\/api.w.org\/{rel}","templated":true}]}}