{"id":16521,"date":"2024-12-31T00:36:37","date_gmt":"2024-12-31T00:36:37","guid":{"rendered":"https:\/\/www.letsportsrock.com\/?p=16521"},"modified":"2024-12-31T00:36:37","modified_gmt":"2024-12-31T00:36:37","slug":"veste-buna-vedeta-celor-de-la-fcsb-fc-steaua-bucuresti-confirma-ca-isi-doreste-sa-se-intoarca","status":"publish","type":"post","link":"https:\/\/www.letsportsrock.com\/?p=16521","title":{"rendered":"Veste bun\u0103: &#8220;Vedeta celor de la FCSB FC Steaua Bucure\u0219ti confirm\u0103 c\u0103 \u00ee\u0219i dore\u0219te s\u0103 se \u00eentoarc\u0103&#8230;&#8221;"},"content":{"rendered":"<div class=\"d79db4796efc26332eabfc3f5dafbc76\" data-index=\"1\" style=\"float: none; margin:10px 0 10px 0; text-align:center;\">\n<div class=\"hb-ad-inarticle\">\r\n    <div class=\"hb-ad-inner\"> \r\n    <div class=\"hbagency_cls\"  id=\"hbagency_space_111930\"><\/div><\/div> <\/div>\n<\/div>\n<p>Veste bun\u0103: &#8220;Vedeta celor de la FCSB FC Steaua Bucure\u0219ti confirm\u0103 c\u0103 \u00ee\u0219i dore\u0219te s\u0103 se \u00eentoarc\u0103&#8230;&#8221;<\/p>\n<p>&nbsp;<\/p>\n<p>Un anun\u021b nea\u0219teptat a venit din partea unui juc\u0103tor important al echipei FCSB FC Steaua Bucure\u0219ti. Conform declara\u021biilor sale recente, vedeta echipei a confirmat c\u0103 \u00ee\u0219i dore\u0219te s\u0103 se \u00eentoarc\u0103 \u00een Rom\u00e2nia \u0219i s\u0103 revin\u0103 \u00een fa\u021ba fanilor Stelei, club care i-a marcat cariera \u00een ultimii ani. Dup\u0103 o perioad\u0103 \u00een care a jucat \u00een str\u0103in\u0103tate, acesta a declarat c\u0103 dorin\u021ba de a reveni acas\u0103 este puternic\u0103 \u0219i c\u0103 \u00ee\u0219i dore\u0219te s\u0103 ajute echipa s\u0103 \u00ee\u0219i ating\u0103 obiectivele.<\/p>\n<p>&nbsp;<\/p>\n<p>Aceast\u0103 veste a st\u00e2rnit un val de entuziasm printre suporterii FCSB, care a\u0219teptau cu ner\u0103bdare ca vedetele echipei s\u0103 \u00ee\u0219i reg\u0103seasc\u0103 motiva\u021bia \u0219i s\u0103 revin\u0103 pe teren cu \u0219i mai mult\u0103 for\u021b\u0103. Fanii echipei sunt recunosc\u0103tori pentru tot ce a realizat juc\u0103torul \u00een trecut \u0219i sunt convin\u0219i c\u0103 revenirea sa va aduce un suflu nou echipei, at\u00e2t pe plan intern, c\u00e2t \u0219i interna\u021bional.<\/p>\n<p>&nbsp;<\/p>\n<p>De asemenea, acest anun\u021b subliniaz\u0103 inten\u021biile clubului de a-\u0219i \u00eent\u0103ri lotul pentru a ob\u021bine performan\u021be notabile \u00een competi\u021biile interne \u0219i interna\u021bionale. Este clar c\u0103 FCSB FC Steaua Bucure\u0219ti se preg\u0103te\u0219te s\u0103 fac\u0103 pa\u0219i mari \u00een noul sezon, iar aceast\u0103 revenire ar putea fi unul dintre elementele cheie pentru a atinge acele obiective.<\/p>\n<p>&nbsp;<\/p>\n<p>Revenirea unui astfel de juc\u0103tor va avea, f\u0103r\u0103 \u00eendoial\u0103, un impact semnificativ asupra echipei, dar \u0219i asupra imaginii clubului. R\u0103m\u00e2ne de v\u0103zut cum se vor desf\u0103\u0219ura negocierile \u0219i c\u00e2nd va fi oficializat\u0103 revenirea sa, \u00eens\u0103 cert este c\u0103 to\u021bi ochii vor fi pe FCSB \u00een perioada urm\u0103toare.<\/p>\n\n<div style=\"font-size: 0px; height: 0px; line-height: 0px; margin: 0; padding: 0; clear: both;\"><\/div>","protected":false},"excerpt":{"rendered":"<p>Veste bun\u0103: &#8220;Vedeta celor de la FCSB FC Steaua Bucure\u0219ti confirm\u0103 c\u0103 \u00ee\u0219i dore\u0219te s\u0103 se \u00eentoarc\u0103&#8230;&#8221; &nbsp; Un anun\u021b nea\u0219teptat a venit din partea unui juc\u0103tor important al echipei FCSB FC Steaua Bucure\u0219ti. Conform declara\u021biilor sale recente, vedeta echipei a confirmat c\u0103 \u00ee\u0219i dore\u0219te s\u0103 se \u00eentoarc\u0103 \u00een Rom\u00e2nia \u0219i s\u0103 revin\u0103 \u00een fa\u021ba [&hellip;]<\/p>\n","protected":false},"author":1,"featured_media":16522,"comment_status":"open","ping_status":"open","sticky":false,"template":"","format":"standard","meta":{"_jetpack_memberships_contains_paid_content":false,"footnotes":""},"categories":[1],"tags":[],"class_list":["post-16521","post","type-post","status-publish","format-standard","has-post-thumbnail","hentry","category-uncategorized"],"yoast_head":"<!-- This site is optimized with the Yoast SEO plugin v27.4 - https:\/\/yoast.com\/product\/yoast-seo-wordpress\/ -->\n<title>Veste bun\u0103: &quot;Vedeta celor de la FCSB FC Steaua B.<\/title>\n<meta name=\"description\" content=\"Veste bun\u0103: &quot;Vedeta celor de la FCSB FC Steaua Bucure\u0219ti confirm\u0103 c\u0103 \u00ee\u0219i dore\u0219te s\u0103 se \u00eentoarc\u0103...&quot;...........\" \/>\n<meta name=\"robots\" content=\"index, follow, max-snippet:-1, max-image-preview:large, max-video-preview:-1\" \/>\n<link rel=\"canonical\" href=\"https:\/\/www.letsportsrock.com\/?p=16521\" \/>\n<meta property=\"og:locale\" content=\"en_US\" \/>\n<meta property=\"og:type\" content=\"article\" \/>\n<meta property=\"og:title\" content=\"Veste bun\u0103: &quot;Vedeta celor de la FCSB FC Steaua B.\" \/>\n<meta property=\"og:description\" content=\"Veste bun\u0103: &quot;Vedeta celor de la FCSB FC Steaua Bucure\u0219ti confirm\u0103 c\u0103 \u00ee\u0219i dore\u0219te s\u0103 se \u00eentoarc\u0103...&quot;...........\" \/>\n<meta property=\"og:url\" content=\"https:\/\/www.letsportsrock.com\/?p=16521\" \/>\n<meta property=\"og:site_name\" content=\"letsportsrock\" \/>\n<meta property=\"article:published_time\" content=\"2024-12-31T00:36:37+00:00\" \/>\n<meta property=\"og:image\" content=\"https:\/\/www.letsportsrock.com\/wp-content\/uploads\/2024\/12\/images-25-3.jpeg\" \/>\n\t<meta property=\"og:image:width\" content=\"639\" \/>\n\t<meta property=\"og:image:height\" content=\"480\" \/>\n\t<meta property=\"og:image:type\" content=\"image\/jpeg\" \/>\n<meta name=\"author\" content=\"letsportsrock\" \/>\n<meta name=\"twitter:card\" content=\"summary_large_image\" \/>\n<meta name=\"twitter:label1\" content=\"Written by\" \/>\n\t<meta name=\"twitter:data1\" content=\"letsportsrock\" \/>\n\t<meta name=\"twitter:label2\" content=\"Est. reading time\" \/>\n\t<meta name=\"twitter:data2\" content=\"2 minutes\" \/>\n<script type=\"application\/ld+json\" class=\"yoast-schema-graph\">{\"@context\":\"https:\\\/\\\/schema.org\",\"@graph\":[{\"@type\":\"Article\",\"@id\":\"https:\\\/\\\/www.letsportsrock.com\\\/?p=16521#article\",\"isPartOf\":{\"@id\":\"https:\\\/\\\/www.letsportsrock.com\\\/?p=16521\"},\"author\":{\"name\":\"letsportsrock\",\"@id\":\"https:\\\/\\\/www.letsportsrock.com\\\/#\\\/schema\\\/person\\\/a454ac24e58b214ddd97e4b5afb0bf01\"},\"headline\":\"Veste bun\u0103: &#8220;Vedeta celor de la FCSB FC Steaua Bucure\u0219ti confirm\u0103 c\u0103 \u00ee\u0219i dore\u0219te s\u0103 se \u00eentoarc\u0103&#8230;&#8221;\",\"datePublished\":\"2024-12-31T00:36:37+00:00\",\"mainEntityOfPage\":{\"@id\":\"https:\\\/\\\/www.letsportsrock.com\\\/?p=16521\"},\"wordCount\":324,\"commentCount\":0,\"image\":{\"@id\":\"https:\\\/\\\/www.letsportsrock.com\\\/?p=16521#primaryimage\"},\"thumbnailUrl\":\"https:\\\/\\\/www.letsportsrock.com\\\/wp-content\\\/uploads\\\/2024\\\/12\\\/images-25-3.jpeg\",\"inLanguage\":\"en-US\",\"potentialAction\":[{\"@type\":\"CommentAction\",\"name\":\"Comment\",\"target\":[\"https:\\\/\\\/www.letsportsrock.com\\\/?p=16521#respond\"]}]},{\"@type\":\"WebPage\",\"@id\":\"https:\\\/\\\/www.letsportsrock.com\\\/?p=16521\",\"url\":\"https:\\\/\\\/www.letsportsrock.com\\\/?p=16521\",\"name\":\"Veste bun\u0103: \\\"Vedeta celor de la FCSB FC Steaua B.\",\"isPartOf\":{\"@id\":\"https:\\\/\\\/www.letsportsrock.com\\\/#website\"},\"primaryImageOfPage\":{\"@id\":\"https:\\\/\\\/www.letsportsrock.com\\\/?p=16521#primaryimage\"},\"image\":{\"@id\":\"https:\\\/\\\/www.letsportsrock.com\\\/?p=16521#primaryimage\"},\"thumbnailUrl\":\"https:\\\/\\\/www.letsportsrock.com\\\/wp-content\\\/uploads\\\/2024\\\/12\\\/images-25-3.jpeg\",\"datePublished\":\"2024-12-31T00:36:37+00:00\",\"author\":{\"@id\":\"https:\\\/\\\/www.letsportsrock.com\\\/#\\\/schema\\\/person\\\/a454ac24e58b214ddd97e4b5afb0bf01\"},\"description\":\"Veste bun\u0103: \\\"Vedeta celor de la FCSB FC Steaua Bucure\u0219ti confirm\u0103 c\u0103 \u00ee\u0219i dore\u0219te s\u0103 se \u00eentoarc\u0103...\\\"...........\",\"breadcrumb\":{\"@id\":\"https:\\\/\\\/www.letsportsrock.com\\\/?p=16521#breadcrumb\"},\"inLanguage\":\"en-US\",\"potentialAction\":[{\"@type\":\"ReadAction\",\"target\":[\"https:\\\/\\\/www.letsportsrock.com\\\/?p=16521\"]}]},{\"@type\":\"ImageObject\",\"inLanguage\":\"en-US\",\"@id\":\"https:\\\/\\\/www.letsportsrock.com\\\/?p=16521#primaryimage\",\"url\":\"https:\\\/\\\/www.letsportsrock.com\\\/wp-content\\\/uploads\\\/2024\\\/12\\\/images-25-3.jpeg\",\"contentUrl\":\"https:\\\/\\\/www.letsportsrock.com\\\/wp-content\\\/uploads\\\/2024\\\/12\\\/images-25-3.jpeg\",\"width\":639,\"height\":480},{\"@type\":\"BreadcrumbList\",\"@id\":\"https:\\\/\\\/www.letsportsrock.com\\\/?p=16521#breadcrumb\",\"itemListElement\":[{\"@type\":\"ListItem\",\"position\":1,\"name\":\"Home\",\"item\":\"https:\\\/\\\/www.letsportsrock.com\\\/\"},{\"@type\":\"ListItem\",\"position\":2,\"name\":\"Veste bun\u0103: &#8220;Vedeta celor de la FCSB FC Steaua Bucure\u0219ti confirm\u0103 c\u0103 \u00ee\u0219i dore\u0219te s\u0103 se \u00eentoarc\u0103&#8230;&#8221;\"}]},{\"@type\":\"WebSite\",\"@id\":\"https:\\\/\\\/www.letsportsrock.com\\\/#website\",\"url\":\"https:\\\/\\\/www.letsportsrock.com\\\/\",\"name\":\"letsportsrock\",\"description\":\"Sport News and Updates\",\"potentialAction\":[{\"@type\":\"SearchAction\",\"target\":{\"@type\":\"EntryPoint\",\"urlTemplate\":\"https:\\\/\\\/www.letsportsrock.com\\\/?s={search_term_string}\"},\"query-input\":{\"@type\":\"PropertyValueSpecification\",\"valueRequired\":true,\"valueName\":\"search_term_string\"}}],\"inLanguage\":\"en-US\"},{\"@type\":\"Person\",\"@id\":\"https:\\\/\\\/www.letsportsrock.com\\\/#\\\/schema\\\/person\\\/a454ac24e58b214ddd97e4b5afb0bf01\",\"name\":\"letsportsrock\",\"image\":{\"@type\":\"ImageObject\",\"inLanguage\":\"en-US\",\"@id\":\"https:\\\/\\\/secure.gravatar.com\\\/avatar\\\/f8ef950cbb7574c0bc874094b8d307659bfe2d7aa4a9d26fa6917eff010748f9?s=96&d=mm&r=g\",\"url\":\"https:\\\/\\\/secure.gravatar.com\\\/avatar\\\/f8ef950cbb7574c0bc874094b8d307659bfe2d7aa4a9d26fa6917eff010748f9?s=96&d=mm&r=g\",\"contentUrl\":\"https:\\\/\\\/secure.gravatar.com\\\/avatar\\\/f8ef950cbb7574c0bc874094b8d307659bfe2d7aa4a9d26fa6917eff010748f9?s=96&d=mm&r=g\",\"caption\":\"letsportsrock\"},\"sameAs\":[\"https:\\\/\\\/www.letsportsrock.com\"],\"url\":\"https:\\\/\\\/www.letsportsrock.com\\\/?author=1\"}]}<\/script>\n<!-- \/ Yoast SEO plugin. -->","yoast_head_json":{"title":"Veste bun\u0103: \"Vedeta celor de la FCSB FC Steaua B.","description":"Veste bun\u0103: \"Vedeta celor de la FCSB FC Steaua Bucure\u0219ti confirm\u0103 c\u0103 \u00ee\u0219i dore\u0219te s\u0103 se \u00eentoarc\u0103...\"...........","robots":{"index":"index","follow":"follow","max-snippet":"max-snippet:-1","max-image-preview":"max-image-preview:large","max-video-preview":"max-video-preview:-1"},"canonical":"https:\/\/www.letsportsrock.com\/?p=16521","og_locale":"en_US","og_type":"article","og_title":"Veste bun\u0103: \"Vedeta celor de la FCSB FC Steaua B.","og_description":"Veste bun\u0103: \"Vedeta celor de la FCSB FC Steaua Bucure\u0219ti confirm\u0103 c\u0103 \u00ee\u0219i dore\u0219te s\u0103 se \u00eentoarc\u0103...\"...........","og_url":"https:\/\/www.letsportsrock.com\/?p=16521","og_site_name":"letsportsrock","article_published_time":"2024-12-31T00:36:37+00:00","og_image":[{"width":639,"height":480,"url":"https:\/\/www.letsportsrock.com\/wp-content\/uploads\/2024\/12\/images-25-3.jpeg","type":"image\/jpeg"}],"author":"letsportsrock","twitter_card":"summary_large_image","twitter_misc":{"Written by":"letsportsrock","Est. reading time":"2 minutes"},"schema":{"@context":"https:\/\/schema.org","@graph":[{"@type":"Article","@id":"https:\/\/www.letsportsrock.com\/?p=16521#article","isPartOf":{"@id":"https:\/\/www.letsportsrock.com\/?p=16521"},"author":{"name":"letsportsrock","@id":"https:\/\/www.letsportsrock.com\/#\/schema\/person\/a454ac24e58b214ddd97e4b5afb0bf01"},"headline":"Veste bun\u0103: &#8220;Vedeta celor de la FCSB FC Steaua Bucure\u0219ti confirm\u0103 c\u0103 \u00ee\u0219i dore\u0219te s\u0103 se \u00eentoarc\u0103&#8230;&#8221;","datePublished":"2024-12-31T00:36:37+00:00","mainEntityOfPage":{"@id":"https:\/\/www.letsportsrock.com\/?p=16521"},"wordCount":324,"commentCount":0,"image":{"@id":"https:\/\/www.letsportsrock.com\/?p=16521#primaryimage"},"thumbnailUrl":"https:\/\/www.letsportsrock.com\/wp-content\/uploads\/2024\/12\/images-25-3.jpeg","inLanguage":"en-US","potentialAction":[{"@type":"CommentAction","name":"Comment","target":["https:\/\/www.letsportsrock.com\/?p=16521#respond"]}]},{"@type":"WebPage","@id":"https:\/\/www.letsportsrock.com\/?p=16521","url":"https:\/\/www.letsportsrock.com\/?p=16521","name":"Veste bun\u0103: \"Vedeta celor de la FCSB FC Steaua B.","isPartOf":{"@id":"https:\/\/www.letsportsrock.com\/#website"},"primaryImageOfPage":{"@id":"https:\/\/www.letsportsrock.com\/?p=16521#primaryimage"},"image":{"@id":"https:\/\/www.letsportsrock.com\/?p=16521#primaryimage"},"thumbnailUrl":"https:\/\/www.letsportsrock.com\/wp-content\/uploads\/2024\/12\/images-25-3.jpeg","datePublished":"2024-12-31T00:36:37+00:00","author":{"@id":"https:\/\/www.letsportsrock.com\/#\/schema\/person\/a454ac24e58b214ddd97e4b5afb0bf01"},"description":"Veste bun\u0103: \"Vedeta celor de la FCSB FC Steaua Bucure\u0219ti confirm\u0103 c\u0103 \u00ee\u0219i dore\u0219te s\u0103 se \u00eentoarc\u0103...\"...........","breadcrumb":{"@id":"https:\/\/www.letsportsrock.com\/?p=16521#breadcrumb"},"inLanguage":"en-US","potentialAction":[{"@type":"ReadAction","target":["https:\/\/www.letsportsrock.com\/?p=16521"]}]},{"@type":"ImageObject","inLanguage":"en-US","@id":"https:\/\/www.letsportsrock.com\/?p=16521#primaryimage","url":"https:\/\/www.letsportsrock.com\/wp-content\/uploads\/2024\/12\/images-25-3.jpeg","contentUrl":"https:\/\/www.letsportsrock.com\/wp-content\/uploads\/2024\/12\/images-25-3.jpeg","width":639,"height":480},{"@type":"BreadcrumbList","@id":"https:\/\/www.letsportsrock.com\/?p=16521#breadcrumb","itemListElement":[{"@type":"ListItem","position":1,"name":"Home","item":"https:\/\/www.letsportsrock.com\/"},{"@type":"ListItem","position":2,"name":"Veste bun\u0103: &#8220;Vedeta celor de la FCSB FC Steaua Bucure\u0219ti confirm\u0103 c\u0103 \u00ee\u0219i dore\u0219te s\u0103 se \u00eentoarc\u0103&#8230;&#8221;"}]},{"@type":"WebSite","@id":"https:\/\/www.letsportsrock.com\/#website","url":"https:\/\/www.letsportsrock.com\/","name":"letsportsrock","description":"Sport News and Updates","potentialAction":[{"@type":"SearchAction","target":{"@type":"EntryPoint","urlTemplate":"https:\/\/www.letsportsrock.com\/?s={search_term_string}"},"query-input":{"@type":"PropertyValueSpecification","valueRequired":true,"valueName":"search_term_string"}}],"inLanguage":"en-US"},{"@type":"Person","@id":"https:\/\/www.letsportsrock.com\/#\/schema\/person\/a454ac24e58b214ddd97e4b5afb0bf01","name":"letsportsrock","image":{"@type":"ImageObject","inLanguage":"en-US","@id":"https:\/\/secure.gravatar.com\/avatar\/f8ef950cbb7574c0bc874094b8d307659bfe2d7aa4a9d26fa6917eff010748f9?s=96&d=mm&r=g","url":"https:\/\/secure.gravatar.com\/avatar\/f8ef950cbb7574c0bc874094b8d307659bfe2d7aa4a9d26fa6917eff010748f9?s=96&d=mm&r=g","contentUrl":"https:\/\/secure.gravatar.com\/avatar\/f8ef950cbb7574c0bc874094b8d307659bfe2d7aa4a9d26fa6917eff010748f9?s=96&d=mm&r=g","caption":"letsportsrock"},"sameAs":["https:\/\/www.letsportsrock.com"],"url":"https:\/\/www.letsportsrock.com\/?author=1"}]}},"jetpack_featured_media_url":"https:\/\/www.letsportsrock.com\/wp-content\/uploads\/2024\/12\/images-25-3.jpeg","jetpack_sharing_enabled":true,"_links":{"self":[{"href":"https:\/\/www.letsportsrock.com\/index.php?rest_route=\/wp\/v2\/posts\/16521","targetHints":{"allow":["GET"]}}],"collection":[{"href":"https:\/\/www.letsportsrock.com\/index.php?rest_route=\/wp\/v2\/posts"}],"about":[{"href":"https:\/\/www.letsportsrock.com\/index.php?rest_route=\/wp\/v2\/types\/post"}],"author":[{"embeddable":true,"href":"https:\/\/www.letsportsrock.com\/index.php?rest_route=\/wp\/v2\/users\/1"}],"replies":[{"embeddable":true,"href":"https:\/\/www.letsportsrock.com\/index.php?rest_route=%2Fwp%2Fv2%2Fcomments&post=16521"}],"version-history":[{"count":1,"href":"https:\/\/www.letsportsrock.com\/index.php?rest_route=\/wp\/v2\/posts\/16521\/revisions"}],"predecessor-version":[{"id":16523,"href":"https:\/\/www.letsportsrock.com\/index.php?rest_route=\/wp\/v2\/posts\/16521\/revisions\/16523"}],"wp:featuredmedia":[{"embeddable":true,"href":"https:\/\/www.letsportsrock.com\/index.php?rest_route=\/wp\/v2\/media\/16522"}],"wp:attachment":[{"href":"https:\/\/www.letsportsrock.com\/index.php?rest_route=%2Fwp%2Fv2%2Fmedia&parent=16521"}],"wp:term":[{"taxonomy":"category","embeddable":true,"href":"https:\/\/www.letsportsrock.com\/index.php?rest_route=%2Fwp%2Fv2%2Fcategories&post=16521"},{"taxonomy":"post_tag","embeddable":true,"href":"https:\/\/www.letsportsrock.com\/index.php?rest_route=%2Fwp%2Fv2%2Ftags&post=16521"}],"curies":[{"name":"wp","href":"https:\/\/api.w.org\/{rel}","templated":true}]}}