{"id":16672,"date":"2024-12-31T23:58:32","date_gmt":"2024-12-31T23:58:32","guid":{"rendered":"https:\/\/www.letsportsrock.com\/?p=16672"},"modified":"2024-12-31T23:58:32","modified_gmt":"2024-12-31T23:58:32","slug":"veste-trista-presedintele-fc-dinamo-bucuresti-andrei-nicolescu-anunta-demisia-din-functie-din-cauza","status":"publish","type":"post","link":"https:\/\/www.letsportsrock.com\/?p=16672","title":{"rendered":"&#8220;Veste trist\u0103: Pre\u0219edintele FC Dinamo Bucure\u0219ti, Andrei Nicolescu, anun\u021b\u0103 demisia din func\u021bie din cauza&#8230;&#8221;"},"content":{"rendered":"<div class=\"d79db4796efc26332eabfc3f5dafbc76\" data-index=\"1\" style=\"float: none; margin:10px 0 10px 0; text-align:center;\">\n<div class=\"hb-ad-inarticle\">\r\n    <div class=\"hb-ad-inner\"> \r\n    <div class=\"hbagency_cls\"  id=\"hbagency_space_111930\"><\/div><\/div> <\/div>\n<\/div>\n<p>Veste trist\u0103 pentru suporterii FC Dinamo Bucure\u0219ti: Andrei Nicolescu, pre\u0219edintele clubului, a anun\u021bat oficial demisia sa din func\u021bie. Decizia vine \u00eentr-un moment delicat pentru echip\u0103, \u00eentr-o perioad\u0103 \u00een care Dinamo se confrunt\u0103 cu dificult\u0103\u021bi financiare \u0219i sportive considerabile. Nicolescu a explicat c\u0103 plecarea sa este rezultatul unor circumstan\u021be externe ce au f\u0103cut imposibil\u0103 continuarea activit\u0103\u021bii la conducerea clubului.<\/p>\n<p>&nbsp;<\/p>\n<p>\u00centr-un comunicat oficial, Nicolescu a subliniat faptul c\u0103, de\u0219i \u0219i-a dorit s\u0103 contribuie la redresarea echipei \u0219i s\u0103 aduc\u0103 un suflu nou, problemele economice \u0219i lipsa de sus\u021binere \u00een gestionarea situa\u021biilor dificile au determinat aceast\u0103 decizie. \u00cen plus, s-a ar\u0103tat dezam\u0103git de dificult\u0103\u021bile interne ale clubului, care nu au permis implementarea planurilor de dezvoltare pe termen lung.<\/p>\n<p>&nbsp;<\/p>\n<p>&#8220;Am avut \u00eentotdeauna la inim\u0103 soarta clubului Dinamo \u0219i am investit mult timp \u0219i energie pentru a g\u0103si solu\u021bii la problemele sale. Din p\u0103cate, \u00een ultimele luni, nu am reu\u0219it s\u0103 g\u0103sim sprijinul necesar pentru a dep\u0103\u0219i criza \u00een care se afl\u0103 clubul nostru&#8221;, a declarat Nicolescu.<\/p>\n<p>&nbsp;<\/p>\n<p>Demisia sa reprezint\u0103 un moment de cotitur\u0103 pentru FC Dinamo, iar viitorul echipei r\u0103m\u00e2ne incert. Suporterii, care au avut a\u0219tept\u0103ri mari de la conducerea clubului, sunt \u00eengrijora\u021bi de direc\u021bia \u00een care va merge echipa \u00een perioada urm\u0103toare. Este de a\u0219teptat ca \u00een perioada urm\u0103toare s\u0103 fie anun\u021bate noi numiri \u00een conducerea clubului, dar incertitudinea persist\u0103.<\/p>\n<p>&nbsp;<\/p>\n<p>Aceasta este o perioad\u0103 grea pentru Dinamo Bucure\u0219ti, iar fanii sper\u0103 c\u0103 echipa va g\u0103si rapid solu\u021bii pentru a reveni pe drumul cel bun.<\/p>\n\n<div style=\"font-size: 0px; height: 0px; line-height: 0px; margin: 0; padding: 0; clear: both;\"><\/div>","protected":false},"excerpt":{"rendered":"<p>Veste trist\u0103 pentru suporterii FC Dinamo Bucure\u0219ti: Andrei Nicolescu, pre\u0219edintele clubului, a anun\u021bat oficial demisia sa din func\u021bie. Decizia vine \u00eentr-un moment delicat pentru echip\u0103, \u00eentr-o perioad\u0103 \u00een care Dinamo se confrunt\u0103 cu dificult\u0103\u021bi financiare \u0219i sportive considerabile. Nicolescu a explicat c\u0103 plecarea sa este rezultatul unor circumstan\u021be externe ce au f\u0103cut imposibil\u0103 continuarea activit\u0103\u021bii [&hellip;]<\/p>\n","protected":false},"author":1,"featured_media":16673,"comment_status":"open","ping_status":"open","sticky":false,"template":"","format":"standard","meta":{"_jetpack_memberships_contains_paid_content":false,"footnotes":""},"categories":[1],"tags":[],"class_list":["post-16672","post","type-post","status-publish","format-standard","has-post-thumbnail","hentry","category-uncategorized"],"yoast_head":"<!-- This site is optimized with the Yoast SEO plugin v27.5 - https:\/\/yoast.com\/product\/yoast-seo-wordpress\/ -->\n<title>&quot;Veste trist\u0103: Pre\u0219edintele FC Dinamo Bucure\u0219ti, Andrei<\/title>\n<meta name=\"description\" content=\"&quot;Veste trist\u0103: Pre\u0219edintele FC Dinamo Bucure\u0219ti, Andrei Nicolescu, anun\u021b\u0103 demisia din func\u021bie din cauza...&quot;\" \/>\n<meta name=\"robots\" content=\"index, follow, max-snippet:-1, max-image-preview:large, max-video-preview:-1\" \/>\n<link rel=\"canonical\" href=\"https:\/\/www.letsportsrock.com\/?p=16672\" \/>\n<meta property=\"og:locale\" content=\"en_US\" \/>\n<meta property=\"og:type\" content=\"article\" \/>\n<meta property=\"og:title\" content=\"&quot;Veste trist\u0103: Pre\u0219edintele FC Dinamo Bucure\u0219ti, Andrei\" \/>\n<meta property=\"og:description\" content=\"&quot;Veste trist\u0103: Pre\u0219edintele FC Dinamo Bucure\u0219ti, Andrei Nicolescu, anun\u021b\u0103 demisia din func\u021bie din cauza...&quot;\" \/>\n<meta property=\"og:url\" content=\"https:\/\/www.letsportsrock.com\/?p=16672\" \/>\n<meta property=\"og:site_name\" content=\"letsportsrock\" \/>\n<meta property=\"article:published_time\" content=\"2024-12-31T23:58:32+00:00\" \/>\n<meta property=\"og:image\" content=\"https:\/\/www.letsportsrock.com\/wp-content\/uploads\/2024\/12\/images-37-3.jpeg\" \/>\n\t<meta property=\"og:image:width\" content=\"826\" \/>\n\t<meta property=\"og:image:height\" content=\"371\" \/>\n\t<meta property=\"og:image:type\" content=\"image\/jpeg\" \/>\n<meta name=\"author\" content=\"letsportsrock\" \/>\n<meta name=\"twitter:card\" content=\"summary_large_image\" \/>\n<meta name=\"twitter:label1\" content=\"Written by\" \/>\n\t<meta name=\"twitter:data1\" content=\"letsportsrock\" \/>\n\t<meta name=\"twitter:label2\" content=\"Est. reading time\" \/>\n\t<meta name=\"twitter:data2\" content=\"2 minutes\" \/>\n<script type=\"application\/ld+json\" class=\"yoast-schema-graph\">{\"@context\":\"https:\\\/\\\/schema.org\",\"@graph\":[{\"@type\":\"Article\",\"@id\":\"https:\\\/\\\/www.letsportsrock.com\\\/?p=16672#article\",\"isPartOf\":{\"@id\":\"https:\\\/\\\/www.letsportsrock.com\\\/?p=16672\"},\"author\":{\"name\":\"letsportsrock\",\"@id\":\"https:\\\/\\\/www.letsportsrock.com\\\/#\\\/schema\\\/person\\\/a454ac24e58b214ddd97e4b5afb0bf01\"},\"headline\":\"&#8220;Veste trist\u0103: Pre\u0219edintele FC Dinamo Bucure\u0219ti, Andrei Nicolescu, anun\u021b\u0103 demisia din func\u021bie din cauza&#8230;&#8221;\",\"datePublished\":\"2024-12-31T23:58:32+00:00\",\"mainEntityOfPage\":{\"@id\":\"https:\\\/\\\/www.letsportsrock.com\\\/?p=16672\"},\"wordCount\":295,\"commentCount\":0,\"image\":{\"@id\":\"https:\\\/\\\/www.letsportsrock.com\\\/?p=16672#primaryimage\"},\"thumbnailUrl\":\"https:\\\/\\\/www.letsportsrock.com\\\/wp-content\\\/uploads\\\/2024\\\/12\\\/images-37-3.jpeg\",\"inLanguage\":\"en-US\",\"potentialAction\":[{\"@type\":\"CommentAction\",\"name\":\"Comment\",\"target\":[\"https:\\\/\\\/www.letsportsrock.com\\\/?p=16672#respond\"]}]},{\"@type\":\"WebPage\",\"@id\":\"https:\\\/\\\/www.letsportsrock.com\\\/?p=16672\",\"url\":\"https:\\\/\\\/www.letsportsrock.com\\\/?p=16672\",\"name\":\"\\\"Veste trist\u0103: Pre\u0219edintele FC Dinamo Bucure\u0219ti, Andrei\",\"isPartOf\":{\"@id\":\"https:\\\/\\\/www.letsportsrock.com\\\/#website\"},\"primaryImageOfPage\":{\"@id\":\"https:\\\/\\\/www.letsportsrock.com\\\/?p=16672#primaryimage\"},\"image\":{\"@id\":\"https:\\\/\\\/www.letsportsrock.com\\\/?p=16672#primaryimage\"},\"thumbnailUrl\":\"https:\\\/\\\/www.letsportsrock.com\\\/wp-content\\\/uploads\\\/2024\\\/12\\\/images-37-3.jpeg\",\"datePublished\":\"2024-12-31T23:58:32+00:00\",\"author\":{\"@id\":\"https:\\\/\\\/www.letsportsrock.com\\\/#\\\/schema\\\/person\\\/a454ac24e58b214ddd97e4b5afb0bf01\"},\"description\":\"\\\"Veste trist\u0103: Pre\u0219edintele FC Dinamo Bucure\u0219ti, Andrei Nicolescu, anun\u021b\u0103 demisia din func\u021bie din cauza...\\\"\",\"breadcrumb\":{\"@id\":\"https:\\\/\\\/www.letsportsrock.com\\\/?p=16672#breadcrumb\"},\"inLanguage\":\"en-US\",\"potentialAction\":[{\"@type\":\"ReadAction\",\"target\":[\"https:\\\/\\\/www.letsportsrock.com\\\/?p=16672\"]}]},{\"@type\":\"ImageObject\",\"inLanguage\":\"en-US\",\"@id\":\"https:\\\/\\\/www.letsportsrock.com\\\/?p=16672#primaryimage\",\"url\":\"https:\\\/\\\/www.letsportsrock.com\\\/wp-content\\\/uploads\\\/2024\\\/12\\\/images-37-3.jpeg\",\"contentUrl\":\"https:\\\/\\\/www.letsportsrock.com\\\/wp-content\\\/uploads\\\/2024\\\/12\\\/images-37-3.jpeg\",\"width\":826,\"height\":371},{\"@type\":\"BreadcrumbList\",\"@id\":\"https:\\\/\\\/www.letsportsrock.com\\\/?p=16672#breadcrumb\",\"itemListElement\":[{\"@type\":\"ListItem\",\"position\":1,\"name\":\"Home\",\"item\":\"https:\\\/\\\/www.letsportsrock.com\\\/\"},{\"@type\":\"ListItem\",\"position\":2,\"name\":\"&#8220;Veste trist\u0103: Pre\u0219edintele FC Dinamo Bucure\u0219ti, Andrei Nicolescu, anun\u021b\u0103 demisia din func\u021bie din cauza&#8230;&#8221;\"}]},{\"@type\":\"WebSite\",\"@id\":\"https:\\\/\\\/www.letsportsrock.com\\\/#website\",\"url\":\"https:\\\/\\\/www.letsportsrock.com\\\/\",\"name\":\"letsportsrock\",\"description\":\"Sport News and Updates\",\"potentialAction\":[{\"@type\":\"SearchAction\",\"target\":{\"@type\":\"EntryPoint\",\"urlTemplate\":\"https:\\\/\\\/www.letsportsrock.com\\\/?s={search_term_string}\"},\"query-input\":{\"@type\":\"PropertyValueSpecification\",\"valueRequired\":true,\"valueName\":\"search_term_string\"}}],\"inLanguage\":\"en-US\"},{\"@type\":\"Person\",\"@id\":\"https:\\\/\\\/www.letsportsrock.com\\\/#\\\/schema\\\/person\\\/a454ac24e58b214ddd97e4b5afb0bf01\",\"name\":\"letsportsrock\",\"image\":{\"@type\":\"ImageObject\",\"inLanguage\":\"en-US\",\"@id\":\"https:\\\/\\\/secure.gravatar.com\\\/avatar\\\/f8ef950cbb7574c0bc874094b8d307659bfe2d7aa4a9d26fa6917eff010748f9?s=96&d=mm&r=g\",\"url\":\"https:\\\/\\\/secure.gravatar.com\\\/avatar\\\/f8ef950cbb7574c0bc874094b8d307659bfe2d7aa4a9d26fa6917eff010748f9?s=96&d=mm&r=g\",\"contentUrl\":\"https:\\\/\\\/secure.gravatar.com\\\/avatar\\\/f8ef950cbb7574c0bc874094b8d307659bfe2d7aa4a9d26fa6917eff010748f9?s=96&d=mm&r=g\",\"caption\":\"letsportsrock\"},\"sameAs\":[\"https:\\\/\\\/www.letsportsrock.com\"],\"url\":\"https:\\\/\\\/www.letsportsrock.com\\\/?author=1\"}]}<\/script>\n<!-- \/ Yoast SEO plugin. -->","yoast_head_json":{"title":"\"Veste trist\u0103: Pre\u0219edintele FC Dinamo Bucure\u0219ti, Andrei","description":"\"Veste trist\u0103: Pre\u0219edintele FC Dinamo Bucure\u0219ti, Andrei Nicolescu, anun\u021b\u0103 demisia din func\u021bie din cauza...\"","robots":{"index":"index","follow":"follow","max-snippet":"max-snippet:-1","max-image-preview":"max-image-preview:large","max-video-preview":"max-video-preview:-1"},"canonical":"https:\/\/www.letsportsrock.com\/?p=16672","og_locale":"en_US","og_type":"article","og_title":"\"Veste trist\u0103: Pre\u0219edintele FC Dinamo Bucure\u0219ti, Andrei","og_description":"\"Veste trist\u0103: Pre\u0219edintele FC Dinamo Bucure\u0219ti, Andrei Nicolescu, anun\u021b\u0103 demisia din func\u021bie din cauza...\"","og_url":"https:\/\/www.letsportsrock.com\/?p=16672","og_site_name":"letsportsrock","article_published_time":"2024-12-31T23:58:32+00:00","og_image":[{"width":826,"height":371,"url":"https:\/\/www.letsportsrock.com\/wp-content\/uploads\/2024\/12\/images-37-3.jpeg","type":"image\/jpeg"}],"author":"letsportsrock","twitter_card":"summary_large_image","twitter_misc":{"Written by":"letsportsrock","Est. reading time":"2 minutes"},"schema":{"@context":"https:\/\/schema.org","@graph":[{"@type":"Article","@id":"https:\/\/www.letsportsrock.com\/?p=16672#article","isPartOf":{"@id":"https:\/\/www.letsportsrock.com\/?p=16672"},"author":{"name":"letsportsrock","@id":"https:\/\/www.letsportsrock.com\/#\/schema\/person\/a454ac24e58b214ddd97e4b5afb0bf01"},"headline":"&#8220;Veste trist\u0103: Pre\u0219edintele FC Dinamo Bucure\u0219ti, Andrei Nicolescu, anun\u021b\u0103 demisia din func\u021bie din cauza&#8230;&#8221;","datePublished":"2024-12-31T23:58:32+00:00","mainEntityOfPage":{"@id":"https:\/\/www.letsportsrock.com\/?p=16672"},"wordCount":295,"commentCount":0,"image":{"@id":"https:\/\/www.letsportsrock.com\/?p=16672#primaryimage"},"thumbnailUrl":"https:\/\/www.letsportsrock.com\/wp-content\/uploads\/2024\/12\/images-37-3.jpeg","inLanguage":"en-US","potentialAction":[{"@type":"CommentAction","name":"Comment","target":["https:\/\/www.letsportsrock.com\/?p=16672#respond"]}]},{"@type":"WebPage","@id":"https:\/\/www.letsportsrock.com\/?p=16672","url":"https:\/\/www.letsportsrock.com\/?p=16672","name":"\"Veste trist\u0103: Pre\u0219edintele FC Dinamo Bucure\u0219ti, Andrei","isPartOf":{"@id":"https:\/\/www.letsportsrock.com\/#website"},"primaryImageOfPage":{"@id":"https:\/\/www.letsportsrock.com\/?p=16672#primaryimage"},"image":{"@id":"https:\/\/www.letsportsrock.com\/?p=16672#primaryimage"},"thumbnailUrl":"https:\/\/www.letsportsrock.com\/wp-content\/uploads\/2024\/12\/images-37-3.jpeg","datePublished":"2024-12-31T23:58:32+00:00","author":{"@id":"https:\/\/www.letsportsrock.com\/#\/schema\/person\/a454ac24e58b214ddd97e4b5afb0bf01"},"description":"\"Veste trist\u0103: Pre\u0219edintele FC Dinamo Bucure\u0219ti, Andrei Nicolescu, anun\u021b\u0103 demisia din func\u021bie din cauza...\"","breadcrumb":{"@id":"https:\/\/www.letsportsrock.com\/?p=16672#breadcrumb"},"inLanguage":"en-US","potentialAction":[{"@type":"ReadAction","target":["https:\/\/www.letsportsrock.com\/?p=16672"]}]},{"@type":"ImageObject","inLanguage":"en-US","@id":"https:\/\/www.letsportsrock.com\/?p=16672#primaryimage","url":"https:\/\/www.letsportsrock.com\/wp-content\/uploads\/2024\/12\/images-37-3.jpeg","contentUrl":"https:\/\/www.letsportsrock.com\/wp-content\/uploads\/2024\/12\/images-37-3.jpeg","width":826,"height":371},{"@type":"BreadcrumbList","@id":"https:\/\/www.letsportsrock.com\/?p=16672#breadcrumb","itemListElement":[{"@type":"ListItem","position":1,"name":"Home","item":"https:\/\/www.letsportsrock.com\/"},{"@type":"ListItem","position":2,"name":"&#8220;Veste trist\u0103: Pre\u0219edintele FC Dinamo Bucure\u0219ti, Andrei Nicolescu, anun\u021b\u0103 demisia din func\u021bie din cauza&#8230;&#8221;"}]},{"@type":"WebSite","@id":"https:\/\/www.letsportsrock.com\/#website","url":"https:\/\/www.letsportsrock.com\/","name":"letsportsrock","description":"Sport News and Updates","potentialAction":[{"@type":"SearchAction","target":{"@type":"EntryPoint","urlTemplate":"https:\/\/www.letsportsrock.com\/?s={search_term_string}"},"query-input":{"@type":"PropertyValueSpecification","valueRequired":true,"valueName":"search_term_string"}}],"inLanguage":"en-US"},{"@type":"Person","@id":"https:\/\/www.letsportsrock.com\/#\/schema\/person\/a454ac24e58b214ddd97e4b5afb0bf01","name":"letsportsrock","image":{"@type":"ImageObject","inLanguage":"en-US","@id":"https:\/\/secure.gravatar.com\/avatar\/f8ef950cbb7574c0bc874094b8d307659bfe2d7aa4a9d26fa6917eff010748f9?s=96&d=mm&r=g","url":"https:\/\/secure.gravatar.com\/avatar\/f8ef950cbb7574c0bc874094b8d307659bfe2d7aa4a9d26fa6917eff010748f9?s=96&d=mm&r=g","contentUrl":"https:\/\/secure.gravatar.com\/avatar\/f8ef950cbb7574c0bc874094b8d307659bfe2d7aa4a9d26fa6917eff010748f9?s=96&d=mm&r=g","caption":"letsportsrock"},"sameAs":["https:\/\/www.letsportsrock.com"],"url":"https:\/\/www.letsportsrock.com\/?author=1"}]}},"jetpack_featured_media_url":"https:\/\/www.letsportsrock.com\/wp-content\/uploads\/2024\/12\/images-37-3.jpeg","jetpack_sharing_enabled":true,"_links":{"self":[{"href":"https:\/\/www.letsportsrock.com\/index.php?rest_route=\/wp\/v2\/posts\/16672","targetHints":{"allow":["GET"]}}],"collection":[{"href":"https:\/\/www.letsportsrock.com\/index.php?rest_route=\/wp\/v2\/posts"}],"about":[{"href":"https:\/\/www.letsportsrock.com\/index.php?rest_route=\/wp\/v2\/types\/post"}],"author":[{"embeddable":true,"href":"https:\/\/www.letsportsrock.com\/index.php?rest_route=\/wp\/v2\/users\/1"}],"replies":[{"embeddable":true,"href":"https:\/\/www.letsportsrock.com\/index.php?rest_route=%2Fwp%2Fv2%2Fcomments&post=16672"}],"version-history":[{"count":1,"href":"https:\/\/www.letsportsrock.com\/index.php?rest_route=\/wp\/v2\/posts\/16672\/revisions"}],"predecessor-version":[{"id":16674,"href":"https:\/\/www.letsportsrock.com\/index.php?rest_route=\/wp\/v2\/posts\/16672\/revisions\/16674"}],"wp:featuredmedia":[{"embeddable":true,"href":"https:\/\/www.letsportsrock.com\/index.php?rest_route=\/wp\/v2\/media\/16673"}],"wp:attachment":[{"href":"https:\/\/www.letsportsrock.com\/index.php?rest_route=%2Fwp%2Fv2%2Fmedia&parent=16672"}],"wp:term":[{"taxonomy":"category","embeddable":true,"href":"https:\/\/www.letsportsrock.com\/index.php?rest_route=%2Fwp%2Fv2%2Fcategories&post=16672"},{"taxonomy":"post_tag","embeddable":true,"href":"https:\/\/www.letsportsrock.com\/index.php?rest_route=%2Fwp%2Fv2%2Ftags&post=16672"}],"curies":[{"name":"wp","href":"https:\/\/api.w.org\/{rel}","templated":true}]}}