{"id":16859,"date":"2025-01-02T10:52:29","date_gmt":"2025-01-02T10:52:29","guid":{"rendered":"https:\/\/www.letsportsrock.com\/?p=16859"},"modified":"2025-01-02T10:52:29","modified_gmt":"2025-01-02T10:52:29","slug":"mihai-balasa-a-jucat-doi-ani-si-jumatate-in-tricoul-fcsb-si-a-povestit-despre-cum-a-fost-sa-lucreze-cu-patronul-gigi-becali","status":"publish","type":"post","link":"https:\/\/www.letsportsrock.com\/?p=16859","title":{"rendered":"Mihai B\u0103la\u0219a a jucat doi ani \u0219i jum\u0103tate \u00een tricoul FCSB \u0219i a povestit despre cum a fost s\u0103 lucreze cu patronul Gigi Becali&#8230;"},"content":{"rendered":"<div class=\"d79db4796efc26332eabfc3f5dafbc76\" data-index=\"1\" style=\"float: none; margin:10px 0 10px 0; text-align:center;\">\n<div class=\"hb-ad-inarticle\">\r\n    <div class=\"hb-ad-inner\"> \r\n    <div class=\"hbagency_cls\"  id=\"hbagency_space_111930\"><\/div><\/div> <\/div>\n<\/div>\n<p>Mihai B\u0103la\u0219a a petrecut doi ani \u0219i jum\u0103tate \u00een tricoul celor de la FCSB, timp \u00een care a avut ocazia s\u0103 colaboreze \u00eendeaproape cu patronul Gigi Becali, o personalitate controversat\u0103 \u0219i puternic implicat\u0103 \u00een activitatea echipei. Fostul funda\u0219 al FCSB a povestit recent despre cum a fost s\u0103 lucreze cu Becali \u0219i despre rela\u021biile din cadrul clubului.<\/p>\n<p>&nbsp;<\/p>\n<p>B\u0103la\u0219a a descris cum Gigi Becali este o persoan\u0103 pasionat\u0103 \u0219i extrem de implicat\u0103 \u00een deciziile echipei, fiind adesea prezent la antrenamente \u0219i av\u00e2nd un cuv\u00e2nt greu de spus \u00een alegerea echipei de start \u0219i \u00een strategia meciurilor. De\u0219i unii juc\u0103tori au avut conflicte cu patronul, B\u0103la\u0219a a subliniat c\u0103 Becali era, de fapt, un om cu un caracter puternic, dar care \u00ee\u0219i dorea binele echipei \u0219i al fotbalului rom\u00e2nesc.<\/p>\n<p>&nbsp;<\/p>\n<p>\u201eGigi Becali este un om care tr\u0103ie\u0219te pentru fotbal \u0219i vrea mereu s\u0103 c\u00e2\u0219tige. Uneori poate p\u0103rea c\u0103 \u00ee\u0219i impune prea mult punctul de vedere, dar, \u00een final, el vrea s\u0103 vad\u0103 echipa pe primul loc \u0219i s\u0103 se lupte pentru trofee\u201d, a declarat B\u0103la\u0219a. Juc\u0103torul a ad\u0103ugat c\u0103, de\u0219i stilul s\u0103u de conducere poate fi considerat autoritar, a \u00een\u021beles \u00eentotdeauna inten\u021biile pozitive ale patronului.<\/p>\n<p>&nbsp;<\/p>\n<p>\u00cen ciuda presiunii constante \u0219i a rela\u021biilor uneori dificile din vestiar, B\u0103la\u0219a a recunoscut c\u0103 perioada petrecut\u0103 la FCSB a fost una important\u0103 \u00een cariera sa, unde a \u00eenv\u0103\u021bat multe lec\u021bii despre profesionalism \u0219i despre cum s\u0103 fac\u0103 fa\u021b\u0103 unui mediu extrem de competitiv. Aprecierea fa\u021b\u0103 de Gigi Becali r\u0103m\u00e2ne una de respect, chiar dac\u0103 nu a fost \u00eentotdeauna u\u0219or s\u0103 lucreze cu el.<\/p>\n\n<div style=\"font-size: 0px; height: 0px; line-height: 0px; margin: 0; padding: 0; clear: both;\"><\/div>","protected":false},"excerpt":{"rendered":"<p>Mihai B\u0103la\u0219a a petrecut doi ani \u0219i jum\u0103tate \u00een tricoul celor de la FCSB, timp \u00een care a avut ocazia s\u0103 colaboreze \u00eendeaproape cu patronul Gigi Becali, o personalitate controversat\u0103 \u0219i puternic implicat\u0103 \u00een activitatea echipei. Fostul funda\u0219 al FCSB a povestit recent despre cum a fost s\u0103 lucreze cu Becali \u0219i despre rela\u021biile din [&hellip;]<\/p>\n","protected":false},"author":1,"featured_media":16860,"comment_status":"open","ping_status":"open","sticky":false,"template":"","format":"standard","meta":{"_jetpack_memberships_contains_paid_content":false,"footnotes":""},"categories":[1],"tags":[],"class_list":["post-16859","post","type-post","status-publish","format-standard","has-post-thumbnail","hentry","category-uncategorized"],"yoast_head":"<!-- This site is optimized with the Yoast SEO plugin v27.4 - https:\/\/yoast.com\/product\/yoast-seo-wordpress\/ -->\n<title>Mihai B\u0103la\u0219a a jucat doi ani \u0219i jum\u0103tate \u00een tricoul FCSB \u0219i a povest<\/title>\n<meta name=\"description\" content=\"Mihai B\u0103la\u0219a a jucat doi ani \u0219i jum\u0103tate \u00een tricoul FCSB \u0219i a povestit despre cum a fost s\u0103 lucreze cu patronul Gigi Becali...\" \/>\n<meta name=\"robots\" content=\"index, follow, max-snippet:-1, max-image-preview:large, max-video-preview:-1\" \/>\n<link rel=\"canonical\" href=\"https:\/\/www.letsportsrock.com\/?p=16859\" \/>\n<meta property=\"og:locale\" content=\"en_US\" \/>\n<meta property=\"og:type\" content=\"article\" \/>\n<meta property=\"og:title\" content=\"Mihai B\u0103la\u0219a a jucat doi ani \u0219i jum\u0103tate \u00een tricoul FCSB \u0219i a povest\" \/>\n<meta property=\"og:description\" content=\"Mihai B\u0103la\u0219a a jucat doi ani \u0219i jum\u0103tate \u00een tricoul FCSB \u0219i a povestit despre cum a fost s\u0103 lucreze cu patronul Gigi Becali...\" \/>\n<meta property=\"og:url\" content=\"https:\/\/www.letsportsrock.com\/?p=16859\" \/>\n<meta property=\"og:site_name\" content=\"letsportsrock\" \/>\n<meta property=\"article:published_time\" content=\"2025-01-02T10:52:29+00:00\" \/>\n<meta property=\"og:image\" content=\"https:\/\/www.letsportsrock.com\/wp-content\/uploads\/2025\/01\/images-53.jpeg\" \/>\n\t<meta property=\"og:image:width\" content=\"739\" \/>\n\t<meta property=\"og:image:height\" content=\"415\" \/>\n\t<meta property=\"og:image:type\" content=\"image\/jpeg\" \/>\n<meta name=\"author\" content=\"letsportsrock\" \/>\n<meta name=\"twitter:card\" content=\"summary_large_image\" \/>\n<meta name=\"twitter:label1\" content=\"Written by\" \/>\n\t<meta name=\"twitter:data1\" content=\"letsportsrock\" \/>\n\t<meta name=\"twitter:label2\" content=\"Est. reading time\" \/>\n\t<meta name=\"twitter:data2\" content=\"2 minutes\" \/>\n<script type=\"application\/ld+json\" class=\"yoast-schema-graph\">{\"@context\":\"https:\\\/\\\/schema.org\",\"@graph\":[{\"@type\":\"Article\",\"@id\":\"https:\\\/\\\/www.letsportsrock.com\\\/?p=16859#article\",\"isPartOf\":{\"@id\":\"https:\\\/\\\/www.letsportsrock.com\\\/?p=16859\"},\"author\":{\"name\":\"letsportsrock\",\"@id\":\"https:\\\/\\\/www.letsportsrock.com\\\/#\\\/schema\\\/person\\\/a454ac24e58b214ddd97e4b5afb0bf01\"},\"headline\":\"Mihai B\u0103la\u0219a a jucat doi ani \u0219i jum\u0103tate \u00een tricoul FCSB \u0219i a povestit despre cum a fost s\u0103 lucreze cu patronul Gigi Becali&#8230;\",\"datePublished\":\"2025-01-02T10:52:29+00:00\",\"mainEntityOfPage\":{\"@id\":\"https:\\\/\\\/www.letsportsrock.com\\\/?p=16859\"},\"wordCount\":319,\"commentCount\":0,\"image\":{\"@id\":\"https:\\\/\\\/www.letsportsrock.com\\\/?p=16859#primaryimage\"},\"thumbnailUrl\":\"https:\\\/\\\/www.letsportsrock.com\\\/wp-content\\\/uploads\\\/2025\\\/01\\\/images-53.jpeg\",\"inLanguage\":\"en-US\",\"potentialAction\":[{\"@type\":\"CommentAction\",\"name\":\"Comment\",\"target\":[\"https:\\\/\\\/www.letsportsrock.com\\\/?p=16859#respond\"]}]},{\"@type\":\"WebPage\",\"@id\":\"https:\\\/\\\/www.letsportsrock.com\\\/?p=16859\",\"url\":\"https:\\\/\\\/www.letsportsrock.com\\\/?p=16859\",\"name\":\"Mihai B\u0103la\u0219a a jucat doi ani \u0219i jum\u0103tate \u00een tricoul FCSB \u0219i a povest\",\"isPartOf\":{\"@id\":\"https:\\\/\\\/www.letsportsrock.com\\\/#website\"},\"primaryImageOfPage\":{\"@id\":\"https:\\\/\\\/www.letsportsrock.com\\\/?p=16859#primaryimage\"},\"image\":{\"@id\":\"https:\\\/\\\/www.letsportsrock.com\\\/?p=16859#primaryimage\"},\"thumbnailUrl\":\"https:\\\/\\\/www.letsportsrock.com\\\/wp-content\\\/uploads\\\/2025\\\/01\\\/images-53.jpeg\",\"datePublished\":\"2025-01-02T10:52:29+00:00\",\"author\":{\"@id\":\"https:\\\/\\\/www.letsportsrock.com\\\/#\\\/schema\\\/person\\\/a454ac24e58b214ddd97e4b5afb0bf01\"},\"description\":\"Mihai B\u0103la\u0219a a jucat doi ani \u0219i jum\u0103tate \u00een tricoul FCSB \u0219i a povestit despre cum a fost s\u0103 lucreze cu patronul Gigi Becali...\",\"breadcrumb\":{\"@id\":\"https:\\\/\\\/www.letsportsrock.com\\\/?p=16859#breadcrumb\"},\"inLanguage\":\"en-US\",\"potentialAction\":[{\"@type\":\"ReadAction\",\"target\":[\"https:\\\/\\\/www.letsportsrock.com\\\/?p=16859\"]}]},{\"@type\":\"ImageObject\",\"inLanguage\":\"en-US\",\"@id\":\"https:\\\/\\\/www.letsportsrock.com\\\/?p=16859#primaryimage\",\"url\":\"https:\\\/\\\/www.letsportsrock.com\\\/wp-content\\\/uploads\\\/2025\\\/01\\\/images-53.jpeg\",\"contentUrl\":\"https:\\\/\\\/www.letsportsrock.com\\\/wp-content\\\/uploads\\\/2025\\\/01\\\/images-53.jpeg\",\"width\":739,\"height\":415},{\"@type\":\"BreadcrumbList\",\"@id\":\"https:\\\/\\\/www.letsportsrock.com\\\/?p=16859#breadcrumb\",\"itemListElement\":[{\"@type\":\"ListItem\",\"position\":1,\"name\":\"Home\",\"item\":\"https:\\\/\\\/www.letsportsrock.com\\\/\"},{\"@type\":\"ListItem\",\"position\":2,\"name\":\"Mihai B\u0103la\u0219a a jucat doi ani \u0219i jum\u0103tate \u00een tricoul FCSB \u0219i a povestit despre cum a fost s\u0103 lucreze cu patronul Gigi Becali&#8230;\"}]},{\"@type\":\"WebSite\",\"@id\":\"https:\\\/\\\/www.letsportsrock.com\\\/#website\",\"url\":\"https:\\\/\\\/www.letsportsrock.com\\\/\",\"name\":\"letsportsrock\",\"description\":\"Sport News and Updates\",\"potentialAction\":[{\"@type\":\"SearchAction\",\"target\":{\"@type\":\"EntryPoint\",\"urlTemplate\":\"https:\\\/\\\/www.letsportsrock.com\\\/?s={search_term_string}\"},\"query-input\":{\"@type\":\"PropertyValueSpecification\",\"valueRequired\":true,\"valueName\":\"search_term_string\"}}],\"inLanguage\":\"en-US\"},{\"@type\":\"Person\",\"@id\":\"https:\\\/\\\/www.letsportsrock.com\\\/#\\\/schema\\\/person\\\/a454ac24e58b214ddd97e4b5afb0bf01\",\"name\":\"letsportsrock\",\"image\":{\"@type\":\"ImageObject\",\"inLanguage\":\"en-US\",\"@id\":\"https:\\\/\\\/secure.gravatar.com\\\/avatar\\\/f8ef950cbb7574c0bc874094b8d307659bfe2d7aa4a9d26fa6917eff010748f9?s=96&d=mm&r=g\",\"url\":\"https:\\\/\\\/secure.gravatar.com\\\/avatar\\\/f8ef950cbb7574c0bc874094b8d307659bfe2d7aa4a9d26fa6917eff010748f9?s=96&d=mm&r=g\",\"contentUrl\":\"https:\\\/\\\/secure.gravatar.com\\\/avatar\\\/f8ef950cbb7574c0bc874094b8d307659bfe2d7aa4a9d26fa6917eff010748f9?s=96&d=mm&r=g\",\"caption\":\"letsportsrock\"},\"sameAs\":[\"https:\\\/\\\/www.letsportsrock.com\"],\"url\":\"https:\\\/\\\/www.letsportsrock.com\\\/?author=1\"}]}<\/script>\n<!-- \/ Yoast SEO plugin. -->","yoast_head_json":{"title":"Mihai B\u0103la\u0219a a jucat doi ani \u0219i jum\u0103tate \u00een tricoul FCSB \u0219i a povest","description":"Mihai B\u0103la\u0219a a jucat doi ani \u0219i jum\u0103tate \u00een tricoul FCSB \u0219i a povestit despre cum a fost s\u0103 lucreze cu patronul Gigi Becali...","robots":{"index":"index","follow":"follow","max-snippet":"max-snippet:-1","max-image-preview":"max-image-preview:large","max-video-preview":"max-video-preview:-1"},"canonical":"https:\/\/www.letsportsrock.com\/?p=16859","og_locale":"en_US","og_type":"article","og_title":"Mihai B\u0103la\u0219a a jucat doi ani \u0219i jum\u0103tate \u00een tricoul FCSB \u0219i a povest","og_description":"Mihai B\u0103la\u0219a a jucat doi ani \u0219i jum\u0103tate \u00een tricoul FCSB \u0219i a povestit despre cum a fost s\u0103 lucreze cu patronul Gigi Becali...","og_url":"https:\/\/www.letsportsrock.com\/?p=16859","og_site_name":"letsportsrock","article_published_time":"2025-01-02T10:52:29+00:00","og_image":[{"width":739,"height":415,"url":"https:\/\/www.letsportsrock.com\/wp-content\/uploads\/2025\/01\/images-53.jpeg","type":"image\/jpeg"}],"author":"letsportsrock","twitter_card":"summary_large_image","twitter_misc":{"Written by":"letsportsrock","Est. reading time":"2 minutes"},"schema":{"@context":"https:\/\/schema.org","@graph":[{"@type":"Article","@id":"https:\/\/www.letsportsrock.com\/?p=16859#article","isPartOf":{"@id":"https:\/\/www.letsportsrock.com\/?p=16859"},"author":{"name":"letsportsrock","@id":"https:\/\/www.letsportsrock.com\/#\/schema\/person\/a454ac24e58b214ddd97e4b5afb0bf01"},"headline":"Mihai B\u0103la\u0219a a jucat doi ani \u0219i jum\u0103tate \u00een tricoul FCSB \u0219i a povestit despre cum a fost s\u0103 lucreze cu patronul Gigi Becali&#8230;","datePublished":"2025-01-02T10:52:29+00:00","mainEntityOfPage":{"@id":"https:\/\/www.letsportsrock.com\/?p=16859"},"wordCount":319,"commentCount":0,"image":{"@id":"https:\/\/www.letsportsrock.com\/?p=16859#primaryimage"},"thumbnailUrl":"https:\/\/www.letsportsrock.com\/wp-content\/uploads\/2025\/01\/images-53.jpeg","inLanguage":"en-US","potentialAction":[{"@type":"CommentAction","name":"Comment","target":["https:\/\/www.letsportsrock.com\/?p=16859#respond"]}]},{"@type":"WebPage","@id":"https:\/\/www.letsportsrock.com\/?p=16859","url":"https:\/\/www.letsportsrock.com\/?p=16859","name":"Mihai B\u0103la\u0219a a jucat doi ani \u0219i jum\u0103tate \u00een tricoul FCSB \u0219i a povest","isPartOf":{"@id":"https:\/\/www.letsportsrock.com\/#website"},"primaryImageOfPage":{"@id":"https:\/\/www.letsportsrock.com\/?p=16859#primaryimage"},"image":{"@id":"https:\/\/www.letsportsrock.com\/?p=16859#primaryimage"},"thumbnailUrl":"https:\/\/www.letsportsrock.com\/wp-content\/uploads\/2025\/01\/images-53.jpeg","datePublished":"2025-01-02T10:52:29+00:00","author":{"@id":"https:\/\/www.letsportsrock.com\/#\/schema\/person\/a454ac24e58b214ddd97e4b5afb0bf01"},"description":"Mihai B\u0103la\u0219a a jucat doi ani \u0219i jum\u0103tate \u00een tricoul FCSB \u0219i a povestit despre cum a fost s\u0103 lucreze cu patronul Gigi Becali...","breadcrumb":{"@id":"https:\/\/www.letsportsrock.com\/?p=16859#breadcrumb"},"inLanguage":"en-US","potentialAction":[{"@type":"ReadAction","target":["https:\/\/www.letsportsrock.com\/?p=16859"]}]},{"@type":"ImageObject","inLanguage":"en-US","@id":"https:\/\/www.letsportsrock.com\/?p=16859#primaryimage","url":"https:\/\/www.letsportsrock.com\/wp-content\/uploads\/2025\/01\/images-53.jpeg","contentUrl":"https:\/\/www.letsportsrock.com\/wp-content\/uploads\/2025\/01\/images-53.jpeg","width":739,"height":415},{"@type":"BreadcrumbList","@id":"https:\/\/www.letsportsrock.com\/?p=16859#breadcrumb","itemListElement":[{"@type":"ListItem","position":1,"name":"Home","item":"https:\/\/www.letsportsrock.com\/"},{"@type":"ListItem","position":2,"name":"Mihai B\u0103la\u0219a a jucat doi ani \u0219i jum\u0103tate \u00een tricoul FCSB \u0219i a povestit despre cum a fost s\u0103 lucreze cu patronul Gigi Becali&#8230;"}]},{"@type":"WebSite","@id":"https:\/\/www.letsportsrock.com\/#website","url":"https:\/\/www.letsportsrock.com\/","name":"letsportsrock","description":"Sport News and Updates","potentialAction":[{"@type":"SearchAction","target":{"@type":"EntryPoint","urlTemplate":"https:\/\/www.letsportsrock.com\/?s={search_term_string}"},"query-input":{"@type":"PropertyValueSpecification","valueRequired":true,"valueName":"search_term_string"}}],"inLanguage":"en-US"},{"@type":"Person","@id":"https:\/\/www.letsportsrock.com\/#\/schema\/person\/a454ac24e58b214ddd97e4b5afb0bf01","name":"letsportsrock","image":{"@type":"ImageObject","inLanguage":"en-US","@id":"https:\/\/secure.gravatar.com\/avatar\/f8ef950cbb7574c0bc874094b8d307659bfe2d7aa4a9d26fa6917eff010748f9?s=96&d=mm&r=g","url":"https:\/\/secure.gravatar.com\/avatar\/f8ef950cbb7574c0bc874094b8d307659bfe2d7aa4a9d26fa6917eff010748f9?s=96&d=mm&r=g","contentUrl":"https:\/\/secure.gravatar.com\/avatar\/f8ef950cbb7574c0bc874094b8d307659bfe2d7aa4a9d26fa6917eff010748f9?s=96&d=mm&r=g","caption":"letsportsrock"},"sameAs":["https:\/\/www.letsportsrock.com"],"url":"https:\/\/www.letsportsrock.com\/?author=1"}]}},"jetpack_featured_media_url":"https:\/\/www.letsportsrock.com\/wp-content\/uploads\/2025\/01\/images-53.jpeg","jetpack_sharing_enabled":true,"_links":{"self":[{"href":"https:\/\/www.letsportsrock.com\/index.php?rest_route=\/wp\/v2\/posts\/16859","targetHints":{"allow":["GET"]}}],"collection":[{"href":"https:\/\/www.letsportsrock.com\/index.php?rest_route=\/wp\/v2\/posts"}],"about":[{"href":"https:\/\/www.letsportsrock.com\/index.php?rest_route=\/wp\/v2\/types\/post"}],"author":[{"embeddable":true,"href":"https:\/\/www.letsportsrock.com\/index.php?rest_route=\/wp\/v2\/users\/1"}],"replies":[{"embeddable":true,"href":"https:\/\/www.letsportsrock.com\/index.php?rest_route=%2Fwp%2Fv2%2Fcomments&post=16859"}],"version-history":[{"count":1,"href":"https:\/\/www.letsportsrock.com\/index.php?rest_route=\/wp\/v2\/posts\/16859\/revisions"}],"predecessor-version":[{"id":16861,"href":"https:\/\/www.letsportsrock.com\/index.php?rest_route=\/wp\/v2\/posts\/16859\/revisions\/16861"}],"wp:featuredmedia":[{"embeddable":true,"href":"https:\/\/www.letsportsrock.com\/index.php?rest_route=\/wp\/v2\/media\/16860"}],"wp:attachment":[{"href":"https:\/\/www.letsportsrock.com\/index.php?rest_route=%2Fwp%2Fv2%2Fmedia&parent=16859"}],"wp:term":[{"taxonomy":"category","embeddable":true,"href":"https:\/\/www.letsportsrock.com\/index.php?rest_route=%2Fwp%2Fv2%2Fcategories&post=16859"},{"taxonomy":"post_tag","embeddable":true,"href":"https:\/\/www.letsportsrock.com\/index.php?rest_route=%2Fwp%2Fv2%2Ftags&post=16859"}],"curies":[{"name":"wp","href":"https:\/\/api.w.org\/{rel}","templated":true}]}}