{"id":16965,"date":"2025-01-02T20:49:54","date_gmt":"2025-01-02T20:49:54","guid":{"rendered":"https:\/\/www.letsportsrock.com\/?p=16965"},"modified":"2025-01-02T20:49:54","modified_gmt":"2025-01-02T20:49:54","slug":"vesti-triste-zeljko-kopic-anunta-demisia-de-la-fc-dinamo-bucuresti-in-urma-cu-cateva-minute-din-cauza","status":"publish","type":"post","link":"https:\/\/www.letsportsrock.com\/?p=16965","title":{"rendered":"\u201eVe\u0219ti Triste: \u017deljko Kopi\u0107 anun\u021b\u0103 demisia de la FC Dinamo Bucure\u0219ti \u00een urm\u0103 cu c\u00e2teva minute din cauza&#8230;\u201d"},"content":{"rendered":"<div class=\"d79db4796efc26332eabfc3f5dafbc76\" data-index=\"1\" style=\"float: none; margin:10px 0 10px 0; text-align:center;\">\n<div class=\"hb-ad-inarticle\">\r\n    <div class=\"hb-ad-inner\"> \r\n    <div class=\"hbagency_cls\"  id=\"hbagency_space_111930\"><\/div><\/div> <\/div>\n<\/div>\n<p>\u201eVe\u0219ti Triste: \u017deljko Kopi\u0107 anun\u021b\u0103 demisia de la FC Dinamo Bucure\u0219ti \u00een urm\u0103 cu c\u00e2teva minute din cauza\u2026\u201d<\/p>\n<p>&nbsp;<\/p>\n<p>\u00centr-un anun\u021b surprinz\u0103tor, \u017deljko Kopi\u0107 a declarat c\u0103 \u00ee\u0219i va da demisia din func\u021bia de antrenor principal al echipei FC Dinamo Bucure\u0219ti. Aceasta decizie vine \u00eentr-un moment dificil pentru club, care traverseaz\u0103 o perioad\u0103 de incertitudine \u0219i rezultate nesatisf\u0103c\u0103toare \u00een competi\u021biile interne. De\u0219i Kopi\u0107 a preluat echipa cu speran\u021ba de a redresa lucrurile, se pare c\u0103 problemele din cadrul echipei \u0219i a\u0219tept\u0103rile mari nu au fost suficiente pentru a-l face s\u0103 continue pe banca tehnic\u0103.<\/p>\n<p>&nbsp;<\/p>\n<p>\u201eEste o decizie greu de luat, dar cred c\u0103 este momentul potrivit pentru o schimbare\u201d, a spus Kopi\u0107 \u00eentr-un comunicat oficial. \u201eAm \u00eencercat s\u0103 dau tot ce am mai bun pentru aceast\u0103 echip\u0103, \u00eens\u0103 din p\u0103cate, nu am reu\u0219it s\u0103 aduc rezultatele dorite. Le mul\u021bumesc fanilor pentru sprijinul acordat \u0219i le doresc mult succes \u00een continuare.\u201d<\/p>\n<p>&nbsp;<\/p>\n<p>Kopi\u0107 a preluat FC Dinamo \u00een urm\u0103 cu c\u00e2teva luni \u0219i, \u00een ciuda unor momente bune, echipa nu a reu\u0219it s\u0103 se ridice la nivelul a\u0219tept\u0103rilor fanilor. Performan\u021bele slabe \u0219i conflictele interne au dus la o atmosfer\u0103 tensionat\u0103, iar rezultatele din campionat nu au fost suficiente pentru a-i asigura continuarea pe banca tehnic\u0103.<\/p>\n<p>&nbsp;<\/p>\n<p>\u00cen aceast\u0103 perioad\u0103 dificil\u0103 pentru club, fanii lui Dinamo sunt \u00eengrijora\u021bi de viitorul echipei. Cu o echip\u0103 \u00een reconstruc\u021bie \u0219i o lig\u0103 tot mai competitiv\u0103, va fi interesant de v\u0103zut cum va evolua situa\u021bia. Clubul a declarat c\u0103 va \u00eencepe c\u0103ut\u0103rile pentru un nou antrenor, dar presiunea este mare, iar a\u0219tept\u0103rile nu sunt deloc u\u0219oare.<\/p>\n<p>&nbsp;<\/p>\n<p>Este un moment crucial pentru viitorul lui FC Dinamo Bucure\u0219ti, iar decizia de a \u00eenlocui antrenorul va fi un pas important \u00een \u00eencercarea de a redresa echipa.<\/p>\n\n<div style=\"font-size: 0px; height: 0px; line-height: 0px; margin: 0; padding: 0; clear: both;\"><\/div>","protected":false},"excerpt":{"rendered":"<p>\u201eVe\u0219ti Triste: \u017deljko Kopi\u0107 anun\u021b\u0103 demisia de la FC Dinamo Bucure\u0219ti \u00een urm\u0103 cu c\u00e2teva minute din cauza\u2026\u201d &nbsp; \u00centr-un anun\u021b surprinz\u0103tor, \u017deljko Kopi\u0107 a declarat c\u0103 \u00ee\u0219i va da demisia din func\u021bia de antrenor principal al echipei FC Dinamo Bucure\u0219ti. Aceasta decizie vine \u00eentr-un moment dificil pentru club, care traverseaz\u0103 o perioad\u0103 de incertitudine [&hellip;]<\/p>\n","protected":false},"author":1,"featured_media":16966,"comment_status":"open","ping_status":"open","sticky":false,"template":"","format":"standard","meta":{"_jetpack_memberships_contains_paid_content":false,"footnotes":""},"categories":[1],"tags":[],"class_list":["post-16965","post","type-post","status-publish","format-standard","has-post-thumbnail","hentry","category-uncategorized"],"yoast_head":"<!-- This site is optimized with the Yoast SEO plugin v27.4 - https:\/\/yoast.com\/product\/yoast-seo-wordpress\/ -->\n<title>\u201eVe\u0219ti Triste: \u017deljko Kopi\u0107 anun\u021b\u0103 demisia de la<\/title>\n<meta name=\"description\" content=\"\u201eVe\u0219ti Triste: \u017deljko Kopi\u0107 anun\u021b\u0103 demisia de la FC Dinamo Bucure\u0219ti \u00een urm\u0103 cu c\u00e2teva minute din cauza...\u201d\" \/>\n<meta name=\"robots\" content=\"index, follow, max-snippet:-1, max-image-preview:large, max-video-preview:-1\" \/>\n<link rel=\"canonical\" href=\"https:\/\/www.letsportsrock.com\/?p=16965\" \/>\n<meta property=\"og:locale\" content=\"en_US\" \/>\n<meta property=\"og:type\" content=\"article\" \/>\n<meta property=\"og:title\" content=\"\u201eVe\u0219ti Triste: \u017deljko Kopi\u0107 anun\u021b\u0103 demisia de la\" \/>\n<meta property=\"og:description\" content=\"\u201eVe\u0219ti Triste: \u017deljko Kopi\u0107 anun\u021b\u0103 demisia de la FC Dinamo Bucure\u0219ti \u00een urm\u0103 cu c\u00e2teva minute din cauza...\u201d\" \/>\n<meta property=\"og:url\" content=\"https:\/\/www.letsportsrock.com\/?p=16965\" \/>\n<meta property=\"og:site_name\" content=\"letsportsrock\" \/>\n<meta property=\"article:published_time\" content=\"2025-01-02T20:49:54+00:00\" \/>\n<meta property=\"og:image\" content=\"https:\/\/www.letsportsrock.com\/wp-content\/uploads\/2025\/01\/images-2025-01-02T214919.589.jpeg\" \/>\n\t<meta property=\"og:image:width\" content=\"500\" \/>\n\t<meta property=\"og:image:height\" content=\"334\" \/>\n\t<meta property=\"og:image:type\" content=\"image\/jpeg\" \/>\n<meta name=\"author\" content=\"letsportsrock\" \/>\n<meta name=\"twitter:card\" content=\"summary_large_image\" \/>\n<meta name=\"twitter:label1\" content=\"Written by\" \/>\n\t<meta name=\"twitter:data1\" content=\"letsportsrock\" \/>\n\t<meta name=\"twitter:label2\" content=\"Est. reading time\" \/>\n\t<meta name=\"twitter:data2\" content=\"2 minutes\" \/>\n<script type=\"application\/ld+json\" class=\"yoast-schema-graph\">{\"@context\":\"https:\\\/\\\/schema.org\",\"@graph\":[{\"@type\":\"Article\",\"@id\":\"https:\\\/\\\/www.letsportsrock.com\\\/?p=16965#article\",\"isPartOf\":{\"@id\":\"https:\\\/\\\/www.letsportsrock.com\\\/?p=16965\"},\"author\":{\"name\":\"letsportsrock\",\"@id\":\"https:\\\/\\\/www.letsportsrock.com\\\/#\\\/schema\\\/person\\\/a454ac24e58b214ddd97e4b5afb0bf01\"},\"headline\":\"\u201eVe\u0219ti Triste: \u017deljko Kopi\u0107 anun\u021b\u0103 demisia de la FC Dinamo Bucure\u0219ti \u00een urm\u0103 cu c\u00e2teva minute din cauza&#8230;\u201d\",\"datePublished\":\"2025-01-02T20:49:54+00:00\",\"mainEntityOfPage\":{\"@id\":\"https:\\\/\\\/www.letsportsrock.com\\\/?p=16965\"},\"wordCount\":341,\"commentCount\":0,\"image\":{\"@id\":\"https:\\\/\\\/www.letsportsrock.com\\\/?p=16965#primaryimage\"},\"thumbnailUrl\":\"https:\\\/\\\/www.letsportsrock.com\\\/wp-content\\\/uploads\\\/2025\\\/01\\\/images-2025-01-02T214919.589.jpeg\",\"inLanguage\":\"en-US\",\"potentialAction\":[{\"@type\":\"CommentAction\",\"name\":\"Comment\",\"target\":[\"https:\\\/\\\/www.letsportsrock.com\\\/?p=16965#respond\"]}]},{\"@type\":\"WebPage\",\"@id\":\"https:\\\/\\\/www.letsportsrock.com\\\/?p=16965\",\"url\":\"https:\\\/\\\/www.letsportsrock.com\\\/?p=16965\",\"name\":\"\u201eVe\u0219ti Triste: \u017deljko Kopi\u0107 anun\u021b\u0103 demisia de la\",\"isPartOf\":{\"@id\":\"https:\\\/\\\/www.letsportsrock.com\\\/#website\"},\"primaryImageOfPage\":{\"@id\":\"https:\\\/\\\/www.letsportsrock.com\\\/?p=16965#primaryimage\"},\"image\":{\"@id\":\"https:\\\/\\\/www.letsportsrock.com\\\/?p=16965#primaryimage\"},\"thumbnailUrl\":\"https:\\\/\\\/www.letsportsrock.com\\\/wp-content\\\/uploads\\\/2025\\\/01\\\/images-2025-01-02T214919.589.jpeg\",\"datePublished\":\"2025-01-02T20:49:54+00:00\",\"author\":{\"@id\":\"https:\\\/\\\/www.letsportsrock.com\\\/#\\\/schema\\\/person\\\/a454ac24e58b214ddd97e4b5afb0bf01\"},\"description\":\"\u201eVe\u0219ti Triste: \u017deljko Kopi\u0107 anun\u021b\u0103 demisia de la FC Dinamo Bucure\u0219ti \u00een urm\u0103 cu c\u00e2teva minute din cauza...\u201d\",\"breadcrumb\":{\"@id\":\"https:\\\/\\\/www.letsportsrock.com\\\/?p=16965#breadcrumb\"},\"inLanguage\":\"en-US\",\"potentialAction\":[{\"@type\":\"ReadAction\",\"target\":[\"https:\\\/\\\/www.letsportsrock.com\\\/?p=16965\"]}]},{\"@type\":\"ImageObject\",\"inLanguage\":\"en-US\",\"@id\":\"https:\\\/\\\/www.letsportsrock.com\\\/?p=16965#primaryimage\",\"url\":\"https:\\\/\\\/www.letsportsrock.com\\\/wp-content\\\/uploads\\\/2025\\\/01\\\/images-2025-01-02T214919.589.jpeg\",\"contentUrl\":\"https:\\\/\\\/www.letsportsrock.com\\\/wp-content\\\/uploads\\\/2025\\\/01\\\/images-2025-01-02T214919.589.jpeg\",\"width\":500,\"height\":334},{\"@type\":\"BreadcrumbList\",\"@id\":\"https:\\\/\\\/www.letsportsrock.com\\\/?p=16965#breadcrumb\",\"itemListElement\":[{\"@type\":\"ListItem\",\"position\":1,\"name\":\"Home\",\"item\":\"https:\\\/\\\/www.letsportsrock.com\\\/\"},{\"@type\":\"ListItem\",\"position\":2,\"name\":\"\u201eVe\u0219ti Triste: \u017deljko Kopi\u0107 anun\u021b\u0103 demisia de la FC Dinamo Bucure\u0219ti \u00een urm\u0103 cu c\u00e2teva minute din cauza&#8230;\u201d\"}]},{\"@type\":\"WebSite\",\"@id\":\"https:\\\/\\\/www.letsportsrock.com\\\/#website\",\"url\":\"https:\\\/\\\/www.letsportsrock.com\\\/\",\"name\":\"letsportsrock\",\"description\":\"Sport News and Updates\",\"potentialAction\":[{\"@type\":\"SearchAction\",\"target\":{\"@type\":\"EntryPoint\",\"urlTemplate\":\"https:\\\/\\\/www.letsportsrock.com\\\/?s={search_term_string}\"},\"query-input\":{\"@type\":\"PropertyValueSpecification\",\"valueRequired\":true,\"valueName\":\"search_term_string\"}}],\"inLanguage\":\"en-US\"},{\"@type\":\"Person\",\"@id\":\"https:\\\/\\\/www.letsportsrock.com\\\/#\\\/schema\\\/person\\\/a454ac24e58b214ddd97e4b5afb0bf01\",\"name\":\"letsportsrock\",\"image\":{\"@type\":\"ImageObject\",\"inLanguage\":\"en-US\",\"@id\":\"https:\\\/\\\/secure.gravatar.com\\\/avatar\\\/f8ef950cbb7574c0bc874094b8d307659bfe2d7aa4a9d26fa6917eff010748f9?s=96&d=mm&r=g\",\"url\":\"https:\\\/\\\/secure.gravatar.com\\\/avatar\\\/f8ef950cbb7574c0bc874094b8d307659bfe2d7aa4a9d26fa6917eff010748f9?s=96&d=mm&r=g\",\"contentUrl\":\"https:\\\/\\\/secure.gravatar.com\\\/avatar\\\/f8ef950cbb7574c0bc874094b8d307659bfe2d7aa4a9d26fa6917eff010748f9?s=96&d=mm&r=g\",\"caption\":\"letsportsrock\"},\"sameAs\":[\"https:\\\/\\\/www.letsportsrock.com\"],\"url\":\"https:\\\/\\\/www.letsportsrock.com\\\/?author=1\"}]}<\/script>\n<!-- \/ Yoast SEO plugin. -->","yoast_head_json":{"title":"\u201eVe\u0219ti Triste: \u017deljko Kopi\u0107 anun\u021b\u0103 demisia de la","description":"\u201eVe\u0219ti Triste: \u017deljko Kopi\u0107 anun\u021b\u0103 demisia de la FC Dinamo Bucure\u0219ti \u00een urm\u0103 cu c\u00e2teva minute din cauza...\u201d","robots":{"index":"index","follow":"follow","max-snippet":"max-snippet:-1","max-image-preview":"max-image-preview:large","max-video-preview":"max-video-preview:-1"},"canonical":"https:\/\/www.letsportsrock.com\/?p=16965","og_locale":"en_US","og_type":"article","og_title":"\u201eVe\u0219ti Triste: \u017deljko Kopi\u0107 anun\u021b\u0103 demisia de la","og_description":"\u201eVe\u0219ti Triste: \u017deljko Kopi\u0107 anun\u021b\u0103 demisia de la FC Dinamo Bucure\u0219ti \u00een urm\u0103 cu c\u00e2teva minute din cauza...\u201d","og_url":"https:\/\/www.letsportsrock.com\/?p=16965","og_site_name":"letsportsrock","article_published_time":"2025-01-02T20:49:54+00:00","og_image":[{"width":500,"height":334,"url":"https:\/\/www.letsportsrock.com\/wp-content\/uploads\/2025\/01\/images-2025-01-02T214919.589.jpeg","type":"image\/jpeg"}],"author":"letsportsrock","twitter_card":"summary_large_image","twitter_misc":{"Written by":"letsportsrock","Est. reading time":"2 minutes"},"schema":{"@context":"https:\/\/schema.org","@graph":[{"@type":"Article","@id":"https:\/\/www.letsportsrock.com\/?p=16965#article","isPartOf":{"@id":"https:\/\/www.letsportsrock.com\/?p=16965"},"author":{"name":"letsportsrock","@id":"https:\/\/www.letsportsrock.com\/#\/schema\/person\/a454ac24e58b214ddd97e4b5afb0bf01"},"headline":"\u201eVe\u0219ti Triste: \u017deljko Kopi\u0107 anun\u021b\u0103 demisia de la FC Dinamo Bucure\u0219ti \u00een urm\u0103 cu c\u00e2teva minute din cauza&#8230;\u201d","datePublished":"2025-01-02T20:49:54+00:00","mainEntityOfPage":{"@id":"https:\/\/www.letsportsrock.com\/?p=16965"},"wordCount":341,"commentCount":0,"image":{"@id":"https:\/\/www.letsportsrock.com\/?p=16965#primaryimage"},"thumbnailUrl":"https:\/\/www.letsportsrock.com\/wp-content\/uploads\/2025\/01\/images-2025-01-02T214919.589.jpeg","inLanguage":"en-US","potentialAction":[{"@type":"CommentAction","name":"Comment","target":["https:\/\/www.letsportsrock.com\/?p=16965#respond"]}]},{"@type":"WebPage","@id":"https:\/\/www.letsportsrock.com\/?p=16965","url":"https:\/\/www.letsportsrock.com\/?p=16965","name":"\u201eVe\u0219ti Triste: \u017deljko Kopi\u0107 anun\u021b\u0103 demisia de la","isPartOf":{"@id":"https:\/\/www.letsportsrock.com\/#website"},"primaryImageOfPage":{"@id":"https:\/\/www.letsportsrock.com\/?p=16965#primaryimage"},"image":{"@id":"https:\/\/www.letsportsrock.com\/?p=16965#primaryimage"},"thumbnailUrl":"https:\/\/www.letsportsrock.com\/wp-content\/uploads\/2025\/01\/images-2025-01-02T214919.589.jpeg","datePublished":"2025-01-02T20:49:54+00:00","author":{"@id":"https:\/\/www.letsportsrock.com\/#\/schema\/person\/a454ac24e58b214ddd97e4b5afb0bf01"},"description":"\u201eVe\u0219ti Triste: \u017deljko Kopi\u0107 anun\u021b\u0103 demisia de la FC Dinamo Bucure\u0219ti \u00een urm\u0103 cu c\u00e2teva minute din cauza...\u201d","breadcrumb":{"@id":"https:\/\/www.letsportsrock.com\/?p=16965#breadcrumb"},"inLanguage":"en-US","potentialAction":[{"@type":"ReadAction","target":["https:\/\/www.letsportsrock.com\/?p=16965"]}]},{"@type":"ImageObject","inLanguage":"en-US","@id":"https:\/\/www.letsportsrock.com\/?p=16965#primaryimage","url":"https:\/\/www.letsportsrock.com\/wp-content\/uploads\/2025\/01\/images-2025-01-02T214919.589.jpeg","contentUrl":"https:\/\/www.letsportsrock.com\/wp-content\/uploads\/2025\/01\/images-2025-01-02T214919.589.jpeg","width":500,"height":334},{"@type":"BreadcrumbList","@id":"https:\/\/www.letsportsrock.com\/?p=16965#breadcrumb","itemListElement":[{"@type":"ListItem","position":1,"name":"Home","item":"https:\/\/www.letsportsrock.com\/"},{"@type":"ListItem","position":2,"name":"\u201eVe\u0219ti Triste: \u017deljko Kopi\u0107 anun\u021b\u0103 demisia de la FC Dinamo Bucure\u0219ti \u00een urm\u0103 cu c\u00e2teva minute din cauza&#8230;\u201d"}]},{"@type":"WebSite","@id":"https:\/\/www.letsportsrock.com\/#website","url":"https:\/\/www.letsportsrock.com\/","name":"letsportsrock","description":"Sport News and Updates","potentialAction":[{"@type":"SearchAction","target":{"@type":"EntryPoint","urlTemplate":"https:\/\/www.letsportsrock.com\/?s={search_term_string}"},"query-input":{"@type":"PropertyValueSpecification","valueRequired":true,"valueName":"search_term_string"}}],"inLanguage":"en-US"},{"@type":"Person","@id":"https:\/\/www.letsportsrock.com\/#\/schema\/person\/a454ac24e58b214ddd97e4b5afb0bf01","name":"letsportsrock","image":{"@type":"ImageObject","inLanguage":"en-US","@id":"https:\/\/secure.gravatar.com\/avatar\/f8ef950cbb7574c0bc874094b8d307659bfe2d7aa4a9d26fa6917eff010748f9?s=96&d=mm&r=g","url":"https:\/\/secure.gravatar.com\/avatar\/f8ef950cbb7574c0bc874094b8d307659bfe2d7aa4a9d26fa6917eff010748f9?s=96&d=mm&r=g","contentUrl":"https:\/\/secure.gravatar.com\/avatar\/f8ef950cbb7574c0bc874094b8d307659bfe2d7aa4a9d26fa6917eff010748f9?s=96&d=mm&r=g","caption":"letsportsrock"},"sameAs":["https:\/\/www.letsportsrock.com"],"url":"https:\/\/www.letsportsrock.com\/?author=1"}]}},"jetpack_featured_media_url":"https:\/\/www.letsportsrock.com\/wp-content\/uploads\/2025\/01\/images-2025-01-02T214919.589.jpeg","jetpack_sharing_enabled":true,"_links":{"self":[{"href":"https:\/\/www.letsportsrock.com\/index.php?rest_route=\/wp\/v2\/posts\/16965","targetHints":{"allow":["GET"]}}],"collection":[{"href":"https:\/\/www.letsportsrock.com\/index.php?rest_route=\/wp\/v2\/posts"}],"about":[{"href":"https:\/\/www.letsportsrock.com\/index.php?rest_route=\/wp\/v2\/types\/post"}],"author":[{"embeddable":true,"href":"https:\/\/www.letsportsrock.com\/index.php?rest_route=\/wp\/v2\/users\/1"}],"replies":[{"embeddable":true,"href":"https:\/\/www.letsportsrock.com\/index.php?rest_route=%2Fwp%2Fv2%2Fcomments&post=16965"}],"version-history":[{"count":1,"href":"https:\/\/www.letsportsrock.com\/index.php?rest_route=\/wp\/v2\/posts\/16965\/revisions"}],"predecessor-version":[{"id":16967,"href":"https:\/\/www.letsportsrock.com\/index.php?rest_route=\/wp\/v2\/posts\/16965\/revisions\/16967"}],"wp:featuredmedia":[{"embeddable":true,"href":"https:\/\/www.letsportsrock.com\/index.php?rest_route=\/wp\/v2\/media\/16966"}],"wp:attachment":[{"href":"https:\/\/www.letsportsrock.com\/index.php?rest_route=%2Fwp%2Fv2%2Fmedia&parent=16965"}],"wp:term":[{"taxonomy":"category","embeddable":true,"href":"https:\/\/www.letsportsrock.com\/index.php?rest_route=%2Fwp%2Fv2%2Fcategories&post=16965"},{"taxonomy":"post_tag","embeddable":true,"href":"https:\/\/www.letsportsrock.com\/index.php?rest_route=%2Fwp%2Fv2%2Ftags&post=16965"}],"curies":[{"name":"wp","href":"https:\/\/api.w.org\/{rel}","templated":true}]}}