{"id":16979,"date":"2025-01-02T21:04:08","date_gmt":"2025-01-02T21:04:08","guid":{"rendered":"https:\/\/www.letsportsrock.com\/?p=16979"},"modified":"2025-01-02T21:06:48","modified_gmt":"2025-01-02T21:06:48","slug":"jucatorul-de-top-al-fc-rapid-bucuresti-semneaza-un-nou-contract-pe-5-ani-cu-fc-dinamo-bucuresti","status":"publish","type":"post","link":"https:\/\/www.letsportsrock.com\/?p=16979","title":{"rendered":"Juc\u0103torul de top al FC Rapid Bucure\u0219ti semneaz\u0103 un nou contract pe 5 ani cu FC Dinamo Bucure\u0219ti."},"content":{"rendered":"<div class=\"d79db4796efc26332eabfc3f5dafbc76\" data-index=\"1\" style=\"float: none; margin:10px 0 10px 0; text-align:center;\">\n<div class=\"hb-ad-inarticle\">\r\n    <div class=\"hb-ad-inner\"> \r\n    <div class=\"hbagency_cls\"  id=\"hbagency_space_111930\"><\/div><\/div> <\/div>\n<\/div>\n<p>Juc\u0103torul de top al FC Rapid Bucure\u0219ti semneaz\u0103 un nou contract pe 5 ani cu FC Dinamo Bucure\u0219ti, \u00eentr-o mi\u0219care surprinz\u0103toare pentru suporterii ambelor echipe din capital\u0103. Aceast\u0103 transferare reprezint\u0103 un moment de cotitur\u0103 \u00een cariera juc\u0103torului \u0219i o schimbare semnificativ\u0103 \u00een peisajul fotbalistic din Rom\u00e2nia, av\u00e2nd \u00een vedere rivalitatea istoric\u0103 dintre cele dou\u0103 cluburi.<\/p>\n<p>&nbsp;<\/p>\n<p>Mutarea a fost confirmat\u0103 de oficialii ambelor cluburi, iar juc\u0103torul \u00een cauz\u0103 a semnat un contract pe termen lung, ce va dura cinci ani. Aceast\u0103 decizie a st\u00e2rnit controverse \u0219i discu\u021bii aprinse \u00een r\u00e2ndul fanilor, \u00een special av\u00e2nd \u00een vedere leg\u0103tura puternic\u0103 pe care juc\u0103torul o avea cu Rapid Bucure\u0219ti \u0219i statutul s\u0103u de idol al suporterilor \u201evi\u0219inii\u201d. De-a lungul carierei sale la Rapid, el a fost unul dintre cei mai valoro\u0219i \u0219i mai aprecia\u021bi juc\u0103tori, contribuind decisiv la succesul echipei.<\/p>\n<p>&nbsp;<\/p>\n<p>La r\u00e2ndul lor, oficialii lui FC Dinamo Bucure\u0219ti sunt \u00eenc\u00e2nta\u021bi de semnarea acestui contract, consider\u00e2nd c\u0103 noul juc\u0103tor va ad\u0103uga un plus de valoare echipei. \u00cen ciuda tensiunii dintre cele dou\u0103 cluburi rivale, Dinamo sper\u0103 ca aceast\u0103 achizi\u021bie s\u0103 ajute clubul s\u0103 \u00ee\u0219i \u00eembun\u0103t\u0103\u021beasc\u0103 performan\u021bele \u0219i s\u0103 lupte pentru titluri importante \u00een campionatul intern.<\/p>\n<p>&nbsp;<\/p>\n<p>Juc\u0103torul a declarat c\u0103 este preg\u0103tit pentru aceast\u0103 nou\u0103 provocare \u0219i c\u0103 va da tot ce are mai bun pentru a ajuta echipa Dinamo s\u0103 ajung\u0103 \u00een v\u00e2rful fotbalului rom\u00e2nesc. De asemenea, el a mul\u021bumit fanilor Rapidului pentru sus\u021binerea lor constant\u0103, dar a subliniat c\u0103 a f\u0103cut aceast\u0103 alegere pentru a evolua la un alt nivel \u00een carier\u0103.<\/p>\n\n<div style=\"font-size: 0px; height: 0px; line-height: 0px; margin: 0; padding: 0; clear: both;\"><\/div>","protected":false},"excerpt":{"rendered":"<p>Juc\u0103torul de top al FC Rapid Bucure\u0219ti semneaz\u0103 un nou contract pe 5 ani cu FC Dinamo Bucure\u0219ti, \u00eentr-o mi\u0219care surprinz\u0103toare pentru suporterii ambelor echipe din capital\u0103. Aceast\u0103 transferare reprezint\u0103 un moment de cotitur\u0103 \u00een cariera juc\u0103torului \u0219i o schimbare semnificativ\u0103 \u00een peisajul fotbalistic din Rom\u00e2nia, av\u00e2nd \u00een vedere rivalitatea istoric\u0103 dintre cele dou\u0103 cluburi. [&hellip;]<\/p>\n","protected":false},"author":1,"featured_media":16981,"comment_status":"open","ping_status":"open","sticky":false,"template":"","format":"standard","meta":{"_jetpack_memberships_contains_paid_content":false,"footnotes":""},"categories":[1],"tags":[],"class_list":["post-16979","post","type-post","status-publish","format-standard","has-post-thumbnail","hentry","category-uncategorized"],"yoast_head":"<!-- This site is optimized with the Yoast SEO plugin v27.4 - https:\/\/yoast.com\/product\/yoast-seo-wordpress\/ -->\n<title>Juc\u0103torul de top al FC Rapid Bucure\u0219ti semneaz\u0103 un<\/title>\n<meta name=\"description\" content=\"Juc\u0103torul de top al FC Rapid Bucure\u0219ti semneaz\u0103 un nou contract pe 5 ani cu FC Dinamo Bucure\u0219ti.....,,........\" \/>\n<meta name=\"robots\" content=\"index, follow, max-snippet:-1, max-image-preview:large, max-video-preview:-1\" \/>\n<link rel=\"canonical\" href=\"https:\/\/www.letsportsrock.com\/?p=16979\" \/>\n<meta property=\"og:locale\" content=\"en_US\" \/>\n<meta property=\"og:type\" content=\"article\" \/>\n<meta property=\"og:title\" content=\"Juc\u0103torul de top al FC Rapid Bucure\u0219ti semneaz\u0103 un\" \/>\n<meta property=\"og:description\" content=\"Juc\u0103torul de top al FC Rapid Bucure\u0219ti semneaz\u0103 un nou contract pe 5 ani cu FC Dinamo Bucure\u0219ti.....,,........\" \/>\n<meta property=\"og:url\" content=\"https:\/\/www.letsportsrock.com\/?p=16979\" \/>\n<meta property=\"og:site_name\" content=\"letsportsrock\" \/>\n<meta property=\"article:published_time\" content=\"2025-01-02T21:04:08+00:00\" \/>\n<meta property=\"article:modified_time\" content=\"2025-01-02T21:06:48+00:00\" \/>\n<meta property=\"og:image\" content=\"https:\/\/www.letsportsrock.com\/wp-content\/uploads\/2025\/01\/images-2025-01-02T220421.719.jpeg\" \/>\n\t<meta property=\"og:image:width\" content=\"739\" \/>\n\t<meta property=\"og:image:height\" content=\"415\" \/>\n\t<meta property=\"og:image:type\" content=\"image\/jpeg\" \/>\n<meta name=\"author\" content=\"letsportsrock\" \/>\n<meta name=\"twitter:card\" content=\"summary_large_image\" \/>\n<meta name=\"twitter:label1\" content=\"Written by\" \/>\n\t<meta name=\"twitter:data1\" content=\"letsportsrock\" \/>\n\t<meta name=\"twitter:label2\" content=\"Est. reading time\" \/>\n\t<meta name=\"twitter:data2\" content=\"2 minutes\" \/>\n<script type=\"application\/ld+json\" class=\"yoast-schema-graph\">{\"@context\":\"https:\\\/\\\/schema.org\",\"@graph\":[{\"@type\":\"Article\",\"@id\":\"https:\\\/\\\/www.letsportsrock.com\\\/?p=16979#article\",\"isPartOf\":{\"@id\":\"https:\\\/\\\/www.letsportsrock.com\\\/?p=16979\"},\"author\":{\"name\":\"letsportsrock\",\"@id\":\"https:\\\/\\\/www.letsportsrock.com\\\/#\\\/schema\\\/person\\\/a454ac24e58b214ddd97e4b5afb0bf01\"},\"headline\":\"Juc\u0103torul de top al FC Rapid Bucure\u0219ti semneaz\u0103 un nou contract pe 5 ani cu FC Dinamo Bucure\u0219ti.\",\"datePublished\":\"2025-01-02T21:04:08+00:00\",\"dateModified\":\"2025-01-02T21:06:48+00:00\",\"mainEntityOfPage\":{\"@id\":\"https:\\\/\\\/www.letsportsrock.com\\\/?p=16979\"},\"wordCount\":309,\"commentCount\":0,\"image\":{\"@id\":\"https:\\\/\\\/www.letsportsrock.com\\\/?p=16979#primaryimage\"},\"thumbnailUrl\":\"https:\\\/\\\/www.letsportsrock.com\\\/wp-content\\\/uploads\\\/2025\\\/01\\\/images-2025-01-02T220421.719.jpeg\",\"inLanguage\":\"en-US\",\"potentialAction\":[{\"@type\":\"CommentAction\",\"name\":\"Comment\",\"target\":[\"https:\\\/\\\/www.letsportsrock.com\\\/?p=16979#respond\"]}]},{\"@type\":\"WebPage\",\"@id\":\"https:\\\/\\\/www.letsportsrock.com\\\/?p=16979\",\"url\":\"https:\\\/\\\/www.letsportsrock.com\\\/?p=16979\",\"name\":\"Juc\u0103torul de top al FC Rapid Bucure\u0219ti semneaz\u0103 un\",\"isPartOf\":{\"@id\":\"https:\\\/\\\/www.letsportsrock.com\\\/#website\"},\"primaryImageOfPage\":{\"@id\":\"https:\\\/\\\/www.letsportsrock.com\\\/?p=16979#primaryimage\"},\"image\":{\"@id\":\"https:\\\/\\\/www.letsportsrock.com\\\/?p=16979#primaryimage\"},\"thumbnailUrl\":\"https:\\\/\\\/www.letsportsrock.com\\\/wp-content\\\/uploads\\\/2025\\\/01\\\/images-2025-01-02T220421.719.jpeg\",\"datePublished\":\"2025-01-02T21:04:08+00:00\",\"dateModified\":\"2025-01-02T21:06:48+00:00\",\"author\":{\"@id\":\"https:\\\/\\\/www.letsportsrock.com\\\/#\\\/schema\\\/person\\\/a454ac24e58b214ddd97e4b5afb0bf01\"},\"description\":\"Juc\u0103torul de top al FC Rapid Bucure\u0219ti semneaz\u0103 un nou contract pe 5 ani cu FC Dinamo Bucure\u0219ti.....,,........\",\"breadcrumb\":{\"@id\":\"https:\\\/\\\/www.letsportsrock.com\\\/?p=16979#breadcrumb\"},\"inLanguage\":\"en-US\",\"potentialAction\":[{\"@type\":\"ReadAction\",\"target\":[\"https:\\\/\\\/www.letsportsrock.com\\\/?p=16979\"]}]},{\"@type\":\"ImageObject\",\"inLanguage\":\"en-US\",\"@id\":\"https:\\\/\\\/www.letsportsrock.com\\\/?p=16979#primaryimage\",\"url\":\"https:\\\/\\\/www.letsportsrock.com\\\/wp-content\\\/uploads\\\/2025\\\/01\\\/images-2025-01-02T220421.719.jpeg\",\"contentUrl\":\"https:\\\/\\\/www.letsportsrock.com\\\/wp-content\\\/uploads\\\/2025\\\/01\\\/images-2025-01-02T220421.719.jpeg\",\"width\":739,\"height\":415},{\"@type\":\"BreadcrumbList\",\"@id\":\"https:\\\/\\\/www.letsportsrock.com\\\/?p=16979#breadcrumb\",\"itemListElement\":[{\"@type\":\"ListItem\",\"position\":1,\"name\":\"Home\",\"item\":\"https:\\\/\\\/www.letsportsrock.com\\\/\"},{\"@type\":\"ListItem\",\"position\":2,\"name\":\"Juc\u0103torul de top al FC Rapid Bucure\u0219ti semneaz\u0103 un nou contract pe 5 ani cu FC Dinamo Bucure\u0219ti.\"}]},{\"@type\":\"WebSite\",\"@id\":\"https:\\\/\\\/www.letsportsrock.com\\\/#website\",\"url\":\"https:\\\/\\\/www.letsportsrock.com\\\/\",\"name\":\"letsportsrock\",\"description\":\"Sport News and Updates\",\"potentialAction\":[{\"@type\":\"SearchAction\",\"target\":{\"@type\":\"EntryPoint\",\"urlTemplate\":\"https:\\\/\\\/www.letsportsrock.com\\\/?s={search_term_string}\"},\"query-input\":{\"@type\":\"PropertyValueSpecification\",\"valueRequired\":true,\"valueName\":\"search_term_string\"}}],\"inLanguage\":\"en-US\"},{\"@type\":\"Person\",\"@id\":\"https:\\\/\\\/www.letsportsrock.com\\\/#\\\/schema\\\/person\\\/a454ac24e58b214ddd97e4b5afb0bf01\",\"name\":\"letsportsrock\",\"image\":{\"@type\":\"ImageObject\",\"inLanguage\":\"en-US\",\"@id\":\"https:\\\/\\\/secure.gravatar.com\\\/avatar\\\/f8ef950cbb7574c0bc874094b8d307659bfe2d7aa4a9d26fa6917eff010748f9?s=96&d=mm&r=g\",\"url\":\"https:\\\/\\\/secure.gravatar.com\\\/avatar\\\/f8ef950cbb7574c0bc874094b8d307659bfe2d7aa4a9d26fa6917eff010748f9?s=96&d=mm&r=g\",\"contentUrl\":\"https:\\\/\\\/secure.gravatar.com\\\/avatar\\\/f8ef950cbb7574c0bc874094b8d307659bfe2d7aa4a9d26fa6917eff010748f9?s=96&d=mm&r=g\",\"caption\":\"letsportsrock\"},\"sameAs\":[\"https:\\\/\\\/www.letsportsrock.com\"],\"url\":\"https:\\\/\\\/www.letsportsrock.com\\\/?author=1\"}]}<\/script>\n<!-- \/ Yoast SEO plugin. -->","yoast_head_json":{"title":"Juc\u0103torul de top al FC Rapid Bucure\u0219ti semneaz\u0103 un","description":"Juc\u0103torul de top al FC Rapid Bucure\u0219ti semneaz\u0103 un nou contract pe 5 ani cu FC Dinamo Bucure\u0219ti.....,,........","robots":{"index":"index","follow":"follow","max-snippet":"max-snippet:-1","max-image-preview":"max-image-preview:large","max-video-preview":"max-video-preview:-1"},"canonical":"https:\/\/www.letsportsrock.com\/?p=16979","og_locale":"en_US","og_type":"article","og_title":"Juc\u0103torul de top al FC Rapid Bucure\u0219ti semneaz\u0103 un","og_description":"Juc\u0103torul de top al FC Rapid Bucure\u0219ti semneaz\u0103 un nou contract pe 5 ani cu FC Dinamo Bucure\u0219ti.....,,........","og_url":"https:\/\/www.letsportsrock.com\/?p=16979","og_site_name":"letsportsrock","article_published_time":"2025-01-02T21:04:08+00:00","article_modified_time":"2025-01-02T21:06:48+00:00","og_image":[{"width":739,"height":415,"url":"https:\/\/www.letsportsrock.com\/wp-content\/uploads\/2025\/01\/images-2025-01-02T220421.719.jpeg","type":"image\/jpeg"}],"author":"letsportsrock","twitter_card":"summary_large_image","twitter_misc":{"Written by":"letsportsrock","Est. reading time":"2 minutes"},"schema":{"@context":"https:\/\/schema.org","@graph":[{"@type":"Article","@id":"https:\/\/www.letsportsrock.com\/?p=16979#article","isPartOf":{"@id":"https:\/\/www.letsportsrock.com\/?p=16979"},"author":{"name":"letsportsrock","@id":"https:\/\/www.letsportsrock.com\/#\/schema\/person\/a454ac24e58b214ddd97e4b5afb0bf01"},"headline":"Juc\u0103torul de top al FC Rapid Bucure\u0219ti semneaz\u0103 un nou contract pe 5 ani cu FC Dinamo Bucure\u0219ti.","datePublished":"2025-01-02T21:04:08+00:00","dateModified":"2025-01-02T21:06:48+00:00","mainEntityOfPage":{"@id":"https:\/\/www.letsportsrock.com\/?p=16979"},"wordCount":309,"commentCount":0,"image":{"@id":"https:\/\/www.letsportsrock.com\/?p=16979#primaryimage"},"thumbnailUrl":"https:\/\/www.letsportsrock.com\/wp-content\/uploads\/2025\/01\/images-2025-01-02T220421.719.jpeg","inLanguage":"en-US","potentialAction":[{"@type":"CommentAction","name":"Comment","target":["https:\/\/www.letsportsrock.com\/?p=16979#respond"]}]},{"@type":"WebPage","@id":"https:\/\/www.letsportsrock.com\/?p=16979","url":"https:\/\/www.letsportsrock.com\/?p=16979","name":"Juc\u0103torul de top al FC Rapid Bucure\u0219ti semneaz\u0103 un","isPartOf":{"@id":"https:\/\/www.letsportsrock.com\/#website"},"primaryImageOfPage":{"@id":"https:\/\/www.letsportsrock.com\/?p=16979#primaryimage"},"image":{"@id":"https:\/\/www.letsportsrock.com\/?p=16979#primaryimage"},"thumbnailUrl":"https:\/\/www.letsportsrock.com\/wp-content\/uploads\/2025\/01\/images-2025-01-02T220421.719.jpeg","datePublished":"2025-01-02T21:04:08+00:00","dateModified":"2025-01-02T21:06:48+00:00","author":{"@id":"https:\/\/www.letsportsrock.com\/#\/schema\/person\/a454ac24e58b214ddd97e4b5afb0bf01"},"description":"Juc\u0103torul de top al FC Rapid Bucure\u0219ti semneaz\u0103 un nou contract pe 5 ani cu FC Dinamo Bucure\u0219ti.....,,........","breadcrumb":{"@id":"https:\/\/www.letsportsrock.com\/?p=16979#breadcrumb"},"inLanguage":"en-US","potentialAction":[{"@type":"ReadAction","target":["https:\/\/www.letsportsrock.com\/?p=16979"]}]},{"@type":"ImageObject","inLanguage":"en-US","@id":"https:\/\/www.letsportsrock.com\/?p=16979#primaryimage","url":"https:\/\/www.letsportsrock.com\/wp-content\/uploads\/2025\/01\/images-2025-01-02T220421.719.jpeg","contentUrl":"https:\/\/www.letsportsrock.com\/wp-content\/uploads\/2025\/01\/images-2025-01-02T220421.719.jpeg","width":739,"height":415},{"@type":"BreadcrumbList","@id":"https:\/\/www.letsportsrock.com\/?p=16979#breadcrumb","itemListElement":[{"@type":"ListItem","position":1,"name":"Home","item":"https:\/\/www.letsportsrock.com\/"},{"@type":"ListItem","position":2,"name":"Juc\u0103torul de top al FC Rapid Bucure\u0219ti semneaz\u0103 un nou contract pe 5 ani cu FC Dinamo Bucure\u0219ti."}]},{"@type":"WebSite","@id":"https:\/\/www.letsportsrock.com\/#website","url":"https:\/\/www.letsportsrock.com\/","name":"letsportsrock","description":"Sport News and Updates","potentialAction":[{"@type":"SearchAction","target":{"@type":"EntryPoint","urlTemplate":"https:\/\/www.letsportsrock.com\/?s={search_term_string}"},"query-input":{"@type":"PropertyValueSpecification","valueRequired":true,"valueName":"search_term_string"}}],"inLanguage":"en-US"},{"@type":"Person","@id":"https:\/\/www.letsportsrock.com\/#\/schema\/person\/a454ac24e58b214ddd97e4b5afb0bf01","name":"letsportsrock","image":{"@type":"ImageObject","inLanguage":"en-US","@id":"https:\/\/secure.gravatar.com\/avatar\/f8ef950cbb7574c0bc874094b8d307659bfe2d7aa4a9d26fa6917eff010748f9?s=96&d=mm&r=g","url":"https:\/\/secure.gravatar.com\/avatar\/f8ef950cbb7574c0bc874094b8d307659bfe2d7aa4a9d26fa6917eff010748f9?s=96&d=mm&r=g","contentUrl":"https:\/\/secure.gravatar.com\/avatar\/f8ef950cbb7574c0bc874094b8d307659bfe2d7aa4a9d26fa6917eff010748f9?s=96&d=mm&r=g","caption":"letsportsrock"},"sameAs":["https:\/\/www.letsportsrock.com"],"url":"https:\/\/www.letsportsrock.com\/?author=1"}]}},"jetpack_featured_media_url":"https:\/\/www.letsportsrock.com\/wp-content\/uploads\/2025\/01\/images-2025-01-02T220421.719.jpeg","jetpack_sharing_enabled":true,"_links":{"self":[{"href":"https:\/\/www.letsportsrock.com\/index.php?rest_route=\/wp\/v2\/posts\/16979","targetHints":{"allow":["GET"]}}],"collection":[{"href":"https:\/\/www.letsportsrock.com\/index.php?rest_route=\/wp\/v2\/posts"}],"about":[{"href":"https:\/\/www.letsportsrock.com\/index.php?rest_route=\/wp\/v2\/types\/post"}],"author":[{"embeddable":true,"href":"https:\/\/www.letsportsrock.com\/index.php?rest_route=\/wp\/v2\/users\/1"}],"replies":[{"embeddable":true,"href":"https:\/\/www.letsportsrock.com\/index.php?rest_route=%2Fwp%2Fv2%2Fcomments&post=16979"}],"version-history":[{"count":1,"href":"https:\/\/www.letsportsrock.com\/index.php?rest_route=\/wp\/v2\/posts\/16979\/revisions"}],"predecessor-version":[{"id":16980,"href":"https:\/\/www.letsportsrock.com\/index.php?rest_route=\/wp\/v2\/posts\/16979\/revisions\/16980"}],"wp:featuredmedia":[{"embeddable":true,"href":"https:\/\/www.letsportsrock.com\/index.php?rest_route=\/wp\/v2\/media\/16981"}],"wp:attachment":[{"href":"https:\/\/www.letsportsrock.com\/index.php?rest_route=%2Fwp%2Fv2%2Fmedia&parent=16979"}],"wp:term":[{"taxonomy":"category","embeddable":true,"href":"https:\/\/www.letsportsrock.com\/index.php?rest_route=%2Fwp%2Fv2%2Fcategories&post=16979"},{"taxonomy":"post_tag","embeddable":true,"href":"https:\/\/www.letsportsrock.com\/index.php?rest_route=%2Fwp%2Fv2%2Ftags&post=16979"}],"curies":[{"name":"wp","href":"https:\/\/api.w.org\/{rel}","templated":true}]}}