{"id":16982,"date":"2025-01-02T21:10:20","date_gmt":"2025-01-02T21:10:20","guid":{"rendered":"https:\/\/www.letsportsrock.com\/?p=16982"},"modified":"2025-01-02T21:15:39","modified_gmt":"2025-01-02T21:15:39","slug":"ma-intorc-fostul-star-atacant-de-la-fc-rapid-si-a-reziliat-contractul-cu-fcsb-declarand-ca-va","status":"publish","type":"post","link":"https:\/\/www.letsportsrock.com\/?p=16982","title":{"rendered":"\u201eM\u0103 \u00eentorc.\u201d Fostul star atacant de la FC Rapid \u0219i-a reziliat contractul cu FCSB, declar\u00e2nd c\u0103 va&#8230;"},"content":{"rendered":"<div class=\"d79db4796efc26332eabfc3f5dafbc76\" data-index=\"1\" style=\"float: none; margin:10px 0 10px 0; text-align:center;\">\n<div class=\"hb-ad-inarticle\">\r\n    <div class=\"hb-ad-inner\"> \r\n    <div class=\"hbagency_cls\"  id=\"hbagency_space_111930\"><\/div><\/div> <\/div>\n<\/div>\n<p>\u201eM\u0103 \u00eentorc.\u201d Fostul star atacant de la FC Rapid \u0219i-a reziliat contractul cu FCSB, declar\u00e2nd c\u0103 va reveni \u00een fotbalul rom\u00e2nesc, dar nu a oferit \u00eenc\u0103 detalii clare despre destina\u021bia sa viitoare. Anun\u021bul a surprins pe mul\u021bi fani, av\u00e2nd \u00een vedere c\u0103 juc\u0103torul a avut o perioad\u0103 destul de scurt\u0103 la FCSB, iar desp\u0103r\u021birea a fost mai brusc\u0103 dec\u00e2t s-ar fi a\u0219teptat unii.<\/p>\n<p>&nbsp;<\/p>\n<p>Juc\u0103torul, care a evoluat anterior pentru echipe importante din Liga 1, a devenit rapid o figur\u0103 central\u0103 la Rapid Bucure\u0219ti \u00eenainte de a semna cu FCSB. Transferul s\u0103u a fost considerat de mul\u021bi o mutare important\u0103 pentru cariera sa, av\u00e2nd \u00een vedere statutul echipei \u0219i ambi\u021biile mari pe care le avea la momentul respectiv. Totu\u0219i, se pare c\u0103 nu a reu\u0219it s\u0103 se adapteze complet la noul club, iar decizia de a rezilia contractul a venit \u00een urma unor discu\u021bii interne.<\/p>\n<p>&nbsp;<\/p>\n<p>De\u0219i mul\u021bi s-au \u00eentrebat despre viitorul s\u0103u, juc\u0103torul a dat de \u00een\u021beles c\u0103 inten\u021bioneaz\u0103 s\u0103 continue s\u0103 joace \u00een Rom\u00e2nia, dar nu a dorit s\u0103 ofere prea multe detalii despre echipa cu care ar putea semna \u00een viitorul apropiat. Fanii din Rom\u00e2nia sunt curio\u0219i s\u0103 afle dac\u0103 va reveni la Rapid sau dac\u0103 va alege o alt\u0103 destina\u021bie din Liga 1.<\/p>\n<p>&nbsp;<\/p>\n<p>Aceast\u0103 decizie ad\u00e2nce\u0219te specula\u021biile din jurul pie\u021bei transferurilor din fotbalul rom\u00e2nesc, iar juc\u0103torul va r\u0103m\u00e2ne cu siguran\u021b\u0103 \u00een aten\u021bia publicului \u0219i a presei sportive. Oricum, clar este c\u0103 aceast\u0103 pauz\u0103 \u00eei va oferi timp s\u0103-\u0219i reg\u0103seasc\u0103 forma \u0219i motiva\u021bia pentru a da un nou impuls carierei sale.<\/p>\n\n<div style=\"font-size: 0px; height: 0px; line-height: 0px; margin: 0; padding: 0; clear: both;\"><\/div>","protected":false},"excerpt":{"rendered":"<p>\u201eM\u0103 \u00eentorc.\u201d Fostul star atacant de la FC Rapid \u0219i-a reziliat contractul cu FCSB, declar\u00e2nd c\u0103 va reveni \u00een fotbalul rom\u00e2nesc, dar nu a oferit \u00eenc\u0103 detalii clare despre destina\u021bia sa viitoare. Anun\u021bul a surprins pe mul\u021bi fani, av\u00e2nd \u00een vedere c\u0103 juc\u0103torul a avut o perioad\u0103 destul de scurt\u0103 la FCSB, iar desp\u0103r\u021birea a [&hellip;]<\/p>\n","protected":false},"author":1,"featured_media":16984,"comment_status":"open","ping_status":"open","sticky":false,"template":"","format":"standard","meta":{"_jetpack_memberships_contains_paid_content":false,"footnotes":""},"categories":[1],"tags":[],"class_list":["post-16982","post","type-post","status-publish","format-standard","has-post-thumbnail","hentry","category-uncategorized"],"yoast_head":"<!-- This site is optimized with the Yoast SEO plugin v27.4 - https:\/\/yoast.com\/product\/yoast-seo-wordpress\/ -->\n<title>\u201eM\u0103 \u00eentorc.\u201d Fostul star atacant de la FC Rapid \u0219i-<\/title>\n<meta name=\"description\" content=\"\u201eM\u0103 \u00eentorc.\u201d Fostul star atacant de la FC Rapid \u0219i-a reziliat contractul cu FCSB, declar\u00e2nd c\u0103 va.............\" \/>\n<meta name=\"robots\" content=\"index, follow, max-snippet:-1, max-image-preview:large, max-video-preview:-1\" \/>\n<link rel=\"canonical\" href=\"https:\/\/www.letsportsrock.com\/?p=16982\" \/>\n<meta property=\"og:locale\" content=\"en_US\" \/>\n<meta property=\"og:type\" content=\"article\" \/>\n<meta property=\"og:title\" content=\"\u201eM\u0103 \u00eentorc.\u201d Fostul star atacant de la FC Rapid \u0219i-\" \/>\n<meta property=\"og:description\" content=\"\u201eM\u0103 \u00eentorc.\u201d Fostul star atacant de la FC Rapid \u0219i-a reziliat contractul cu FCSB, declar\u00e2nd c\u0103 va.............\" \/>\n<meta property=\"og:url\" content=\"https:\/\/www.letsportsrock.com\/?p=16982\" \/>\n<meta property=\"og:site_name\" content=\"letsportsrock\" \/>\n<meta property=\"article:published_time\" content=\"2025-01-02T21:10:20+00:00\" \/>\n<meta property=\"article:modified_time\" content=\"2025-01-02T21:15:39+00:00\" \/>\n<meta property=\"og:image\" content=\"https:\/\/www.letsportsrock.com\/wp-content\/uploads\/2025\/01\/images-2025-01-02T221257.864.jpeg\" \/>\n\t<meta property=\"og:image:width\" content=\"640\" \/>\n\t<meta property=\"og:image:height\" content=\"480\" \/>\n\t<meta property=\"og:image:type\" content=\"image\/jpeg\" \/>\n<meta name=\"author\" content=\"letsportsrock\" \/>\n<meta name=\"twitter:card\" content=\"summary_large_image\" \/>\n<meta name=\"twitter:label1\" content=\"Written by\" \/>\n\t<meta name=\"twitter:data1\" content=\"letsportsrock\" \/>\n\t<meta name=\"twitter:label2\" content=\"Est. reading time\" \/>\n\t<meta name=\"twitter:data2\" content=\"2 minutes\" \/>\n<script type=\"application\/ld+json\" class=\"yoast-schema-graph\">{\"@context\":\"https:\\\/\\\/schema.org\",\"@graph\":[{\"@type\":\"Article\",\"@id\":\"https:\\\/\\\/www.letsportsrock.com\\\/?p=16982#article\",\"isPartOf\":{\"@id\":\"https:\\\/\\\/www.letsportsrock.com\\\/?p=16982\"},\"author\":{\"name\":\"letsportsrock\",\"@id\":\"https:\\\/\\\/www.letsportsrock.com\\\/#\\\/schema\\\/person\\\/a454ac24e58b214ddd97e4b5afb0bf01\"},\"headline\":\"\u201eM\u0103 \u00eentorc.\u201d Fostul star atacant de la FC Rapid \u0219i-a reziliat contractul cu FCSB, declar\u00e2nd c\u0103 va&#8230;\",\"datePublished\":\"2025-01-02T21:10:20+00:00\",\"dateModified\":\"2025-01-02T21:15:39+00:00\",\"mainEntityOfPage\":{\"@id\":\"https:\\\/\\\/www.letsportsrock.com\\\/?p=16982\"},\"wordCount\":314,\"commentCount\":0,\"image\":{\"@id\":\"https:\\\/\\\/www.letsportsrock.com\\\/?p=16982#primaryimage\"},\"thumbnailUrl\":\"https:\\\/\\\/www.letsportsrock.com\\\/wp-content\\\/uploads\\\/2025\\\/01\\\/images-2025-01-02T221257.864.jpeg\",\"inLanguage\":\"en-US\",\"potentialAction\":[{\"@type\":\"CommentAction\",\"name\":\"Comment\",\"target\":[\"https:\\\/\\\/www.letsportsrock.com\\\/?p=16982#respond\"]}]},{\"@type\":\"WebPage\",\"@id\":\"https:\\\/\\\/www.letsportsrock.com\\\/?p=16982\",\"url\":\"https:\\\/\\\/www.letsportsrock.com\\\/?p=16982\",\"name\":\"\u201eM\u0103 \u00eentorc.\u201d Fostul star atacant de la FC Rapid \u0219i-\",\"isPartOf\":{\"@id\":\"https:\\\/\\\/www.letsportsrock.com\\\/#website\"},\"primaryImageOfPage\":{\"@id\":\"https:\\\/\\\/www.letsportsrock.com\\\/?p=16982#primaryimage\"},\"image\":{\"@id\":\"https:\\\/\\\/www.letsportsrock.com\\\/?p=16982#primaryimage\"},\"thumbnailUrl\":\"https:\\\/\\\/www.letsportsrock.com\\\/wp-content\\\/uploads\\\/2025\\\/01\\\/images-2025-01-02T221257.864.jpeg\",\"datePublished\":\"2025-01-02T21:10:20+00:00\",\"dateModified\":\"2025-01-02T21:15:39+00:00\",\"author\":{\"@id\":\"https:\\\/\\\/www.letsportsrock.com\\\/#\\\/schema\\\/person\\\/a454ac24e58b214ddd97e4b5afb0bf01\"},\"description\":\"\u201eM\u0103 \u00eentorc.\u201d Fostul star atacant de la FC Rapid \u0219i-a reziliat contractul cu FCSB, declar\u00e2nd c\u0103 va.............\",\"breadcrumb\":{\"@id\":\"https:\\\/\\\/www.letsportsrock.com\\\/?p=16982#breadcrumb\"},\"inLanguage\":\"en-US\",\"potentialAction\":[{\"@type\":\"ReadAction\",\"target\":[\"https:\\\/\\\/www.letsportsrock.com\\\/?p=16982\"]}]},{\"@type\":\"ImageObject\",\"inLanguage\":\"en-US\",\"@id\":\"https:\\\/\\\/www.letsportsrock.com\\\/?p=16982#primaryimage\",\"url\":\"https:\\\/\\\/www.letsportsrock.com\\\/wp-content\\\/uploads\\\/2025\\\/01\\\/images-2025-01-02T221257.864.jpeg\",\"contentUrl\":\"https:\\\/\\\/www.letsportsrock.com\\\/wp-content\\\/uploads\\\/2025\\\/01\\\/images-2025-01-02T221257.864.jpeg\",\"width\":640,\"height\":480},{\"@type\":\"BreadcrumbList\",\"@id\":\"https:\\\/\\\/www.letsportsrock.com\\\/?p=16982#breadcrumb\",\"itemListElement\":[{\"@type\":\"ListItem\",\"position\":1,\"name\":\"Home\",\"item\":\"https:\\\/\\\/www.letsportsrock.com\\\/\"},{\"@type\":\"ListItem\",\"position\":2,\"name\":\"\u201eM\u0103 \u00eentorc.\u201d Fostul star atacant de la FC Rapid \u0219i-a reziliat contractul cu FCSB, declar\u00e2nd c\u0103 va&#8230;\"}]},{\"@type\":\"WebSite\",\"@id\":\"https:\\\/\\\/www.letsportsrock.com\\\/#website\",\"url\":\"https:\\\/\\\/www.letsportsrock.com\\\/\",\"name\":\"letsportsrock\",\"description\":\"Sport News and Updates\",\"potentialAction\":[{\"@type\":\"SearchAction\",\"target\":{\"@type\":\"EntryPoint\",\"urlTemplate\":\"https:\\\/\\\/www.letsportsrock.com\\\/?s={search_term_string}\"},\"query-input\":{\"@type\":\"PropertyValueSpecification\",\"valueRequired\":true,\"valueName\":\"search_term_string\"}}],\"inLanguage\":\"en-US\"},{\"@type\":\"Person\",\"@id\":\"https:\\\/\\\/www.letsportsrock.com\\\/#\\\/schema\\\/person\\\/a454ac24e58b214ddd97e4b5afb0bf01\",\"name\":\"letsportsrock\",\"image\":{\"@type\":\"ImageObject\",\"inLanguage\":\"en-US\",\"@id\":\"https:\\\/\\\/secure.gravatar.com\\\/avatar\\\/f8ef950cbb7574c0bc874094b8d307659bfe2d7aa4a9d26fa6917eff010748f9?s=96&d=mm&r=g\",\"url\":\"https:\\\/\\\/secure.gravatar.com\\\/avatar\\\/f8ef950cbb7574c0bc874094b8d307659bfe2d7aa4a9d26fa6917eff010748f9?s=96&d=mm&r=g\",\"contentUrl\":\"https:\\\/\\\/secure.gravatar.com\\\/avatar\\\/f8ef950cbb7574c0bc874094b8d307659bfe2d7aa4a9d26fa6917eff010748f9?s=96&d=mm&r=g\",\"caption\":\"letsportsrock\"},\"sameAs\":[\"https:\\\/\\\/www.letsportsrock.com\"],\"url\":\"https:\\\/\\\/www.letsportsrock.com\\\/?author=1\"}]}<\/script>\n<!-- \/ Yoast SEO plugin. -->","yoast_head_json":{"title":"\u201eM\u0103 \u00eentorc.\u201d Fostul star atacant de la FC Rapid \u0219i-","description":"\u201eM\u0103 \u00eentorc.\u201d Fostul star atacant de la FC Rapid \u0219i-a reziliat contractul cu FCSB, declar\u00e2nd c\u0103 va.............","robots":{"index":"index","follow":"follow","max-snippet":"max-snippet:-1","max-image-preview":"max-image-preview:large","max-video-preview":"max-video-preview:-1"},"canonical":"https:\/\/www.letsportsrock.com\/?p=16982","og_locale":"en_US","og_type":"article","og_title":"\u201eM\u0103 \u00eentorc.\u201d Fostul star atacant de la FC Rapid \u0219i-","og_description":"\u201eM\u0103 \u00eentorc.\u201d Fostul star atacant de la FC Rapid \u0219i-a reziliat contractul cu FCSB, declar\u00e2nd c\u0103 va.............","og_url":"https:\/\/www.letsportsrock.com\/?p=16982","og_site_name":"letsportsrock","article_published_time":"2025-01-02T21:10:20+00:00","article_modified_time":"2025-01-02T21:15:39+00:00","og_image":[{"width":640,"height":480,"url":"https:\/\/www.letsportsrock.com\/wp-content\/uploads\/2025\/01\/images-2025-01-02T221257.864.jpeg","type":"image\/jpeg"}],"author":"letsportsrock","twitter_card":"summary_large_image","twitter_misc":{"Written by":"letsportsrock","Est. reading time":"2 minutes"},"schema":{"@context":"https:\/\/schema.org","@graph":[{"@type":"Article","@id":"https:\/\/www.letsportsrock.com\/?p=16982#article","isPartOf":{"@id":"https:\/\/www.letsportsrock.com\/?p=16982"},"author":{"name":"letsportsrock","@id":"https:\/\/www.letsportsrock.com\/#\/schema\/person\/a454ac24e58b214ddd97e4b5afb0bf01"},"headline":"\u201eM\u0103 \u00eentorc.\u201d Fostul star atacant de la FC Rapid \u0219i-a reziliat contractul cu FCSB, declar\u00e2nd c\u0103 va&#8230;","datePublished":"2025-01-02T21:10:20+00:00","dateModified":"2025-01-02T21:15:39+00:00","mainEntityOfPage":{"@id":"https:\/\/www.letsportsrock.com\/?p=16982"},"wordCount":314,"commentCount":0,"image":{"@id":"https:\/\/www.letsportsrock.com\/?p=16982#primaryimage"},"thumbnailUrl":"https:\/\/www.letsportsrock.com\/wp-content\/uploads\/2025\/01\/images-2025-01-02T221257.864.jpeg","inLanguage":"en-US","potentialAction":[{"@type":"CommentAction","name":"Comment","target":["https:\/\/www.letsportsrock.com\/?p=16982#respond"]}]},{"@type":"WebPage","@id":"https:\/\/www.letsportsrock.com\/?p=16982","url":"https:\/\/www.letsportsrock.com\/?p=16982","name":"\u201eM\u0103 \u00eentorc.\u201d Fostul star atacant de la FC Rapid \u0219i-","isPartOf":{"@id":"https:\/\/www.letsportsrock.com\/#website"},"primaryImageOfPage":{"@id":"https:\/\/www.letsportsrock.com\/?p=16982#primaryimage"},"image":{"@id":"https:\/\/www.letsportsrock.com\/?p=16982#primaryimage"},"thumbnailUrl":"https:\/\/www.letsportsrock.com\/wp-content\/uploads\/2025\/01\/images-2025-01-02T221257.864.jpeg","datePublished":"2025-01-02T21:10:20+00:00","dateModified":"2025-01-02T21:15:39+00:00","author":{"@id":"https:\/\/www.letsportsrock.com\/#\/schema\/person\/a454ac24e58b214ddd97e4b5afb0bf01"},"description":"\u201eM\u0103 \u00eentorc.\u201d Fostul star atacant de la FC Rapid \u0219i-a reziliat contractul cu FCSB, declar\u00e2nd c\u0103 va.............","breadcrumb":{"@id":"https:\/\/www.letsportsrock.com\/?p=16982#breadcrumb"},"inLanguage":"en-US","potentialAction":[{"@type":"ReadAction","target":["https:\/\/www.letsportsrock.com\/?p=16982"]}]},{"@type":"ImageObject","inLanguage":"en-US","@id":"https:\/\/www.letsportsrock.com\/?p=16982#primaryimage","url":"https:\/\/www.letsportsrock.com\/wp-content\/uploads\/2025\/01\/images-2025-01-02T221257.864.jpeg","contentUrl":"https:\/\/www.letsportsrock.com\/wp-content\/uploads\/2025\/01\/images-2025-01-02T221257.864.jpeg","width":640,"height":480},{"@type":"BreadcrumbList","@id":"https:\/\/www.letsportsrock.com\/?p=16982#breadcrumb","itemListElement":[{"@type":"ListItem","position":1,"name":"Home","item":"https:\/\/www.letsportsrock.com\/"},{"@type":"ListItem","position":2,"name":"\u201eM\u0103 \u00eentorc.\u201d Fostul star atacant de la FC Rapid \u0219i-a reziliat contractul cu FCSB, declar\u00e2nd c\u0103 va&#8230;"}]},{"@type":"WebSite","@id":"https:\/\/www.letsportsrock.com\/#website","url":"https:\/\/www.letsportsrock.com\/","name":"letsportsrock","description":"Sport News and Updates","potentialAction":[{"@type":"SearchAction","target":{"@type":"EntryPoint","urlTemplate":"https:\/\/www.letsportsrock.com\/?s={search_term_string}"},"query-input":{"@type":"PropertyValueSpecification","valueRequired":true,"valueName":"search_term_string"}}],"inLanguage":"en-US"},{"@type":"Person","@id":"https:\/\/www.letsportsrock.com\/#\/schema\/person\/a454ac24e58b214ddd97e4b5afb0bf01","name":"letsportsrock","image":{"@type":"ImageObject","inLanguage":"en-US","@id":"https:\/\/secure.gravatar.com\/avatar\/f8ef950cbb7574c0bc874094b8d307659bfe2d7aa4a9d26fa6917eff010748f9?s=96&d=mm&r=g","url":"https:\/\/secure.gravatar.com\/avatar\/f8ef950cbb7574c0bc874094b8d307659bfe2d7aa4a9d26fa6917eff010748f9?s=96&d=mm&r=g","contentUrl":"https:\/\/secure.gravatar.com\/avatar\/f8ef950cbb7574c0bc874094b8d307659bfe2d7aa4a9d26fa6917eff010748f9?s=96&d=mm&r=g","caption":"letsportsrock"},"sameAs":["https:\/\/www.letsportsrock.com"],"url":"https:\/\/www.letsportsrock.com\/?author=1"}]}},"jetpack_featured_media_url":"https:\/\/www.letsportsrock.com\/wp-content\/uploads\/2025\/01\/images-2025-01-02T221257.864.jpeg","jetpack_sharing_enabled":true,"_links":{"self":[{"href":"https:\/\/www.letsportsrock.com\/index.php?rest_route=\/wp\/v2\/posts\/16982","targetHints":{"allow":["GET"]}}],"collection":[{"href":"https:\/\/www.letsportsrock.com\/index.php?rest_route=\/wp\/v2\/posts"}],"about":[{"href":"https:\/\/www.letsportsrock.com\/index.php?rest_route=\/wp\/v2\/types\/post"}],"author":[{"embeddable":true,"href":"https:\/\/www.letsportsrock.com\/index.php?rest_route=\/wp\/v2\/users\/1"}],"replies":[{"embeddable":true,"href":"https:\/\/www.letsportsrock.com\/index.php?rest_route=%2Fwp%2Fv2%2Fcomments&post=16982"}],"version-history":[{"count":1,"href":"https:\/\/www.letsportsrock.com\/index.php?rest_route=\/wp\/v2\/posts\/16982\/revisions"}],"predecessor-version":[{"id":16983,"href":"https:\/\/www.letsportsrock.com\/index.php?rest_route=\/wp\/v2\/posts\/16982\/revisions\/16983"}],"wp:featuredmedia":[{"embeddable":true,"href":"https:\/\/www.letsportsrock.com\/index.php?rest_route=\/wp\/v2\/media\/16984"}],"wp:attachment":[{"href":"https:\/\/www.letsportsrock.com\/index.php?rest_route=%2Fwp%2Fv2%2Fmedia&parent=16982"}],"wp:term":[{"taxonomy":"category","embeddable":true,"href":"https:\/\/www.letsportsrock.com\/index.php?rest_route=%2Fwp%2Fv2%2Fcategories&post=16982"},{"taxonomy":"post_tag","embeddable":true,"href":"https:\/\/www.letsportsrock.com\/index.php?rest_route=%2Fwp%2Fv2%2Ftags&post=16982"}],"curies":[{"name":"wp","href":"https:\/\/api.w.org\/{rel}","templated":true}]}}