{"id":17001,"date":"2025-01-02T22:54:57","date_gmt":"2025-01-02T22:54:57","guid":{"rendered":"https:\/\/www.letsportsrock.com\/?p=17001"},"modified":"2025-01-02T22:54:57","modified_gmt":"2025-01-02T22:54:57","slug":"ajax-amsterdam-president-michael-van-praag-kondigt-ontslag-aan-vanwege","status":"publish","type":"post","link":"https:\/\/www.letsportsrock.com\/?p=17001","title":{"rendered":"Ajax Amsterdam-president Michael van Praag kondigt ontslag aan vanwege&#8230;&#8221;"},"content":{"rendered":"<div class=\"d79db4796efc26332eabfc3f5dafbc76\" data-index=\"1\" style=\"float: none; margin:10px 0 10px 0; text-align:center;\">\n<div class=\"hb-ad-inarticle\">\r\n    <div class=\"hb-ad-inner\"> \r\n    <div class=\"hbagency_cls\"  id=\"hbagency_space_111930\"><\/div><\/div> <\/div>\n<\/div>\n<p>&nbsp;<\/p>\n<p>Michael van Praag, pre\u0219edintele clubului Ajax Amsterdam, a anun\u021bat recent c\u0103 \u00ee\u0219i va da demisia din func\u021bia de conducere a uneia dintre cele mai mari echipe de fotbal din Olanda. Decizia vine \u00eentr-un context \u00een care clubul se afl\u0103 \u00eentr-un moment dificil din punct de vedere sportiv \u0219i financiar.<\/p>\n<p>&nbsp;<\/p>\n<p>Van Praag, \u00een v\u00e2rst\u0103 de 75 de ani, a avut o carier\u0103 deosebit\u0103 \u00een cadrul Ajax-ului, fiind implicat \u00een administrarea clubului \u00eenc\u0103 din anii &#8217;80. Sub conducerea sa, Ajax a avut parte de unele dintre cele mai importante realiz\u0103ri ale sale \u00een fotbalul european, inclusiv c\u00e2\u0219tigarea mai multor titluri na\u021bionale \u0219i participarea constant\u0103 \u00een competi\u021biile interna\u021bionale.<\/p>\n<p>&nbsp;<\/p>\n<p>Motivul demisiei nu a fost \u00eenc\u0103 dezv\u0103luit public, \u00eens\u0103 surse apropiate clubului sugereaz\u0103 c\u0103 ar putea fi legat de o serie de disensiuni interne sau de presiuni externe din partea fanilor \u0219i a investitorilor. De asemenea, se vorbe\u0219te despre o posibil\u0103 restructurare a echipei de conducere, pentru a adresa problemele cu care se confrunt\u0103 Ajax \u00een acest moment, inclusiv performan\u021bele slabe \u00een campionat \u0219i \u00een cupele europene.<\/p>\n<p>&nbsp;<\/p>\n<p>Van Praag a declarat \u00eentr-un comunicat oficial: \u201eA fost o onoare s\u0103 conduc acest club magnific. Totu\u0219i, simt c\u0103 este momentul potrivit pentru a face un pas \u00eenapoi \u0219i a permite noi viziuni s\u0103 preia conducerea\u201d.<\/p>\n<p>&nbsp;<\/p>\n<p>\u00cenlocuirea sa va fi un subiect intens dezb\u0103tut \u00een zilele urm\u0103toare, iar fanii \u0219i speciali\u0219tii din fotbal a\u0219teapt\u0103 cu ner\u0103bdare s\u0103 vad\u0103 care va fi viitorul clubului Ajax sub o nou\u0103 conducere.<\/p>\n<p>&nbsp;<\/p>\n<p>&#8212;<\/p>\n<p>&nbsp;<\/p>\n<p>Please let me know if you need any further modifications!<\/p>\n\n<div style=\"font-size: 0px; height: 0px; line-height: 0px; margin: 0; padding: 0; clear: both;\"><\/div>","protected":false},"excerpt":{"rendered":"<p>&nbsp; Michael van Praag, pre\u0219edintele clubului Ajax Amsterdam, a anun\u021bat recent c\u0103 \u00ee\u0219i va da demisia din func\u021bia de conducere a uneia dintre cele mai mari echipe de fotbal din Olanda. Decizia vine \u00eentr-un context \u00een care clubul se afl\u0103 \u00eentr-un moment dificil din punct de vedere sportiv \u0219i financiar. &nbsp; Van Praag, \u00een v\u00e2rst\u0103 [&hellip;]<\/p>\n","protected":false},"author":1,"featured_media":17002,"comment_status":"open","ping_status":"open","sticky":false,"template":"","format":"standard","meta":{"_jetpack_memberships_contains_paid_content":false,"footnotes":""},"categories":[1],"tags":[],"class_list":["post-17001","post","type-post","status-publish","format-standard","has-post-thumbnail","hentry","category-uncategorized"],"yoast_head":"<!-- This site is optimized with the Yoast SEO plugin v27.4 - https:\/\/yoast.com\/product\/yoast-seo-wordpress\/ -->\n<title>Ajax Amsterdam-president Michael van Praag kondigt ontslag aan vanwege...&quot;<\/title>\n<meta name=\"description\" content=\"Ajax Amsterdam-president Michael van Praag kondigt ontslag aan vanwege...&quot;............ ......................\" \/>\n<meta name=\"robots\" content=\"index, follow, max-snippet:-1, max-image-preview:large, max-video-preview:-1\" \/>\n<link rel=\"canonical\" href=\"https:\/\/www.letsportsrock.com\/?p=17001\" \/>\n<meta property=\"og:locale\" content=\"en_US\" \/>\n<meta property=\"og:type\" content=\"article\" \/>\n<meta property=\"og:title\" content=\"Ajax Amsterdam-president Michael van Praag kondigt ontslag aan vanwege...&quot;\" \/>\n<meta property=\"og:description\" content=\"Ajax Amsterdam-president Michael van Praag kondigt ontslag aan vanwege...&quot;............ ......................\" \/>\n<meta property=\"og:url\" content=\"https:\/\/www.letsportsrock.com\/?p=17001\" \/>\n<meta property=\"og:site_name\" content=\"letsportsrock\" \/>\n<meta property=\"article:published_time\" content=\"2025-01-02T22:54:57+00:00\" \/>\n<meta property=\"og:image\" content=\"https:\/\/www.letsportsrock.com\/wp-content\/uploads\/2025\/01\/images-2025-01-02T235031.806.jpeg\" \/>\n\t<meta property=\"og:image:width\" content=\"738\" \/>\n\t<meta property=\"og:image:height\" content=\"415\" \/>\n\t<meta property=\"og:image:type\" content=\"image\/jpeg\" \/>\n<meta name=\"author\" content=\"letsportsrock\" \/>\n<meta name=\"twitter:card\" content=\"summary_large_image\" \/>\n<meta name=\"twitter:label1\" content=\"Written by\" \/>\n\t<meta name=\"twitter:data1\" content=\"letsportsrock\" \/>\n\t<meta name=\"twitter:label2\" content=\"Est. reading time\" \/>\n\t<meta name=\"twitter:data2\" content=\"2 minutes\" \/>\n<script type=\"application\/ld+json\" class=\"yoast-schema-graph\">{\"@context\":\"https:\\\/\\\/schema.org\",\"@graph\":[{\"@type\":\"Article\",\"@id\":\"https:\\\/\\\/www.letsportsrock.com\\\/?p=17001#article\",\"isPartOf\":{\"@id\":\"https:\\\/\\\/www.letsportsrock.com\\\/?p=17001\"},\"author\":{\"name\":\"letsportsrock\",\"@id\":\"https:\\\/\\\/www.letsportsrock.com\\\/#\\\/schema\\\/person\\\/a454ac24e58b214ddd97e4b5afb0bf01\"},\"headline\":\"Ajax Amsterdam-president Michael van Praag kondigt ontslag aan vanwege&#8230;&#8221;\",\"datePublished\":\"2025-01-02T22:54:57+00:00\",\"mainEntityOfPage\":{\"@id\":\"https:\\\/\\\/www.letsportsrock.com\\\/?p=17001\"},\"wordCount\":283,\"commentCount\":0,\"image\":{\"@id\":\"https:\\\/\\\/www.letsportsrock.com\\\/?p=17001#primaryimage\"},\"thumbnailUrl\":\"https:\\\/\\\/www.letsportsrock.com\\\/wp-content\\\/uploads\\\/2025\\\/01\\\/images-2025-01-02T235031.806.jpeg\",\"inLanguage\":\"en-US\",\"potentialAction\":[{\"@type\":\"CommentAction\",\"name\":\"Comment\",\"target\":[\"https:\\\/\\\/www.letsportsrock.com\\\/?p=17001#respond\"]}]},{\"@type\":\"WebPage\",\"@id\":\"https:\\\/\\\/www.letsportsrock.com\\\/?p=17001\",\"url\":\"https:\\\/\\\/www.letsportsrock.com\\\/?p=17001\",\"name\":\"Ajax Amsterdam-president Michael van Praag kondigt ontslag aan vanwege...\\\"\",\"isPartOf\":{\"@id\":\"https:\\\/\\\/www.letsportsrock.com\\\/#website\"},\"primaryImageOfPage\":{\"@id\":\"https:\\\/\\\/www.letsportsrock.com\\\/?p=17001#primaryimage\"},\"image\":{\"@id\":\"https:\\\/\\\/www.letsportsrock.com\\\/?p=17001#primaryimage\"},\"thumbnailUrl\":\"https:\\\/\\\/www.letsportsrock.com\\\/wp-content\\\/uploads\\\/2025\\\/01\\\/images-2025-01-02T235031.806.jpeg\",\"datePublished\":\"2025-01-02T22:54:57+00:00\",\"author\":{\"@id\":\"https:\\\/\\\/www.letsportsrock.com\\\/#\\\/schema\\\/person\\\/a454ac24e58b214ddd97e4b5afb0bf01\"},\"description\":\"Ajax Amsterdam-president Michael van Praag kondigt ontslag aan vanwege...\\\"............ ......................\",\"breadcrumb\":{\"@id\":\"https:\\\/\\\/www.letsportsrock.com\\\/?p=17001#breadcrumb\"},\"inLanguage\":\"en-US\",\"potentialAction\":[{\"@type\":\"ReadAction\",\"target\":[\"https:\\\/\\\/www.letsportsrock.com\\\/?p=17001\"]}]},{\"@type\":\"ImageObject\",\"inLanguage\":\"en-US\",\"@id\":\"https:\\\/\\\/www.letsportsrock.com\\\/?p=17001#primaryimage\",\"url\":\"https:\\\/\\\/www.letsportsrock.com\\\/wp-content\\\/uploads\\\/2025\\\/01\\\/images-2025-01-02T235031.806.jpeg\",\"contentUrl\":\"https:\\\/\\\/www.letsportsrock.com\\\/wp-content\\\/uploads\\\/2025\\\/01\\\/images-2025-01-02T235031.806.jpeg\",\"width\":738,\"height\":415},{\"@type\":\"BreadcrumbList\",\"@id\":\"https:\\\/\\\/www.letsportsrock.com\\\/?p=17001#breadcrumb\",\"itemListElement\":[{\"@type\":\"ListItem\",\"position\":1,\"name\":\"Home\",\"item\":\"https:\\\/\\\/www.letsportsrock.com\\\/\"},{\"@type\":\"ListItem\",\"position\":2,\"name\":\"Ajax Amsterdam-president Michael van Praag kondigt ontslag aan vanwege&#8230;&#8221;\"}]},{\"@type\":\"WebSite\",\"@id\":\"https:\\\/\\\/www.letsportsrock.com\\\/#website\",\"url\":\"https:\\\/\\\/www.letsportsrock.com\\\/\",\"name\":\"letsportsrock\",\"description\":\"Sport News and Updates\",\"potentialAction\":[{\"@type\":\"SearchAction\",\"target\":{\"@type\":\"EntryPoint\",\"urlTemplate\":\"https:\\\/\\\/www.letsportsrock.com\\\/?s={search_term_string}\"},\"query-input\":{\"@type\":\"PropertyValueSpecification\",\"valueRequired\":true,\"valueName\":\"search_term_string\"}}],\"inLanguage\":\"en-US\"},{\"@type\":\"Person\",\"@id\":\"https:\\\/\\\/www.letsportsrock.com\\\/#\\\/schema\\\/person\\\/a454ac24e58b214ddd97e4b5afb0bf01\",\"name\":\"letsportsrock\",\"image\":{\"@type\":\"ImageObject\",\"inLanguage\":\"en-US\",\"@id\":\"https:\\\/\\\/secure.gravatar.com\\\/avatar\\\/f8ef950cbb7574c0bc874094b8d307659bfe2d7aa4a9d26fa6917eff010748f9?s=96&d=mm&r=g\",\"url\":\"https:\\\/\\\/secure.gravatar.com\\\/avatar\\\/f8ef950cbb7574c0bc874094b8d307659bfe2d7aa4a9d26fa6917eff010748f9?s=96&d=mm&r=g\",\"contentUrl\":\"https:\\\/\\\/secure.gravatar.com\\\/avatar\\\/f8ef950cbb7574c0bc874094b8d307659bfe2d7aa4a9d26fa6917eff010748f9?s=96&d=mm&r=g\",\"caption\":\"letsportsrock\"},\"sameAs\":[\"https:\\\/\\\/www.letsportsrock.com\"],\"url\":\"https:\\\/\\\/www.letsportsrock.com\\\/?author=1\"}]}<\/script>\n<!-- \/ Yoast SEO plugin. -->","yoast_head_json":{"title":"Ajax Amsterdam-president Michael van Praag kondigt ontslag aan vanwege...\"","description":"Ajax Amsterdam-president Michael van Praag kondigt ontslag aan vanwege...\"............ ......................","robots":{"index":"index","follow":"follow","max-snippet":"max-snippet:-1","max-image-preview":"max-image-preview:large","max-video-preview":"max-video-preview:-1"},"canonical":"https:\/\/www.letsportsrock.com\/?p=17001","og_locale":"en_US","og_type":"article","og_title":"Ajax Amsterdam-president Michael van Praag kondigt ontslag aan vanwege...\"","og_description":"Ajax Amsterdam-president Michael van Praag kondigt ontslag aan vanwege...\"............ ......................","og_url":"https:\/\/www.letsportsrock.com\/?p=17001","og_site_name":"letsportsrock","article_published_time":"2025-01-02T22:54:57+00:00","og_image":[{"width":738,"height":415,"url":"https:\/\/www.letsportsrock.com\/wp-content\/uploads\/2025\/01\/images-2025-01-02T235031.806.jpeg","type":"image\/jpeg"}],"author":"letsportsrock","twitter_card":"summary_large_image","twitter_misc":{"Written by":"letsportsrock","Est. reading time":"2 minutes"},"schema":{"@context":"https:\/\/schema.org","@graph":[{"@type":"Article","@id":"https:\/\/www.letsportsrock.com\/?p=17001#article","isPartOf":{"@id":"https:\/\/www.letsportsrock.com\/?p=17001"},"author":{"name":"letsportsrock","@id":"https:\/\/www.letsportsrock.com\/#\/schema\/person\/a454ac24e58b214ddd97e4b5afb0bf01"},"headline":"Ajax Amsterdam-president Michael van Praag kondigt ontslag aan vanwege&#8230;&#8221;","datePublished":"2025-01-02T22:54:57+00:00","mainEntityOfPage":{"@id":"https:\/\/www.letsportsrock.com\/?p=17001"},"wordCount":283,"commentCount":0,"image":{"@id":"https:\/\/www.letsportsrock.com\/?p=17001#primaryimage"},"thumbnailUrl":"https:\/\/www.letsportsrock.com\/wp-content\/uploads\/2025\/01\/images-2025-01-02T235031.806.jpeg","inLanguage":"en-US","potentialAction":[{"@type":"CommentAction","name":"Comment","target":["https:\/\/www.letsportsrock.com\/?p=17001#respond"]}]},{"@type":"WebPage","@id":"https:\/\/www.letsportsrock.com\/?p=17001","url":"https:\/\/www.letsportsrock.com\/?p=17001","name":"Ajax Amsterdam-president Michael van Praag kondigt ontslag aan vanwege...\"","isPartOf":{"@id":"https:\/\/www.letsportsrock.com\/#website"},"primaryImageOfPage":{"@id":"https:\/\/www.letsportsrock.com\/?p=17001#primaryimage"},"image":{"@id":"https:\/\/www.letsportsrock.com\/?p=17001#primaryimage"},"thumbnailUrl":"https:\/\/www.letsportsrock.com\/wp-content\/uploads\/2025\/01\/images-2025-01-02T235031.806.jpeg","datePublished":"2025-01-02T22:54:57+00:00","author":{"@id":"https:\/\/www.letsportsrock.com\/#\/schema\/person\/a454ac24e58b214ddd97e4b5afb0bf01"},"description":"Ajax Amsterdam-president Michael van Praag kondigt ontslag aan vanwege...\"............ ......................","breadcrumb":{"@id":"https:\/\/www.letsportsrock.com\/?p=17001#breadcrumb"},"inLanguage":"en-US","potentialAction":[{"@type":"ReadAction","target":["https:\/\/www.letsportsrock.com\/?p=17001"]}]},{"@type":"ImageObject","inLanguage":"en-US","@id":"https:\/\/www.letsportsrock.com\/?p=17001#primaryimage","url":"https:\/\/www.letsportsrock.com\/wp-content\/uploads\/2025\/01\/images-2025-01-02T235031.806.jpeg","contentUrl":"https:\/\/www.letsportsrock.com\/wp-content\/uploads\/2025\/01\/images-2025-01-02T235031.806.jpeg","width":738,"height":415},{"@type":"BreadcrumbList","@id":"https:\/\/www.letsportsrock.com\/?p=17001#breadcrumb","itemListElement":[{"@type":"ListItem","position":1,"name":"Home","item":"https:\/\/www.letsportsrock.com\/"},{"@type":"ListItem","position":2,"name":"Ajax Amsterdam-president Michael van Praag kondigt ontslag aan vanwege&#8230;&#8221;"}]},{"@type":"WebSite","@id":"https:\/\/www.letsportsrock.com\/#website","url":"https:\/\/www.letsportsrock.com\/","name":"letsportsrock","description":"Sport News and Updates","potentialAction":[{"@type":"SearchAction","target":{"@type":"EntryPoint","urlTemplate":"https:\/\/www.letsportsrock.com\/?s={search_term_string}"},"query-input":{"@type":"PropertyValueSpecification","valueRequired":true,"valueName":"search_term_string"}}],"inLanguage":"en-US"},{"@type":"Person","@id":"https:\/\/www.letsportsrock.com\/#\/schema\/person\/a454ac24e58b214ddd97e4b5afb0bf01","name":"letsportsrock","image":{"@type":"ImageObject","inLanguage":"en-US","@id":"https:\/\/secure.gravatar.com\/avatar\/f8ef950cbb7574c0bc874094b8d307659bfe2d7aa4a9d26fa6917eff010748f9?s=96&d=mm&r=g","url":"https:\/\/secure.gravatar.com\/avatar\/f8ef950cbb7574c0bc874094b8d307659bfe2d7aa4a9d26fa6917eff010748f9?s=96&d=mm&r=g","contentUrl":"https:\/\/secure.gravatar.com\/avatar\/f8ef950cbb7574c0bc874094b8d307659bfe2d7aa4a9d26fa6917eff010748f9?s=96&d=mm&r=g","caption":"letsportsrock"},"sameAs":["https:\/\/www.letsportsrock.com"],"url":"https:\/\/www.letsportsrock.com\/?author=1"}]}},"jetpack_featured_media_url":"https:\/\/www.letsportsrock.com\/wp-content\/uploads\/2025\/01\/images-2025-01-02T235031.806.jpeg","jetpack_sharing_enabled":true,"_links":{"self":[{"href":"https:\/\/www.letsportsrock.com\/index.php?rest_route=\/wp\/v2\/posts\/17001","targetHints":{"allow":["GET"]}}],"collection":[{"href":"https:\/\/www.letsportsrock.com\/index.php?rest_route=\/wp\/v2\/posts"}],"about":[{"href":"https:\/\/www.letsportsrock.com\/index.php?rest_route=\/wp\/v2\/types\/post"}],"author":[{"embeddable":true,"href":"https:\/\/www.letsportsrock.com\/index.php?rest_route=\/wp\/v2\/users\/1"}],"replies":[{"embeddable":true,"href":"https:\/\/www.letsportsrock.com\/index.php?rest_route=%2Fwp%2Fv2%2Fcomments&post=17001"}],"version-history":[{"count":1,"href":"https:\/\/www.letsportsrock.com\/index.php?rest_route=\/wp\/v2\/posts\/17001\/revisions"}],"predecessor-version":[{"id":17003,"href":"https:\/\/www.letsportsrock.com\/index.php?rest_route=\/wp\/v2\/posts\/17001\/revisions\/17003"}],"wp:featuredmedia":[{"embeddable":true,"href":"https:\/\/www.letsportsrock.com\/index.php?rest_route=\/wp\/v2\/media\/17002"}],"wp:attachment":[{"href":"https:\/\/www.letsportsrock.com\/index.php?rest_route=%2Fwp%2Fv2%2Fmedia&parent=17001"}],"wp:term":[{"taxonomy":"category","embeddable":true,"href":"https:\/\/www.letsportsrock.com\/index.php?rest_route=%2Fwp%2Fv2%2Fcategories&post=17001"},{"taxonomy":"post_tag","embeddable":true,"href":"https:\/\/www.letsportsrock.com\/index.php?rest_route=%2Fwp%2Fv2%2Ftags&post=17001"}],"curies":[{"name":"wp","href":"https:\/\/api.w.org\/{rel}","templated":true}]}}