{"id":17129,"date":"2025-01-03T20:48:37","date_gmt":"2025-01-03T20:48:37","guid":{"rendered":"https:\/\/www.letsportsrock.com\/?p=17129"},"modified":"2025-01-03T20:48:37","modified_gmt":"2025-01-03T20:48:37","slug":"doi-jucatori-de-la-fc-dinamo-bucuresti-au-solicitat-sa-nu-mai-joace-din-cauza","status":"publish","type":"post","link":"https:\/\/www.letsportsrock.com\/?p=17129","title":{"rendered":"\u201eDoi juc\u0103tori de la FC Dinamo Bucure\u0219ti au solicitat s\u0103 nu mai joace din cauza\u2026\u201d"},"content":{"rendered":"<div class=\"d79db4796efc26332eabfc3f5dafbc76\" data-index=\"1\" style=\"float: none; margin:10px 0 10px 0; text-align:center;\">\n<div class=\"hb-ad-inarticle\">\r\n    <div class=\"hb-ad-inner\"> \r\n    <div class=\"hbagency_cls\"  id=\"hbagency_space_111930\"><\/div><\/div> <\/div>\n<\/div>\n<p>\u201eDoi juc\u0103tori de la FC Dinamo Bucure\u0219ti au solicitat s\u0103 nu mai joace din cauza\u2026\u201d<\/p>\n<p>&nbsp;<\/p>\n<p>\u00centr-o \u00eentors\u0103tur\u0103 nea\u0219teptat\u0103 a evenimentelor, doi juc\u0103tori importan\u021bi ai echipei FC Dinamo Bucure\u0219ti au solicitat oficial s\u0103 nu mai fac\u0103 parte din lotul echipei pentru restul sezonului. Aceste cereri au venit ca urmare a unor probleme personale \u0219i profesionale, care au creat tensiuni \u00een interiorul echipei \u0219i au afectat moralul celor doi juc\u0103tori. Clubul a primit aceste solicit\u0103ri cu surprindere, dar respect\u0103 deciziile acestora \u0219i \u00eencearc\u0103 s\u0103 g\u0103seasc\u0103 solu\u021bii pentru a minimiza impactul asupra echipei.<\/p>\n<p>&nbsp;<\/p>\n<p>Surse din cadrul clubului au indicat c\u0103 cei doi fotbali\u0219ti, un funda\u0219 \u0219i un mijloca\u0219 central, au invocat motive legate de starea lor mental\u0103 \u0219i fizic\u0103, care au fost influen\u021bate de presiunea constant\u0103 din partea fanilor \u0219i a presei. De asemenea, s-a sugerat c\u0103 rela\u021biile interne din vestiar \u0219i lipsa unei comunic\u0103ri clare cu antrenorul ar fi contribuit semnificativ la aceste decizii radicale. \u00cen plus, nivelul ridicat de a\u0219tept\u0103ri de la suporteri \u0219i rezultatele mai slabe din ultima perioad\u0103 au adus un stres considerabil asupra juc\u0103torilor.<\/p>\n<p>&nbsp;<\/p>\n<p>Oficialii clubului FC Dinamo Bucure\u0219ti au declarat c\u0103 \u00een\u021beleg \u0219i respect\u0103 alegerile celor doi juc\u0103tori, dar au subliniat c\u0103 astfel de situa\u021bii pot crea dificult\u0103\u021bi pentru echip\u0103, mai ales \u00eentr-un moment crucial al sezonului. Conducerea clubului lucreaz\u0103 la identificarea unor solu\u021bii pentru a \u00eenlocui ace\u0219ti juc\u0103tori, dar \u0219i pentru a gestiona aceste crize interne care ar putea afecta performan\u021ba echipei.<\/p>\n<p>&nbsp;<\/p>\n<p>Suporterii lui Dinamo sunt \u00eengrijora\u021bi de impactul acestei decizii asupra evolu\u021biei echipei \u0219i se \u00eentreab\u0103 dac\u0103 alte schimb\u0103ri vor urma, av\u00e2nd \u00een vedere contextul tensionat din jurul clubului. Totu\u0219i, clubul r\u0103m\u00e2ne optimist \u00een privin\u021ba obiectivelor sale pe termen lung.<\/p>\n\n<div style=\"font-size: 0px; height: 0px; line-height: 0px; margin: 0; padding: 0; clear: both;\"><\/div>","protected":false},"excerpt":{"rendered":"<p>\u201eDoi juc\u0103tori de la FC Dinamo Bucure\u0219ti au solicitat s\u0103 nu mai joace din cauza\u2026\u201d &nbsp; \u00centr-o \u00eentors\u0103tur\u0103 nea\u0219teptat\u0103 a evenimentelor, doi juc\u0103tori importan\u021bi ai echipei FC Dinamo Bucure\u0219ti au solicitat oficial s\u0103 nu mai fac\u0103 parte din lotul echipei pentru restul sezonului. Aceste cereri au venit ca urmare a unor probleme personale \u0219i profesionale, [&hellip;]<\/p>\n","protected":false},"author":1,"featured_media":17130,"comment_status":"open","ping_status":"open","sticky":false,"template":"","format":"standard","meta":{"_jetpack_memberships_contains_paid_content":false,"footnotes":""},"categories":[1],"tags":[],"class_list":["post-17129","post","type-post","status-publish","format-standard","has-post-thumbnail","hentry","category-uncategorized"],"yoast_head":"<!-- This site is optimized with the Yoast SEO plugin v27.4 - https:\/\/yoast.com\/product\/yoast-seo-wordpress\/ -->\n<title>\u201eDoi juc\u0103tori de la FC Dinamo Bucure\u0219ti au solicitat s\u0103 nu mai joace din cauza\u2026\u201d<\/title>\n<meta name=\"description\" content=\"\u201e\u201eDoi juc\u0103tori de la FC Dinamo Bucure\u0219ti au solicitat s\u0103 nu mai joace din cauza\u2026\u201d\u201d...................................................\" \/>\n<meta name=\"robots\" content=\"index, follow, max-snippet:-1, max-image-preview:large, max-video-preview:-1\" \/>\n<link rel=\"canonical\" href=\"https:\/\/www.letsportsrock.com\/?p=17129\" \/>\n<meta property=\"og:locale\" content=\"en_US\" \/>\n<meta property=\"og:type\" content=\"article\" \/>\n<meta property=\"og:title\" content=\"\u201eDoi juc\u0103tori de la FC Dinamo Bucure\u0219ti au solicitat s\u0103 nu mai joace din cauza\u2026\u201d\" \/>\n<meta property=\"og:description\" content=\"\u201e\u201eDoi juc\u0103tori de la FC Dinamo Bucure\u0219ti au solicitat s\u0103 nu mai joace din cauza\u2026\u201d\u201d...................................................\" \/>\n<meta property=\"og:url\" content=\"https:\/\/www.letsportsrock.com\/?p=17129\" \/>\n<meta property=\"og:site_name\" content=\"letsportsrock\" \/>\n<meta property=\"article:published_time\" content=\"2025-01-03T20:48:37+00:00\" \/>\n<meta property=\"og:image\" content=\"https:\/\/www.letsportsrock.com\/wp-content\/uploads\/2025\/01\/images-2025-01-03T214641.107.jpeg\" \/>\n\t<meta property=\"og:image:width\" content=\"440\" \/>\n\t<meta property=\"og:image:height\" content=\"293\" \/>\n\t<meta property=\"og:image:type\" content=\"image\/jpeg\" \/>\n<meta name=\"author\" content=\"letsportsrock\" \/>\n<meta name=\"twitter:card\" content=\"summary_large_image\" \/>\n<meta name=\"twitter:label1\" content=\"Written by\" \/>\n\t<meta name=\"twitter:data1\" content=\"letsportsrock\" \/>\n\t<meta name=\"twitter:label2\" content=\"Est. reading time\" \/>\n\t<meta name=\"twitter:data2\" content=\"2 minutes\" \/>\n<script type=\"application\/ld+json\" class=\"yoast-schema-graph\">{\"@context\":\"https:\\\/\\\/schema.org\",\"@graph\":[{\"@type\":\"Article\",\"@id\":\"https:\\\/\\\/www.letsportsrock.com\\\/?p=17129#article\",\"isPartOf\":{\"@id\":\"https:\\\/\\\/www.letsportsrock.com\\\/?p=17129\"},\"author\":{\"name\":\"letsportsrock\",\"@id\":\"https:\\\/\\\/www.letsportsrock.com\\\/#\\\/schema\\\/person\\\/a454ac24e58b214ddd97e4b5afb0bf01\"},\"headline\":\"\u201eDoi juc\u0103tori de la FC Dinamo Bucure\u0219ti au solicitat s\u0103 nu mai joace din cauza\u2026\u201d\",\"datePublished\":\"2025-01-03T20:48:37+00:00\",\"mainEntityOfPage\":{\"@id\":\"https:\\\/\\\/www.letsportsrock.com\\\/?p=17129\"},\"wordCount\":331,\"commentCount\":0,\"image\":{\"@id\":\"https:\\\/\\\/www.letsportsrock.com\\\/?p=17129#primaryimage\"},\"thumbnailUrl\":\"https:\\\/\\\/www.letsportsrock.com\\\/wp-content\\\/uploads\\\/2025\\\/01\\\/images-2025-01-03T214641.107.jpeg\",\"inLanguage\":\"en-US\",\"potentialAction\":[{\"@type\":\"CommentAction\",\"name\":\"Comment\",\"target\":[\"https:\\\/\\\/www.letsportsrock.com\\\/?p=17129#respond\"]}]},{\"@type\":\"WebPage\",\"@id\":\"https:\\\/\\\/www.letsportsrock.com\\\/?p=17129\",\"url\":\"https:\\\/\\\/www.letsportsrock.com\\\/?p=17129\",\"name\":\"\u201eDoi juc\u0103tori de la FC Dinamo Bucure\u0219ti au solicitat s\u0103 nu mai joace din cauza\u2026\u201d\",\"isPartOf\":{\"@id\":\"https:\\\/\\\/www.letsportsrock.com\\\/#website\"},\"primaryImageOfPage\":{\"@id\":\"https:\\\/\\\/www.letsportsrock.com\\\/?p=17129#primaryimage\"},\"image\":{\"@id\":\"https:\\\/\\\/www.letsportsrock.com\\\/?p=17129#primaryimage\"},\"thumbnailUrl\":\"https:\\\/\\\/www.letsportsrock.com\\\/wp-content\\\/uploads\\\/2025\\\/01\\\/images-2025-01-03T214641.107.jpeg\",\"datePublished\":\"2025-01-03T20:48:37+00:00\",\"author\":{\"@id\":\"https:\\\/\\\/www.letsportsrock.com\\\/#\\\/schema\\\/person\\\/a454ac24e58b214ddd97e4b5afb0bf01\"},\"description\":\"\u201e\u201eDoi juc\u0103tori de la FC Dinamo Bucure\u0219ti au solicitat s\u0103 nu mai joace din cauza\u2026\u201d\u201d...................................................\",\"breadcrumb\":{\"@id\":\"https:\\\/\\\/www.letsportsrock.com\\\/?p=17129#breadcrumb\"},\"inLanguage\":\"en-US\",\"potentialAction\":[{\"@type\":\"ReadAction\",\"target\":[\"https:\\\/\\\/www.letsportsrock.com\\\/?p=17129\"]}]},{\"@type\":\"ImageObject\",\"inLanguage\":\"en-US\",\"@id\":\"https:\\\/\\\/www.letsportsrock.com\\\/?p=17129#primaryimage\",\"url\":\"https:\\\/\\\/www.letsportsrock.com\\\/wp-content\\\/uploads\\\/2025\\\/01\\\/images-2025-01-03T214641.107.jpeg\",\"contentUrl\":\"https:\\\/\\\/www.letsportsrock.com\\\/wp-content\\\/uploads\\\/2025\\\/01\\\/images-2025-01-03T214641.107.jpeg\",\"width\":440,\"height\":293},{\"@type\":\"BreadcrumbList\",\"@id\":\"https:\\\/\\\/www.letsportsrock.com\\\/?p=17129#breadcrumb\",\"itemListElement\":[{\"@type\":\"ListItem\",\"position\":1,\"name\":\"Home\",\"item\":\"https:\\\/\\\/www.letsportsrock.com\\\/\"},{\"@type\":\"ListItem\",\"position\":2,\"name\":\"\u201eDoi juc\u0103tori de la FC Dinamo Bucure\u0219ti au solicitat s\u0103 nu mai joace din cauza\u2026\u201d\"}]},{\"@type\":\"WebSite\",\"@id\":\"https:\\\/\\\/www.letsportsrock.com\\\/#website\",\"url\":\"https:\\\/\\\/www.letsportsrock.com\\\/\",\"name\":\"letsportsrock\",\"description\":\"Sport News and Updates\",\"potentialAction\":[{\"@type\":\"SearchAction\",\"target\":{\"@type\":\"EntryPoint\",\"urlTemplate\":\"https:\\\/\\\/www.letsportsrock.com\\\/?s={search_term_string}\"},\"query-input\":{\"@type\":\"PropertyValueSpecification\",\"valueRequired\":true,\"valueName\":\"search_term_string\"}}],\"inLanguage\":\"en-US\"},{\"@type\":\"Person\",\"@id\":\"https:\\\/\\\/www.letsportsrock.com\\\/#\\\/schema\\\/person\\\/a454ac24e58b214ddd97e4b5afb0bf01\",\"name\":\"letsportsrock\",\"image\":{\"@type\":\"ImageObject\",\"inLanguage\":\"en-US\",\"@id\":\"https:\\\/\\\/secure.gravatar.com\\\/avatar\\\/f8ef950cbb7574c0bc874094b8d307659bfe2d7aa4a9d26fa6917eff010748f9?s=96&d=mm&r=g\",\"url\":\"https:\\\/\\\/secure.gravatar.com\\\/avatar\\\/f8ef950cbb7574c0bc874094b8d307659bfe2d7aa4a9d26fa6917eff010748f9?s=96&d=mm&r=g\",\"contentUrl\":\"https:\\\/\\\/secure.gravatar.com\\\/avatar\\\/f8ef950cbb7574c0bc874094b8d307659bfe2d7aa4a9d26fa6917eff010748f9?s=96&d=mm&r=g\",\"caption\":\"letsportsrock\"},\"sameAs\":[\"https:\\\/\\\/www.letsportsrock.com\"],\"url\":\"https:\\\/\\\/www.letsportsrock.com\\\/?author=1\"}]}<\/script>\n<!-- \/ Yoast SEO plugin. -->","yoast_head_json":{"title":"\u201eDoi juc\u0103tori de la FC Dinamo Bucure\u0219ti au solicitat s\u0103 nu mai joace din cauza\u2026\u201d","description":"\u201e\u201eDoi juc\u0103tori de la FC Dinamo Bucure\u0219ti au solicitat s\u0103 nu mai joace din cauza\u2026\u201d\u201d...................................................","robots":{"index":"index","follow":"follow","max-snippet":"max-snippet:-1","max-image-preview":"max-image-preview:large","max-video-preview":"max-video-preview:-1"},"canonical":"https:\/\/www.letsportsrock.com\/?p=17129","og_locale":"en_US","og_type":"article","og_title":"\u201eDoi juc\u0103tori de la FC Dinamo Bucure\u0219ti au solicitat s\u0103 nu mai joace din cauza\u2026\u201d","og_description":"\u201e\u201eDoi juc\u0103tori de la FC Dinamo Bucure\u0219ti au solicitat s\u0103 nu mai joace din cauza\u2026\u201d\u201d...................................................","og_url":"https:\/\/www.letsportsrock.com\/?p=17129","og_site_name":"letsportsrock","article_published_time":"2025-01-03T20:48:37+00:00","og_image":[{"width":440,"height":293,"url":"https:\/\/www.letsportsrock.com\/wp-content\/uploads\/2025\/01\/images-2025-01-03T214641.107.jpeg","type":"image\/jpeg"}],"author":"letsportsrock","twitter_card":"summary_large_image","twitter_misc":{"Written by":"letsportsrock","Est. reading time":"2 minutes"},"schema":{"@context":"https:\/\/schema.org","@graph":[{"@type":"Article","@id":"https:\/\/www.letsportsrock.com\/?p=17129#article","isPartOf":{"@id":"https:\/\/www.letsportsrock.com\/?p=17129"},"author":{"name":"letsportsrock","@id":"https:\/\/www.letsportsrock.com\/#\/schema\/person\/a454ac24e58b214ddd97e4b5afb0bf01"},"headline":"\u201eDoi juc\u0103tori de la FC Dinamo Bucure\u0219ti au solicitat s\u0103 nu mai joace din cauza\u2026\u201d","datePublished":"2025-01-03T20:48:37+00:00","mainEntityOfPage":{"@id":"https:\/\/www.letsportsrock.com\/?p=17129"},"wordCount":331,"commentCount":0,"image":{"@id":"https:\/\/www.letsportsrock.com\/?p=17129#primaryimage"},"thumbnailUrl":"https:\/\/www.letsportsrock.com\/wp-content\/uploads\/2025\/01\/images-2025-01-03T214641.107.jpeg","inLanguage":"en-US","potentialAction":[{"@type":"CommentAction","name":"Comment","target":["https:\/\/www.letsportsrock.com\/?p=17129#respond"]}]},{"@type":"WebPage","@id":"https:\/\/www.letsportsrock.com\/?p=17129","url":"https:\/\/www.letsportsrock.com\/?p=17129","name":"\u201eDoi juc\u0103tori de la FC Dinamo Bucure\u0219ti au solicitat s\u0103 nu mai joace din cauza\u2026\u201d","isPartOf":{"@id":"https:\/\/www.letsportsrock.com\/#website"},"primaryImageOfPage":{"@id":"https:\/\/www.letsportsrock.com\/?p=17129#primaryimage"},"image":{"@id":"https:\/\/www.letsportsrock.com\/?p=17129#primaryimage"},"thumbnailUrl":"https:\/\/www.letsportsrock.com\/wp-content\/uploads\/2025\/01\/images-2025-01-03T214641.107.jpeg","datePublished":"2025-01-03T20:48:37+00:00","author":{"@id":"https:\/\/www.letsportsrock.com\/#\/schema\/person\/a454ac24e58b214ddd97e4b5afb0bf01"},"description":"\u201e\u201eDoi juc\u0103tori de la FC Dinamo Bucure\u0219ti au solicitat s\u0103 nu mai joace din cauza\u2026\u201d\u201d...................................................","breadcrumb":{"@id":"https:\/\/www.letsportsrock.com\/?p=17129#breadcrumb"},"inLanguage":"en-US","potentialAction":[{"@type":"ReadAction","target":["https:\/\/www.letsportsrock.com\/?p=17129"]}]},{"@type":"ImageObject","inLanguage":"en-US","@id":"https:\/\/www.letsportsrock.com\/?p=17129#primaryimage","url":"https:\/\/www.letsportsrock.com\/wp-content\/uploads\/2025\/01\/images-2025-01-03T214641.107.jpeg","contentUrl":"https:\/\/www.letsportsrock.com\/wp-content\/uploads\/2025\/01\/images-2025-01-03T214641.107.jpeg","width":440,"height":293},{"@type":"BreadcrumbList","@id":"https:\/\/www.letsportsrock.com\/?p=17129#breadcrumb","itemListElement":[{"@type":"ListItem","position":1,"name":"Home","item":"https:\/\/www.letsportsrock.com\/"},{"@type":"ListItem","position":2,"name":"\u201eDoi juc\u0103tori de la FC Dinamo Bucure\u0219ti au solicitat s\u0103 nu mai joace din cauza\u2026\u201d"}]},{"@type":"WebSite","@id":"https:\/\/www.letsportsrock.com\/#website","url":"https:\/\/www.letsportsrock.com\/","name":"letsportsrock","description":"Sport News and Updates","potentialAction":[{"@type":"SearchAction","target":{"@type":"EntryPoint","urlTemplate":"https:\/\/www.letsportsrock.com\/?s={search_term_string}"},"query-input":{"@type":"PropertyValueSpecification","valueRequired":true,"valueName":"search_term_string"}}],"inLanguage":"en-US"},{"@type":"Person","@id":"https:\/\/www.letsportsrock.com\/#\/schema\/person\/a454ac24e58b214ddd97e4b5afb0bf01","name":"letsportsrock","image":{"@type":"ImageObject","inLanguage":"en-US","@id":"https:\/\/secure.gravatar.com\/avatar\/f8ef950cbb7574c0bc874094b8d307659bfe2d7aa4a9d26fa6917eff010748f9?s=96&d=mm&r=g","url":"https:\/\/secure.gravatar.com\/avatar\/f8ef950cbb7574c0bc874094b8d307659bfe2d7aa4a9d26fa6917eff010748f9?s=96&d=mm&r=g","contentUrl":"https:\/\/secure.gravatar.com\/avatar\/f8ef950cbb7574c0bc874094b8d307659bfe2d7aa4a9d26fa6917eff010748f9?s=96&d=mm&r=g","caption":"letsportsrock"},"sameAs":["https:\/\/www.letsportsrock.com"],"url":"https:\/\/www.letsportsrock.com\/?author=1"}]}},"jetpack_featured_media_url":"https:\/\/www.letsportsrock.com\/wp-content\/uploads\/2025\/01\/images-2025-01-03T214641.107.jpeg","jetpack_sharing_enabled":true,"_links":{"self":[{"href":"https:\/\/www.letsportsrock.com\/index.php?rest_route=\/wp\/v2\/posts\/17129","targetHints":{"allow":["GET"]}}],"collection":[{"href":"https:\/\/www.letsportsrock.com\/index.php?rest_route=\/wp\/v2\/posts"}],"about":[{"href":"https:\/\/www.letsportsrock.com\/index.php?rest_route=\/wp\/v2\/types\/post"}],"author":[{"embeddable":true,"href":"https:\/\/www.letsportsrock.com\/index.php?rest_route=\/wp\/v2\/users\/1"}],"replies":[{"embeddable":true,"href":"https:\/\/www.letsportsrock.com\/index.php?rest_route=%2Fwp%2Fv2%2Fcomments&post=17129"}],"version-history":[{"count":1,"href":"https:\/\/www.letsportsrock.com\/index.php?rest_route=\/wp\/v2\/posts\/17129\/revisions"}],"predecessor-version":[{"id":17131,"href":"https:\/\/www.letsportsrock.com\/index.php?rest_route=\/wp\/v2\/posts\/17129\/revisions\/17131"}],"wp:featuredmedia":[{"embeddable":true,"href":"https:\/\/www.letsportsrock.com\/index.php?rest_route=\/wp\/v2\/media\/17130"}],"wp:attachment":[{"href":"https:\/\/www.letsportsrock.com\/index.php?rest_route=%2Fwp%2Fv2%2Fmedia&parent=17129"}],"wp:term":[{"taxonomy":"category","embeddable":true,"href":"https:\/\/www.letsportsrock.com\/index.php?rest_route=%2Fwp%2Fv2%2Fcategories&post=17129"},{"taxonomy":"post_tag","embeddable":true,"href":"https:\/\/www.letsportsrock.com\/index.php?rest_route=%2Fwp%2Fv2%2Ftags&post=17129"}],"curies":[{"name":"wp","href":"https:\/\/api.w.org\/{rel}","templated":true}]}}