{"id":17155,"date":"2025-01-03T22:05:53","date_gmt":"2025-01-03T22:05:53","guid":{"rendered":"https:\/\/www.letsportsrock.com\/?p=17155"},"modified":"2025-01-03T22:05:53","modified_gmt":"2025-01-03T22:05:53","slug":"vesti-triste-doi-jucatori-de-top-de-la-fc-rapid-bucuresti-anunta-demisia-la-doar-cateva-minute-in-urma-din-cauza","status":"publish","type":"post","link":"https:\/\/www.letsportsrock.com\/?p=17155","title":{"rendered":"Ve\u0219ti Triste: Doi Juc\u0103tori De Top De La FC Rapid Bucure\u0219ti Anun\u021b\u0103 Demisia La Doar C\u00e2teva Minute \u00cen Urm\u0103&#8230; Din Cauza&#8230;\u201d"},"content":{"rendered":"<div class=\"d79db4796efc26332eabfc3f5dafbc76\" data-index=\"1\" style=\"float: none; margin:10px 0 10px 0; text-align:center;\">\n<div class=\"hb-ad-inarticle\">\r\n    <div class=\"hb-ad-inner\"> \r\n    <div class=\"hbagency_cls\"  id=\"hbagency_space_111930\"><\/div><\/div> <\/div>\n<\/div>\n<p>**Ve\u0219ti Triste: Doi Juc\u0103tori De Top De La FC Rapid Bucure\u0219ti Anun\u021b\u0103 Demisia La Doar C\u00e2teva Minute \u00cen Urm\u0103&#8230; Din Cauza&#8230;**<\/p>\n<p>&nbsp;<\/p>\n<p>Ast\u0103zi, FC Rapid Bucure\u0219ti a primit o veste surprinz\u0103toare \u0219i trist\u0103 din partea a doi dintre cei mai importan\u021bi juc\u0103tori ai echipei. \u00centr-o conferin\u021b\u0103 de pres\u0103 sus\u021binut\u0103 chiar \u00een aceast\u0103 diminea\u021b\u0103, cei doi fotbali\u0219ti au anun\u021bat c\u0103 \u00ee\u0219i vor \u00eencheia carierele \u00een cadrul clubului, invoc\u00e2nd motive personale \u0219i profesionale care le-au influen\u021bat decizia.<\/p>\n<p>&nbsp;<\/p>\n<p>De\u0219i nu au intrat \u00een detalii precise, surse apropiate clubului au men\u021bionat c\u0103 tensiunile interne \u0219i presiunea mare la care au fost supu\u0219i \u00een ultima perioad\u0103 ar fi fost principalele cauze ale acestei decizii. Se pare c\u0103 atmosfera tensionat\u0103 din vestiar \u0219i ne\u00een\u021belegerile cu conducerea au contribuit semnificativ la retragerea celor doi juc\u0103tori, care au fost pietrele de temelie ale echipei Rapid \u00een ultimele sezoane.<\/p>\n<p>&nbsp;<\/p>\n<p>Ambii fotbali\u0219ti au avut un impact major asupra echipei, fiind remarca\u021bi pentru performan\u021bele lor excelente pe teren \u0219i pentru leadership-ul pe care l-au demonstrat de-a lungul carierei lor. Fanii Rapidului sunt \u0219oca\u021bi de anun\u021bul lor \u0219i \u00ee\u0219i exprim\u0103 \u00eengrijorarea cu privire la viitorul echipei, av\u00e2nd \u00een vedere c\u0103 ace\u0219ti juc\u0103tori au fost figuri esen\u021biale \u00een structura de joc a forma\u021biei bucure\u0219tene.<\/p>\n<p>&nbsp;<\/p>\n<p>\u00cen ciuda acestei lovituri, clubul promite s\u0103 continue s\u0103 lupte pentru performan\u021b\u0103 \u0219i s\u0103 g\u0103seasc\u0103 solu\u021bii pentru a \u00eenlocui absen\u021bele acestor juc\u0103tori, chiar dac\u0103 acest lucru va fi o provocare considerabil\u0103. Este un moment dificil pentru FC Rapid Bucure\u0219ti, dar \u0219i o oportunitate de a reg\u0103si echilibrul \u0219i unitatea \u00een cadrul grupului, esen\u021biale pentru orice echip\u0103 de succes.<\/p>\n<p>&nbsp;<\/p>\n<p>\u00cen urm\u0103toarele zile, se a\u0219teapt\u0103 ca clubul s\u0103 fac\u0103 declara\u021bii suplimentare privind impactul acestei retrageri \u0219i posibilele m\u0103suri de \u00eenlocuire a celor doi juc\u0103tori.<\/p>\n\n<div style=\"font-size: 0px; height: 0px; line-height: 0px; margin: 0; padding: 0; clear: both;\"><\/div>","protected":false},"excerpt":{"rendered":"<p>**Ve\u0219ti Triste: Doi Juc\u0103tori De Top De La FC Rapid Bucure\u0219ti Anun\u021b\u0103 Demisia La Doar C\u00e2teva Minute \u00cen Urm\u0103&#8230; Din Cauza&#8230;** &nbsp; Ast\u0103zi, FC Rapid Bucure\u0219ti a primit o veste surprinz\u0103toare \u0219i trist\u0103 din partea a doi dintre cei mai importan\u021bi juc\u0103tori ai echipei. \u00centr-o conferin\u021b\u0103 de pres\u0103 sus\u021binut\u0103 chiar \u00een aceast\u0103 diminea\u021b\u0103, cei doi [&hellip;]<\/p>\n","protected":false},"author":1,"featured_media":17156,"comment_status":"open","ping_status":"open","sticky":false,"template":"","format":"standard","meta":{"_jetpack_memberships_contains_paid_content":false,"footnotes":""},"categories":[1],"tags":[],"class_list":["post-17155","post","type-post","status-publish","format-standard","has-post-thumbnail","hentry","category-uncategorized"],"yoast_head":"<!-- This site is optimized with the Yoast SEO plugin v27.5 - https:\/\/yoast.com\/product\/yoast-seo-wordpress\/ -->\n<title>Ve\u0219ti Triste: Doi Juc\u0103tori De Top De La FC Rap<\/title>\n<meta name=\"description\" content=\"Ve\u0219ti Triste: Doi Juc\u0103tori De Top De La FC Rapid Bucure\u0219ti Anun\u021b\u0103 Demisia La Doar C\u00e2teva Minute \u00cen Urm\u0103... Din Cauza...\u201d\" \/>\n<meta name=\"robots\" content=\"index, follow, max-snippet:-1, max-image-preview:large, max-video-preview:-1\" \/>\n<link rel=\"canonical\" href=\"https:\/\/www.letsportsrock.com\/?p=17155\" \/>\n<meta property=\"og:locale\" content=\"en_US\" \/>\n<meta property=\"og:type\" content=\"article\" \/>\n<meta property=\"og:title\" content=\"Ve\u0219ti Triste: Doi Juc\u0103tori De Top De La FC Rap\" \/>\n<meta property=\"og:description\" content=\"Ve\u0219ti Triste: Doi Juc\u0103tori De Top De La FC Rapid Bucure\u0219ti Anun\u021b\u0103 Demisia La Doar C\u00e2teva Minute \u00cen Urm\u0103... Din Cauza...\u201d\" \/>\n<meta property=\"og:url\" content=\"https:\/\/www.letsportsrock.com\/?p=17155\" \/>\n<meta property=\"og:site_name\" content=\"letsportsrock\" \/>\n<meta property=\"article:published_time\" content=\"2025-01-03T22:05:53+00:00\" \/>\n<meta property=\"og:image\" content=\"https:\/\/www.letsportsrock.com\/wp-content\/uploads\/2025\/01\/images-2025-01-03T230503.707.jpeg\" \/>\n\t<meta property=\"og:image:width\" content=\"440\" \/>\n\t<meta property=\"og:image:height\" content=\"293\" \/>\n\t<meta property=\"og:image:type\" content=\"image\/jpeg\" \/>\n<meta name=\"author\" content=\"letsportsrock\" \/>\n<meta name=\"twitter:card\" content=\"summary_large_image\" \/>\n<meta name=\"twitter:label1\" content=\"Written by\" \/>\n\t<meta name=\"twitter:data1\" content=\"letsportsrock\" \/>\n\t<meta name=\"twitter:label2\" content=\"Est. reading time\" \/>\n\t<meta name=\"twitter:data2\" content=\"2 minutes\" \/>\n<script type=\"application\/ld+json\" class=\"yoast-schema-graph\">{\"@context\":\"https:\\\/\\\/schema.org\",\"@graph\":[{\"@type\":\"Article\",\"@id\":\"https:\\\/\\\/www.letsportsrock.com\\\/?p=17155#article\",\"isPartOf\":{\"@id\":\"https:\\\/\\\/www.letsportsrock.com\\\/?p=17155\"},\"author\":{\"name\":\"letsportsrock\",\"@id\":\"https:\\\/\\\/www.letsportsrock.com\\\/#\\\/schema\\\/person\\\/a454ac24e58b214ddd97e4b5afb0bf01\"},\"headline\":\"Ve\u0219ti Triste: Doi Juc\u0103tori De Top De La FC Rapid Bucure\u0219ti Anun\u021b\u0103 Demisia La Doar C\u00e2teva Minute \u00cen Urm\u0103&#8230; Din Cauza&#8230;\u201d\",\"datePublished\":\"2025-01-03T22:05:53+00:00\",\"mainEntityOfPage\":{\"@id\":\"https:\\\/\\\/www.letsportsrock.com\\\/?p=17155\"},\"wordCount\":355,\"commentCount\":0,\"image\":{\"@id\":\"https:\\\/\\\/www.letsportsrock.com\\\/?p=17155#primaryimage\"},\"thumbnailUrl\":\"https:\\\/\\\/www.letsportsrock.com\\\/wp-content\\\/uploads\\\/2025\\\/01\\\/images-2025-01-03T230503.707.jpeg\",\"inLanguage\":\"en-US\",\"potentialAction\":[{\"@type\":\"CommentAction\",\"name\":\"Comment\",\"target\":[\"https:\\\/\\\/www.letsportsrock.com\\\/?p=17155#respond\"]}]},{\"@type\":\"WebPage\",\"@id\":\"https:\\\/\\\/www.letsportsrock.com\\\/?p=17155\",\"url\":\"https:\\\/\\\/www.letsportsrock.com\\\/?p=17155\",\"name\":\"Ve\u0219ti Triste: Doi Juc\u0103tori De Top De La FC Rap\",\"isPartOf\":{\"@id\":\"https:\\\/\\\/www.letsportsrock.com\\\/#website\"},\"primaryImageOfPage\":{\"@id\":\"https:\\\/\\\/www.letsportsrock.com\\\/?p=17155#primaryimage\"},\"image\":{\"@id\":\"https:\\\/\\\/www.letsportsrock.com\\\/?p=17155#primaryimage\"},\"thumbnailUrl\":\"https:\\\/\\\/www.letsportsrock.com\\\/wp-content\\\/uploads\\\/2025\\\/01\\\/images-2025-01-03T230503.707.jpeg\",\"datePublished\":\"2025-01-03T22:05:53+00:00\",\"author\":{\"@id\":\"https:\\\/\\\/www.letsportsrock.com\\\/#\\\/schema\\\/person\\\/a454ac24e58b214ddd97e4b5afb0bf01\"},\"description\":\"Ve\u0219ti Triste: Doi Juc\u0103tori De Top De La FC Rapid Bucure\u0219ti Anun\u021b\u0103 Demisia La Doar C\u00e2teva Minute \u00cen Urm\u0103... Din Cauza...\u201d\",\"breadcrumb\":{\"@id\":\"https:\\\/\\\/www.letsportsrock.com\\\/?p=17155#breadcrumb\"},\"inLanguage\":\"en-US\",\"potentialAction\":[{\"@type\":\"ReadAction\",\"target\":[\"https:\\\/\\\/www.letsportsrock.com\\\/?p=17155\"]}]},{\"@type\":\"ImageObject\",\"inLanguage\":\"en-US\",\"@id\":\"https:\\\/\\\/www.letsportsrock.com\\\/?p=17155#primaryimage\",\"url\":\"https:\\\/\\\/www.letsportsrock.com\\\/wp-content\\\/uploads\\\/2025\\\/01\\\/images-2025-01-03T230503.707.jpeg\",\"contentUrl\":\"https:\\\/\\\/www.letsportsrock.com\\\/wp-content\\\/uploads\\\/2025\\\/01\\\/images-2025-01-03T230503.707.jpeg\",\"width\":440,\"height\":293},{\"@type\":\"BreadcrumbList\",\"@id\":\"https:\\\/\\\/www.letsportsrock.com\\\/?p=17155#breadcrumb\",\"itemListElement\":[{\"@type\":\"ListItem\",\"position\":1,\"name\":\"Home\",\"item\":\"https:\\\/\\\/www.letsportsrock.com\\\/\"},{\"@type\":\"ListItem\",\"position\":2,\"name\":\"Ve\u0219ti Triste: Doi Juc\u0103tori De Top De La FC Rapid Bucure\u0219ti Anun\u021b\u0103 Demisia La Doar C\u00e2teva Minute \u00cen Urm\u0103&#8230; Din Cauza&#8230;\u201d\"}]},{\"@type\":\"WebSite\",\"@id\":\"https:\\\/\\\/www.letsportsrock.com\\\/#website\",\"url\":\"https:\\\/\\\/www.letsportsrock.com\\\/\",\"name\":\"letsportsrock\",\"description\":\"Sport News and Updates\",\"potentialAction\":[{\"@type\":\"SearchAction\",\"target\":{\"@type\":\"EntryPoint\",\"urlTemplate\":\"https:\\\/\\\/www.letsportsrock.com\\\/?s={search_term_string}\"},\"query-input\":{\"@type\":\"PropertyValueSpecification\",\"valueRequired\":true,\"valueName\":\"search_term_string\"}}],\"inLanguage\":\"en-US\"},{\"@type\":\"Person\",\"@id\":\"https:\\\/\\\/www.letsportsrock.com\\\/#\\\/schema\\\/person\\\/a454ac24e58b214ddd97e4b5afb0bf01\",\"name\":\"letsportsrock\",\"image\":{\"@type\":\"ImageObject\",\"inLanguage\":\"en-US\",\"@id\":\"https:\\\/\\\/secure.gravatar.com\\\/avatar\\\/f8ef950cbb7574c0bc874094b8d307659bfe2d7aa4a9d26fa6917eff010748f9?s=96&d=mm&r=g\",\"url\":\"https:\\\/\\\/secure.gravatar.com\\\/avatar\\\/f8ef950cbb7574c0bc874094b8d307659bfe2d7aa4a9d26fa6917eff010748f9?s=96&d=mm&r=g\",\"contentUrl\":\"https:\\\/\\\/secure.gravatar.com\\\/avatar\\\/f8ef950cbb7574c0bc874094b8d307659bfe2d7aa4a9d26fa6917eff010748f9?s=96&d=mm&r=g\",\"caption\":\"letsportsrock\"},\"sameAs\":[\"https:\\\/\\\/www.letsportsrock.com\"],\"url\":\"https:\\\/\\\/www.letsportsrock.com\\\/?author=1\"}]}<\/script>\n<!-- \/ Yoast SEO plugin. -->","yoast_head_json":{"title":"Ve\u0219ti Triste: Doi Juc\u0103tori De Top De La FC Rap","description":"Ve\u0219ti Triste: Doi Juc\u0103tori De Top De La FC Rapid Bucure\u0219ti Anun\u021b\u0103 Demisia La Doar C\u00e2teva Minute \u00cen Urm\u0103... Din Cauza...\u201d","robots":{"index":"index","follow":"follow","max-snippet":"max-snippet:-1","max-image-preview":"max-image-preview:large","max-video-preview":"max-video-preview:-1"},"canonical":"https:\/\/www.letsportsrock.com\/?p=17155","og_locale":"en_US","og_type":"article","og_title":"Ve\u0219ti Triste: Doi Juc\u0103tori De Top De La FC Rap","og_description":"Ve\u0219ti Triste: Doi Juc\u0103tori De Top De La FC Rapid Bucure\u0219ti Anun\u021b\u0103 Demisia La Doar C\u00e2teva Minute \u00cen Urm\u0103... Din Cauza...\u201d","og_url":"https:\/\/www.letsportsrock.com\/?p=17155","og_site_name":"letsportsrock","article_published_time":"2025-01-03T22:05:53+00:00","og_image":[{"width":440,"height":293,"url":"https:\/\/www.letsportsrock.com\/wp-content\/uploads\/2025\/01\/images-2025-01-03T230503.707.jpeg","type":"image\/jpeg"}],"author":"letsportsrock","twitter_card":"summary_large_image","twitter_misc":{"Written by":"letsportsrock","Est. reading time":"2 minutes"},"schema":{"@context":"https:\/\/schema.org","@graph":[{"@type":"Article","@id":"https:\/\/www.letsportsrock.com\/?p=17155#article","isPartOf":{"@id":"https:\/\/www.letsportsrock.com\/?p=17155"},"author":{"name":"letsportsrock","@id":"https:\/\/www.letsportsrock.com\/#\/schema\/person\/a454ac24e58b214ddd97e4b5afb0bf01"},"headline":"Ve\u0219ti Triste: Doi Juc\u0103tori De Top De La FC Rapid Bucure\u0219ti Anun\u021b\u0103 Demisia La Doar C\u00e2teva Minute \u00cen Urm\u0103&#8230; Din Cauza&#8230;\u201d","datePublished":"2025-01-03T22:05:53+00:00","mainEntityOfPage":{"@id":"https:\/\/www.letsportsrock.com\/?p=17155"},"wordCount":355,"commentCount":0,"image":{"@id":"https:\/\/www.letsportsrock.com\/?p=17155#primaryimage"},"thumbnailUrl":"https:\/\/www.letsportsrock.com\/wp-content\/uploads\/2025\/01\/images-2025-01-03T230503.707.jpeg","inLanguage":"en-US","potentialAction":[{"@type":"CommentAction","name":"Comment","target":["https:\/\/www.letsportsrock.com\/?p=17155#respond"]}]},{"@type":"WebPage","@id":"https:\/\/www.letsportsrock.com\/?p=17155","url":"https:\/\/www.letsportsrock.com\/?p=17155","name":"Ve\u0219ti Triste: Doi Juc\u0103tori De Top De La FC Rap","isPartOf":{"@id":"https:\/\/www.letsportsrock.com\/#website"},"primaryImageOfPage":{"@id":"https:\/\/www.letsportsrock.com\/?p=17155#primaryimage"},"image":{"@id":"https:\/\/www.letsportsrock.com\/?p=17155#primaryimage"},"thumbnailUrl":"https:\/\/www.letsportsrock.com\/wp-content\/uploads\/2025\/01\/images-2025-01-03T230503.707.jpeg","datePublished":"2025-01-03T22:05:53+00:00","author":{"@id":"https:\/\/www.letsportsrock.com\/#\/schema\/person\/a454ac24e58b214ddd97e4b5afb0bf01"},"description":"Ve\u0219ti Triste: Doi Juc\u0103tori De Top De La FC Rapid Bucure\u0219ti Anun\u021b\u0103 Demisia La Doar C\u00e2teva Minute \u00cen Urm\u0103... Din Cauza...\u201d","breadcrumb":{"@id":"https:\/\/www.letsportsrock.com\/?p=17155#breadcrumb"},"inLanguage":"en-US","potentialAction":[{"@type":"ReadAction","target":["https:\/\/www.letsportsrock.com\/?p=17155"]}]},{"@type":"ImageObject","inLanguage":"en-US","@id":"https:\/\/www.letsportsrock.com\/?p=17155#primaryimage","url":"https:\/\/www.letsportsrock.com\/wp-content\/uploads\/2025\/01\/images-2025-01-03T230503.707.jpeg","contentUrl":"https:\/\/www.letsportsrock.com\/wp-content\/uploads\/2025\/01\/images-2025-01-03T230503.707.jpeg","width":440,"height":293},{"@type":"BreadcrumbList","@id":"https:\/\/www.letsportsrock.com\/?p=17155#breadcrumb","itemListElement":[{"@type":"ListItem","position":1,"name":"Home","item":"https:\/\/www.letsportsrock.com\/"},{"@type":"ListItem","position":2,"name":"Ve\u0219ti Triste: Doi Juc\u0103tori De Top De La FC Rapid Bucure\u0219ti Anun\u021b\u0103 Demisia La Doar C\u00e2teva Minute \u00cen Urm\u0103&#8230; Din Cauza&#8230;\u201d"}]},{"@type":"WebSite","@id":"https:\/\/www.letsportsrock.com\/#website","url":"https:\/\/www.letsportsrock.com\/","name":"letsportsrock","description":"Sport News and Updates","potentialAction":[{"@type":"SearchAction","target":{"@type":"EntryPoint","urlTemplate":"https:\/\/www.letsportsrock.com\/?s={search_term_string}"},"query-input":{"@type":"PropertyValueSpecification","valueRequired":true,"valueName":"search_term_string"}}],"inLanguage":"en-US"},{"@type":"Person","@id":"https:\/\/www.letsportsrock.com\/#\/schema\/person\/a454ac24e58b214ddd97e4b5afb0bf01","name":"letsportsrock","image":{"@type":"ImageObject","inLanguage":"en-US","@id":"https:\/\/secure.gravatar.com\/avatar\/f8ef950cbb7574c0bc874094b8d307659bfe2d7aa4a9d26fa6917eff010748f9?s=96&d=mm&r=g","url":"https:\/\/secure.gravatar.com\/avatar\/f8ef950cbb7574c0bc874094b8d307659bfe2d7aa4a9d26fa6917eff010748f9?s=96&d=mm&r=g","contentUrl":"https:\/\/secure.gravatar.com\/avatar\/f8ef950cbb7574c0bc874094b8d307659bfe2d7aa4a9d26fa6917eff010748f9?s=96&d=mm&r=g","caption":"letsportsrock"},"sameAs":["https:\/\/www.letsportsrock.com"],"url":"https:\/\/www.letsportsrock.com\/?author=1"}]}},"jetpack_featured_media_url":"https:\/\/www.letsportsrock.com\/wp-content\/uploads\/2025\/01\/images-2025-01-03T230503.707.jpeg","jetpack_sharing_enabled":true,"_links":{"self":[{"href":"https:\/\/www.letsportsrock.com\/index.php?rest_route=\/wp\/v2\/posts\/17155","targetHints":{"allow":["GET"]}}],"collection":[{"href":"https:\/\/www.letsportsrock.com\/index.php?rest_route=\/wp\/v2\/posts"}],"about":[{"href":"https:\/\/www.letsportsrock.com\/index.php?rest_route=\/wp\/v2\/types\/post"}],"author":[{"embeddable":true,"href":"https:\/\/www.letsportsrock.com\/index.php?rest_route=\/wp\/v2\/users\/1"}],"replies":[{"embeddable":true,"href":"https:\/\/www.letsportsrock.com\/index.php?rest_route=%2Fwp%2Fv2%2Fcomments&post=17155"}],"version-history":[{"count":1,"href":"https:\/\/www.letsportsrock.com\/index.php?rest_route=\/wp\/v2\/posts\/17155\/revisions"}],"predecessor-version":[{"id":17157,"href":"https:\/\/www.letsportsrock.com\/index.php?rest_route=\/wp\/v2\/posts\/17155\/revisions\/17157"}],"wp:featuredmedia":[{"embeddable":true,"href":"https:\/\/www.letsportsrock.com\/index.php?rest_route=\/wp\/v2\/media\/17156"}],"wp:attachment":[{"href":"https:\/\/www.letsportsrock.com\/index.php?rest_route=%2Fwp%2Fv2%2Fmedia&parent=17155"}],"wp:term":[{"taxonomy":"category","embeddable":true,"href":"https:\/\/www.letsportsrock.com\/index.php?rest_route=%2Fwp%2Fv2%2Fcategories&post=17155"},{"taxonomy":"post_tag","embeddable":true,"href":"https:\/\/www.letsportsrock.com\/index.php?rest_route=%2Fwp%2Fv2%2Ftags&post=17155"}],"curies":[{"name":"wp","href":"https:\/\/api.w.org\/{rel}","templated":true}]}}