{"id":17163,"date":"2025-01-04T00:08:57","date_gmt":"2025-01-04T00:08:57","guid":{"rendered":"https:\/\/www.letsportsrock.com\/?p=17163"},"modified":"2025-01-04T00:08:57","modified_gmt":"2025-01-04T00:08:57","slug":"contract-reziliat-la-dinamo-unul-dintre-cei-mai-vechi-caini-pleaca-de-la-echipa","status":"publish","type":"post","link":"https:\/\/www.letsportsrock.com\/?p=17163","title":{"rendered":"Contract reziliat la Dinamo! Unul dintre cei mai vechi \u201dc\u00e2ini\u201d pleac\u0103 de la echip\u0103&#8230;&#8230;."},"content":{"rendered":"<div class=\"d79db4796efc26332eabfc3f5dafbc76\" data-index=\"1\" style=\"float: none; margin:10px 0 10px 0; text-align:center;\">\n<div class=\"hb-ad-inarticle\">\r\n    <div class=\"hb-ad-inner\"> \r\n    <div class=\"hbagency_cls\"  id=\"hbagency_space_111930\"><\/div><\/div> <\/div>\n<\/div>\n<p>Contract reziliat la Dinamo! Unul dintre cei mai vechi \u201dc\u00e2ini\u201d pleac\u0103 de la echip\u0103&#8230;&#8230;.<\/p>\n<p>&nbsp;<\/p>\n<p>Dinamo Bucure\u0219ti a anun\u021bat rezilierea contractului cu Andrei Florescu, extrem\u0103 \u00een v\u00e2rst\u0103 de 22 de ani, care a fost legitimat la club \u00eenc\u0103 din perioada junioratului.<\/p>\n<p><img loading=\"lazy\" decoding=\"async\" class=\"alignnone size-medium wp-image-17166\" src=\"https:\/\/www.letsportsrock.com\/wp-content\/uploads\/2025\/01\/IMG-20250104-WA0000-300x225.jpg\" alt=\"\" width=\"300\" height=\"225\" srcset=\"https:\/\/www.letsportsrock.com\/wp-content\/uploads\/2025\/01\/IMG-20250104-WA0000-300x225.jpg 300w, https:\/\/www.letsportsrock.com\/wp-content\/uploads\/2025\/01\/IMG-20250104-WA0000.jpg 600w\" sizes=\"auto, (max-width: 300px) 100vw, 300px\" \/><\/p>\n<p>Florescu a debutat la prima echip\u0103 a lui Dinamo \u00een sezonul 2022-2023, contribuind la promovarea echipei \u00een prima lig\u0103.<\/p>\n<p>&nbsp;<\/p>\n<p>\u00cen sezonul 2023-2024, a avut 15 apari\u021bii \u00een Liga 1, reu\u0219ind s\u0103 \u00eenscrie dou\u0103 goluri \u0219i s\u0103 ofere trei pase decisive.<\/p>\n<p>&nbsp;<\/p>\n<p>Cu toate acestea, \u00een prima parte a sezonului 2024-2025, sub conducerea antrenorului Zeljko Kopic, Florescu a avut mai pu\u021bine oportunit\u0103\u021bi de joc, acumul\u00e2nd doar \u0219ase apari\u021bii, majoritatea din postura de rezerv\u0103.<\/p>\n<p>&nbsp;<\/p>\n<p>Decizia de a \u00eencheia colaborarea a fost luat\u0103 de comun acord, clubul mul\u021bumindu-i lui Florescu pentru contribu\u021biile sale \u0219i ur\u00e2ndu-i succes \u00een cariera viitoare.<\/p>\n<p>&nbsp;<\/p>\n<p>Aceast\u0103 desp\u0103r\u021bire face parte dintr-o serie de schimb\u0103ri \u00een lotul lui Dinamo, care a \u00eenregistrat mai multe plec\u0103ri \u0219i sosiri \u00een ultimele luni.<\/p>\n<p>&nbsp;<\/p>\n<p>Printre plec\u0103rile notabile se num\u0103r\u0103 atacantul C\u0103t\u0103lin \u021a\u00eer\u0103, care s-a desp\u0103r\u021bit de club la sf\u00e2r\u0219itul anului 2023.<\/p>\n<p>&nbsp;<\/p>\n<p>De asemenea, \u00een vara anului 2024, Dinamo a adus mai mul\u021bi juc\u0103tori noi, inclusiv mijloca\u0219ul C\u0103t\u0103lin C\u00eerjan de la Arsenal FC \u0219i funda\u0219ul central Kennedy Boateng de la Austria Lustenau.<\/p>\n<p>&nbsp;<\/p>\n<p>Aceste modific\u0103ri reflect\u0103 strategia clubului de a-\u0219i \u00eent\u0103ri echipa pentru a face fa\u021b\u0103 provoc\u0103rilor din Liga 1 \u0219i pentru a \u00eembun\u0103t\u0103\u021bi performan\u021bele \u00een competi\u021biile na\u021bionale.<\/p>\n<p>&nbsp;<\/p>\n<p>Suporterii a\u0219teapt\u0103 cu interes s\u0103 vad\u0103 cum noile achizi\u021bii vor influen\u021ba jocul echipei \u0219i sper\u0103 ca Dinamo s\u0103 revin\u0103 \u00een topul fotbalului rom\u00e2nesc.<\/p>\n\n<div style=\"font-size: 0px; height: 0px; line-height: 0px; margin: 0; padding: 0; clear: both;\"><\/div>","protected":false},"excerpt":{"rendered":"<p>Contract reziliat la Dinamo! Unul dintre cei mai vechi \u201dc\u00e2ini\u201d pleac\u0103 de la echip\u0103&#8230;&#8230;. &nbsp; Dinamo Bucure\u0219ti a anun\u021bat rezilierea contractului cu Andrei Florescu, extrem\u0103 \u00een v\u00e2rst\u0103 de 22 de ani, care a fost legitimat la club \u00eenc\u0103 din perioada junioratului. Florescu a debutat la prima echip\u0103 a lui Dinamo \u00een sezonul 2022-2023, contribuind la [&hellip;]<\/p>\n","protected":false},"author":9,"featured_media":17164,"comment_status":"open","ping_status":"open","sticky":false,"template":"","format":"standard","meta":{"_jetpack_memberships_contains_paid_content":false,"footnotes":""},"categories":[1],"tags":[419],"class_list":["post-17163","post","type-post","status-publish","format-standard","has-post-thumbnail","hentry","category-uncategorized","tag-fc-dinamo-bucuresti"],"yoast_head":"<!-- This site is optimized with the Yoast SEO plugin v27.5 - https:\/\/yoast.com\/product\/yoast-seo-wordpress\/ -->\n<title>Contract reziliat la Dinamo! Unul dintre cei mai vechi \u201dc\u00e2ini\u201d .......<\/title>\n<meta name=\"description\" content=\"Contract reziliat la Dinamo! Unul dintre cei mai vechi \u201dc\u00e2ini\u201d pleac\u0103 de la echip\u0103.....................................\" \/>\n<meta name=\"robots\" content=\"index, follow, max-snippet:-1, max-image-preview:large, max-video-preview:-1\" \/>\n<link rel=\"canonical\" href=\"https:\/\/www.letsportsrock.com\/?p=17163\" \/>\n<meta property=\"og:locale\" content=\"en_US\" \/>\n<meta property=\"og:type\" content=\"article\" \/>\n<meta property=\"og:title\" content=\"Contract reziliat la Dinamo! Unul dintre cei mai vechi \u201dc\u00e2ini\u201d .......\" \/>\n<meta property=\"og:description\" content=\"Contract reziliat la Dinamo! Unul dintre cei mai vechi \u201dc\u00e2ini\u201d pleac\u0103 de la echip\u0103.....................................\" \/>\n<meta property=\"og:url\" content=\"https:\/\/www.letsportsrock.com\/?p=17163\" \/>\n<meta property=\"og:site_name\" content=\"letsportsrock\" \/>\n<meta property=\"article:published_time\" content=\"2025-01-04T00:08:57+00:00\" \/>\n<meta property=\"og:image\" content=\"https:\/\/www.letsportsrock.com\/wp-content\/uploads\/2025\/01\/IMG-20250104-WA0001.jpg\" \/>\n\t<meta property=\"og:image:width\" content=\"640\" \/>\n\t<meta property=\"og:image:height\" content=\"480\" \/>\n\t<meta property=\"og:image:type\" content=\"image\/jpeg\" \/>\n<meta name=\"author\" content=\"Paul Hembaor\" \/>\n<meta name=\"twitter:card\" content=\"summary_large_image\" \/>\n<meta name=\"twitter:label1\" content=\"Written by\" \/>\n\t<meta name=\"twitter:data1\" content=\"Paul Hembaor\" \/>\n\t<meta name=\"twitter:label2\" content=\"Est. reading time\" \/>\n\t<meta name=\"twitter:data2\" content=\"2 minutes\" \/>\n<script type=\"application\/ld+json\" class=\"yoast-schema-graph\">{\"@context\":\"https:\\\/\\\/schema.org\",\"@graph\":[{\"@type\":\"Article\",\"@id\":\"https:\\\/\\\/www.letsportsrock.com\\\/?p=17163#article\",\"isPartOf\":{\"@id\":\"https:\\\/\\\/www.letsportsrock.com\\\/?p=17163\"},\"author\":{\"name\":\"Paul Hembaor\",\"@id\":\"https:\\\/\\\/www.letsportsrock.com\\\/#\\\/schema\\\/person\\\/97aa0f336f5a3ca15a8ec7d78846f045\"},\"headline\":\"Contract reziliat la Dinamo! Unul dintre cei mai vechi \u201dc\u00e2ini\u201d pleac\u0103 de la echip\u0103&#8230;&#8230;.\",\"datePublished\":\"2025-01-04T00:08:57+00:00\",\"mainEntityOfPage\":{\"@id\":\"https:\\\/\\\/www.letsportsrock.com\\\/?p=17163\"},\"wordCount\":316,\"commentCount\":0,\"image\":{\"@id\":\"https:\\\/\\\/www.letsportsrock.com\\\/?p=17163#primaryimage\"},\"thumbnailUrl\":\"https:\\\/\\\/www.letsportsrock.com\\\/wp-content\\\/uploads\\\/2025\\\/01\\\/IMG-20250104-WA0001.jpg\",\"keywords\":[\"Fc Dinamo bucuresti\"],\"inLanguage\":\"en-US\",\"potentialAction\":[{\"@type\":\"CommentAction\",\"name\":\"Comment\",\"target\":[\"https:\\\/\\\/www.letsportsrock.com\\\/?p=17163#respond\"]}]},{\"@type\":\"WebPage\",\"@id\":\"https:\\\/\\\/www.letsportsrock.com\\\/?p=17163\",\"url\":\"https:\\\/\\\/www.letsportsrock.com\\\/?p=17163\",\"name\":\"Contract reziliat la Dinamo! Unul dintre cei mai vechi \u201dc\u00e2ini\u201d .......\",\"isPartOf\":{\"@id\":\"https:\\\/\\\/www.letsportsrock.com\\\/#website\"},\"primaryImageOfPage\":{\"@id\":\"https:\\\/\\\/www.letsportsrock.com\\\/?p=17163#primaryimage\"},\"image\":{\"@id\":\"https:\\\/\\\/www.letsportsrock.com\\\/?p=17163#primaryimage\"},\"thumbnailUrl\":\"https:\\\/\\\/www.letsportsrock.com\\\/wp-content\\\/uploads\\\/2025\\\/01\\\/IMG-20250104-WA0001.jpg\",\"datePublished\":\"2025-01-04T00:08:57+00:00\",\"author\":{\"@id\":\"https:\\\/\\\/www.letsportsrock.com\\\/#\\\/schema\\\/person\\\/97aa0f336f5a3ca15a8ec7d78846f045\"},\"description\":\"Contract reziliat la Dinamo! Unul dintre cei mai vechi \u201dc\u00e2ini\u201d pleac\u0103 de la echip\u0103.....................................\",\"breadcrumb\":{\"@id\":\"https:\\\/\\\/www.letsportsrock.com\\\/?p=17163#breadcrumb\"},\"inLanguage\":\"en-US\",\"potentialAction\":[{\"@type\":\"ReadAction\",\"target\":[\"https:\\\/\\\/www.letsportsrock.com\\\/?p=17163\"]}]},{\"@type\":\"ImageObject\",\"inLanguage\":\"en-US\",\"@id\":\"https:\\\/\\\/www.letsportsrock.com\\\/?p=17163#primaryimage\",\"url\":\"https:\\\/\\\/www.letsportsrock.com\\\/wp-content\\\/uploads\\\/2025\\\/01\\\/IMG-20250104-WA0001.jpg\",\"contentUrl\":\"https:\\\/\\\/www.letsportsrock.com\\\/wp-content\\\/uploads\\\/2025\\\/01\\\/IMG-20250104-WA0001.jpg\",\"width\":640,\"height\":480},{\"@type\":\"BreadcrumbList\",\"@id\":\"https:\\\/\\\/www.letsportsrock.com\\\/?p=17163#breadcrumb\",\"itemListElement\":[{\"@type\":\"ListItem\",\"position\":1,\"name\":\"Home\",\"item\":\"https:\\\/\\\/www.letsportsrock.com\\\/\"},{\"@type\":\"ListItem\",\"position\":2,\"name\":\"Contract reziliat la Dinamo! Unul dintre cei mai vechi \u201dc\u00e2ini\u201d pleac\u0103 de la echip\u0103&#8230;&#8230;.\"}]},{\"@type\":\"WebSite\",\"@id\":\"https:\\\/\\\/www.letsportsrock.com\\\/#website\",\"url\":\"https:\\\/\\\/www.letsportsrock.com\\\/\",\"name\":\"letsportsrock\",\"description\":\"Sport News and Updates\",\"potentialAction\":[{\"@type\":\"SearchAction\",\"target\":{\"@type\":\"EntryPoint\",\"urlTemplate\":\"https:\\\/\\\/www.letsportsrock.com\\\/?s={search_term_string}\"},\"query-input\":{\"@type\":\"PropertyValueSpecification\",\"valueRequired\":true,\"valueName\":\"search_term_string\"}}],\"inLanguage\":\"en-US\"},{\"@type\":\"Person\",\"@id\":\"https:\\\/\\\/www.letsportsrock.com\\\/#\\\/schema\\\/person\\\/97aa0f336f5a3ca15a8ec7d78846f045\",\"name\":\"Paul Hembaor\",\"image\":{\"@type\":\"ImageObject\",\"inLanguage\":\"en-US\",\"@id\":\"https:\\\/\\\/secure.gravatar.com\\\/avatar\\\/0574929a03c152e8ea7939c31311f9ea2fe2e06139cd71e2d6e698c217219d60?s=96&d=mm&r=g\",\"url\":\"https:\\\/\\\/secure.gravatar.com\\\/avatar\\\/0574929a03c152e8ea7939c31311f9ea2fe2e06139cd71e2d6e698c217219d60?s=96&d=mm&r=g\",\"contentUrl\":\"https:\\\/\\\/secure.gravatar.com\\\/avatar\\\/0574929a03c152e8ea7939c31311f9ea2fe2e06139cd71e2d6e698c217219d60?s=96&d=mm&r=g\",\"caption\":\"Paul Hembaor\"},\"sameAs\":[\"https:\\\/\\\/www.letsportsrock.com\\\/wp-admin\\\/\"],\"url\":\"https:\\\/\\\/www.letsportsrock.com\\\/?author=9\"}]}<\/script>\n<!-- \/ Yoast SEO plugin. -->","yoast_head_json":{"title":"Contract reziliat la Dinamo! Unul dintre cei mai vechi \u201dc\u00e2ini\u201d .......","description":"Contract reziliat la Dinamo! Unul dintre cei mai vechi \u201dc\u00e2ini\u201d pleac\u0103 de la echip\u0103.....................................","robots":{"index":"index","follow":"follow","max-snippet":"max-snippet:-1","max-image-preview":"max-image-preview:large","max-video-preview":"max-video-preview:-1"},"canonical":"https:\/\/www.letsportsrock.com\/?p=17163","og_locale":"en_US","og_type":"article","og_title":"Contract reziliat la Dinamo! Unul dintre cei mai vechi \u201dc\u00e2ini\u201d .......","og_description":"Contract reziliat la Dinamo! Unul dintre cei mai vechi \u201dc\u00e2ini\u201d pleac\u0103 de la echip\u0103.....................................","og_url":"https:\/\/www.letsportsrock.com\/?p=17163","og_site_name":"letsportsrock","article_published_time":"2025-01-04T00:08:57+00:00","og_image":[{"width":640,"height":480,"url":"https:\/\/www.letsportsrock.com\/wp-content\/uploads\/2025\/01\/IMG-20250104-WA0001.jpg","type":"image\/jpeg"}],"author":"Paul Hembaor","twitter_card":"summary_large_image","twitter_misc":{"Written by":"Paul Hembaor","Est. reading time":"2 minutes"},"schema":{"@context":"https:\/\/schema.org","@graph":[{"@type":"Article","@id":"https:\/\/www.letsportsrock.com\/?p=17163#article","isPartOf":{"@id":"https:\/\/www.letsportsrock.com\/?p=17163"},"author":{"name":"Paul Hembaor","@id":"https:\/\/www.letsportsrock.com\/#\/schema\/person\/97aa0f336f5a3ca15a8ec7d78846f045"},"headline":"Contract reziliat la Dinamo! Unul dintre cei mai vechi \u201dc\u00e2ini\u201d pleac\u0103 de la echip\u0103&#8230;&#8230;.","datePublished":"2025-01-04T00:08:57+00:00","mainEntityOfPage":{"@id":"https:\/\/www.letsportsrock.com\/?p=17163"},"wordCount":316,"commentCount":0,"image":{"@id":"https:\/\/www.letsportsrock.com\/?p=17163#primaryimage"},"thumbnailUrl":"https:\/\/www.letsportsrock.com\/wp-content\/uploads\/2025\/01\/IMG-20250104-WA0001.jpg","keywords":["Fc Dinamo bucuresti"],"inLanguage":"en-US","potentialAction":[{"@type":"CommentAction","name":"Comment","target":["https:\/\/www.letsportsrock.com\/?p=17163#respond"]}]},{"@type":"WebPage","@id":"https:\/\/www.letsportsrock.com\/?p=17163","url":"https:\/\/www.letsportsrock.com\/?p=17163","name":"Contract reziliat la Dinamo! Unul dintre cei mai vechi \u201dc\u00e2ini\u201d .......","isPartOf":{"@id":"https:\/\/www.letsportsrock.com\/#website"},"primaryImageOfPage":{"@id":"https:\/\/www.letsportsrock.com\/?p=17163#primaryimage"},"image":{"@id":"https:\/\/www.letsportsrock.com\/?p=17163#primaryimage"},"thumbnailUrl":"https:\/\/www.letsportsrock.com\/wp-content\/uploads\/2025\/01\/IMG-20250104-WA0001.jpg","datePublished":"2025-01-04T00:08:57+00:00","author":{"@id":"https:\/\/www.letsportsrock.com\/#\/schema\/person\/97aa0f336f5a3ca15a8ec7d78846f045"},"description":"Contract reziliat la Dinamo! Unul dintre cei mai vechi \u201dc\u00e2ini\u201d pleac\u0103 de la echip\u0103.....................................","breadcrumb":{"@id":"https:\/\/www.letsportsrock.com\/?p=17163#breadcrumb"},"inLanguage":"en-US","potentialAction":[{"@type":"ReadAction","target":["https:\/\/www.letsportsrock.com\/?p=17163"]}]},{"@type":"ImageObject","inLanguage":"en-US","@id":"https:\/\/www.letsportsrock.com\/?p=17163#primaryimage","url":"https:\/\/www.letsportsrock.com\/wp-content\/uploads\/2025\/01\/IMG-20250104-WA0001.jpg","contentUrl":"https:\/\/www.letsportsrock.com\/wp-content\/uploads\/2025\/01\/IMG-20250104-WA0001.jpg","width":640,"height":480},{"@type":"BreadcrumbList","@id":"https:\/\/www.letsportsrock.com\/?p=17163#breadcrumb","itemListElement":[{"@type":"ListItem","position":1,"name":"Home","item":"https:\/\/www.letsportsrock.com\/"},{"@type":"ListItem","position":2,"name":"Contract reziliat la Dinamo! Unul dintre cei mai vechi \u201dc\u00e2ini\u201d pleac\u0103 de la echip\u0103&#8230;&#8230;."}]},{"@type":"WebSite","@id":"https:\/\/www.letsportsrock.com\/#website","url":"https:\/\/www.letsportsrock.com\/","name":"letsportsrock","description":"Sport News and Updates","potentialAction":[{"@type":"SearchAction","target":{"@type":"EntryPoint","urlTemplate":"https:\/\/www.letsportsrock.com\/?s={search_term_string}"},"query-input":{"@type":"PropertyValueSpecification","valueRequired":true,"valueName":"search_term_string"}}],"inLanguage":"en-US"},{"@type":"Person","@id":"https:\/\/www.letsportsrock.com\/#\/schema\/person\/97aa0f336f5a3ca15a8ec7d78846f045","name":"Paul Hembaor","image":{"@type":"ImageObject","inLanguage":"en-US","@id":"https:\/\/secure.gravatar.com\/avatar\/0574929a03c152e8ea7939c31311f9ea2fe2e06139cd71e2d6e698c217219d60?s=96&d=mm&r=g","url":"https:\/\/secure.gravatar.com\/avatar\/0574929a03c152e8ea7939c31311f9ea2fe2e06139cd71e2d6e698c217219d60?s=96&d=mm&r=g","contentUrl":"https:\/\/secure.gravatar.com\/avatar\/0574929a03c152e8ea7939c31311f9ea2fe2e06139cd71e2d6e698c217219d60?s=96&d=mm&r=g","caption":"Paul Hembaor"},"sameAs":["https:\/\/www.letsportsrock.com\/wp-admin\/"],"url":"https:\/\/www.letsportsrock.com\/?author=9"}]}},"jetpack_featured_media_url":"https:\/\/www.letsportsrock.com\/wp-content\/uploads\/2025\/01\/IMG-20250104-WA0001.jpg","jetpack_sharing_enabled":true,"_links":{"self":[{"href":"https:\/\/www.letsportsrock.com\/index.php?rest_route=\/wp\/v2\/posts\/17163","targetHints":{"allow":["GET"]}}],"collection":[{"href":"https:\/\/www.letsportsrock.com\/index.php?rest_route=\/wp\/v2\/posts"}],"about":[{"href":"https:\/\/www.letsportsrock.com\/index.php?rest_route=\/wp\/v2\/types\/post"}],"author":[{"embeddable":true,"href":"https:\/\/www.letsportsrock.com\/index.php?rest_route=\/wp\/v2\/users\/9"}],"replies":[{"embeddable":true,"href":"https:\/\/www.letsportsrock.com\/index.php?rest_route=%2Fwp%2Fv2%2Fcomments&post=17163"}],"version-history":[{"count":1,"href":"https:\/\/www.letsportsrock.com\/index.php?rest_route=\/wp\/v2\/posts\/17163\/revisions"}],"predecessor-version":[{"id":17167,"href":"https:\/\/www.letsportsrock.com\/index.php?rest_route=\/wp\/v2\/posts\/17163\/revisions\/17167"}],"wp:featuredmedia":[{"embeddable":true,"href":"https:\/\/www.letsportsrock.com\/index.php?rest_route=\/wp\/v2\/media\/17164"}],"wp:attachment":[{"href":"https:\/\/www.letsportsrock.com\/index.php?rest_route=%2Fwp%2Fv2%2Fmedia&parent=17163"}],"wp:term":[{"taxonomy":"category","embeddable":true,"href":"https:\/\/www.letsportsrock.com\/index.php?rest_route=%2Fwp%2Fv2%2Fcategories&post=17163"},{"taxonomy":"post_tag","embeddable":true,"href":"https:\/\/www.letsportsrock.com\/index.php?rest_route=%2Fwp%2Fv2%2Ftags&post=17163"}],"curies":[{"name":"wp","href":"https:\/\/api.w.org\/{rel}","templated":true}]}}