{"id":17178,"date":"2025-01-04T00:52:43","date_gmt":"2025-01-04T00:52:43","guid":{"rendered":"https:\/\/www.letsportsrock.com\/?p=17178"},"modified":"2025-01-04T00:52:43","modified_gmt":"2025-01-04T00:52:43","slug":"stiri-de-ultima-ora-fc-dinamo-bucuresti-finalizeaza-transferul-unui-tanar-talent-de-la-valencia-2","status":"publish","type":"post","link":"https:\/\/www.letsportsrock.com\/?p=17178","title":{"rendered":"\u0218tiri de ultim\u0103 or\u0103: FC Dinamo Bucure\u0219ti finalizeaz\u0103 transferul unui t\u00e2n\u0103r talent de la Valencia&#8230;&#8230;"},"content":{"rendered":"<div class=\"d79db4796efc26332eabfc3f5dafbc76\" data-index=\"1\" style=\"float: none; margin:10px 0 10px 0; text-align:center;\">\n<div class=\"hb-ad-inarticle\">\r\n    <div class=\"hb-ad-inner\"> \r\n    <div class=\"hbagency_cls\"  id=\"hbagency_space_111930\"><\/div><\/div> <\/div>\n<\/div>\n<p>\u0218tiri de ultim\u0103 or\u0103: FC Dinamo Bucure\u0219ti finalizeaz\u0103 transferul unui t\u00e2n\u0103r talent de la Valencia&#8230;..<\/p>\n<p>&nbsp;<\/p>\n<p>FC Dinamo Bucure\u0219ti a dat lovitura pe pia\u021ba transferurilor, reu\u0219ind s\u0103 ob\u021bin\u0103 semn\u0103tura unui t\u00e2n\u0103r juc\u0103tor promi\u021b\u0103tor de la Valencia CF. Surse din cadrul clubului au confirmat c\u0103 negocierile s-au \u00eencheiat cu succes, iar fotbalistul \u00een v\u00e2rst\u0103 de 19 ani va ajunge \u00een Bucure\u0219ti \u00een urm\u0103toarele zile pentru a finaliza formalit\u0103\u021bile.<\/p>\n<p><img loading=\"lazy\" decoding=\"async\" class=\"alignnone size-medium wp-image-17180\" src=\"https:\/\/www.letsportsrock.com\/wp-content\/uploads\/2025\/01\/images-2025-01-04T015115.747-300x180.jpeg\" alt=\"\" width=\"300\" height=\"180\" srcset=\"https:\/\/www.letsportsrock.com\/wp-content\/uploads\/2025\/01\/images-2025-01-04T015115.747-300x180.jpeg 300w, https:\/\/www.letsportsrock.com\/wp-content\/uploads\/2025\/01\/images-2025-01-04T015115.747.jpeg 700w\" sizes=\"auto, (max-width: 300px) 100vw, 300px\" \/><\/p>\n<p>T\u00e2n\u0103rul mijloca\u0219, considerat unul dintre cei mai promi\u021b\u0103tori juc\u0103tori ai academiei Valenciei, a impresionat prin tehnic\u0103, vitez\u0103 \u0219i viziune \u00een joc. De\u0219i nu a debutat \u00eenc\u0103 \u00een prima echip\u0103 a forma\u021biei spaniole, evolu\u021biile sale constante la echipa secund\u0103 i-au atras aten\u021bia mai multor cluburi europene. Dinamo a reu\u0219it s\u0103 se impun\u0103 \u00een fa\u021ba concuren\u021bei, asigur\u00e2ndu-\u0219i un juc\u0103tor care ar putea deveni o pies\u0103 important\u0103 \u00een reconstruc\u021bia echipei.<\/p>\n<p>&nbsp;<\/p>\n<p>Oficialii clubului au subliniat c\u0103 aceast\u0103 mutare face parte dintr-o strategie ampl\u0103 de \u00eentinerire a lotului \u0219i de investi\u021bie \u00een juc\u0103tori cu poten\u021bial de cre\u0219tere. Fanii a\u0219teapt\u0103 cu ner\u0103bdare debutul s\u0103u, sper\u00e2nd c\u0103 noul transfer va contribui la redresarea echipei \u0219i la atingerea obiectivelor ambi\u021bioase din sezonul viitor.<\/p>\n\n<div style=\"font-size: 0px; height: 0px; line-height: 0px; margin: 0; padding: 0; clear: both;\"><\/div>","protected":false},"excerpt":{"rendered":"<p>\u0218tiri de ultim\u0103 or\u0103: FC Dinamo Bucure\u0219ti finalizeaz\u0103 transferul unui t\u00e2n\u0103r talent de la Valencia&#8230;.. &nbsp; FC Dinamo Bucure\u0219ti a dat lovitura pe pia\u021ba transferurilor, reu\u0219ind s\u0103 ob\u021bin\u0103 semn\u0103tura unui t\u00e2n\u0103r juc\u0103tor promi\u021b\u0103tor de la Valencia CF. Surse din cadrul clubului au confirmat c\u0103 negocierile s-au \u00eencheiat cu succes, iar fotbalistul \u00een v\u00e2rst\u0103 de 19 [&hellip;]<\/p>\n","protected":false},"author":9,"featured_media":17179,"comment_status":"open","ping_status":"open","sticky":false,"template":"","format":"standard","meta":{"_jetpack_memberships_contains_paid_content":false,"footnotes":""},"categories":[1],"tags":[419],"class_list":["post-17178","post","type-post","status-publish","format-standard","has-post-thumbnail","hentry","category-uncategorized","tag-fc-dinamo-bucuresti"],"yoast_head":"<!-- This site is optimized with the Yoast SEO plugin v27.4 - https:\/\/yoast.com\/product\/yoast-seo-wordpress\/ -->\n<title>\u0218tiri de ultim\u0103 or\u0103: FC Dinamo Bucure\u0219ti finalizeaz\u0103 transferul.....<\/title>\n<meta name=\"description\" content=\"\u0218tiri de ultim\u0103 or\u0103: FC Dinamo Bucure\u0219ti finalizeaz\u0103 transferul unui t\u00e2n\u0103r talent de la Valencia......................\" \/>\n<meta name=\"robots\" content=\"index, follow, max-snippet:-1, max-image-preview:large, max-video-preview:-1\" \/>\n<link rel=\"canonical\" href=\"https:\/\/www.letsportsrock.com\/?p=17178\" \/>\n<meta property=\"og:locale\" content=\"en_US\" \/>\n<meta property=\"og:type\" content=\"article\" \/>\n<meta property=\"og:title\" content=\"\u0218tiri de ultim\u0103 or\u0103: FC Dinamo Bucure\u0219ti finalizeaz\u0103 transferul.....\" \/>\n<meta property=\"og:description\" content=\"\u0218tiri de ultim\u0103 or\u0103: FC Dinamo Bucure\u0219ti finalizeaz\u0103 transferul unui t\u00e2n\u0103r talent de la Valencia......................\" \/>\n<meta property=\"og:url\" content=\"https:\/\/www.letsportsrock.com\/?p=17178\" \/>\n<meta property=\"og:site_name\" content=\"letsportsrock\" \/>\n<meta property=\"article:published_time\" content=\"2025-01-04T00:52:43+00:00\" \/>\n<meta property=\"og:image\" content=\"https:\/\/www.letsportsrock.com\/wp-content\/uploads\/2025\/01\/images-2025-01-04T015053.073.jpeg\" \/>\n\t<meta property=\"og:image:width\" content=\"700\" \/>\n\t<meta property=\"og:image:height\" content=\"420\" \/>\n\t<meta property=\"og:image:type\" content=\"image\/jpeg\" \/>\n<meta name=\"author\" content=\"Paul Hembaor\" \/>\n<meta name=\"twitter:card\" content=\"summary_large_image\" \/>\n<meta name=\"twitter:label1\" content=\"Written by\" \/>\n\t<meta name=\"twitter:data1\" content=\"Paul Hembaor\" \/>\n\t<meta name=\"twitter:label2\" content=\"Est. reading time\" \/>\n\t<meta name=\"twitter:data2\" content=\"1 minute\" \/>\n<script type=\"application\/ld+json\" class=\"yoast-schema-graph\">{\"@context\":\"https:\\\/\\\/schema.org\",\"@graph\":[{\"@type\":\"Article\",\"@id\":\"https:\\\/\\\/www.letsportsrock.com\\\/?p=17178#article\",\"isPartOf\":{\"@id\":\"https:\\\/\\\/www.letsportsrock.com\\\/?p=17178\"},\"author\":{\"name\":\"Paul Hembaor\",\"@id\":\"https:\\\/\\\/www.letsportsrock.com\\\/#\\\/schema\\\/person\\\/97aa0f336f5a3ca15a8ec7d78846f045\"},\"headline\":\"\u0218tiri de ultim\u0103 or\u0103: FC Dinamo Bucure\u0219ti finalizeaz\u0103 transferul unui t\u00e2n\u0103r talent de la Valencia&#8230;&#8230;\",\"datePublished\":\"2025-01-04T00:52:43+00:00\",\"mainEntityOfPage\":{\"@id\":\"https:\\\/\\\/www.letsportsrock.com\\\/?p=17178\"},\"wordCount\":240,\"commentCount\":0,\"image\":{\"@id\":\"https:\\\/\\\/www.letsportsrock.com\\\/?p=17178#primaryimage\"},\"thumbnailUrl\":\"https:\\\/\\\/www.letsportsrock.com\\\/wp-content\\\/uploads\\\/2025\\\/01\\\/images-2025-01-04T015053.073.jpeg\",\"keywords\":[\"Fc Dinamo bucuresti\"],\"inLanguage\":\"en-US\",\"potentialAction\":[{\"@type\":\"CommentAction\",\"name\":\"Comment\",\"target\":[\"https:\\\/\\\/www.letsportsrock.com\\\/?p=17178#respond\"]}]},{\"@type\":\"WebPage\",\"@id\":\"https:\\\/\\\/www.letsportsrock.com\\\/?p=17178\",\"url\":\"https:\\\/\\\/www.letsportsrock.com\\\/?p=17178\",\"name\":\"\u0218tiri de ultim\u0103 or\u0103: FC Dinamo Bucure\u0219ti finalizeaz\u0103 transferul.....\",\"isPartOf\":{\"@id\":\"https:\\\/\\\/www.letsportsrock.com\\\/#website\"},\"primaryImageOfPage\":{\"@id\":\"https:\\\/\\\/www.letsportsrock.com\\\/?p=17178#primaryimage\"},\"image\":{\"@id\":\"https:\\\/\\\/www.letsportsrock.com\\\/?p=17178#primaryimage\"},\"thumbnailUrl\":\"https:\\\/\\\/www.letsportsrock.com\\\/wp-content\\\/uploads\\\/2025\\\/01\\\/images-2025-01-04T015053.073.jpeg\",\"datePublished\":\"2025-01-04T00:52:43+00:00\",\"author\":{\"@id\":\"https:\\\/\\\/www.letsportsrock.com\\\/#\\\/schema\\\/person\\\/97aa0f336f5a3ca15a8ec7d78846f045\"},\"description\":\"\u0218tiri de ultim\u0103 or\u0103: FC Dinamo Bucure\u0219ti finalizeaz\u0103 transferul unui t\u00e2n\u0103r talent de la Valencia......................\",\"breadcrumb\":{\"@id\":\"https:\\\/\\\/www.letsportsrock.com\\\/?p=17178#breadcrumb\"},\"inLanguage\":\"en-US\",\"potentialAction\":[{\"@type\":\"ReadAction\",\"target\":[\"https:\\\/\\\/www.letsportsrock.com\\\/?p=17178\"]}]},{\"@type\":\"ImageObject\",\"inLanguage\":\"en-US\",\"@id\":\"https:\\\/\\\/www.letsportsrock.com\\\/?p=17178#primaryimage\",\"url\":\"https:\\\/\\\/www.letsportsrock.com\\\/wp-content\\\/uploads\\\/2025\\\/01\\\/images-2025-01-04T015053.073.jpeg\",\"contentUrl\":\"https:\\\/\\\/www.letsportsrock.com\\\/wp-content\\\/uploads\\\/2025\\\/01\\\/images-2025-01-04T015053.073.jpeg\",\"width\":700,\"height\":420},{\"@type\":\"BreadcrumbList\",\"@id\":\"https:\\\/\\\/www.letsportsrock.com\\\/?p=17178#breadcrumb\",\"itemListElement\":[{\"@type\":\"ListItem\",\"position\":1,\"name\":\"Home\",\"item\":\"https:\\\/\\\/www.letsportsrock.com\\\/\"},{\"@type\":\"ListItem\",\"position\":2,\"name\":\"\u0218tiri de ultim\u0103 or\u0103: FC Dinamo Bucure\u0219ti finalizeaz\u0103 transferul unui t\u00e2n\u0103r talent de la Valencia&#8230;&#8230;\"}]},{\"@type\":\"WebSite\",\"@id\":\"https:\\\/\\\/www.letsportsrock.com\\\/#website\",\"url\":\"https:\\\/\\\/www.letsportsrock.com\\\/\",\"name\":\"letsportsrock\",\"description\":\"Sport News and Updates\",\"potentialAction\":[{\"@type\":\"SearchAction\",\"target\":{\"@type\":\"EntryPoint\",\"urlTemplate\":\"https:\\\/\\\/www.letsportsrock.com\\\/?s={search_term_string}\"},\"query-input\":{\"@type\":\"PropertyValueSpecification\",\"valueRequired\":true,\"valueName\":\"search_term_string\"}}],\"inLanguage\":\"en-US\"},{\"@type\":\"Person\",\"@id\":\"https:\\\/\\\/www.letsportsrock.com\\\/#\\\/schema\\\/person\\\/97aa0f336f5a3ca15a8ec7d78846f045\",\"name\":\"Paul Hembaor\",\"image\":{\"@type\":\"ImageObject\",\"inLanguage\":\"en-US\",\"@id\":\"https:\\\/\\\/secure.gravatar.com\\\/avatar\\\/0574929a03c152e8ea7939c31311f9ea2fe2e06139cd71e2d6e698c217219d60?s=96&d=mm&r=g\",\"url\":\"https:\\\/\\\/secure.gravatar.com\\\/avatar\\\/0574929a03c152e8ea7939c31311f9ea2fe2e06139cd71e2d6e698c217219d60?s=96&d=mm&r=g\",\"contentUrl\":\"https:\\\/\\\/secure.gravatar.com\\\/avatar\\\/0574929a03c152e8ea7939c31311f9ea2fe2e06139cd71e2d6e698c217219d60?s=96&d=mm&r=g\",\"caption\":\"Paul Hembaor\"},\"sameAs\":[\"https:\\\/\\\/www.letsportsrock.com\\\/wp-admin\\\/\"],\"url\":\"https:\\\/\\\/www.letsportsrock.com\\\/?author=9\"}]}<\/script>\n<!-- \/ Yoast SEO plugin. -->","yoast_head_json":{"title":"\u0218tiri de ultim\u0103 or\u0103: FC Dinamo Bucure\u0219ti finalizeaz\u0103 transferul.....","description":"\u0218tiri de ultim\u0103 or\u0103: FC Dinamo Bucure\u0219ti finalizeaz\u0103 transferul unui t\u00e2n\u0103r talent de la Valencia......................","robots":{"index":"index","follow":"follow","max-snippet":"max-snippet:-1","max-image-preview":"max-image-preview:large","max-video-preview":"max-video-preview:-1"},"canonical":"https:\/\/www.letsportsrock.com\/?p=17178","og_locale":"en_US","og_type":"article","og_title":"\u0218tiri de ultim\u0103 or\u0103: FC Dinamo Bucure\u0219ti finalizeaz\u0103 transferul.....","og_description":"\u0218tiri de ultim\u0103 or\u0103: FC Dinamo Bucure\u0219ti finalizeaz\u0103 transferul unui t\u00e2n\u0103r talent de la Valencia......................","og_url":"https:\/\/www.letsportsrock.com\/?p=17178","og_site_name":"letsportsrock","article_published_time":"2025-01-04T00:52:43+00:00","og_image":[{"width":700,"height":420,"url":"https:\/\/www.letsportsrock.com\/wp-content\/uploads\/2025\/01\/images-2025-01-04T015053.073.jpeg","type":"image\/jpeg"}],"author":"Paul Hembaor","twitter_card":"summary_large_image","twitter_misc":{"Written by":"Paul Hembaor","Est. reading time":"1 minute"},"schema":{"@context":"https:\/\/schema.org","@graph":[{"@type":"Article","@id":"https:\/\/www.letsportsrock.com\/?p=17178#article","isPartOf":{"@id":"https:\/\/www.letsportsrock.com\/?p=17178"},"author":{"name":"Paul Hembaor","@id":"https:\/\/www.letsportsrock.com\/#\/schema\/person\/97aa0f336f5a3ca15a8ec7d78846f045"},"headline":"\u0218tiri de ultim\u0103 or\u0103: FC Dinamo Bucure\u0219ti finalizeaz\u0103 transferul unui t\u00e2n\u0103r talent de la Valencia&#8230;&#8230;","datePublished":"2025-01-04T00:52:43+00:00","mainEntityOfPage":{"@id":"https:\/\/www.letsportsrock.com\/?p=17178"},"wordCount":240,"commentCount":0,"image":{"@id":"https:\/\/www.letsportsrock.com\/?p=17178#primaryimage"},"thumbnailUrl":"https:\/\/www.letsportsrock.com\/wp-content\/uploads\/2025\/01\/images-2025-01-04T015053.073.jpeg","keywords":["Fc Dinamo bucuresti"],"inLanguage":"en-US","potentialAction":[{"@type":"CommentAction","name":"Comment","target":["https:\/\/www.letsportsrock.com\/?p=17178#respond"]}]},{"@type":"WebPage","@id":"https:\/\/www.letsportsrock.com\/?p=17178","url":"https:\/\/www.letsportsrock.com\/?p=17178","name":"\u0218tiri de ultim\u0103 or\u0103: FC Dinamo Bucure\u0219ti finalizeaz\u0103 transferul.....","isPartOf":{"@id":"https:\/\/www.letsportsrock.com\/#website"},"primaryImageOfPage":{"@id":"https:\/\/www.letsportsrock.com\/?p=17178#primaryimage"},"image":{"@id":"https:\/\/www.letsportsrock.com\/?p=17178#primaryimage"},"thumbnailUrl":"https:\/\/www.letsportsrock.com\/wp-content\/uploads\/2025\/01\/images-2025-01-04T015053.073.jpeg","datePublished":"2025-01-04T00:52:43+00:00","author":{"@id":"https:\/\/www.letsportsrock.com\/#\/schema\/person\/97aa0f336f5a3ca15a8ec7d78846f045"},"description":"\u0218tiri de ultim\u0103 or\u0103: FC Dinamo Bucure\u0219ti finalizeaz\u0103 transferul unui t\u00e2n\u0103r talent de la Valencia......................","breadcrumb":{"@id":"https:\/\/www.letsportsrock.com\/?p=17178#breadcrumb"},"inLanguage":"en-US","potentialAction":[{"@type":"ReadAction","target":["https:\/\/www.letsportsrock.com\/?p=17178"]}]},{"@type":"ImageObject","inLanguage":"en-US","@id":"https:\/\/www.letsportsrock.com\/?p=17178#primaryimage","url":"https:\/\/www.letsportsrock.com\/wp-content\/uploads\/2025\/01\/images-2025-01-04T015053.073.jpeg","contentUrl":"https:\/\/www.letsportsrock.com\/wp-content\/uploads\/2025\/01\/images-2025-01-04T015053.073.jpeg","width":700,"height":420},{"@type":"BreadcrumbList","@id":"https:\/\/www.letsportsrock.com\/?p=17178#breadcrumb","itemListElement":[{"@type":"ListItem","position":1,"name":"Home","item":"https:\/\/www.letsportsrock.com\/"},{"@type":"ListItem","position":2,"name":"\u0218tiri de ultim\u0103 or\u0103: FC Dinamo Bucure\u0219ti finalizeaz\u0103 transferul unui t\u00e2n\u0103r talent de la Valencia&#8230;&#8230;"}]},{"@type":"WebSite","@id":"https:\/\/www.letsportsrock.com\/#website","url":"https:\/\/www.letsportsrock.com\/","name":"letsportsrock","description":"Sport News and Updates","potentialAction":[{"@type":"SearchAction","target":{"@type":"EntryPoint","urlTemplate":"https:\/\/www.letsportsrock.com\/?s={search_term_string}"},"query-input":{"@type":"PropertyValueSpecification","valueRequired":true,"valueName":"search_term_string"}}],"inLanguage":"en-US"},{"@type":"Person","@id":"https:\/\/www.letsportsrock.com\/#\/schema\/person\/97aa0f336f5a3ca15a8ec7d78846f045","name":"Paul Hembaor","image":{"@type":"ImageObject","inLanguage":"en-US","@id":"https:\/\/secure.gravatar.com\/avatar\/0574929a03c152e8ea7939c31311f9ea2fe2e06139cd71e2d6e698c217219d60?s=96&d=mm&r=g","url":"https:\/\/secure.gravatar.com\/avatar\/0574929a03c152e8ea7939c31311f9ea2fe2e06139cd71e2d6e698c217219d60?s=96&d=mm&r=g","contentUrl":"https:\/\/secure.gravatar.com\/avatar\/0574929a03c152e8ea7939c31311f9ea2fe2e06139cd71e2d6e698c217219d60?s=96&d=mm&r=g","caption":"Paul Hembaor"},"sameAs":["https:\/\/www.letsportsrock.com\/wp-admin\/"],"url":"https:\/\/www.letsportsrock.com\/?author=9"}]}},"jetpack_featured_media_url":"https:\/\/www.letsportsrock.com\/wp-content\/uploads\/2025\/01\/images-2025-01-04T015053.073.jpeg","jetpack_sharing_enabled":true,"_links":{"self":[{"href":"https:\/\/www.letsportsrock.com\/index.php?rest_route=\/wp\/v2\/posts\/17178","targetHints":{"allow":["GET"]}}],"collection":[{"href":"https:\/\/www.letsportsrock.com\/index.php?rest_route=\/wp\/v2\/posts"}],"about":[{"href":"https:\/\/www.letsportsrock.com\/index.php?rest_route=\/wp\/v2\/types\/post"}],"author":[{"embeddable":true,"href":"https:\/\/www.letsportsrock.com\/index.php?rest_route=\/wp\/v2\/users\/9"}],"replies":[{"embeddable":true,"href":"https:\/\/www.letsportsrock.com\/index.php?rest_route=%2Fwp%2Fv2%2Fcomments&post=17178"}],"version-history":[{"count":1,"href":"https:\/\/www.letsportsrock.com\/index.php?rest_route=\/wp\/v2\/posts\/17178\/revisions"}],"predecessor-version":[{"id":17181,"href":"https:\/\/www.letsportsrock.com\/index.php?rest_route=\/wp\/v2\/posts\/17178\/revisions\/17181"}],"wp:featuredmedia":[{"embeddable":true,"href":"https:\/\/www.letsportsrock.com\/index.php?rest_route=\/wp\/v2\/media\/17179"}],"wp:attachment":[{"href":"https:\/\/www.letsportsrock.com\/index.php?rest_route=%2Fwp%2Fv2%2Fmedia&parent=17178"}],"wp:term":[{"taxonomy":"category","embeddable":true,"href":"https:\/\/www.letsportsrock.com\/index.php?rest_route=%2Fwp%2Fv2%2Fcategories&post=17178"},{"taxonomy":"post_tag","embeddable":true,"href":"https:\/\/www.letsportsrock.com\/index.php?rest_route=%2Fwp%2Fv2%2Ftags&post=17178"}],"curies":[{"name":"wp","href":"https:\/\/api.w.org\/{rel}","templated":true}]}}