{"id":17189,"date":"2025-01-04T01:12:48","date_gmt":"2025-01-04T01:12:48","guid":{"rendered":"https:\/\/www.letsportsrock.com\/?p=17189"},"modified":"2025-01-04T01:12:48","modified_gmt":"2025-01-04T01:12:48","slug":"vesti-triste-zeljko-kopic-anunta-demisia-de-la-fc-dinamo-bucuresti-in-urma-cu-cateva-minute-din-cauza-2","status":"publish","type":"post","link":"https:\/\/www.letsportsrock.com\/?p=17189","title":{"rendered":"\u201eVe\u0219ti Triste: \u017deljko Kopi\u0107 anun\u021b\u0103 demisia de la FC Dinamo Bucure\u0219ti \u00een urm\u0103 cu c\u00e2teva minute din cauza\u2026\u201d"},"content":{"rendered":"<div class=\"d79db4796efc26332eabfc3f5dafbc76\" data-index=\"1\" style=\"float: none; margin:10px 0 10px 0; text-align:center;\">\n<div class=\"hb-ad-inarticle\">\r\n    <div class=\"hb-ad-inner\"> \r\n    <div class=\"hbagency_cls\"  id=\"hbagency_space_111930\"><\/div><\/div> <\/div>\n<\/div>\n<p>\u201eVe\u0219ti Triste: \u017deljko Kopi\u0107 anun\u021b\u0103 demisia de la FC Dinamo Bucure\u0219ti \u00een urm\u0103 cu c\u00e2teva minute din cauza\u2026\u201d<\/p>\n<p>&nbsp;<\/p>\n<p>\u00cen ultimele ore, nu au ap\u0103rut informa\u021bii oficiale sau anun\u021buri privind demisia antrenorului \u017deljko Kopi\u0107 de la FC Dinamo Bucure\u0219ti. Dimpotriv\u0103, \u00een declara\u021biile recente, Kopi\u0107 a subliniat angajamentul s\u0103u fa\u021b\u0103 de club \u0219i inten\u021bia de a continua proiectul \u00eenceput.<\/p>\n<p><img loading=\"lazy\" decoding=\"async\" class=\"alignnone size-medium wp-image-17193\" src=\"https:\/\/www.letsportsrock.com\/wp-content\/uploads\/2025\/01\/images-2025-01-04T021147.919-300x200.jpeg\" alt=\"\" width=\"300\" height=\"200\" srcset=\"https:\/\/www.letsportsrock.com\/wp-content\/uploads\/2025\/01\/images-2025-01-04T021147.919-300x200.jpeg 300w, https:\/\/www.letsportsrock.com\/wp-content\/uploads\/2025\/01\/images-2025-01-04T021147.919.jpeg 500w\" sizes=\"auto, (max-width: 300px) 100vw, 300px\" \/><\/p>\n<p>\u00centr-un interviu acordat la plecarea echipei \u00een cantonamentul din Antalya, el a men\u021bionat: \u201eAm avut o discu\u021bie pozitiv\u0103 cu pre\u0219edintele, cu \u0219efii clubului \u0219i cred c\u0103 vom ajunge la o \u00een\u021belegere. P\u00e2n\u0103 acum nu am purtat discu\u021bii cu niciun alt club, numai cu Dinamo.\u201d<\/p>\n<p>&nbsp;<\/p>\n<p>De asemenea, pre\u0219edintele clubului, Andrei Nicolescu, a declarat: \u201eNoi am discutat. A\u021bi v\u0103zut \u0219i declara\u021biile d\u00e2nsului. El se simte bine aici \u0219i \u00ee\u0219i dore\u0219te s\u0103 ducem proiectul acesta la nivelul urm\u0103tor.\u201d<\/p>\n<p>&nbsp;<\/p>\n<p>\u00cen plus, Dinamo Bucure\u0219ti a anun\u021bat recent rezilierea contractului cu juc\u0103torul Andrei Florescu, semn c\u0103 staff-ul tehnic, sub conducerea lui Kopi\u0107, face ajust\u0103ri \u00een lot pentru a \u00eembun\u0103t\u0103\u021bi performan\u021bele echipei.<\/p>\n<p>&nbsp;<\/p>\n<p>Av\u00e2nd \u00een vedere aceste informa\u021bii, nu exist\u0103 indicii c\u0103 \u017deljko Kopi\u0107 ar fi demisionat de la conducerea tehnic\u0103 a echipei. Pentru cele mai precise \u0219i actualizate informa\u021bii, este recomandat s\u0103 urm\u0103ri\u021bi canalele oficiale ale clubului \u0219i declara\u021biile oficialilor implica\u021bi.<\/p>\n\n<div style=\"font-size: 0px; height: 0px; line-height: 0px; margin: 0; padding: 0; clear: both;\"><\/div>","protected":false},"excerpt":{"rendered":"<p>\u201eVe\u0219ti Triste: \u017deljko Kopi\u0107 anun\u021b\u0103 demisia de la FC Dinamo Bucure\u0219ti \u00een urm\u0103 cu c\u00e2teva minute din cauza\u2026\u201d &nbsp; \u00cen ultimele ore, nu au ap\u0103rut informa\u021bii oficiale sau anun\u021buri privind demisia antrenorului \u017deljko Kopi\u0107 de la FC Dinamo Bucure\u0219ti. Dimpotriv\u0103, \u00een declara\u021biile recente, Kopi\u0107 a subliniat angajamentul s\u0103u fa\u021b\u0103 de club \u0219i inten\u021bia de a [&hellip;]<\/p>\n","protected":false},"author":9,"featured_media":17192,"comment_status":"open","ping_status":"open","sticky":false,"template":"","format":"standard","meta":{"_jetpack_memberships_contains_paid_content":false,"footnotes":""},"categories":[1],"tags":[419],"class_list":["post-17189","post","type-post","status-publish","format-standard","has-post-thumbnail","hentry","category-uncategorized","tag-fc-dinamo-bucuresti"],"yoast_head":"<!-- This site is optimized with the Yoast SEO plugin v27.5 - https:\/\/yoast.com\/product\/yoast-seo-wordpress\/ -->\n<title>\u201eVe\u0219ti Triste: \u017deljko Kopi\u0107 anun\u021b\u0103 demisia de la FC Dinamo.....<\/title>\n<meta name=\"description\" content=\"\u201eVe\u0219ti Triste: \u017deljko Kopi\u0107 anun\u021b\u0103 demisia de la FC Dinamo Bucure\u0219ti \u00een urm\u0103 cu c\u00e2teva minute din cauza\u2026....\" \/>\n<meta name=\"robots\" content=\"index, follow, max-snippet:-1, max-image-preview:large, max-video-preview:-1\" \/>\n<link rel=\"canonical\" href=\"https:\/\/www.letsportsrock.com\/?p=17189\" \/>\n<meta property=\"og:locale\" content=\"en_US\" \/>\n<meta property=\"og:type\" content=\"article\" \/>\n<meta property=\"og:title\" content=\"\u201eVe\u0219ti Triste: \u017deljko Kopi\u0107 anun\u021b\u0103 demisia de la FC Dinamo.....\" \/>\n<meta property=\"og:description\" content=\"\u201eVe\u0219ti Triste: \u017deljko Kopi\u0107 anun\u021b\u0103 demisia de la FC Dinamo Bucure\u0219ti \u00een urm\u0103 cu c\u00e2teva minute din cauza\u2026....\" \/>\n<meta property=\"og:url\" content=\"https:\/\/www.letsportsrock.com\/?p=17189\" \/>\n<meta property=\"og:site_name\" content=\"letsportsrock\" \/>\n<meta property=\"article:published_time\" content=\"2025-01-04T01:12:48+00:00\" \/>\n<meta property=\"og:image\" content=\"https:\/\/www.letsportsrock.com\/wp-content\/uploads\/2025\/01\/images-2025-01-04T021137.918.jpeg\" \/>\n\t<meta property=\"og:image:width\" content=\"711\" \/>\n\t<meta property=\"og:image:height\" content=\"432\" \/>\n\t<meta property=\"og:image:type\" content=\"image\/jpeg\" \/>\n<meta name=\"author\" content=\"Paul Hembaor\" \/>\n<meta name=\"twitter:card\" content=\"summary_large_image\" \/>\n<meta name=\"twitter:label1\" content=\"Written by\" \/>\n\t<meta name=\"twitter:data1\" content=\"Paul Hembaor\" \/>\n\t<meta name=\"twitter:label2\" content=\"Est. reading time\" \/>\n\t<meta name=\"twitter:data2\" content=\"2 minutes\" \/>\n<script type=\"application\/ld+json\" class=\"yoast-schema-graph\">{\"@context\":\"https:\\\/\\\/schema.org\",\"@graph\":[{\"@type\":\"Article\",\"@id\":\"https:\\\/\\\/www.letsportsrock.com\\\/?p=17189#article\",\"isPartOf\":{\"@id\":\"https:\\\/\\\/www.letsportsrock.com\\\/?p=17189\"},\"author\":{\"name\":\"Paul Hembaor\",\"@id\":\"https:\\\/\\\/www.letsportsrock.com\\\/#\\\/schema\\\/person\\\/97aa0f336f5a3ca15a8ec7d78846f045\"},\"headline\":\"\u201eVe\u0219ti Triste: \u017deljko Kopi\u0107 anun\u021b\u0103 demisia de la FC Dinamo Bucure\u0219ti \u00een urm\u0103 cu c\u00e2teva minute din cauza\u2026\u201d\",\"datePublished\":\"2025-01-04T01:12:48+00:00\",\"mainEntityOfPage\":{\"@id\":\"https:\\\/\\\/www.letsportsrock.com\\\/?p=17189\"},\"wordCount\":263,\"commentCount\":0,\"image\":{\"@id\":\"https:\\\/\\\/www.letsportsrock.com\\\/?p=17189#primaryimage\"},\"thumbnailUrl\":\"https:\\\/\\\/www.letsportsrock.com\\\/wp-content\\\/uploads\\\/2025\\\/01\\\/images-2025-01-04T021137.918.jpeg\",\"keywords\":[\"Fc Dinamo bucuresti\"],\"inLanguage\":\"en-US\",\"potentialAction\":[{\"@type\":\"CommentAction\",\"name\":\"Comment\",\"target\":[\"https:\\\/\\\/www.letsportsrock.com\\\/?p=17189#respond\"]}]},{\"@type\":\"WebPage\",\"@id\":\"https:\\\/\\\/www.letsportsrock.com\\\/?p=17189\",\"url\":\"https:\\\/\\\/www.letsportsrock.com\\\/?p=17189\",\"name\":\"\u201eVe\u0219ti Triste: \u017deljko Kopi\u0107 anun\u021b\u0103 demisia de la FC Dinamo.....\",\"isPartOf\":{\"@id\":\"https:\\\/\\\/www.letsportsrock.com\\\/#website\"},\"primaryImageOfPage\":{\"@id\":\"https:\\\/\\\/www.letsportsrock.com\\\/?p=17189#primaryimage\"},\"image\":{\"@id\":\"https:\\\/\\\/www.letsportsrock.com\\\/?p=17189#primaryimage\"},\"thumbnailUrl\":\"https:\\\/\\\/www.letsportsrock.com\\\/wp-content\\\/uploads\\\/2025\\\/01\\\/images-2025-01-04T021137.918.jpeg\",\"datePublished\":\"2025-01-04T01:12:48+00:00\",\"author\":{\"@id\":\"https:\\\/\\\/www.letsportsrock.com\\\/#\\\/schema\\\/person\\\/97aa0f336f5a3ca15a8ec7d78846f045\"},\"description\":\"\u201eVe\u0219ti Triste: \u017deljko Kopi\u0107 anun\u021b\u0103 demisia de la FC Dinamo Bucure\u0219ti \u00een urm\u0103 cu c\u00e2teva minute din cauza\u2026....\",\"breadcrumb\":{\"@id\":\"https:\\\/\\\/www.letsportsrock.com\\\/?p=17189#breadcrumb\"},\"inLanguage\":\"en-US\",\"potentialAction\":[{\"@type\":\"ReadAction\",\"target\":[\"https:\\\/\\\/www.letsportsrock.com\\\/?p=17189\"]}]},{\"@type\":\"ImageObject\",\"inLanguage\":\"en-US\",\"@id\":\"https:\\\/\\\/www.letsportsrock.com\\\/?p=17189#primaryimage\",\"url\":\"https:\\\/\\\/www.letsportsrock.com\\\/wp-content\\\/uploads\\\/2025\\\/01\\\/images-2025-01-04T021137.918.jpeg\",\"contentUrl\":\"https:\\\/\\\/www.letsportsrock.com\\\/wp-content\\\/uploads\\\/2025\\\/01\\\/images-2025-01-04T021137.918.jpeg\",\"width\":711,\"height\":432},{\"@type\":\"BreadcrumbList\",\"@id\":\"https:\\\/\\\/www.letsportsrock.com\\\/?p=17189#breadcrumb\",\"itemListElement\":[{\"@type\":\"ListItem\",\"position\":1,\"name\":\"Home\",\"item\":\"https:\\\/\\\/www.letsportsrock.com\\\/\"},{\"@type\":\"ListItem\",\"position\":2,\"name\":\"\u201eVe\u0219ti Triste: \u017deljko Kopi\u0107 anun\u021b\u0103 demisia de la FC Dinamo Bucure\u0219ti \u00een urm\u0103 cu c\u00e2teva minute din cauza\u2026\u201d\"}]},{\"@type\":\"WebSite\",\"@id\":\"https:\\\/\\\/www.letsportsrock.com\\\/#website\",\"url\":\"https:\\\/\\\/www.letsportsrock.com\\\/\",\"name\":\"letsportsrock\",\"description\":\"Sport News and Updates\",\"potentialAction\":[{\"@type\":\"SearchAction\",\"target\":{\"@type\":\"EntryPoint\",\"urlTemplate\":\"https:\\\/\\\/www.letsportsrock.com\\\/?s={search_term_string}\"},\"query-input\":{\"@type\":\"PropertyValueSpecification\",\"valueRequired\":true,\"valueName\":\"search_term_string\"}}],\"inLanguage\":\"en-US\"},{\"@type\":\"Person\",\"@id\":\"https:\\\/\\\/www.letsportsrock.com\\\/#\\\/schema\\\/person\\\/97aa0f336f5a3ca15a8ec7d78846f045\",\"name\":\"Paul Hembaor\",\"image\":{\"@type\":\"ImageObject\",\"inLanguage\":\"en-US\",\"@id\":\"https:\\\/\\\/secure.gravatar.com\\\/avatar\\\/0574929a03c152e8ea7939c31311f9ea2fe2e06139cd71e2d6e698c217219d60?s=96&d=mm&r=g\",\"url\":\"https:\\\/\\\/secure.gravatar.com\\\/avatar\\\/0574929a03c152e8ea7939c31311f9ea2fe2e06139cd71e2d6e698c217219d60?s=96&d=mm&r=g\",\"contentUrl\":\"https:\\\/\\\/secure.gravatar.com\\\/avatar\\\/0574929a03c152e8ea7939c31311f9ea2fe2e06139cd71e2d6e698c217219d60?s=96&d=mm&r=g\",\"caption\":\"Paul Hembaor\"},\"sameAs\":[\"https:\\\/\\\/www.letsportsrock.com\\\/wp-admin\\\/\"],\"url\":\"https:\\\/\\\/www.letsportsrock.com\\\/?author=9\"}]}<\/script>\n<!-- \/ Yoast SEO plugin. -->","yoast_head_json":{"title":"\u201eVe\u0219ti Triste: \u017deljko Kopi\u0107 anun\u021b\u0103 demisia de la FC Dinamo.....","description":"\u201eVe\u0219ti Triste: \u017deljko Kopi\u0107 anun\u021b\u0103 demisia de la FC Dinamo Bucure\u0219ti \u00een urm\u0103 cu c\u00e2teva minute din cauza\u2026....","robots":{"index":"index","follow":"follow","max-snippet":"max-snippet:-1","max-image-preview":"max-image-preview:large","max-video-preview":"max-video-preview:-1"},"canonical":"https:\/\/www.letsportsrock.com\/?p=17189","og_locale":"en_US","og_type":"article","og_title":"\u201eVe\u0219ti Triste: \u017deljko Kopi\u0107 anun\u021b\u0103 demisia de la FC Dinamo.....","og_description":"\u201eVe\u0219ti Triste: \u017deljko Kopi\u0107 anun\u021b\u0103 demisia de la FC Dinamo Bucure\u0219ti \u00een urm\u0103 cu c\u00e2teva minute din cauza\u2026....","og_url":"https:\/\/www.letsportsrock.com\/?p=17189","og_site_name":"letsportsrock","article_published_time":"2025-01-04T01:12:48+00:00","og_image":[{"width":711,"height":432,"url":"https:\/\/www.letsportsrock.com\/wp-content\/uploads\/2025\/01\/images-2025-01-04T021137.918.jpeg","type":"image\/jpeg"}],"author":"Paul Hembaor","twitter_card":"summary_large_image","twitter_misc":{"Written by":"Paul Hembaor","Est. reading time":"2 minutes"},"schema":{"@context":"https:\/\/schema.org","@graph":[{"@type":"Article","@id":"https:\/\/www.letsportsrock.com\/?p=17189#article","isPartOf":{"@id":"https:\/\/www.letsportsrock.com\/?p=17189"},"author":{"name":"Paul Hembaor","@id":"https:\/\/www.letsportsrock.com\/#\/schema\/person\/97aa0f336f5a3ca15a8ec7d78846f045"},"headline":"\u201eVe\u0219ti Triste: \u017deljko Kopi\u0107 anun\u021b\u0103 demisia de la FC Dinamo Bucure\u0219ti \u00een urm\u0103 cu c\u00e2teva minute din cauza\u2026\u201d","datePublished":"2025-01-04T01:12:48+00:00","mainEntityOfPage":{"@id":"https:\/\/www.letsportsrock.com\/?p=17189"},"wordCount":263,"commentCount":0,"image":{"@id":"https:\/\/www.letsportsrock.com\/?p=17189#primaryimage"},"thumbnailUrl":"https:\/\/www.letsportsrock.com\/wp-content\/uploads\/2025\/01\/images-2025-01-04T021137.918.jpeg","keywords":["Fc Dinamo bucuresti"],"inLanguage":"en-US","potentialAction":[{"@type":"CommentAction","name":"Comment","target":["https:\/\/www.letsportsrock.com\/?p=17189#respond"]}]},{"@type":"WebPage","@id":"https:\/\/www.letsportsrock.com\/?p=17189","url":"https:\/\/www.letsportsrock.com\/?p=17189","name":"\u201eVe\u0219ti Triste: \u017deljko Kopi\u0107 anun\u021b\u0103 demisia de la FC Dinamo.....","isPartOf":{"@id":"https:\/\/www.letsportsrock.com\/#website"},"primaryImageOfPage":{"@id":"https:\/\/www.letsportsrock.com\/?p=17189#primaryimage"},"image":{"@id":"https:\/\/www.letsportsrock.com\/?p=17189#primaryimage"},"thumbnailUrl":"https:\/\/www.letsportsrock.com\/wp-content\/uploads\/2025\/01\/images-2025-01-04T021137.918.jpeg","datePublished":"2025-01-04T01:12:48+00:00","author":{"@id":"https:\/\/www.letsportsrock.com\/#\/schema\/person\/97aa0f336f5a3ca15a8ec7d78846f045"},"description":"\u201eVe\u0219ti Triste: \u017deljko Kopi\u0107 anun\u021b\u0103 demisia de la FC Dinamo Bucure\u0219ti \u00een urm\u0103 cu c\u00e2teva minute din cauza\u2026....","breadcrumb":{"@id":"https:\/\/www.letsportsrock.com\/?p=17189#breadcrumb"},"inLanguage":"en-US","potentialAction":[{"@type":"ReadAction","target":["https:\/\/www.letsportsrock.com\/?p=17189"]}]},{"@type":"ImageObject","inLanguage":"en-US","@id":"https:\/\/www.letsportsrock.com\/?p=17189#primaryimage","url":"https:\/\/www.letsportsrock.com\/wp-content\/uploads\/2025\/01\/images-2025-01-04T021137.918.jpeg","contentUrl":"https:\/\/www.letsportsrock.com\/wp-content\/uploads\/2025\/01\/images-2025-01-04T021137.918.jpeg","width":711,"height":432},{"@type":"BreadcrumbList","@id":"https:\/\/www.letsportsrock.com\/?p=17189#breadcrumb","itemListElement":[{"@type":"ListItem","position":1,"name":"Home","item":"https:\/\/www.letsportsrock.com\/"},{"@type":"ListItem","position":2,"name":"\u201eVe\u0219ti Triste: \u017deljko Kopi\u0107 anun\u021b\u0103 demisia de la FC Dinamo Bucure\u0219ti \u00een urm\u0103 cu c\u00e2teva minute din cauza\u2026\u201d"}]},{"@type":"WebSite","@id":"https:\/\/www.letsportsrock.com\/#website","url":"https:\/\/www.letsportsrock.com\/","name":"letsportsrock","description":"Sport News and Updates","potentialAction":[{"@type":"SearchAction","target":{"@type":"EntryPoint","urlTemplate":"https:\/\/www.letsportsrock.com\/?s={search_term_string}"},"query-input":{"@type":"PropertyValueSpecification","valueRequired":true,"valueName":"search_term_string"}}],"inLanguage":"en-US"},{"@type":"Person","@id":"https:\/\/www.letsportsrock.com\/#\/schema\/person\/97aa0f336f5a3ca15a8ec7d78846f045","name":"Paul Hembaor","image":{"@type":"ImageObject","inLanguage":"en-US","@id":"https:\/\/secure.gravatar.com\/avatar\/0574929a03c152e8ea7939c31311f9ea2fe2e06139cd71e2d6e698c217219d60?s=96&d=mm&r=g","url":"https:\/\/secure.gravatar.com\/avatar\/0574929a03c152e8ea7939c31311f9ea2fe2e06139cd71e2d6e698c217219d60?s=96&d=mm&r=g","contentUrl":"https:\/\/secure.gravatar.com\/avatar\/0574929a03c152e8ea7939c31311f9ea2fe2e06139cd71e2d6e698c217219d60?s=96&d=mm&r=g","caption":"Paul Hembaor"},"sameAs":["https:\/\/www.letsportsrock.com\/wp-admin\/"],"url":"https:\/\/www.letsportsrock.com\/?author=9"}]}},"jetpack_featured_media_url":"https:\/\/www.letsportsrock.com\/wp-content\/uploads\/2025\/01\/images-2025-01-04T021137.918.jpeg","jetpack_sharing_enabled":true,"_links":{"self":[{"href":"https:\/\/www.letsportsrock.com\/index.php?rest_route=\/wp\/v2\/posts\/17189","targetHints":{"allow":["GET"]}}],"collection":[{"href":"https:\/\/www.letsportsrock.com\/index.php?rest_route=\/wp\/v2\/posts"}],"about":[{"href":"https:\/\/www.letsportsrock.com\/index.php?rest_route=\/wp\/v2\/types\/post"}],"author":[{"embeddable":true,"href":"https:\/\/www.letsportsrock.com\/index.php?rest_route=\/wp\/v2\/users\/9"}],"replies":[{"embeddable":true,"href":"https:\/\/www.letsportsrock.com\/index.php?rest_route=%2Fwp%2Fv2%2Fcomments&post=17189"}],"version-history":[{"count":1,"href":"https:\/\/www.letsportsrock.com\/index.php?rest_route=\/wp\/v2\/posts\/17189\/revisions"}],"predecessor-version":[{"id":17194,"href":"https:\/\/www.letsportsrock.com\/index.php?rest_route=\/wp\/v2\/posts\/17189\/revisions\/17194"}],"wp:featuredmedia":[{"embeddable":true,"href":"https:\/\/www.letsportsrock.com\/index.php?rest_route=\/wp\/v2\/media\/17192"}],"wp:attachment":[{"href":"https:\/\/www.letsportsrock.com\/index.php?rest_route=%2Fwp%2Fv2%2Fmedia&parent=17189"}],"wp:term":[{"taxonomy":"category","embeddable":true,"href":"https:\/\/www.letsportsrock.com\/index.php?rest_route=%2Fwp%2Fv2%2Fcategories&post=17189"},{"taxonomy":"post_tag","embeddable":true,"href":"https:\/\/www.letsportsrock.com\/index.php?rest_route=%2Fwp%2Fv2%2Ftags&post=17189"}],"curies":[{"name":"wp","href":"https:\/\/api.w.org\/{rel}","templated":true}]}}