{"id":17348,"date":"2025-01-04T21:51:56","date_gmt":"2025-01-04T21:51:56","guid":{"rendered":"https:\/\/www.letsportsrock.com\/?p=17348"},"modified":"2025-01-04T21:51:56","modified_gmt":"2025-01-04T21:51:56","slug":"stire-de-ultima-ora-starul-principal-al-fc-dinamo-bucuresti-confirma-ca-vrea-sa-se-intoarca-stire-de-ultima-ora-starul-principal-al-fc-dinamo-bucuresti-confirma-ca-vrea-sa-se-intoarca","status":"publish","type":"post","link":"https:\/\/www.letsportsrock.com\/?p=17348","title":{"rendered":"\u0218tire de Ultim\u0103 Or\u0103: Starul Principal al FC Dinamo Bucure\u0219ti Confirm\u0103 C\u0103 Vrea S\u0103 Se \u00centoarc\u0103&#8230;"},"content":{"rendered":"<div class=\"d79db4796efc26332eabfc3f5dafbc76\" data-index=\"1\" style=\"float: none; margin:10px 0 10px 0; text-align:center;\">\n<div class=\"hb-ad-inarticle\">\r\n    <div class=\"hb-ad-inner\"> \r\n    <div class=\"hbagency_cls\"  id=\"hbagency_space_111930\"><\/div><\/div> <\/div>\n<\/div>\n<p>**\u0218tire de Ultim\u0103 Or\u0103: Starul Principal al FC Dinamo Bucure\u0219ti Confirm\u0103 C\u0103 Vrea S\u0103 Se \u00centoarc\u0103**<\/p>\n<p>&nbsp;<\/p>\n<p>\u00centr-o declara\u021bie \u0219ocant\u0103 pentru fanii echipei, starul principal al FC Dinamo Bucure\u0219ti, juc\u0103torul a c\u0103rui prezen\u021b\u0103 a fost esen\u021bial\u0103 \u00een ultimele sezoane, a confirmat dorin\u021ba sa de a reveni \u00een s\u00e2nul echipei. \u00centr-un interviu exclusiviv acordat presei rom\u00e2ne\u0219ti, fotbalistul a m\u0103rturisit c\u0103 \u00ee\u0219i dore\u0219te s\u0103 revin\u0103 la clubul care l-a consacrat \u0219i \u00een care \u0219i-a tr\u0103it cele mai importante momente ale carierei.<\/p>\n<p>&nbsp;<\/p>\n<p>\u201eDinamo \u00eenseamn\u0103 totul pentru mine. Fanii, atmosfera, tot ce am tr\u0103it al\u0103turi de aceast\u0103 echip\u0103 mi-au marcat cariera. Am avut oferte din afaceri, dar nu am uitat niciodat\u0103 de unde am plecat. Vreau s\u0103 m\u0103 \u00eentorc acas\u0103\u201d, a declarat starul, care nu a ezitat s\u0103 \u00ee\u0219i exprime sentimentele fa\u021b\u0103 de clubul bucure\u0219tean \u0219i fa\u021b\u0103 de suporterii care l-au sus\u021binut constant.<\/p>\n<p>&nbsp;<\/p>\n<p>Aceast\u0103 veste vine \u00eentr-un moment crucial pentru FC Dinamo Bucure\u0219ti, care se afl\u0103 \u00eentr-o perioad\u0103 de reconstruire \u0219i revitalizare. A\u0219adar, revenirea acestui juc\u0103tor ar putea fi un semnal de \u00eent\u0103rire pentru echip\u0103 \u0219i ar da un impuls \u00een drumul lor c\u0103tre succes \u00een competi\u021biile interne \u0219i interna\u021bionale.<\/p>\n<p>&nbsp;<\/p>\n<p>De\u0219i nu au fost oferite detalii concrete despre momentul revenirii sau despre negocierile care ar putea avea loc, fanii dinamo\u0219ti \u00ee\u0219i pun mari speran\u021be \u00een aceast\u0103 posibil\u0103 \u00eentoarcere. \u00cen ultimele luni, clubul a fost \u00een centrul unui proces de reconstruc\u021bie, iar aducerea unui juc\u0103tor de top ar putea s\u0103 schimbe soarta echipei \u0219i s\u0103 \u00eei readuc\u0103 pe suporterii \u00een tribune.<\/p>\n<p>&nbsp;<\/p>\n<p>Pentru FC Dinamo Bucure\u0219ti, acest anun\u021b reprezint\u0103 o oportunitate de a relansa echipa \u0219i de a readuce speran\u021ba \u00een r\u00e2ndul fanilor, iar \u00eentoarcerea acestui star ar putea fi o lovitur\u0103 de imagine important\u0103.<\/p>\n\n<div style=\"font-size: 0px; height: 0px; line-height: 0px; margin: 0; padding: 0; clear: both;\"><\/div>","protected":false},"excerpt":{"rendered":"<p>**\u0218tire de Ultim\u0103 Or\u0103: Starul Principal al FC Dinamo Bucure\u0219ti Confirm\u0103 C\u0103 Vrea S\u0103 Se \u00centoarc\u0103** &nbsp; \u00centr-o declara\u021bie \u0219ocant\u0103 pentru fanii echipei, starul principal al FC Dinamo Bucure\u0219ti, juc\u0103torul a c\u0103rui prezen\u021b\u0103 a fost esen\u021bial\u0103 \u00een ultimele sezoane, a confirmat dorin\u021ba sa de a reveni \u00een s\u00e2nul echipei. \u00centr-un interviu exclusiviv acordat presei rom\u00e2ne\u0219ti, [&hellip;]<\/p>\n","protected":false},"author":1,"featured_media":17349,"comment_status":"open","ping_status":"open","sticky":false,"template":"","format":"standard","meta":{"_jetpack_memberships_contains_paid_content":false,"footnotes":""},"categories":[1],"tags":[],"class_list":["post-17348","post","type-post","status-publish","format-standard","has-post-thumbnail","hentry","category-uncategorized"],"yoast_head":"<!-- This site is optimized with the Yoast SEO plugin v27.4 - https:\/\/yoast.com\/product\/yoast-seo-wordpress\/ -->\n<title>\u0218tire de Ultim\u0103 Or\u0103: Starul Principal al FC Dinam<\/title>\n<meta name=\"description\" content=\"\u0218tire de Ultim\u0103 Or\u0103: Starul Principal al FC Dinamo Bucure\u0219ti Confirm\u0103 C\u0103 Vrea S\u0103 Se \u00centoarc\u0103...................\" \/>\n<meta name=\"robots\" content=\"index, follow, max-snippet:-1, max-image-preview:large, max-video-preview:-1\" \/>\n<link rel=\"canonical\" href=\"https:\/\/www.letsportsrock.com\/?p=17348\" \/>\n<meta property=\"og:locale\" content=\"en_US\" \/>\n<meta property=\"og:type\" content=\"article\" \/>\n<meta property=\"og:title\" content=\"\u0218tire de Ultim\u0103 Or\u0103: Starul Principal al FC Dinam\" \/>\n<meta property=\"og:description\" content=\"\u0218tire de Ultim\u0103 Or\u0103: Starul Principal al FC Dinamo Bucure\u0219ti Confirm\u0103 C\u0103 Vrea S\u0103 Se \u00centoarc\u0103...................\" \/>\n<meta property=\"og:url\" content=\"https:\/\/www.letsportsrock.com\/?p=17348\" \/>\n<meta property=\"og:site_name\" content=\"letsportsrock\" \/>\n<meta property=\"article:published_time\" content=\"2025-01-04T21:51:56+00:00\" \/>\n<meta property=\"og:image\" content=\"https:\/\/www.letsportsrock.com\/wp-content\/uploads\/2025\/01\/images-2025-01-04T225126.666.jpeg\" \/>\n\t<meta property=\"og:image:width\" content=\"739\" \/>\n\t<meta property=\"og:image:height\" content=\"415\" \/>\n\t<meta property=\"og:image:type\" content=\"image\/jpeg\" \/>\n<meta name=\"author\" content=\"letsportsrock\" \/>\n<meta name=\"twitter:card\" content=\"summary_large_image\" \/>\n<meta name=\"twitter:label1\" content=\"Written by\" \/>\n\t<meta name=\"twitter:data1\" content=\"letsportsrock\" \/>\n\t<meta name=\"twitter:label2\" content=\"Est. reading time\" \/>\n\t<meta name=\"twitter:data2\" content=\"2 minutes\" \/>\n<script type=\"application\/ld+json\" class=\"yoast-schema-graph\">{\"@context\":\"https:\\\/\\\/schema.org\",\"@graph\":[{\"@type\":\"Article\",\"@id\":\"https:\\\/\\\/www.letsportsrock.com\\\/?p=17348#article\",\"isPartOf\":{\"@id\":\"https:\\\/\\\/www.letsportsrock.com\\\/?p=17348\"},\"author\":{\"name\":\"letsportsrock\",\"@id\":\"https:\\\/\\\/www.letsportsrock.com\\\/#\\\/schema\\\/person\\\/a454ac24e58b214ddd97e4b5afb0bf01\"},\"headline\":\"\u0218tire de Ultim\u0103 Or\u0103: Starul Principal al FC Dinamo Bucure\u0219ti Confirm\u0103 C\u0103 Vrea S\u0103 Se \u00centoarc\u0103&#8230;\",\"datePublished\":\"2025-01-04T21:51:56+00:00\",\"mainEntityOfPage\":{\"@id\":\"https:\\\/\\\/www.letsportsrock.com\\\/?p=17348\"},\"wordCount\":332,\"commentCount\":0,\"image\":{\"@id\":\"https:\\\/\\\/www.letsportsrock.com\\\/?p=17348#primaryimage\"},\"thumbnailUrl\":\"https:\\\/\\\/www.letsportsrock.com\\\/wp-content\\\/uploads\\\/2025\\\/01\\\/images-2025-01-04T225126.666.jpeg\",\"inLanguage\":\"en-US\",\"potentialAction\":[{\"@type\":\"CommentAction\",\"name\":\"Comment\",\"target\":[\"https:\\\/\\\/www.letsportsrock.com\\\/?p=17348#respond\"]}]},{\"@type\":\"WebPage\",\"@id\":\"https:\\\/\\\/www.letsportsrock.com\\\/?p=17348\",\"url\":\"https:\\\/\\\/www.letsportsrock.com\\\/?p=17348\",\"name\":\"\u0218tire de Ultim\u0103 Or\u0103: Starul Principal al FC Dinam\",\"isPartOf\":{\"@id\":\"https:\\\/\\\/www.letsportsrock.com\\\/#website\"},\"primaryImageOfPage\":{\"@id\":\"https:\\\/\\\/www.letsportsrock.com\\\/?p=17348#primaryimage\"},\"image\":{\"@id\":\"https:\\\/\\\/www.letsportsrock.com\\\/?p=17348#primaryimage\"},\"thumbnailUrl\":\"https:\\\/\\\/www.letsportsrock.com\\\/wp-content\\\/uploads\\\/2025\\\/01\\\/images-2025-01-04T225126.666.jpeg\",\"datePublished\":\"2025-01-04T21:51:56+00:00\",\"author\":{\"@id\":\"https:\\\/\\\/www.letsportsrock.com\\\/#\\\/schema\\\/person\\\/a454ac24e58b214ddd97e4b5afb0bf01\"},\"description\":\"\u0218tire de Ultim\u0103 Or\u0103: Starul Principal al FC Dinamo Bucure\u0219ti Confirm\u0103 C\u0103 Vrea S\u0103 Se \u00centoarc\u0103...................\",\"breadcrumb\":{\"@id\":\"https:\\\/\\\/www.letsportsrock.com\\\/?p=17348#breadcrumb\"},\"inLanguage\":\"en-US\",\"potentialAction\":[{\"@type\":\"ReadAction\",\"target\":[\"https:\\\/\\\/www.letsportsrock.com\\\/?p=17348\"]}]},{\"@type\":\"ImageObject\",\"inLanguage\":\"en-US\",\"@id\":\"https:\\\/\\\/www.letsportsrock.com\\\/?p=17348#primaryimage\",\"url\":\"https:\\\/\\\/www.letsportsrock.com\\\/wp-content\\\/uploads\\\/2025\\\/01\\\/images-2025-01-04T225126.666.jpeg\",\"contentUrl\":\"https:\\\/\\\/www.letsportsrock.com\\\/wp-content\\\/uploads\\\/2025\\\/01\\\/images-2025-01-04T225126.666.jpeg\",\"width\":739,\"height\":415},{\"@type\":\"BreadcrumbList\",\"@id\":\"https:\\\/\\\/www.letsportsrock.com\\\/?p=17348#breadcrumb\",\"itemListElement\":[{\"@type\":\"ListItem\",\"position\":1,\"name\":\"Home\",\"item\":\"https:\\\/\\\/www.letsportsrock.com\\\/\"},{\"@type\":\"ListItem\",\"position\":2,\"name\":\"\u0218tire de Ultim\u0103 Or\u0103: Starul Principal al FC Dinamo Bucure\u0219ti Confirm\u0103 C\u0103 Vrea S\u0103 Se \u00centoarc\u0103&#8230;\"}]},{\"@type\":\"WebSite\",\"@id\":\"https:\\\/\\\/www.letsportsrock.com\\\/#website\",\"url\":\"https:\\\/\\\/www.letsportsrock.com\\\/\",\"name\":\"letsportsrock\",\"description\":\"Sport News and Updates\",\"potentialAction\":[{\"@type\":\"SearchAction\",\"target\":{\"@type\":\"EntryPoint\",\"urlTemplate\":\"https:\\\/\\\/www.letsportsrock.com\\\/?s={search_term_string}\"},\"query-input\":{\"@type\":\"PropertyValueSpecification\",\"valueRequired\":true,\"valueName\":\"search_term_string\"}}],\"inLanguage\":\"en-US\"},{\"@type\":\"Person\",\"@id\":\"https:\\\/\\\/www.letsportsrock.com\\\/#\\\/schema\\\/person\\\/a454ac24e58b214ddd97e4b5afb0bf01\",\"name\":\"letsportsrock\",\"image\":{\"@type\":\"ImageObject\",\"inLanguage\":\"en-US\",\"@id\":\"https:\\\/\\\/secure.gravatar.com\\\/avatar\\\/f8ef950cbb7574c0bc874094b8d307659bfe2d7aa4a9d26fa6917eff010748f9?s=96&d=mm&r=g\",\"url\":\"https:\\\/\\\/secure.gravatar.com\\\/avatar\\\/f8ef950cbb7574c0bc874094b8d307659bfe2d7aa4a9d26fa6917eff010748f9?s=96&d=mm&r=g\",\"contentUrl\":\"https:\\\/\\\/secure.gravatar.com\\\/avatar\\\/f8ef950cbb7574c0bc874094b8d307659bfe2d7aa4a9d26fa6917eff010748f9?s=96&d=mm&r=g\",\"caption\":\"letsportsrock\"},\"sameAs\":[\"https:\\\/\\\/www.letsportsrock.com\"],\"url\":\"https:\\\/\\\/www.letsportsrock.com\\\/?author=1\"}]}<\/script>\n<!-- \/ Yoast SEO plugin. -->","yoast_head_json":{"title":"\u0218tire de Ultim\u0103 Or\u0103: Starul Principal al FC Dinam","description":"\u0218tire de Ultim\u0103 Or\u0103: Starul Principal al FC Dinamo Bucure\u0219ti Confirm\u0103 C\u0103 Vrea S\u0103 Se \u00centoarc\u0103...................","robots":{"index":"index","follow":"follow","max-snippet":"max-snippet:-1","max-image-preview":"max-image-preview:large","max-video-preview":"max-video-preview:-1"},"canonical":"https:\/\/www.letsportsrock.com\/?p=17348","og_locale":"en_US","og_type":"article","og_title":"\u0218tire de Ultim\u0103 Or\u0103: Starul Principal al FC Dinam","og_description":"\u0218tire de Ultim\u0103 Or\u0103: Starul Principal al FC Dinamo Bucure\u0219ti Confirm\u0103 C\u0103 Vrea S\u0103 Se \u00centoarc\u0103...................","og_url":"https:\/\/www.letsportsrock.com\/?p=17348","og_site_name":"letsportsrock","article_published_time":"2025-01-04T21:51:56+00:00","og_image":[{"width":739,"height":415,"url":"https:\/\/www.letsportsrock.com\/wp-content\/uploads\/2025\/01\/images-2025-01-04T225126.666.jpeg","type":"image\/jpeg"}],"author":"letsportsrock","twitter_card":"summary_large_image","twitter_misc":{"Written by":"letsportsrock","Est. reading time":"2 minutes"},"schema":{"@context":"https:\/\/schema.org","@graph":[{"@type":"Article","@id":"https:\/\/www.letsportsrock.com\/?p=17348#article","isPartOf":{"@id":"https:\/\/www.letsportsrock.com\/?p=17348"},"author":{"name":"letsportsrock","@id":"https:\/\/www.letsportsrock.com\/#\/schema\/person\/a454ac24e58b214ddd97e4b5afb0bf01"},"headline":"\u0218tire de Ultim\u0103 Or\u0103: Starul Principal al FC Dinamo Bucure\u0219ti Confirm\u0103 C\u0103 Vrea S\u0103 Se \u00centoarc\u0103&#8230;","datePublished":"2025-01-04T21:51:56+00:00","mainEntityOfPage":{"@id":"https:\/\/www.letsportsrock.com\/?p=17348"},"wordCount":332,"commentCount":0,"image":{"@id":"https:\/\/www.letsportsrock.com\/?p=17348#primaryimage"},"thumbnailUrl":"https:\/\/www.letsportsrock.com\/wp-content\/uploads\/2025\/01\/images-2025-01-04T225126.666.jpeg","inLanguage":"en-US","potentialAction":[{"@type":"CommentAction","name":"Comment","target":["https:\/\/www.letsportsrock.com\/?p=17348#respond"]}]},{"@type":"WebPage","@id":"https:\/\/www.letsportsrock.com\/?p=17348","url":"https:\/\/www.letsportsrock.com\/?p=17348","name":"\u0218tire de Ultim\u0103 Or\u0103: Starul Principal al FC Dinam","isPartOf":{"@id":"https:\/\/www.letsportsrock.com\/#website"},"primaryImageOfPage":{"@id":"https:\/\/www.letsportsrock.com\/?p=17348#primaryimage"},"image":{"@id":"https:\/\/www.letsportsrock.com\/?p=17348#primaryimage"},"thumbnailUrl":"https:\/\/www.letsportsrock.com\/wp-content\/uploads\/2025\/01\/images-2025-01-04T225126.666.jpeg","datePublished":"2025-01-04T21:51:56+00:00","author":{"@id":"https:\/\/www.letsportsrock.com\/#\/schema\/person\/a454ac24e58b214ddd97e4b5afb0bf01"},"description":"\u0218tire de Ultim\u0103 Or\u0103: Starul Principal al FC Dinamo Bucure\u0219ti Confirm\u0103 C\u0103 Vrea S\u0103 Se \u00centoarc\u0103...................","breadcrumb":{"@id":"https:\/\/www.letsportsrock.com\/?p=17348#breadcrumb"},"inLanguage":"en-US","potentialAction":[{"@type":"ReadAction","target":["https:\/\/www.letsportsrock.com\/?p=17348"]}]},{"@type":"ImageObject","inLanguage":"en-US","@id":"https:\/\/www.letsportsrock.com\/?p=17348#primaryimage","url":"https:\/\/www.letsportsrock.com\/wp-content\/uploads\/2025\/01\/images-2025-01-04T225126.666.jpeg","contentUrl":"https:\/\/www.letsportsrock.com\/wp-content\/uploads\/2025\/01\/images-2025-01-04T225126.666.jpeg","width":739,"height":415},{"@type":"BreadcrumbList","@id":"https:\/\/www.letsportsrock.com\/?p=17348#breadcrumb","itemListElement":[{"@type":"ListItem","position":1,"name":"Home","item":"https:\/\/www.letsportsrock.com\/"},{"@type":"ListItem","position":2,"name":"\u0218tire de Ultim\u0103 Or\u0103: Starul Principal al FC Dinamo Bucure\u0219ti Confirm\u0103 C\u0103 Vrea S\u0103 Se \u00centoarc\u0103&#8230;"}]},{"@type":"WebSite","@id":"https:\/\/www.letsportsrock.com\/#website","url":"https:\/\/www.letsportsrock.com\/","name":"letsportsrock","description":"Sport News and Updates","potentialAction":[{"@type":"SearchAction","target":{"@type":"EntryPoint","urlTemplate":"https:\/\/www.letsportsrock.com\/?s={search_term_string}"},"query-input":{"@type":"PropertyValueSpecification","valueRequired":true,"valueName":"search_term_string"}}],"inLanguage":"en-US"},{"@type":"Person","@id":"https:\/\/www.letsportsrock.com\/#\/schema\/person\/a454ac24e58b214ddd97e4b5afb0bf01","name":"letsportsrock","image":{"@type":"ImageObject","inLanguage":"en-US","@id":"https:\/\/secure.gravatar.com\/avatar\/f8ef950cbb7574c0bc874094b8d307659bfe2d7aa4a9d26fa6917eff010748f9?s=96&d=mm&r=g","url":"https:\/\/secure.gravatar.com\/avatar\/f8ef950cbb7574c0bc874094b8d307659bfe2d7aa4a9d26fa6917eff010748f9?s=96&d=mm&r=g","contentUrl":"https:\/\/secure.gravatar.com\/avatar\/f8ef950cbb7574c0bc874094b8d307659bfe2d7aa4a9d26fa6917eff010748f9?s=96&d=mm&r=g","caption":"letsportsrock"},"sameAs":["https:\/\/www.letsportsrock.com"],"url":"https:\/\/www.letsportsrock.com\/?author=1"}]}},"jetpack_featured_media_url":"https:\/\/www.letsportsrock.com\/wp-content\/uploads\/2025\/01\/images-2025-01-04T225126.666.jpeg","jetpack_sharing_enabled":true,"_links":{"self":[{"href":"https:\/\/www.letsportsrock.com\/index.php?rest_route=\/wp\/v2\/posts\/17348","targetHints":{"allow":["GET"]}}],"collection":[{"href":"https:\/\/www.letsportsrock.com\/index.php?rest_route=\/wp\/v2\/posts"}],"about":[{"href":"https:\/\/www.letsportsrock.com\/index.php?rest_route=\/wp\/v2\/types\/post"}],"author":[{"embeddable":true,"href":"https:\/\/www.letsportsrock.com\/index.php?rest_route=\/wp\/v2\/users\/1"}],"replies":[{"embeddable":true,"href":"https:\/\/www.letsportsrock.com\/index.php?rest_route=%2Fwp%2Fv2%2Fcomments&post=17348"}],"version-history":[{"count":1,"href":"https:\/\/www.letsportsrock.com\/index.php?rest_route=\/wp\/v2\/posts\/17348\/revisions"}],"predecessor-version":[{"id":17350,"href":"https:\/\/www.letsportsrock.com\/index.php?rest_route=\/wp\/v2\/posts\/17348\/revisions\/17350"}],"wp:featuredmedia":[{"embeddable":true,"href":"https:\/\/www.letsportsrock.com\/index.php?rest_route=\/wp\/v2\/media\/17349"}],"wp:attachment":[{"href":"https:\/\/www.letsportsrock.com\/index.php?rest_route=%2Fwp%2Fv2%2Fmedia&parent=17348"}],"wp:term":[{"taxonomy":"category","embeddable":true,"href":"https:\/\/www.letsportsrock.com\/index.php?rest_route=%2Fwp%2Fv2%2Fcategories&post=17348"},{"taxonomy":"post_tag","embeddable":true,"href":"https:\/\/www.letsportsrock.com\/index.php?rest_route=%2Fwp%2Fv2%2Ftags&post=17348"}],"curies":[{"name":"wp","href":"https:\/\/api.w.org\/{rel}","templated":true}]}}