{"id":17653,"date":"2025-01-06T09:03:35","date_gmt":"2025-01-06T09:03:35","guid":{"rendered":"https:\/\/www.letsportsrock.com\/?p=17653"},"modified":"2025-01-06T09:03:35","modified_gmt":"2025-01-06T09:03:35","slug":"exclusiv-fc-dinamo-se-pregateste-sa-semneze-un-transfer-de-la-rapid-bucuresti-care-va-soca-fotbalul-romanesc-4","status":"publish","type":"post","link":"https:\/\/www.letsportsrock.com\/?p=17653","title":{"rendered":"Exclusiv: FC Dinamo se preg\u0103te\u0219te s\u0103 semneze un transfer de la Rapid Bucure\u0219ti care va \u0219oca fotbalul rom\u00e2nesc!\u2026"},"content":{"rendered":"<div class=\"d79db4796efc26332eabfc3f5dafbc76\" data-index=\"1\" style=\"float: none; margin:10px 0 10px 0; text-align:center;\">\n<div class=\"hb-ad-inarticle\">\r\n    <div class=\"hb-ad-inner\"> \r\n    <div class=\"hbagency_cls\"  id=\"hbagency_space_111930\"><\/div><\/div> <\/div>\n<\/div>\n<p>Exclusiv: FC Dinamo se preg\u0103te\u0219te s\u0103 semneze un transfer de la Rapid Bucure\u0219ti care va \u0219oca fotbalul rom\u00e2nesc!\u2026<\/p>\n<p>&nbsp;<\/p>\n<p>\u00centr-o mi\u0219care surprinz\u0103toare care a captat aten\u021bia fanilor fotbalului rom\u00e2nesc, FC Dinamo Bucure\u0219ti a reu\u0219it transferul mijloca\u0219ului ofensiv C\u0103t\u0103lin C\u00eerjan de la rivala Rapid Bucure\u0219ti. Aceast\u0103 mutare a fost oficializat\u0103 pe 13 iunie 2024, c\u00e2nd C\u00eerjan a semnat un contract pe trei ani cu Dinamo, primind tricoul cu num\u0103rul 10.<\/p>\n<p><img loading=\"lazy\" decoding=\"async\" class=\"alignnone size-medium wp-image-17655\" src=\"https:\/\/www.letsportsrock.com\/wp-content\/uploads\/2025\/01\/images-2025-01-06T100221.365-300x168.jpeg\" alt=\"\" width=\"300\" height=\"168\" srcset=\"https:\/\/www.letsportsrock.com\/wp-content\/uploads\/2025\/01\/images-2025-01-06T100221.365-300x168.jpeg 300w, https:\/\/www.letsportsrock.com\/wp-content\/uploads\/2025\/01\/images-2025-01-06T100221.365.jpeg 739w\" sizes=\"auto, (max-width: 300px) 100vw, 300px\" \/><\/p>\n<p>C\u00eerjan, \u00een v\u00e2rst\u0103 de 21 de ani, \u0219i-a \u00eenceput cariera la Arsenal Londra, unde a evoluat la nivel de tineret. \u00cen vara anului 2023, a fost \u00eemprumutat la Rapid Bucure\u0219ti, \u00eens\u0103 nu a reu\u0219it s\u0103 se impun\u0103 ca titular incontestabil, acumul\u00e2nd doar \u0219apte prezen\u021be ca titular \u00een 17 meciuri de Liga I, f\u0103r\u0103 a marca vreun gol.<\/p>\n<p>&nbsp;<\/p>\n<p>Transferul s\u0103u la Dinamo a fost considerat o lovitur\u0103 de imagine, av\u00e2nd \u00een vedere rivalitatea istoric\u0103 dintre cele dou\u0103 cluburi bucure\u0219tene. Debutul lui C\u00eerjan pentru &#8220;c\u00e2ini&#8221; a fost impresionant; pe 14 iulie 2024, a marcat un gol \u00een meciul \u00eempotriva CFR Cluj, de\u0219i echipa sa a pierdut cu 2-3. O s\u0103pt\u0103m\u00e2n\u0103 mai t\u00e2rziu, a contribuit din nou pe tabela de marcaj \u00een victoria cu 4-1 \u00eempotriva Petrolului Ploie\u0219ti.<\/p>\n<p>&nbsp;<\/p>\n<p>Evolu\u021biile sale remarcabile au fost recunoscute, C\u00eerjan fiind desemnat Juc\u0103torul Lunii Iulie 2024 de c\u0103tre Gazeta Sporturilor. Aceast\u0103 performan\u021b\u0103 a consolidat statutul s\u0103u de juc\u0103tor-cheie \u00een angrenajul echipei antrenate de Zeljko Kopic, care a anun\u021bat recent inten\u021bia de a aduce \u0219i al\u021bi juc\u0103tori pentru a \u00eent\u0103ri lotul.<\/p>\n<p>&nbsp;<\/p>\n<p>Transferul lui C\u00eerjan de la Rapid la Dinamo nu doar c\u0103 a \u00eent\u0103rit linia median\u0103 a &#8220;c\u00e2inilor ro\u0219ii&#8221;, dar a \u0219i ad\u0103ugat un plus de savoare rivalit\u0103\u021bii dintre cele dou\u0103 cluburi, promi\u021b\u00e2nd dueluri \u0219i mai intense \u00een viitorul apropiat.<\/p>\n\n<div style=\"font-size: 0px; height: 0px; line-height: 0px; margin: 0; padding: 0; clear: both;\"><\/div>","protected":false},"excerpt":{"rendered":"<p>Exclusiv: FC Dinamo se preg\u0103te\u0219te s\u0103 semneze un transfer de la Rapid Bucure\u0219ti care va \u0219oca fotbalul rom\u00e2nesc!\u2026 &nbsp; \u00centr-o mi\u0219care surprinz\u0103toare care a captat aten\u021bia fanilor fotbalului rom\u00e2nesc, FC Dinamo Bucure\u0219ti a reu\u0219it transferul mijloca\u0219ului ofensiv C\u0103t\u0103lin C\u00eerjan de la rivala Rapid Bucure\u0219ti. Aceast\u0103 mutare a fost oficializat\u0103 pe 13 iunie 2024, c\u00e2nd C\u00eerjan [&hellip;]<\/p>\n","protected":false},"author":9,"featured_media":17654,"comment_status":"open","ping_status":"open","sticky":false,"template":"","format":"standard","meta":{"_jetpack_memberships_contains_paid_content":false,"footnotes":""},"categories":[1],"tags":[419],"class_list":["post-17653","post","type-post","status-publish","format-standard","has-post-thumbnail","hentry","category-uncategorized","tag-fc-dinamo-bucuresti"],"yoast_head":"<!-- This site is optimized with the Yoast SEO plugin v27.5 - https:\/\/yoast.com\/product\/yoast-seo-wordpress\/ -->\n<title>Exclusiv: FC Dinamo se preg\u0103te\u0219te s\u0103 semneze un transfer de la....<\/title>\n<meta name=\"description\" content=\"Exclusiv: FC Dinamo se preg\u0103te\u0219te s\u0103 semneze un transfer de la Rapid Bucure\u0219ti care va \u0219oca fotbalul rom\u00e2nesc!\u2026\" \/>\n<meta name=\"robots\" content=\"index, follow, max-snippet:-1, max-image-preview:large, max-video-preview:-1\" \/>\n<link rel=\"canonical\" href=\"https:\/\/www.letsportsrock.com\/?p=17653\" \/>\n<meta property=\"og:locale\" content=\"en_US\" \/>\n<meta property=\"og:type\" content=\"article\" \/>\n<meta property=\"og:title\" content=\"Exclusiv: FC Dinamo se preg\u0103te\u0219te s\u0103 semneze un transfer de la....\" \/>\n<meta property=\"og:description\" content=\"Exclusiv: FC Dinamo se preg\u0103te\u0219te s\u0103 semneze un transfer de la Rapid Bucure\u0219ti care va \u0219oca fotbalul rom\u00e2nesc!\u2026\" \/>\n<meta property=\"og:url\" content=\"https:\/\/www.letsportsrock.com\/?p=17653\" \/>\n<meta property=\"og:site_name\" content=\"letsportsrock\" \/>\n<meta property=\"article:published_time\" content=\"2025-01-06T09:03:35+00:00\" \/>\n<meta property=\"og:image\" content=\"https:\/\/www.letsportsrock.com\/wp-content\/uploads\/2025\/01\/images-2025-01-06T100133.420.jpeg\" \/>\n\t<meta property=\"og:image:width\" content=\"500\" \/>\n\t<meta property=\"og:image:height\" content=\"337\" \/>\n\t<meta property=\"og:image:type\" content=\"image\/jpeg\" \/>\n<meta name=\"author\" content=\"Paul Hembaor\" \/>\n<meta name=\"twitter:card\" content=\"summary_large_image\" \/>\n<meta name=\"twitter:label1\" content=\"Written by\" \/>\n\t<meta name=\"twitter:data1\" content=\"Paul Hembaor\" \/>\n\t<meta name=\"twitter:label2\" content=\"Est. reading time\" \/>\n\t<meta name=\"twitter:data2\" content=\"2 minutes\" \/>\n<script type=\"application\/ld+json\" class=\"yoast-schema-graph\">{\"@context\":\"https:\\\/\\\/schema.org\",\"@graph\":[{\"@type\":\"Article\",\"@id\":\"https:\\\/\\\/www.letsportsrock.com\\\/?p=17653#article\",\"isPartOf\":{\"@id\":\"https:\\\/\\\/www.letsportsrock.com\\\/?p=17653\"},\"author\":{\"name\":\"Paul Hembaor\",\"@id\":\"https:\\\/\\\/www.letsportsrock.com\\\/#\\\/schema\\\/person\\\/97aa0f336f5a3ca15a8ec7d78846f045\"},\"headline\":\"Exclusiv: FC Dinamo se preg\u0103te\u0219te s\u0103 semneze un transfer de la Rapid Bucure\u0219ti care va \u0219oca fotbalul rom\u00e2nesc!\u2026\",\"datePublished\":\"2025-01-06T09:03:35+00:00\",\"mainEntityOfPage\":{\"@id\":\"https:\\\/\\\/www.letsportsrock.com\\\/?p=17653\"},\"wordCount\":350,\"commentCount\":0,\"image\":{\"@id\":\"https:\\\/\\\/www.letsportsrock.com\\\/?p=17653#primaryimage\"},\"thumbnailUrl\":\"https:\\\/\\\/www.letsportsrock.com\\\/wp-content\\\/uploads\\\/2025\\\/01\\\/images-2025-01-06T100133.420.jpeg\",\"keywords\":[\"Fc Dinamo bucuresti\"],\"inLanguage\":\"en-US\",\"potentialAction\":[{\"@type\":\"CommentAction\",\"name\":\"Comment\",\"target\":[\"https:\\\/\\\/www.letsportsrock.com\\\/?p=17653#respond\"]}]},{\"@type\":\"WebPage\",\"@id\":\"https:\\\/\\\/www.letsportsrock.com\\\/?p=17653\",\"url\":\"https:\\\/\\\/www.letsportsrock.com\\\/?p=17653\",\"name\":\"Exclusiv: FC Dinamo se preg\u0103te\u0219te s\u0103 semneze un transfer de la....\",\"isPartOf\":{\"@id\":\"https:\\\/\\\/www.letsportsrock.com\\\/#website\"},\"primaryImageOfPage\":{\"@id\":\"https:\\\/\\\/www.letsportsrock.com\\\/?p=17653#primaryimage\"},\"image\":{\"@id\":\"https:\\\/\\\/www.letsportsrock.com\\\/?p=17653#primaryimage\"},\"thumbnailUrl\":\"https:\\\/\\\/www.letsportsrock.com\\\/wp-content\\\/uploads\\\/2025\\\/01\\\/images-2025-01-06T100133.420.jpeg\",\"datePublished\":\"2025-01-06T09:03:35+00:00\",\"author\":{\"@id\":\"https:\\\/\\\/www.letsportsrock.com\\\/#\\\/schema\\\/person\\\/97aa0f336f5a3ca15a8ec7d78846f045\"},\"description\":\"Exclusiv: FC Dinamo se preg\u0103te\u0219te s\u0103 semneze un transfer de la Rapid Bucure\u0219ti care va \u0219oca fotbalul rom\u00e2nesc!\u2026\",\"breadcrumb\":{\"@id\":\"https:\\\/\\\/www.letsportsrock.com\\\/?p=17653#breadcrumb\"},\"inLanguage\":\"en-US\",\"potentialAction\":[{\"@type\":\"ReadAction\",\"target\":[\"https:\\\/\\\/www.letsportsrock.com\\\/?p=17653\"]}]},{\"@type\":\"ImageObject\",\"inLanguage\":\"en-US\",\"@id\":\"https:\\\/\\\/www.letsportsrock.com\\\/?p=17653#primaryimage\",\"url\":\"https:\\\/\\\/www.letsportsrock.com\\\/wp-content\\\/uploads\\\/2025\\\/01\\\/images-2025-01-06T100133.420.jpeg\",\"contentUrl\":\"https:\\\/\\\/www.letsportsrock.com\\\/wp-content\\\/uploads\\\/2025\\\/01\\\/images-2025-01-06T100133.420.jpeg\",\"width\":500,\"height\":337},{\"@type\":\"BreadcrumbList\",\"@id\":\"https:\\\/\\\/www.letsportsrock.com\\\/?p=17653#breadcrumb\",\"itemListElement\":[{\"@type\":\"ListItem\",\"position\":1,\"name\":\"Home\",\"item\":\"https:\\\/\\\/www.letsportsrock.com\\\/\"},{\"@type\":\"ListItem\",\"position\":2,\"name\":\"Exclusiv: FC Dinamo se preg\u0103te\u0219te s\u0103 semneze un transfer de la Rapid Bucure\u0219ti care va \u0219oca fotbalul rom\u00e2nesc!\u2026\"}]},{\"@type\":\"WebSite\",\"@id\":\"https:\\\/\\\/www.letsportsrock.com\\\/#website\",\"url\":\"https:\\\/\\\/www.letsportsrock.com\\\/\",\"name\":\"letsportsrock\",\"description\":\"Sport News and Updates\",\"potentialAction\":[{\"@type\":\"SearchAction\",\"target\":{\"@type\":\"EntryPoint\",\"urlTemplate\":\"https:\\\/\\\/www.letsportsrock.com\\\/?s={search_term_string}\"},\"query-input\":{\"@type\":\"PropertyValueSpecification\",\"valueRequired\":true,\"valueName\":\"search_term_string\"}}],\"inLanguage\":\"en-US\"},{\"@type\":\"Person\",\"@id\":\"https:\\\/\\\/www.letsportsrock.com\\\/#\\\/schema\\\/person\\\/97aa0f336f5a3ca15a8ec7d78846f045\",\"name\":\"Paul Hembaor\",\"image\":{\"@type\":\"ImageObject\",\"inLanguage\":\"en-US\",\"@id\":\"https:\\\/\\\/secure.gravatar.com\\\/avatar\\\/0574929a03c152e8ea7939c31311f9ea2fe2e06139cd71e2d6e698c217219d60?s=96&d=mm&r=g\",\"url\":\"https:\\\/\\\/secure.gravatar.com\\\/avatar\\\/0574929a03c152e8ea7939c31311f9ea2fe2e06139cd71e2d6e698c217219d60?s=96&d=mm&r=g\",\"contentUrl\":\"https:\\\/\\\/secure.gravatar.com\\\/avatar\\\/0574929a03c152e8ea7939c31311f9ea2fe2e06139cd71e2d6e698c217219d60?s=96&d=mm&r=g\",\"caption\":\"Paul Hembaor\"},\"sameAs\":[\"https:\\\/\\\/www.letsportsrock.com\\\/wp-admin\\\/\"],\"url\":\"https:\\\/\\\/www.letsportsrock.com\\\/?author=9\"}]}<\/script>\n<!-- \/ Yoast SEO plugin. -->","yoast_head_json":{"title":"Exclusiv: FC Dinamo se preg\u0103te\u0219te s\u0103 semneze un transfer de la....","description":"Exclusiv: FC Dinamo se preg\u0103te\u0219te s\u0103 semneze un transfer de la Rapid Bucure\u0219ti care va \u0219oca fotbalul rom\u00e2nesc!\u2026","robots":{"index":"index","follow":"follow","max-snippet":"max-snippet:-1","max-image-preview":"max-image-preview:large","max-video-preview":"max-video-preview:-1"},"canonical":"https:\/\/www.letsportsrock.com\/?p=17653","og_locale":"en_US","og_type":"article","og_title":"Exclusiv: FC Dinamo se preg\u0103te\u0219te s\u0103 semneze un transfer de la....","og_description":"Exclusiv: FC Dinamo se preg\u0103te\u0219te s\u0103 semneze un transfer de la Rapid Bucure\u0219ti care va \u0219oca fotbalul rom\u00e2nesc!\u2026","og_url":"https:\/\/www.letsportsrock.com\/?p=17653","og_site_name":"letsportsrock","article_published_time":"2025-01-06T09:03:35+00:00","og_image":[{"width":500,"height":337,"url":"https:\/\/www.letsportsrock.com\/wp-content\/uploads\/2025\/01\/images-2025-01-06T100133.420.jpeg","type":"image\/jpeg"}],"author":"Paul Hembaor","twitter_card":"summary_large_image","twitter_misc":{"Written by":"Paul Hembaor","Est. reading time":"2 minutes"},"schema":{"@context":"https:\/\/schema.org","@graph":[{"@type":"Article","@id":"https:\/\/www.letsportsrock.com\/?p=17653#article","isPartOf":{"@id":"https:\/\/www.letsportsrock.com\/?p=17653"},"author":{"name":"Paul Hembaor","@id":"https:\/\/www.letsportsrock.com\/#\/schema\/person\/97aa0f336f5a3ca15a8ec7d78846f045"},"headline":"Exclusiv: FC Dinamo se preg\u0103te\u0219te s\u0103 semneze un transfer de la Rapid Bucure\u0219ti care va \u0219oca fotbalul rom\u00e2nesc!\u2026","datePublished":"2025-01-06T09:03:35+00:00","mainEntityOfPage":{"@id":"https:\/\/www.letsportsrock.com\/?p=17653"},"wordCount":350,"commentCount":0,"image":{"@id":"https:\/\/www.letsportsrock.com\/?p=17653#primaryimage"},"thumbnailUrl":"https:\/\/www.letsportsrock.com\/wp-content\/uploads\/2025\/01\/images-2025-01-06T100133.420.jpeg","keywords":["Fc Dinamo bucuresti"],"inLanguage":"en-US","potentialAction":[{"@type":"CommentAction","name":"Comment","target":["https:\/\/www.letsportsrock.com\/?p=17653#respond"]}]},{"@type":"WebPage","@id":"https:\/\/www.letsportsrock.com\/?p=17653","url":"https:\/\/www.letsportsrock.com\/?p=17653","name":"Exclusiv: FC Dinamo se preg\u0103te\u0219te s\u0103 semneze un transfer de la....","isPartOf":{"@id":"https:\/\/www.letsportsrock.com\/#website"},"primaryImageOfPage":{"@id":"https:\/\/www.letsportsrock.com\/?p=17653#primaryimage"},"image":{"@id":"https:\/\/www.letsportsrock.com\/?p=17653#primaryimage"},"thumbnailUrl":"https:\/\/www.letsportsrock.com\/wp-content\/uploads\/2025\/01\/images-2025-01-06T100133.420.jpeg","datePublished":"2025-01-06T09:03:35+00:00","author":{"@id":"https:\/\/www.letsportsrock.com\/#\/schema\/person\/97aa0f336f5a3ca15a8ec7d78846f045"},"description":"Exclusiv: FC Dinamo se preg\u0103te\u0219te s\u0103 semneze un transfer de la Rapid Bucure\u0219ti care va \u0219oca fotbalul rom\u00e2nesc!\u2026","breadcrumb":{"@id":"https:\/\/www.letsportsrock.com\/?p=17653#breadcrumb"},"inLanguage":"en-US","potentialAction":[{"@type":"ReadAction","target":["https:\/\/www.letsportsrock.com\/?p=17653"]}]},{"@type":"ImageObject","inLanguage":"en-US","@id":"https:\/\/www.letsportsrock.com\/?p=17653#primaryimage","url":"https:\/\/www.letsportsrock.com\/wp-content\/uploads\/2025\/01\/images-2025-01-06T100133.420.jpeg","contentUrl":"https:\/\/www.letsportsrock.com\/wp-content\/uploads\/2025\/01\/images-2025-01-06T100133.420.jpeg","width":500,"height":337},{"@type":"BreadcrumbList","@id":"https:\/\/www.letsportsrock.com\/?p=17653#breadcrumb","itemListElement":[{"@type":"ListItem","position":1,"name":"Home","item":"https:\/\/www.letsportsrock.com\/"},{"@type":"ListItem","position":2,"name":"Exclusiv: FC Dinamo se preg\u0103te\u0219te s\u0103 semneze un transfer de la Rapid Bucure\u0219ti care va \u0219oca fotbalul rom\u00e2nesc!\u2026"}]},{"@type":"WebSite","@id":"https:\/\/www.letsportsrock.com\/#website","url":"https:\/\/www.letsportsrock.com\/","name":"letsportsrock","description":"Sport News and Updates","potentialAction":[{"@type":"SearchAction","target":{"@type":"EntryPoint","urlTemplate":"https:\/\/www.letsportsrock.com\/?s={search_term_string}"},"query-input":{"@type":"PropertyValueSpecification","valueRequired":true,"valueName":"search_term_string"}}],"inLanguage":"en-US"},{"@type":"Person","@id":"https:\/\/www.letsportsrock.com\/#\/schema\/person\/97aa0f336f5a3ca15a8ec7d78846f045","name":"Paul Hembaor","image":{"@type":"ImageObject","inLanguage":"en-US","@id":"https:\/\/secure.gravatar.com\/avatar\/0574929a03c152e8ea7939c31311f9ea2fe2e06139cd71e2d6e698c217219d60?s=96&d=mm&r=g","url":"https:\/\/secure.gravatar.com\/avatar\/0574929a03c152e8ea7939c31311f9ea2fe2e06139cd71e2d6e698c217219d60?s=96&d=mm&r=g","contentUrl":"https:\/\/secure.gravatar.com\/avatar\/0574929a03c152e8ea7939c31311f9ea2fe2e06139cd71e2d6e698c217219d60?s=96&d=mm&r=g","caption":"Paul Hembaor"},"sameAs":["https:\/\/www.letsportsrock.com\/wp-admin\/"],"url":"https:\/\/www.letsportsrock.com\/?author=9"}]}},"jetpack_featured_media_url":"https:\/\/www.letsportsrock.com\/wp-content\/uploads\/2025\/01\/images-2025-01-06T100133.420.jpeg","jetpack_sharing_enabled":true,"_links":{"self":[{"href":"https:\/\/www.letsportsrock.com\/index.php?rest_route=\/wp\/v2\/posts\/17653","targetHints":{"allow":["GET"]}}],"collection":[{"href":"https:\/\/www.letsportsrock.com\/index.php?rest_route=\/wp\/v2\/posts"}],"about":[{"href":"https:\/\/www.letsportsrock.com\/index.php?rest_route=\/wp\/v2\/types\/post"}],"author":[{"embeddable":true,"href":"https:\/\/www.letsportsrock.com\/index.php?rest_route=\/wp\/v2\/users\/9"}],"replies":[{"embeddable":true,"href":"https:\/\/www.letsportsrock.com\/index.php?rest_route=%2Fwp%2Fv2%2Fcomments&post=17653"}],"version-history":[{"count":1,"href":"https:\/\/www.letsportsrock.com\/index.php?rest_route=\/wp\/v2\/posts\/17653\/revisions"}],"predecessor-version":[{"id":17656,"href":"https:\/\/www.letsportsrock.com\/index.php?rest_route=\/wp\/v2\/posts\/17653\/revisions\/17656"}],"wp:featuredmedia":[{"embeddable":true,"href":"https:\/\/www.letsportsrock.com\/index.php?rest_route=\/wp\/v2\/media\/17654"}],"wp:attachment":[{"href":"https:\/\/www.letsportsrock.com\/index.php?rest_route=%2Fwp%2Fv2%2Fmedia&parent=17653"}],"wp:term":[{"taxonomy":"category","embeddable":true,"href":"https:\/\/www.letsportsrock.com\/index.php?rest_route=%2Fwp%2Fv2%2Fcategories&post=17653"},{"taxonomy":"post_tag","embeddable":true,"href":"https:\/\/www.letsportsrock.com\/index.php?rest_route=%2Fwp%2Fv2%2Ftags&post=17653"}],"curies":[{"name":"wp","href":"https:\/\/api.w.org\/{rel}","templated":true}]}}