{"id":17731,"date":"2025-01-06T20:11:17","date_gmt":"2025-01-06T20:11:17","guid":{"rendered":"https:\/\/www.letsportsrock.com\/?p=17731"},"modified":"2025-01-06T20:13:27","modified_gmt":"2025-01-06T20:13:27","slug":"asa-cum-se-precizeaza-un-super-jucator-a-anuntat-ca-nu-va-mai-juca-pentru-fc-rapid-bucuresti-din-cauza","status":"publish","type":"post","link":"https:\/\/www.letsportsrock.com\/?p=17731","title":{"rendered":"A\u0219a cum se precizeaz\u0103, un super juc\u0103tor a anun\u021bat c\u0103 nu va mai juca pentru FC Rapid Bucure\u0219ti din cauza&#8230;"},"content":{"rendered":"<div class=\"d79db4796efc26332eabfc3f5dafbc76\" data-index=\"1\" style=\"float: none; margin:10px 0 10px 0; text-align:center;\">\n<div class=\"hb-ad-inarticle\">\r\n    <div class=\"hb-ad-inner\"> \r\n    <div class=\"hbagency_cls\"  id=\"hbagency_space_111930\"><\/div><\/div> <\/div>\n<\/div>\n<p>A\u0219a cum se precizeaz\u0103, un super juc\u0103tor a anun\u021bat c\u0103 nu va mai juca pentru FC Rapid Bucure\u0219ti din cauza unor ne\u00een\u021belegeri legate de condi\u021biile contractuale \u0219i de viziunea echipei pentru viitor. Aceasta este o veste care a \u0219ocat nu doar fanii clubului, dar \u0219i \u00eentreaga comunitate fotbalistic\u0103 din Rom\u00e2nia, av\u00e2nd \u00een vedere impactul pe care acest juc\u0103tor l-a avut \u00een ultima perioad\u0103 asupra performan\u021bei echipei.<\/p>\n<p>&nbsp;<\/p>\n<p>Juc\u0103torul, care a fost un pilon de baz\u0103 al echipei, s-a f\u0103cut remarcat prin abilit\u0103\u021bile sale tehnice deosebite \u0219i prin contribu\u021bia consistent\u0103 la succesul echipei \u00een competi\u021biile interne \u0219i interna\u021bionale. Cu toate acestea, se pare c\u0103 au ap\u0103rut diferen\u021be semnificative \u00eentre dorin\u021bele sale \u0219i obiectivele clubului. Aceste divergen\u021be au dus la o ruptur\u0103 a rela\u021biei de colaborare, iar juc\u0103torul a luat decizia dificil\u0103 de a nu mai semna un nou contract cu Rapid Bucure\u0219ti.<\/p>\n<p>&nbsp;<\/p>\n<p>De\u0219i oficialii clubului au \u00eencercat s\u0103 rezolve situa\u021bia prin negocieri \u0219i s\u0103-l conving\u0103 s\u0103 r\u0103m\u00e2n\u0103, juc\u0103torul a preferat s\u0103 \u00ee\u0219i urmeze calea \u0219i s\u0103 \u00ee\u0219i caute noi provoc\u0103ri \u00een alt\u0103 parte. De asemenea, surse din apropierea juc\u0103torului sus\u021bin c\u0103 motivele sale sunt legate \u0219i de un anumit disconfort \u00een ceea ce prive\u0219te atmosfera din interiorul clubului \u0219i viziunea antrenorului, care nu mai corespunde cu a\u0219tept\u0103rile sale personale \u0219i profesionale.<\/p>\n<p>&nbsp;<\/p>\n<p>Aceast\u0103 plecare marcheaz\u0103 un punct de cotitur\u0103 \u00een cariera juc\u0103torului, dar \u0219i \u00een evolu\u021bia echipei FC Rapid Bucure\u0219ti, care va trebui s\u0103 \u00ee\u0219i reg\u0103seasc\u0103 echilibrul \u0219i s\u0103 \u00ee\u0219i construiasc\u0103 un nou lot pentru a face fa\u021b\u0103 provoc\u0103rilor viitoare. R\u0103m\u00e2ne de v\u0103zut cum va reac\u021biona clubul \u0219i fanii la aceast\u0103 schimbare important\u0103.<\/p>\n\n<div style=\"font-size: 0px; height: 0px; line-height: 0px; margin: 0; padding: 0; clear: both;\"><\/div>","protected":false},"excerpt":{"rendered":"<p>A\u0219a cum se precizeaz\u0103, un super juc\u0103tor a anun\u021bat c\u0103 nu va mai juca pentru FC Rapid Bucure\u0219ti din cauza unor ne\u00een\u021belegeri legate de condi\u021biile contractuale \u0219i de viziunea echipei pentru viitor. Aceasta este o veste care a \u0219ocat nu doar fanii clubului, dar \u0219i \u00eentreaga comunitate fotbalistic\u0103 din Rom\u00e2nia, av\u00e2nd \u00een vedere impactul pe [&hellip;]<\/p>\n","protected":false},"author":1,"featured_media":17733,"comment_status":"open","ping_status":"open","sticky":false,"template":"","format":"standard","meta":{"_jetpack_memberships_contains_paid_content":false,"footnotes":""},"categories":[1],"tags":[],"class_list":["post-17731","post","type-post","status-publish","format-standard","has-post-thumbnail","hentry","category-uncategorized"],"yoast_head":"<!-- This site is optimized with the Yoast SEO plugin v27.4 - https:\/\/yoast.com\/product\/yoast-seo-wordpress\/ -->\n<title>A\u0219a cum se precizeaz\u0103, un super juc\u0103tor a anun<\/title>\n<meta name=\"description\" content=\"A\u0219a cum se precizeaz\u0103, un super juc\u0103tor a anun\u021bat c\u0103 nu va mai juca pentru FC Rapid Bucure\u0219ti din cauza.........\" \/>\n<meta name=\"robots\" content=\"index, follow, max-snippet:-1, max-image-preview:large, max-video-preview:-1\" \/>\n<link rel=\"canonical\" href=\"https:\/\/www.letsportsrock.com\/?p=17731\" \/>\n<meta property=\"og:locale\" content=\"en_US\" \/>\n<meta property=\"og:type\" content=\"article\" \/>\n<meta property=\"og:title\" content=\"A\u0219a cum se precizeaz\u0103, un super juc\u0103tor a anun\" \/>\n<meta property=\"og:description\" content=\"A\u0219a cum se precizeaz\u0103, un super juc\u0103tor a anun\u021bat c\u0103 nu va mai juca pentru FC Rapid Bucure\u0219ti din cauza.........\" \/>\n<meta property=\"og:url\" content=\"https:\/\/www.letsportsrock.com\/?p=17731\" \/>\n<meta property=\"og:site_name\" content=\"letsportsrock\" \/>\n<meta property=\"article:published_time\" content=\"2025-01-06T20:11:17+00:00\" \/>\n<meta property=\"article:modified_time\" content=\"2025-01-06T20:13:27+00:00\" \/>\n<meta property=\"og:image\" content=\"https:\/\/www.letsportsrock.com\/wp-content\/uploads\/2025\/01\/images-2025-01-06T211246.166.jpeg\" \/>\n\t<meta property=\"og:image:width\" content=\"640\" \/>\n\t<meta property=\"og:image:height\" content=\"480\" \/>\n\t<meta property=\"og:image:type\" content=\"image\/jpeg\" \/>\n<meta name=\"author\" content=\"letsportsrock\" \/>\n<meta name=\"twitter:card\" content=\"summary_large_image\" \/>\n<meta name=\"twitter:label1\" content=\"Written by\" \/>\n\t<meta name=\"twitter:data1\" content=\"letsportsrock\" \/>\n\t<meta name=\"twitter:label2\" content=\"Est. reading time\" \/>\n\t<meta name=\"twitter:data2\" content=\"2 minutes\" \/>\n<script type=\"application\/ld+json\" class=\"yoast-schema-graph\">{\"@context\":\"https:\\\/\\\/schema.org\",\"@graph\":[{\"@type\":\"Article\",\"@id\":\"https:\\\/\\\/www.letsportsrock.com\\\/?p=17731#article\",\"isPartOf\":{\"@id\":\"https:\\\/\\\/www.letsportsrock.com\\\/?p=17731\"},\"author\":{\"name\":\"letsportsrock\",\"@id\":\"https:\\\/\\\/www.letsportsrock.com\\\/#\\\/schema\\\/person\\\/a454ac24e58b214ddd97e4b5afb0bf01\"},\"headline\":\"A\u0219a cum se precizeaz\u0103, un super juc\u0103tor a anun\u021bat c\u0103 nu va mai juca pentru FC Rapid Bucure\u0219ti din cauza&#8230;\",\"datePublished\":\"2025-01-06T20:11:17+00:00\",\"dateModified\":\"2025-01-06T20:13:27+00:00\",\"mainEntityOfPage\":{\"@id\":\"https:\\\/\\\/www.letsportsrock.com\\\/?p=17731\"},\"wordCount\":332,\"commentCount\":0,\"image\":{\"@id\":\"https:\\\/\\\/www.letsportsrock.com\\\/?p=17731#primaryimage\"},\"thumbnailUrl\":\"https:\\\/\\\/www.letsportsrock.com\\\/wp-content\\\/uploads\\\/2025\\\/01\\\/images-2025-01-06T211246.166.jpeg\",\"inLanguage\":\"en-US\",\"potentialAction\":[{\"@type\":\"CommentAction\",\"name\":\"Comment\",\"target\":[\"https:\\\/\\\/www.letsportsrock.com\\\/?p=17731#respond\"]}]},{\"@type\":\"WebPage\",\"@id\":\"https:\\\/\\\/www.letsportsrock.com\\\/?p=17731\",\"url\":\"https:\\\/\\\/www.letsportsrock.com\\\/?p=17731\",\"name\":\"A\u0219a cum se precizeaz\u0103, un super juc\u0103tor a anun\",\"isPartOf\":{\"@id\":\"https:\\\/\\\/www.letsportsrock.com\\\/#website\"},\"primaryImageOfPage\":{\"@id\":\"https:\\\/\\\/www.letsportsrock.com\\\/?p=17731#primaryimage\"},\"image\":{\"@id\":\"https:\\\/\\\/www.letsportsrock.com\\\/?p=17731#primaryimage\"},\"thumbnailUrl\":\"https:\\\/\\\/www.letsportsrock.com\\\/wp-content\\\/uploads\\\/2025\\\/01\\\/images-2025-01-06T211246.166.jpeg\",\"datePublished\":\"2025-01-06T20:11:17+00:00\",\"dateModified\":\"2025-01-06T20:13:27+00:00\",\"author\":{\"@id\":\"https:\\\/\\\/www.letsportsrock.com\\\/#\\\/schema\\\/person\\\/a454ac24e58b214ddd97e4b5afb0bf01\"},\"description\":\"A\u0219a cum se precizeaz\u0103, un super juc\u0103tor a anun\u021bat c\u0103 nu va mai juca pentru FC Rapid Bucure\u0219ti din cauza.........\",\"breadcrumb\":{\"@id\":\"https:\\\/\\\/www.letsportsrock.com\\\/?p=17731#breadcrumb\"},\"inLanguage\":\"en-US\",\"potentialAction\":[{\"@type\":\"ReadAction\",\"target\":[\"https:\\\/\\\/www.letsportsrock.com\\\/?p=17731\"]}]},{\"@type\":\"ImageObject\",\"inLanguage\":\"en-US\",\"@id\":\"https:\\\/\\\/www.letsportsrock.com\\\/?p=17731#primaryimage\",\"url\":\"https:\\\/\\\/www.letsportsrock.com\\\/wp-content\\\/uploads\\\/2025\\\/01\\\/images-2025-01-06T211246.166.jpeg\",\"contentUrl\":\"https:\\\/\\\/www.letsportsrock.com\\\/wp-content\\\/uploads\\\/2025\\\/01\\\/images-2025-01-06T211246.166.jpeg\",\"width\":640,\"height\":480},{\"@type\":\"BreadcrumbList\",\"@id\":\"https:\\\/\\\/www.letsportsrock.com\\\/?p=17731#breadcrumb\",\"itemListElement\":[{\"@type\":\"ListItem\",\"position\":1,\"name\":\"Home\",\"item\":\"https:\\\/\\\/www.letsportsrock.com\\\/\"},{\"@type\":\"ListItem\",\"position\":2,\"name\":\"A\u0219a cum se precizeaz\u0103, un super juc\u0103tor a anun\u021bat c\u0103 nu va mai juca pentru FC Rapid Bucure\u0219ti din cauza&#8230;\"}]},{\"@type\":\"WebSite\",\"@id\":\"https:\\\/\\\/www.letsportsrock.com\\\/#website\",\"url\":\"https:\\\/\\\/www.letsportsrock.com\\\/\",\"name\":\"letsportsrock\",\"description\":\"Sport News and Updates\",\"potentialAction\":[{\"@type\":\"SearchAction\",\"target\":{\"@type\":\"EntryPoint\",\"urlTemplate\":\"https:\\\/\\\/www.letsportsrock.com\\\/?s={search_term_string}\"},\"query-input\":{\"@type\":\"PropertyValueSpecification\",\"valueRequired\":true,\"valueName\":\"search_term_string\"}}],\"inLanguage\":\"en-US\"},{\"@type\":\"Person\",\"@id\":\"https:\\\/\\\/www.letsportsrock.com\\\/#\\\/schema\\\/person\\\/a454ac24e58b214ddd97e4b5afb0bf01\",\"name\":\"letsportsrock\",\"image\":{\"@type\":\"ImageObject\",\"inLanguage\":\"en-US\",\"@id\":\"https:\\\/\\\/secure.gravatar.com\\\/avatar\\\/f8ef950cbb7574c0bc874094b8d307659bfe2d7aa4a9d26fa6917eff010748f9?s=96&d=mm&r=g\",\"url\":\"https:\\\/\\\/secure.gravatar.com\\\/avatar\\\/f8ef950cbb7574c0bc874094b8d307659bfe2d7aa4a9d26fa6917eff010748f9?s=96&d=mm&r=g\",\"contentUrl\":\"https:\\\/\\\/secure.gravatar.com\\\/avatar\\\/f8ef950cbb7574c0bc874094b8d307659bfe2d7aa4a9d26fa6917eff010748f9?s=96&d=mm&r=g\",\"caption\":\"letsportsrock\"},\"sameAs\":[\"https:\\\/\\\/www.letsportsrock.com\"],\"url\":\"https:\\\/\\\/www.letsportsrock.com\\\/?author=1\"}]}<\/script>\n<!-- \/ Yoast SEO plugin. -->","yoast_head_json":{"title":"A\u0219a cum se precizeaz\u0103, un super juc\u0103tor a anun","description":"A\u0219a cum se precizeaz\u0103, un super juc\u0103tor a anun\u021bat c\u0103 nu va mai juca pentru FC Rapid Bucure\u0219ti din cauza.........","robots":{"index":"index","follow":"follow","max-snippet":"max-snippet:-1","max-image-preview":"max-image-preview:large","max-video-preview":"max-video-preview:-1"},"canonical":"https:\/\/www.letsportsrock.com\/?p=17731","og_locale":"en_US","og_type":"article","og_title":"A\u0219a cum se precizeaz\u0103, un super juc\u0103tor a anun","og_description":"A\u0219a cum se precizeaz\u0103, un super juc\u0103tor a anun\u021bat c\u0103 nu va mai juca pentru FC Rapid Bucure\u0219ti din cauza.........","og_url":"https:\/\/www.letsportsrock.com\/?p=17731","og_site_name":"letsportsrock","article_published_time":"2025-01-06T20:11:17+00:00","article_modified_time":"2025-01-06T20:13:27+00:00","og_image":[{"width":640,"height":480,"url":"https:\/\/www.letsportsrock.com\/wp-content\/uploads\/2025\/01\/images-2025-01-06T211246.166.jpeg","type":"image\/jpeg"}],"author":"letsportsrock","twitter_card":"summary_large_image","twitter_misc":{"Written by":"letsportsrock","Est. reading time":"2 minutes"},"schema":{"@context":"https:\/\/schema.org","@graph":[{"@type":"Article","@id":"https:\/\/www.letsportsrock.com\/?p=17731#article","isPartOf":{"@id":"https:\/\/www.letsportsrock.com\/?p=17731"},"author":{"name":"letsportsrock","@id":"https:\/\/www.letsportsrock.com\/#\/schema\/person\/a454ac24e58b214ddd97e4b5afb0bf01"},"headline":"A\u0219a cum se precizeaz\u0103, un super juc\u0103tor a anun\u021bat c\u0103 nu va mai juca pentru FC Rapid Bucure\u0219ti din cauza&#8230;","datePublished":"2025-01-06T20:11:17+00:00","dateModified":"2025-01-06T20:13:27+00:00","mainEntityOfPage":{"@id":"https:\/\/www.letsportsrock.com\/?p=17731"},"wordCount":332,"commentCount":0,"image":{"@id":"https:\/\/www.letsportsrock.com\/?p=17731#primaryimage"},"thumbnailUrl":"https:\/\/www.letsportsrock.com\/wp-content\/uploads\/2025\/01\/images-2025-01-06T211246.166.jpeg","inLanguage":"en-US","potentialAction":[{"@type":"CommentAction","name":"Comment","target":["https:\/\/www.letsportsrock.com\/?p=17731#respond"]}]},{"@type":"WebPage","@id":"https:\/\/www.letsportsrock.com\/?p=17731","url":"https:\/\/www.letsportsrock.com\/?p=17731","name":"A\u0219a cum se precizeaz\u0103, un super juc\u0103tor a anun","isPartOf":{"@id":"https:\/\/www.letsportsrock.com\/#website"},"primaryImageOfPage":{"@id":"https:\/\/www.letsportsrock.com\/?p=17731#primaryimage"},"image":{"@id":"https:\/\/www.letsportsrock.com\/?p=17731#primaryimage"},"thumbnailUrl":"https:\/\/www.letsportsrock.com\/wp-content\/uploads\/2025\/01\/images-2025-01-06T211246.166.jpeg","datePublished":"2025-01-06T20:11:17+00:00","dateModified":"2025-01-06T20:13:27+00:00","author":{"@id":"https:\/\/www.letsportsrock.com\/#\/schema\/person\/a454ac24e58b214ddd97e4b5afb0bf01"},"description":"A\u0219a cum se precizeaz\u0103, un super juc\u0103tor a anun\u021bat c\u0103 nu va mai juca pentru FC Rapid Bucure\u0219ti din cauza.........","breadcrumb":{"@id":"https:\/\/www.letsportsrock.com\/?p=17731#breadcrumb"},"inLanguage":"en-US","potentialAction":[{"@type":"ReadAction","target":["https:\/\/www.letsportsrock.com\/?p=17731"]}]},{"@type":"ImageObject","inLanguage":"en-US","@id":"https:\/\/www.letsportsrock.com\/?p=17731#primaryimage","url":"https:\/\/www.letsportsrock.com\/wp-content\/uploads\/2025\/01\/images-2025-01-06T211246.166.jpeg","contentUrl":"https:\/\/www.letsportsrock.com\/wp-content\/uploads\/2025\/01\/images-2025-01-06T211246.166.jpeg","width":640,"height":480},{"@type":"BreadcrumbList","@id":"https:\/\/www.letsportsrock.com\/?p=17731#breadcrumb","itemListElement":[{"@type":"ListItem","position":1,"name":"Home","item":"https:\/\/www.letsportsrock.com\/"},{"@type":"ListItem","position":2,"name":"A\u0219a cum se precizeaz\u0103, un super juc\u0103tor a anun\u021bat c\u0103 nu va mai juca pentru FC Rapid Bucure\u0219ti din cauza&#8230;"}]},{"@type":"WebSite","@id":"https:\/\/www.letsportsrock.com\/#website","url":"https:\/\/www.letsportsrock.com\/","name":"letsportsrock","description":"Sport News and Updates","potentialAction":[{"@type":"SearchAction","target":{"@type":"EntryPoint","urlTemplate":"https:\/\/www.letsportsrock.com\/?s={search_term_string}"},"query-input":{"@type":"PropertyValueSpecification","valueRequired":true,"valueName":"search_term_string"}}],"inLanguage":"en-US"},{"@type":"Person","@id":"https:\/\/www.letsportsrock.com\/#\/schema\/person\/a454ac24e58b214ddd97e4b5afb0bf01","name":"letsportsrock","image":{"@type":"ImageObject","inLanguage":"en-US","@id":"https:\/\/secure.gravatar.com\/avatar\/f8ef950cbb7574c0bc874094b8d307659bfe2d7aa4a9d26fa6917eff010748f9?s=96&d=mm&r=g","url":"https:\/\/secure.gravatar.com\/avatar\/f8ef950cbb7574c0bc874094b8d307659bfe2d7aa4a9d26fa6917eff010748f9?s=96&d=mm&r=g","contentUrl":"https:\/\/secure.gravatar.com\/avatar\/f8ef950cbb7574c0bc874094b8d307659bfe2d7aa4a9d26fa6917eff010748f9?s=96&d=mm&r=g","caption":"letsportsrock"},"sameAs":["https:\/\/www.letsportsrock.com"],"url":"https:\/\/www.letsportsrock.com\/?author=1"}]}},"jetpack_featured_media_url":"https:\/\/www.letsportsrock.com\/wp-content\/uploads\/2025\/01\/images-2025-01-06T211246.166.jpeg","jetpack_sharing_enabled":true,"_links":{"self":[{"href":"https:\/\/www.letsportsrock.com\/index.php?rest_route=\/wp\/v2\/posts\/17731","targetHints":{"allow":["GET"]}}],"collection":[{"href":"https:\/\/www.letsportsrock.com\/index.php?rest_route=\/wp\/v2\/posts"}],"about":[{"href":"https:\/\/www.letsportsrock.com\/index.php?rest_route=\/wp\/v2\/types\/post"}],"author":[{"embeddable":true,"href":"https:\/\/www.letsportsrock.com\/index.php?rest_route=\/wp\/v2\/users\/1"}],"replies":[{"embeddable":true,"href":"https:\/\/www.letsportsrock.com\/index.php?rest_route=%2Fwp%2Fv2%2Fcomments&post=17731"}],"version-history":[{"count":1,"href":"https:\/\/www.letsportsrock.com\/index.php?rest_route=\/wp\/v2\/posts\/17731\/revisions"}],"predecessor-version":[{"id":17732,"href":"https:\/\/www.letsportsrock.com\/index.php?rest_route=\/wp\/v2\/posts\/17731\/revisions\/17732"}],"wp:featuredmedia":[{"embeddable":true,"href":"https:\/\/www.letsportsrock.com\/index.php?rest_route=\/wp\/v2\/media\/17733"}],"wp:attachment":[{"href":"https:\/\/www.letsportsrock.com\/index.php?rest_route=%2Fwp%2Fv2%2Fmedia&parent=17731"}],"wp:term":[{"taxonomy":"category","embeddable":true,"href":"https:\/\/www.letsportsrock.com\/index.php?rest_route=%2Fwp%2Fv2%2Fcategories&post=17731"},{"taxonomy":"post_tag","embeddable":true,"href":"https:\/\/www.letsportsrock.com\/index.php?rest_route=%2Fwp%2Fv2%2Ftags&post=17731"}],"curies":[{"name":"wp","href":"https:\/\/api.w.org\/{rel}","templated":true}]}}