{"id":17826,"date":"2025-01-07T18:45:43","date_gmt":"2025-01-07T18:45:43","guid":{"rendered":"https:\/\/www.letsportsrock.com\/?p=17826"},"modified":"2025-01-07T18:45:43","modified_gmt":"2025-01-07T18:45:43","slug":"triste-veste-antrenorul-principal-al-fc-dinamo-bucuresti-a-declarat-ca-va-parasi-echipa-dupa","status":"publish","type":"post","link":"https:\/\/www.letsportsrock.com\/?p=17826","title":{"rendered":"Triste veste: Antrenorul principal al FC Dinamo Bucure\u0219ti a declarat c\u0103 va p\u0103r\u0103si echipa dup\u0103&#8230;"},"content":{"rendered":"<div class=\"d79db4796efc26332eabfc3f5dafbc76\" data-index=\"1\" style=\"float: none; margin:10px 0 10px 0; text-align:center;\">\n<div class=\"hb-ad-inarticle\">\r\n    <div class=\"hb-ad-inner\"> \r\n    <div class=\"hbagency_cls\"  id=\"hbagency_space_111930\"><\/div><\/div> <\/div>\n<\/div>\n<p>**Triste veste: Antrenorul principal al FC Dinamo Bucure\u0219ti a declarat c\u0103 va p\u0103r\u0103si echipa dup\u0103&#8230;**<\/p>\n<p>&nbsp;<\/p>\n<p>Antrenorul principal al echipei FC Dinamo Bucure\u0219ti a surprins pe toat\u0103 lumea cu o declara\u021bie neprev\u0103zut\u0103. \u00cen cadrul unei conferin\u021be de pres\u0103, tehnicianul a anun\u021bat c\u0103 va p\u0103r\u0103si echipa \u00een urma unui sezon plin de provoc\u0103ri \u0219i tensiuni. Acesta a explicat c\u0103 decizia sa a fost luat\u0103 dup\u0103 o perioad\u0103 de reflec\u021bie profund\u0103 \u0219i c\u0103 nu a fost u\u0219or s\u0103 ajung\u0103 la aceast\u0103 concluzie.<\/p>\n<p>&nbsp;<\/p>\n<p>\u201eEste o decizie personal\u0103, dar una care, din p\u0103cate, este inevitabil\u0103. Am avut parte de momente bune \u0219i momente dificile al\u0103turi de aceast\u0103 echip\u0103. \u00cens\u0103, \u00een ultima perioad\u0103, am sim\u021bit c\u0103 nu mai pot s\u0103 aduc acelea\u0219i rezultate \u0219i nu mai pot s\u0103 contribui la dezvoltarea echipei a\u0219a cum mi-a\u0219 dori\u201d, a declarat antrenorul.<\/p>\n<p>&nbsp;<\/p>\n<p>Mul\u021bi fani ai echipei din Capital\u0103 au r\u0103mas \u0219oca\u021bi de vestea plec\u0103rii tehnicianului, av\u00e2nd \u00een vedere c\u0103 echipa a avut \u0219i momente de progres sub conducerea sa. Dinamo Bucure\u0219ti se afl\u0103 \u00eentr-o perioad\u0103 de reconstruc\u021bie, iar schimb\u0103rile din conducerea tehnic\u0103 ar putea influen\u021ba semnificativ direc\u021bia clubului.<\/p>\n<p>&nbsp;<\/p>\n<p>Desigur, au ap\u0103rut \u00eentreb\u0103ri legate de viitorul echipei \u0219i de cine va prelua aceast\u0103 responsabilitate important\u0103. Fanii sper\u0103 c\u0103 urm\u0103torul antrenor va aduce o schimbare de mentalitate \u0219i va aduce echipa pe drumul succesului, mai ales \u00een contextul unei ligi extrem de competitive.<\/p>\n<p>&nbsp;<\/p>\n<p>Antrenorul a mul\u021bumit tuturor juc\u0103torilor, staff-ului \u0219i suporterilor pentru sprijinul acordat \u0219i a subliniat c\u0103 va r\u0103m\u00e2ne mereu un sus\u021bin\u0103tor al clubului. Plecarea sa marcheaz\u0103 un alt capitol \u00een istoria recent\u0103 a lui Dinamo, iar clubul va trebui s\u0103 g\u0103seasc\u0103 rapid o solu\u021bie pentru a nu afecta progresul echipei.<\/p>\n\n<div style=\"font-size: 0px; height: 0px; line-height: 0px; margin: 0; padding: 0; clear: both;\"><\/div>","protected":false},"excerpt":{"rendered":"<p>**Triste veste: Antrenorul principal al FC Dinamo Bucure\u0219ti a declarat c\u0103 va p\u0103r\u0103si echipa dup\u0103&#8230;** &nbsp; Antrenorul principal al echipei FC Dinamo Bucure\u0219ti a surprins pe toat\u0103 lumea cu o declara\u021bie neprev\u0103zut\u0103. \u00cen cadrul unei conferin\u021be de pres\u0103, tehnicianul a anun\u021bat c\u0103 va p\u0103r\u0103si echipa \u00een urma unui sezon plin de provoc\u0103ri \u0219i tensiuni. Acesta [&hellip;]<\/p>\n","protected":false},"author":1,"featured_media":17827,"comment_status":"open","ping_status":"open","sticky":false,"template":"","format":"standard","meta":{"_jetpack_memberships_contains_paid_content":false,"footnotes":""},"categories":[1],"tags":[],"class_list":["post-17826","post","type-post","status-publish","format-standard","has-post-thumbnail","hentry","category-uncategorized"],"yoast_head":"<!-- This site is optimized with the Yoast SEO plugin v27.4 - https:\/\/yoast.com\/product\/yoast-seo-wordpress\/ -->\n<title>Triste veste: Antrenorul principal al FC Dinamo Bucure\u0219ti a dec<\/title>\n<meta name=\"description\" content=\"Triste veste: Antrenorul principal al FC Dinamo Bucure\u0219ti a declarat c\u0103 va p\u0103r\u0103si echipa dup\u0103.................\" \/>\n<meta name=\"robots\" content=\"index, follow, max-snippet:-1, max-image-preview:large, max-video-preview:-1\" \/>\n<link rel=\"canonical\" href=\"https:\/\/www.letsportsrock.com\/?p=17826\" \/>\n<meta property=\"og:locale\" content=\"en_US\" \/>\n<meta property=\"og:type\" content=\"article\" \/>\n<meta property=\"og:title\" content=\"Triste veste: Antrenorul principal al FC Dinamo Bucure\u0219ti a dec\" \/>\n<meta property=\"og:description\" content=\"Triste veste: Antrenorul principal al FC Dinamo Bucure\u0219ti a declarat c\u0103 va p\u0103r\u0103si echipa dup\u0103.................\" \/>\n<meta property=\"og:url\" content=\"https:\/\/www.letsportsrock.com\/?p=17826\" \/>\n<meta property=\"og:site_name\" content=\"letsportsrock\" \/>\n<meta property=\"article:published_time\" content=\"2025-01-07T18:45:43+00:00\" \/>\n<meta property=\"og:image\" content=\"https:\/\/www.letsportsrock.com\/wp-content\/uploads\/2025\/01\/images-2025-01-07T194511.877.jpeg\" \/>\n\t<meta property=\"og:image:width\" content=\"440\" \/>\n\t<meta property=\"og:image:height\" content=\"293\" \/>\n\t<meta property=\"og:image:type\" content=\"image\/jpeg\" \/>\n<meta name=\"author\" content=\"letsportsrock\" \/>\n<meta name=\"twitter:card\" content=\"summary_large_image\" \/>\n<meta name=\"twitter:label1\" content=\"Written by\" \/>\n\t<meta name=\"twitter:data1\" content=\"letsportsrock\" \/>\n\t<meta name=\"twitter:label2\" content=\"Est. reading time\" \/>\n\t<meta name=\"twitter:data2\" content=\"2 minutes\" \/>\n<script type=\"application\/ld+json\" class=\"yoast-schema-graph\">{\"@context\":\"https:\\\/\\\/schema.org\",\"@graph\":[{\"@type\":\"Article\",\"@id\":\"https:\\\/\\\/www.letsportsrock.com\\\/?p=17826#article\",\"isPartOf\":{\"@id\":\"https:\\\/\\\/www.letsportsrock.com\\\/?p=17826\"},\"author\":{\"name\":\"letsportsrock\",\"@id\":\"https:\\\/\\\/www.letsportsrock.com\\\/#\\\/schema\\\/person\\\/a454ac24e58b214ddd97e4b5afb0bf01\"},\"headline\":\"Triste veste: Antrenorul principal al FC Dinamo Bucure\u0219ti a declarat c\u0103 va p\u0103r\u0103si echipa dup\u0103&#8230;\",\"datePublished\":\"2025-01-07T18:45:43+00:00\",\"mainEntityOfPage\":{\"@id\":\"https:\\\/\\\/www.letsportsrock.com\\\/?p=17826\"},\"wordCount\":333,\"commentCount\":0,\"image\":{\"@id\":\"https:\\\/\\\/www.letsportsrock.com\\\/?p=17826#primaryimage\"},\"thumbnailUrl\":\"https:\\\/\\\/www.letsportsrock.com\\\/wp-content\\\/uploads\\\/2025\\\/01\\\/images-2025-01-07T194511.877.jpeg\",\"inLanguage\":\"en-US\",\"potentialAction\":[{\"@type\":\"CommentAction\",\"name\":\"Comment\",\"target\":[\"https:\\\/\\\/www.letsportsrock.com\\\/?p=17826#respond\"]}]},{\"@type\":\"WebPage\",\"@id\":\"https:\\\/\\\/www.letsportsrock.com\\\/?p=17826\",\"url\":\"https:\\\/\\\/www.letsportsrock.com\\\/?p=17826\",\"name\":\"Triste veste: Antrenorul principal al FC Dinamo Bucure\u0219ti a dec\",\"isPartOf\":{\"@id\":\"https:\\\/\\\/www.letsportsrock.com\\\/#website\"},\"primaryImageOfPage\":{\"@id\":\"https:\\\/\\\/www.letsportsrock.com\\\/?p=17826#primaryimage\"},\"image\":{\"@id\":\"https:\\\/\\\/www.letsportsrock.com\\\/?p=17826#primaryimage\"},\"thumbnailUrl\":\"https:\\\/\\\/www.letsportsrock.com\\\/wp-content\\\/uploads\\\/2025\\\/01\\\/images-2025-01-07T194511.877.jpeg\",\"datePublished\":\"2025-01-07T18:45:43+00:00\",\"author\":{\"@id\":\"https:\\\/\\\/www.letsportsrock.com\\\/#\\\/schema\\\/person\\\/a454ac24e58b214ddd97e4b5afb0bf01\"},\"description\":\"Triste veste: Antrenorul principal al FC Dinamo Bucure\u0219ti a declarat c\u0103 va p\u0103r\u0103si echipa dup\u0103.................\",\"breadcrumb\":{\"@id\":\"https:\\\/\\\/www.letsportsrock.com\\\/?p=17826#breadcrumb\"},\"inLanguage\":\"en-US\",\"potentialAction\":[{\"@type\":\"ReadAction\",\"target\":[\"https:\\\/\\\/www.letsportsrock.com\\\/?p=17826\"]}]},{\"@type\":\"ImageObject\",\"inLanguage\":\"en-US\",\"@id\":\"https:\\\/\\\/www.letsportsrock.com\\\/?p=17826#primaryimage\",\"url\":\"https:\\\/\\\/www.letsportsrock.com\\\/wp-content\\\/uploads\\\/2025\\\/01\\\/images-2025-01-07T194511.877.jpeg\",\"contentUrl\":\"https:\\\/\\\/www.letsportsrock.com\\\/wp-content\\\/uploads\\\/2025\\\/01\\\/images-2025-01-07T194511.877.jpeg\",\"width\":440,\"height\":293},{\"@type\":\"BreadcrumbList\",\"@id\":\"https:\\\/\\\/www.letsportsrock.com\\\/?p=17826#breadcrumb\",\"itemListElement\":[{\"@type\":\"ListItem\",\"position\":1,\"name\":\"Home\",\"item\":\"https:\\\/\\\/www.letsportsrock.com\\\/\"},{\"@type\":\"ListItem\",\"position\":2,\"name\":\"Triste veste: Antrenorul principal al FC Dinamo Bucure\u0219ti a declarat c\u0103 va p\u0103r\u0103si echipa dup\u0103&#8230;\"}]},{\"@type\":\"WebSite\",\"@id\":\"https:\\\/\\\/www.letsportsrock.com\\\/#website\",\"url\":\"https:\\\/\\\/www.letsportsrock.com\\\/\",\"name\":\"letsportsrock\",\"description\":\"Sport News and Updates\",\"potentialAction\":[{\"@type\":\"SearchAction\",\"target\":{\"@type\":\"EntryPoint\",\"urlTemplate\":\"https:\\\/\\\/www.letsportsrock.com\\\/?s={search_term_string}\"},\"query-input\":{\"@type\":\"PropertyValueSpecification\",\"valueRequired\":true,\"valueName\":\"search_term_string\"}}],\"inLanguage\":\"en-US\"},{\"@type\":\"Person\",\"@id\":\"https:\\\/\\\/www.letsportsrock.com\\\/#\\\/schema\\\/person\\\/a454ac24e58b214ddd97e4b5afb0bf01\",\"name\":\"letsportsrock\",\"image\":{\"@type\":\"ImageObject\",\"inLanguage\":\"en-US\",\"@id\":\"https:\\\/\\\/secure.gravatar.com\\\/avatar\\\/f8ef950cbb7574c0bc874094b8d307659bfe2d7aa4a9d26fa6917eff010748f9?s=96&d=mm&r=g\",\"url\":\"https:\\\/\\\/secure.gravatar.com\\\/avatar\\\/f8ef950cbb7574c0bc874094b8d307659bfe2d7aa4a9d26fa6917eff010748f9?s=96&d=mm&r=g\",\"contentUrl\":\"https:\\\/\\\/secure.gravatar.com\\\/avatar\\\/f8ef950cbb7574c0bc874094b8d307659bfe2d7aa4a9d26fa6917eff010748f9?s=96&d=mm&r=g\",\"caption\":\"letsportsrock\"},\"sameAs\":[\"https:\\\/\\\/www.letsportsrock.com\"],\"url\":\"https:\\\/\\\/www.letsportsrock.com\\\/?author=1\"}]}<\/script>\n<!-- \/ Yoast SEO plugin. -->","yoast_head_json":{"title":"Triste veste: Antrenorul principal al FC Dinamo Bucure\u0219ti a dec","description":"Triste veste: Antrenorul principal al FC Dinamo Bucure\u0219ti a declarat c\u0103 va p\u0103r\u0103si echipa dup\u0103.................","robots":{"index":"index","follow":"follow","max-snippet":"max-snippet:-1","max-image-preview":"max-image-preview:large","max-video-preview":"max-video-preview:-1"},"canonical":"https:\/\/www.letsportsrock.com\/?p=17826","og_locale":"en_US","og_type":"article","og_title":"Triste veste: Antrenorul principal al FC Dinamo Bucure\u0219ti a dec","og_description":"Triste veste: Antrenorul principal al FC Dinamo Bucure\u0219ti a declarat c\u0103 va p\u0103r\u0103si echipa dup\u0103.................","og_url":"https:\/\/www.letsportsrock.com\/?p=17826","og_site_name":"letsportsrock","article_published_time":"2025-01-07T18:45:43+00:00","og_image":[{"width":440,"height":293,"url":"https:\/\/www.letsportsrock.com\/wp-content\/uploads\/2025\/01\/images-2025-01-07T194511.877.jpeg","type":"image\/jpeg"}],"author":"letsportsrock","twitter_card":"summary_large_image","twitter_misc":{"Written by":"letsportsrock","Est. reading time":"2 minutes"},"schema":{"@context":"https:\/\/schema.org","@graph":[{"@type":"Article","@id":"https:\/\/www.letsportsrock.com\/?p=17826#article","isPartOf":{"@id":"https:\/\/www.letsportsrock.com\/?p=17826"},"author":{"name":"letsportsrock","@id":"https:\/\/www.letsportsrock.com\/#\/schema\/person\/a454ac24e58b214ddd97e4b5afb0bf01"},"headline":"Triste veste: Antrenorul principal al FC Dinamo Bucure\u0219ti a declarat c\u0103 va p\u0103r\u0103si echipa dup\u0103&#8230;","datePublished":"2025-01-07T18:45:43+00:00","mainEntityOfPage":{"@id":"https:\/\/www.letsportsrock.com\/?p=17826"},"wordCount":333,"commentCount":0,"image":{"@id":"https:\/\/www.letsportsrock.com\/?p=17826#primaryimage"},"thumbnailUrl":"https:\/\/www.letsportsrock.com\/wp-content\/uploads\/2025\/01\/images-2025-01-07T194511.877.jpeg","inLanguage":"en-US","potentialAction":[{"@type":"CommentAction","name":"Comment","target":["https:\/\/www.letsportsrock.com\/?p=17826#respond"]}]},{"@type":"WebPage","@id":"https:\/\/www.letsportsrock.com\/?p=17826","url":"https:\/\/www.letsportsrock.com\/?p=17826","name":"Triste veste: Antrenorul principal al FC Dinamo Bucure\u0219ti a dec","isPartOf":{"@id":"https:\/\/www.letsportsrock.com\/#website"},"primaryImageOfPage":{"@id":"https:\/\/www.letsportsrock.com\/?p=17826#primaryimage"},"image":{"@id":"https:\/\/www.letsportsrock.com\/?p=17826#primaryimage"},"thumbnailUrl":"https:\/\/www.letsportsrock.com\/wp-content\/uploads\/2025\/01\/images-2025-01-07T194511.877.jpeg","datePublished":"2025-01-07T18:45:43+00:00","author":{"@id":"https:\/\/www.letsportsrock.com\/#\/schema\/person\/a454ac24e58b214ddd97e4b5afb0bf01"},"description":"Triste veste: Antrenorul principal al FC Dinamo Bucure\u0219ti a declarat c\u0103 va p\u0103r\u0103si echipa dup\u0103.................","breadcrumb":{"@id":"https:\/\/www.letsportsrock.com\/?p=17826#breadcrumb"},"inLanguage":"en-US","potentialAction":[{"@type":"ReadAction","target":["https:\/\/www.letsportsrock.com\/?p=17826"]}]},{"@type":"ImageObject","inLanguage":"en-US","@id":"https:\/\/www.letsportsrock.com\/?p=17826#primaryimage","url":"https:\/\/www.letsportsrock.com\/wp-content\/uploads\/2025\/01\/images-2025-01-07T194511.877.jpeg","contentUrl":"https:\/\/www.letsportsrock.com\/wp-content\/uploads\/2025\/01\/images-2025-01-07T194511.877.jpeg","width":440,"height":293},{"@type":"BreadcrumbList","@id":"https:\/\/www.letsportsrock.com\/?p=17826#breadcrumb","itemListElement":[{"@type":"ListItem","position":1,"name":"Home","item":"https:\/\/www.letsportsrock.com\/"},{"@type":"ListItem","position":2,"name":"Triste veste: Antrenorul principal al FC Dinamo Bucure\u0219ti a declarat c\u0103 va p\u0103r\u0103si echipa dup\u0103&#8230;"}]},{"@type":"WebSite","@id":"https:\/\/www.letsportsrock.com\/#website","url":"https:\/\/www.letsportsrock.com\/","name":"letsportsrock","description":"Sport News and Updates","potentialAction":[{"@type":"SearchAction","target":{"@type":"EntryPoint","urlTemplate":"https:\/\/www.letsportsrock.com\/?s={search_term_string}"},"query-input":{"@type":"PropertyValueSpecification","valueRequired":true,"valueName":"search_term_string"}}],"inLanguage":"en-US"},{"@type":"Person","@id":"https:\/\/www.letsportsrock.com\/#\/schema\/person\/a454ac24e58b214ddd97e4b5afb0bf01","name":"letsportsrock","image":{"@type":"ImageObject","inLanguage":"en-US","@id":"https:\/\/secure.gravatar.com\/avatar\/f8ef950cbb7574c0bc874094b8d307659bfe2d7aa4a9d26fa6917eff010748f9?s=96&d=mm&r=g","url":"https:\/\/secure.gravatar.com\/avatar\/f8ef950cbb7574c0bc874094b8d307659bfe2d7aa4a9d26fa6917eff010748f9?s=96&d=mm&r=g","contentUrl":"https:\/\/secure.gravatar.com\/avatar\/f8ef950cbb7574c0bc874094b8d307659bfe2d7aa4a9d26fa6917eff010748f9?s=96&d=mm&r=g","caption":"letsportsrock"},"sameAs":["https:\/\/www.letsportsrock.com"],"url":"https:\/\/www.letsportsrock.com\/?author=1"}]}},"jetpack_featured_media_url":"https:\/\/www.letsportsrock.com\/wp-content\/uploads\/2025\/01\/images-2025-01-07T194511.877.jpeg","jetpack_sharing_enabled":true,"_links":{"self":[{"href":"https:\/\/www.letsportsrock.com\/index.php?rest_route=\/wp\/v2\/posts\/17826","targetHints":{"allow":["GET"]}}],"collection":[{"href":"https:\/\/www.letsportsrock.com\/index.php?rest_route=\/wp\/v2\/posts"}],"about":[{"href":"https:\/\/www.letsportsrock.com\/index.php?rest_route=\/wp\/v2\/types\/post"}],"author":[{"embeddable":true,"href":"https:\/\/www.letsportsrock.com\/index.php?rest_route=\/wp\/v2\/users\/1"}],"replies":[{"embeddable":true,"href":"https:\/\/www.letsportsrock.com\/index.php?rest_route=%2Fwp%2Fv2%2Fcomments&post=17826"}],"version-history":[{"count":1,"href":"https:\/\/www.letsportsrock.com\/index.php?rest_route=\/wp\/v2\/posts\/17826\/revisions"}],"predecessor-version":[{"id":17828,"href":"https:\/\/www.letsportsrock.com\/index.php?rest_route=\/wp\/v2\/posts\/17826\/revisions\/17828"}],"wp:featuredmedia":[{"embeddable":true,"href":"https:\/\/www.letsportsrock.com\/index.php?rest_route=\/wp\/v2\/media\/17827"}],"wp:attachment":[{"href":"https:\/\/www.letsportsrock.com\/index.php?rest_route=%2Fwp%2Fv2%2Fmedia&parent=17826"}],"wp:term":[{"taxonomy":"category","embeddable":true,"href":"https:\/\/www.letsportsrock.com\/index.php?rest_route=%2Fwp%2Fv2%2Fcategories&post=17826"},{"taxonomy":"post_tag","embeddable":true,"href":"https:\/\/www.letsportsrock.com\/index.php?rest_route=%2Fwp%2Fv2%2Ftags&post=17826"}],"curies":[{"name":"wp","href":"https:\/\/api.w.org\/{rel}","templated":true}]}}