{"id":17843,"date":"2025-01-07T19:06:50","date_gmt":"2025-01-07T19:06:50","guid":{"rendered":"https:\/\/www.letsportsrock.com\/?p=17843"},"modified":"2025-01-07T19:06:50","modified_gmt":"2025-01-07T19:06:50","slug":"ma-intorc-starul-echipei-fcsb-fc-steaua-bucuresti-si-a-reziliat-contractul-cu-fc-rapid-bucuresti-declarand-ca-va-fi-vezi-mai-mult","status":"publish","type":"post","link":"https:\/\/www.letsportsrock.com\/?p=17843","title":{"rendered":"\u201eM\u0103 \u00eentorc!\u201d Starul echipei FCSB (FC Steaua Bucure\u0219ti) \u0219i-a reziliat contractul cu FC Rapid Bucure\u0219ti, declar\u00e2nd c\u0103 va fi&#8230; [vezi mai mult]&#8230;"},"content":{"rendered":"<div class=\"d79db4796efc26332eabfc3f5dafbc76\" data-index=\"1\" style=\"float: none; margin:10px 0 10px 0; text-align:center;\">\n<div class=\"hb-ad-inarticle\">\r\n    <div class=\"hb-ad-inner\"> \r\n    <div class=\"hbagency_cls\"  id=\"hbagency_space_111930\"><\/div><\/div> <\/div>\n<\/div>\n<p>\u201eM\u0103 \u00eentorc!\u201d Starul echipei FCSB (FC Steaua Bucure\u0219ti) \u0219i-a reziliat contractul cu FC Rapid Bucure\u0219ti, declar\u00e2nd c\u0103 va fi\u2026 [vezi mai mult]<\/p>\n<p>&nbsp;<\/p>\n<p>Un transfer surprinz\u0103tor \u00een fotbalul rom\u00e2nesc a captat aten\u021bia fanilor \u0219i a presei. Un juc\u0103tor important din echipa FCSB (FC Steaua Bucure\u0219ti), dup\u0103 o perioad\u0103 \u00een care a evoluat la FC Rapid Bucure\u0219ti, a anun\u021bat c\u0103 \u00ee\u0219i reziliaz\u0103 contractul cu gruparea din Giule\u0219ti, st\u00e2rnind un val de specula\u021bii \u00een leg\u0103tur\u0103 cu viitorul s\u0103u.<\/p>\n<p>&nbsp;<\/p>\n<p>Juc\u0103torul respectiv, care a avut un rol semnificativ \u00een evolu\u021biile echipei FCSB, a confirmat oficial c\u0103 p\u0103r\u0103se\u0219te Rapidul, declar\u00e2nd c\u0103 va reveni \u00een cur\u00e2nd \u00een tricoul echipei sale de baz\u0103. \u201eM\u0103 \u00eentorc!\u201d a fost mesajul s\u0103u direct \u0219i plin de \u00eencredere, l\u0103s\u00e2nd s\u0103 se \u00een\u021beleag\u0103 c\u0103 acest pas face parte dintr-un plan bine g\u00e2ndit pentru a-\u0219i relua cariera acas\u0103, la FCSB.<\/p>\n<p>&nbsp;<\/p>\n<p>Mutarea vine \u00eentr-un context destul de tensionat, cu echipele din Liga I aflate \u00eentr-o competi\u021bie acerb\u0103 pentru titlu, iar orice schimbare \u00een loturi poate influen\u021ba ierarhiile. Juc\u0103torul respectiv a avut un impact imediat la Rapid, fiind un lider important pe teren, dar se pare c\u0103 a ales s\u0103 se \u00eentoarc\u0103 \u00een fa\u021ba unei noi provoc\u0103ri, mai aproape de inima fanilor care l-au sus\u021binut de-a lungul carierei.<\/p>\n<p>&nbsp;<\/p>\n<p>Pentru FCSB, revenirea acestuia este o mare oportunitate, av\u00e2nd \u00een vedere c\u0103 echipa se afl\u0103 \u00eentr-un proces de reconstruc\u021bie \u0219i \u00eent\u0103rire a lotului. Este de a\u0219teptat ca starul s\u0103 ofere echipei mult\u0103 valoare, av\u00e2nd \u00een vedere experien\u021ba sa \u0219i abilit\u0103\u021bile deja demonstrate \u00een fotbalul rom\u00e2nesc. R\u0103m\u00e2ne de v\u0103zut care va fi impactul acestei reveniri \u0219i ce va \u00eensemna pentru viitorul echipelor implicate \u00een acest transfer nea\u0219teptat.<\/p>\n\n<div style=\"font-size: 0px; height: 0px; line-height: 0px; margin: 0; padding: 0; clear: both;\"><\/div>","protected":false},"excerpt":{"rendered":"<p>\u201eM\u0103 \u00eentorc!\u201d Starul echipei FCSB (FC Steaua Bucure\u0219ti) \u0219i-a reziliat contractul cu FC Rapid Bucure\u0219ti, declar\u00e2nd c\u0103 va fi\u2026 [vezi mai mult] &nbsp; Un transfer surprinz\u0103tor \u00een fotbalul rom\u00e2nesc a captat aten\u021bia fanilor \u0219i a presei. Un juc\u0103tor important din echipa FCSB (FC Steaua Bucure\u0219ti), dup\u0103 o perioad\u0103 \u00een care a evoluat la FC Rapid [&hellip;]<\/p>\n","protected":false},"author":1,"featured_media":17844,"comment_status":"open","ping_status":"open","sticky":false,"template":"","format":"standard","meta":{"_jetpack_memberships_contains_paid_content":false,"footnotes":""},"categories":[1],"tags":[],"class_list":["post-17843","post","type-post","status-publish","format-standard","has-post-thumbnail","hentry","category-uncategorized"],"yoast_head":"<!-- This site is optimized with the Yoast SEO plugin v27.4 - https:\/\/yoast.com\/product\/yoast-seo-wordpress\/ -->\n<title>\u201eM\u0103 \u00eentorc!\u201d Starul echipei FCSB (FC Steaua Bucure\u0219ti) \u0219i<\/title>\n<meta name=\"description\" content=\"\u201eM\u0103 \u00eentorc!\u201d Starul echipei FCSB (FC Steaua Bucure\u0219ti) \u0219i-a reziliat contractul cu FC Rapid Bucure\u0219ti, declar\u00e2nd c\u0103 va fi... [vezi ma\" \/>\n<meta name=\"robots\" content=\"index, follow, max-snippet:-1, max-image-preview:large, max-video-preview:-1\" \/>\n<link rel=\"canonical\" href=\"https:\/\/www.letsportsrock.com\/?p=17843\" \/>\n<meta property=\"og:locale\" content=\"en_US\" \/>\n<meta property=\"og:type\" content=\"article\" \/>\n<meta property=\"og:title\" content=\"\u201eM\u0103 \u00eentorc!\u201d Starul echipei FCSB (FC Steaua Bucure\u0219ti) \u0219i\" \/>\n<meta property=\"og:description\" content=\"\u201eM\u0103 \u00eentorc!\u201d Starul echipei FCSB (FC Steaua Bucure\u0219ti) \u0219i-a reziliat contractul cu FC Rapid Bucure\u0219ti, declar\u00e2nd c\u0103 va fi... [vezi ma\" \/>\n<meta property=\"og:url\" content=\"https:\/\/www.letsportsrock.com\/?p=17843\" \/>\n<meta property=\"og:site_name\" content=\"letsportsrock\" \/>\n<meta property=\"article:published_time\" content=\"2025-01-07T19:06:50+00:00\" \/>\n<meta property=\"og:image\" content=\"https:\/\/www.letsportsrock.com\/wp-content\/uploads\/2025\/01\/images-2025-01-07T200525.464.jpeg\" \/>\n\t<meta property=\"og:image:width\" content=\"739\" \/>\n\t<meta property=\"og:image:height\" content=\"415\" \/>\n\t<meta property=\"og:image:type\" content=\"image\/jpeg\" \/>\n<meta name=\"author\" content=\"letsportsrock\" \/>\n<meta name=\"twitter:card\" content=\"summary_large_image\" \/>\n<meta name=\"twitter:label1\" content=\"Written by\" \/>\n\t<meta name=\"twitter:data1\" content=\"letsportsrock\" \/>\n\t<meta name=\"twitter:label2\" content=\"Est. reading time\" \/>\n\t<meta name=\"twitter:data2\" content=\"2 minutes\" \/>\n<script type=\"application\/ld+json\" class=\"yoast-schema-graph\">{\"@context\":\"https:\\\/\\\/schema.org\",\"@graph\":[{\"@type\":\"Article\",\"@id\":\"https:\\\/\\\/www.letsportsrock.com\\\/?p=17843#article\",\"isPartOf\":{\"@id\":\"https:\\\/\\\/www.letsportsrock.com\\\/?p=17843\"},\"author\":{\"name\":\"letsportsrock\",\"@id\":\"https:\\\/\\\/www.letsportsrock.com\\\/#\\\/schema\\\/person\\\/a454ac24e58b214ddd97e4b5afb0bf01\"},\"headline\":\"\u201eM\u0103 \u00eentorc!\u201d Starul echipei FCSB (FC Steaua Bucure\u0219ti) \u0219i-a reziliat contractul cu FC Rapid Bucure\u0219ti, declar\u00e2nd c\u0103 va fi&#8230; [vezi mai mult]&#8230;\",\"datePublished\":\"2025-01-07T19:06:50+00:00\",\"mainEntityOfPage\":{\"@id\":\"https:\\\/\\\/www.letsportsrock.com\\\/?p=17843\"},\"wordCount\":343,\"commentCount\":0,\"image\":{\"@id\":\"https:\\\/\\\/www.letsportsrock.com\\\/?p=17843#primaryimage\"},\"thumbnailUrl\":\"https:\\\/\\\/www.letsportsrock.com\\\/wp-content\\\/uploads\\\/2025\\\/01\\\/images-2025-01-07T200525.464.jpeg\",\"inLanguage\":\"en-US\",\"potentialAction\":[{\"@type\":\"CommentAction\",\"name\":\"Comment\",\"target\":[\"https:\\\/\\\/www.letsportsrock.com\\\/?p=17843#respond\"]}]},{\"@type\":\"WebPage\",\"@id\":\"https:\\\/\\\/www.letsportsrock.com\\\/?p=17843\",\"url\":\"https:\\\/\\\/www.letsportsrock.com\\\/?p=17843\",\"name\":\"\u201eM\u0103 \u00eentorc!\u201d Starul echipei FCSB (FC Steaua Bucure\u0219ti) \u0219i\",\"isPartOf\":{\"@id\":\"https:\\\/\\\/www.letsportsrock.com\\\/#website\"},\"primaryImageOfPage\":{\"@id\":\"https:\\\/\\\/www.letsportsrock.com\\\/?p=17843#primaryimage\"},\"image\":{\"@id\":\"https:\\\/\\\/www.letsportsrock.com\\\/?p=17843#primaryimage\"},\"thumbnailUrl\":\"https:\\\/\\\/www.letsportsrock.com\\\/wp-content\\\/uploads\\\/2025\\\/01\\\/images-2025-01-07T200525.464.jpeg\",\"datePublished\":\"2025-01-07T19:06:50+00:00\",\"author\":{\"@id\":\"https:\\\/\\\/www.letsportsrock.com\\\/#\\\/schema\\\/person\\\/a454ac24e58b214ddd97e4b5afb0bf01\"},\"description\":\"\u201eM\u0103 \u00eentorc!\u201d Starul echipei FCSB (FC Steaua Bucure\u0219ti) \u0219i-a reziliat contractul cu FC Rapid Bucure\u0219ti, declar\u00e2nd c\u0103 va fi... [vezi ma\",\"breadcrumb\":{\"@id\":\"https:\\\/\\\/www.letsportsrock.com\\\/?p=17843#breadcrumb\"},\"inLanguage\":\"en-US\",\"potentialAction\":[{\"@type\":\"ReadAction\",\"target\":[\"https:\\\/\\\/www.letsportsrock.com\\\/?p=17843\"]}]},{\"@type\":\"ImageObject\",\"inLanguage\":\"en-US\",\"@id\":\"https:\\\/\\\/www.letsportsrock.com\\\/?p=17843#primaryimage\",\"url\":\"https:\\\/\\\/www.letsportsrock.com\\\/wp-content\\\/uploads\\\/2025\\\/01\\\/images-2025-01-07T200525.464.jpeg\",\"contentUrl\":\"https:\\\/\\\/www.letsportsrock.com\\\/wp-content\\\/uploads\\\/2025\\\/01\\\/images-2025-01-07T200525.464.jpeg\",\"width\":739,\"height\":415},{\"@type\":\"BreadcrumbList\",\"@id\":\"https:\\\/\\\/www.letsportsrock.com\\\/?p=17843#breadcrumb\",\"itemListElement\":[{\"@type\":\"ListItem\",\"position\":1,\"name\":\"Home\",\"item\":\"https:\\\/\\\/www.letsportsrock.com\\\/\"},{\"@type\":\"ListItem\",\"position\":2,\"name\":\"\u201eM\u0103 \u00eentorc!\u201d Starul echipei FCSB (FC Steaua Bucure\u0219ti) \u0219i-a reziliat contractul cu FC Rapid Bucure\u0219ti, declar\u00e2nd c\u0103 va fi&#8230; [vezi mai mult]&#8230;\"}]},{\"@type\":\"WebSite\",\"@id\":\"https:\\\/\\\/www.letsportsrock.com\\\/#website\",\"url\":\"https:\\\/\\\/www.letsportsrock.com\\\/\",\"name\":\"letsportsrock\",\"description\":\"Sport News and Updates\",\"potentialAction\":[{\"@type\":\"SearchAction\",\"target\":{\"@type\":\"EntryPoint\",\"urlTemplate\":\"https:\\\/\\\/www.letsportsrock.com\\\/?s={search_term_string}\"},\"query-input\":{\"@type\":\"PropertyValueSpecification\",\"valueRequired\":true,\"valueName\":\"search_term_string\"}}],\"inLanguage\":\"en-US\"},{\"@type\":\"Person\",\"@id\":\"https:\\\/\\\/www.letsportsrock.com\\\/#\\\/schema\\\/person\\\/a454ac24e58b214ddd97e4b5afb0bf01\",\"name\":\"letsportsrock\",\"image\":{\"@type\":\"ImageObject\",\"inLanguage\":\"en-US\",\"@id\":\"https:\\\/\\\/secure.gravatar.com\\\/avatar\\\/f8ef950cbb7574c0bc874094b8d307659bfe2d7aa4a9d26fa6917eff010748f9?s=96&d=mm&r=g\",\"url\":\"https:\\\/\\\/secure.gravatar.com\\\/avatar\\\/f8ef950cbb7574c0bc874094b8d307659bfe2d7aa4a9d26fa6917eff010748f9?s=96&d=mm&r=g\",\"contentUrl\":\"https:\\\/\\\/secure.gravatar.com\\\/avatar\\\/f8ef950cbb7574c0bc874094b8d307659bfe2d7aa4a9d26fa6917eff010748f9?s=96&d=mm&r=g\",\"caption\":\"letsportsrock\"},\"sameAs\":[\"https:\\\/\\\/www.letsportsrock.com\"],\"url\":\"https:\\\/\\\/www.letsportsrock.com\\\/?author=1\"}]}<\/script>\n<!-- \/ Yoast SEO plugin. -->","yoast_head_json":{"title":"\u201eM\u0103 \u00eentorc!\u201d Starul echipei FCSB (FC Steaua Bucure\u0219ti) \u0219i","description":"\u201eM\u0103 \u00eentorc!\u201d Starul echipei FCSB (FC Steaua Bucure\u0219ti) \u0219i-a reziliat contractul cu FC Rapid Bucure\u0219ti, declar\u00e2nd c\u0103 va fi... [vezi ma","robots":{"index":"index","follow":"follow","max-snippet":"max-snippet:-1","max-image-preview":"max-image-preview:large","max-video-preview":"max-video-preview:-1"},"canonical":"https:\/\/www.letsportsrock.com\/?p=17843","og_locale":"en_US","og_type":"article","og_title":"\u201eM\u0103 \u00eentorc!\u201d Starul echipei FCSB (FC Steaua Bucure\u0219ti) \u0219i","og_description":"\u201eM\u0103 \u00eentorc!\u201d Starul echipei FCSB (FC Steaua Bucure\u0219ti) \u0219i-a reziliat contractul cu FC Rapid Bucure\u0219ti, declar\u00e2nd c\u0103 va fi... [vezi ma","og_url":"https:\/\/www.letsportsrock.com\/?p=17843","og_site_name":"letsportsrock","article_published_time":"2025-01-07T19:06:50+00:00","og_image":[{"width":739,"height":415,"url":"https:\/\/www.letsportsrock.com\/wp-content\/uploads\/2025\/01\/images-2025-01-07T200525.464.jpeg","type":"image\/jpeg"}],"author":"letsportsrock","twitter_card":"summary_large_image","twitter_misc":{"Written by":"letsportsrock","Est. reading time":"2 minutes"},"schema":{"@context":"https:\/\/schema.org","@graph":[{"@type":"Article","@id":"https:\/\/www.letsportsrock.com\/?p=17843#article","isPartOf":{"@id":"https:\/\/www.letsportsrock.com\/?p=17843"},"author":{"name":"letsportsrock","@id":"https:\/\/www.letsportsrock.com\/#\/schema\/person\/a454ac24e58b214ddd97e4b5afb0bf01"},"headline":"\u201eM\u0103 \u00eentorc!\u201d Starul echipei FCSB (FC Steaua Bucure\u0219ti) \u0219i-a reziliat contractul cu FC Rapid Bucure\u0219ti, declar\u00e2nd c\u0103 va fi&#8230; [vezi mai mult]&#8230;","datePublished":"2025-01-07T19:06:50+00:00","mainEntityOfPage":{"@id":"https:\/\/www.letsportsrock.com\/?p=17843"},"wordCount":343,"commentCount":0,"image":{"@id":"https:\/\/www.letsportsrock.com\/?p=17843#primaryimage"},"thumbnailUrl":"https:\/\/www.letsportsrock.com\/wp-content\/uploads\/2025\/01\/images-2025-01-07T200525.464.jpeg","inLanguage":"en-US","potentialAction":[{"@type":"CommentAction","name":"Comment","target":["https:\/\/www.letsportsrock.com\/?p=17843#respond"]}]},{"@type":"WebPage","@id":"https:\/\/www.letsportsrock.com\/?p=17843","url":"https:\/\/www.letsportsrock.com\/?p=17843","name":"\u201eM\u0103 \u00eentorc!\u201d Starul echipei FCSB (FC Steaua Bucure\u0219ti) \u0219i","isPartOf":{"@id":"https:\/\/www.letsportsrock.com\/#website"},"primaryImageOfPage":{"@id":"https:\/\/www.letsportsrock.com\/?p=17843#primaryimage"},"image":{"@id":"https:\/\/www.letsportsrock.com\/?p=17843#primaryimage"},"thumbnailUrl":"https:\/\/www.letsportsrock.com\/wp-content\/uploads\/2025\/01\/images-2025-01-07T200525.464.jpeg","datePublished":"2025-01-07T19:06:50+00:00","author":{"@id":"https:\/\/www.letsportsrock.com\/#\/schema\/person\/a454ac24e58b214ddd97e4b5afb0bf01"},"description":"\u201eM\u0103 \u00eentorc!\u201d Starul echipei FCSB (FC Steaua Bucure\u0219ti) \u0219i-a reziliat contractul cu FC Rapid Bucure\u0219ti, declar\u00e2nd c\u0103 va fi... [vezi ma","breadcrumb":{"@id":"https:\/\/www.letsportsrock.com\/?p=17843#breadcrumb"},"inLanguage":"en-US","potentialAction":[{"@type":"ReadAction","target":["https:\/\/www.letsportsrock.com\/?p=17843"]}]},{"@type":"ImageObject","inLanguage":"en-US","@id":"https:\/\/www.letsportsrock.com\/?p=17843#primaryimage","url":"https:\/\/www.letsportsrock.com\/wp-content\/uploads\/2025\/01\/images-2025-01-07T200525.464.jpeg","contentUrl":"https:\/\/www.letsportsrock.com\/wp-content\/uploads\/2025\/01\/images-2025-01-07T200525.464.jpeg","width":739,"height":415},{"@type":"BreadcrumbList","@id":"https:\/\/www.letsportsrock.com\/?p=17843#breadcrumb","itemListElement":[{"@type":"ListItem","position":1,"name":"Home","item":"https:\/\/www.letsportsrock.com\/"},{"@type":"ListItem","position":2,"name":"\u201eM\u0103 \u00eentorc!\u201d Starul echipei FCSB (FC Steaua Bucure\u0219ti) \u0219i-a reziliat contractul cu FC Rapid Bucure\u0219ti, declar\u00e2nd c\u0103 va fi&#8230; [vezi mai mult]&#8230;"}]},{"@type":"WebSite","@id":"https:\/\/www.letsportsrock.com\/#website","url":"https:\/\/www.letsportsrock.com\/","name":"letsportsrock","description":"Sport News and Updates","potentialAction":[{"@type":"SearchAction","target":{"@type":"EntryPoint","urlTemplate":"https:\/\/www.letsportsrock.com\/?s={search_term_string}"},"query-input":{"@type":"PropertyValueSpecification","valueRequired":true,"valueName":"search_term_string"}}],"inLanguage":"en-US"},{"@type":"Person","@id":"https:\/\/www.letsportsrock.com\/#\/schema\/person\/a454ac24e58b214ddd97e4b5afb0bf01","name":"letsportsrock","image":{"@type":"ImageObject","inLanguage":"en-US","@id":"https:\/\/secure.gravatar.com\/avatar\/f8ef950cbb7574c0bc874094b8d307659bfe2d7aa4a9d26fa6917eff010748f9?s=96&d=mm&r=g","url":"https:\/\/secure.gravatar.com\/avatar\/f8ef950cbb7574c0bc874094b8d307659bfe2d7aa4a9d26fa6917eff010748f9?s=96&d=mm&r=g","contentUrl":"https:\/\/secure.gravatar.com\/avatar\/f8ef950cbb7574c0bc874094b8d307659bfe2d7aa4a9d26fa6917eff010748f9?s=96&d=mm&r=g","caption":"letsportsrock"},"sameAs":["https:\/\/www.letsportsrock.com"],"url":"https:\/\/www.letsportsrock.com\/?author=1"}]}},"jetpack_featured_media_url":"https:\/\/www.letsportsrock.com\/wp-content\/uploads\/2025\/01\/images-2025-01-07T200525.464.jpeg","jetpack_sharing_enabled":true,"_links":{"self":[{"href":"https:\/\/www.letsportsrock.com\/index.php?rest_route=\/wp\/v2\/posts\/17843","targetHints":{"allow":["GET"]}}],"collection":[{"href":"https:\/\/www.letsportsrock.com\/index.php?rest_route=\/wp\/v2\/posts"}],"about":[{"href":"https:\/\/www.letsportsrock.com\/index.php?rest_route=\/wp\/v2\/types\/post"}],"author":[{"embeddable":true,"href":"https:\/\/www.letsportsrock.com\/index.php?rest_route=\/wp\/v2\/users\/1"}],"replies":[{"embeddable":true,"href":"https:\/\/www.letsportsrock.com\/index.php?rest_route=%2Fwp%2Fv2%2Fcomments&post=17843"}],"version-history":[{"count":1,"href":"https:\/\/www.letsportsrock.com\/index.php?rest_route=\/wp\/v2\/posts\/17843\/revisions"}],"predecessor-version":[{"id":17845,"href":"https:\/\/www.letsportsrock.com\/index.php?rest_route=\/wp\/v2\/posts\/17843\/revisions\/17845"}],"wp:featuredmedia":[{"embeddable":true,"href":"https:\/\/www.letsportsrock.com\/index.php?rest_route=\/wp\/v2\/media\/17844"}],"wp:attachment":[{"href":"https:\/\/www.letsportsrock.com\/index.php?rest_route=%2Fwp%2Fv2%2Fmedia&parent=17843"}],"wp:term":[{"taxonomy":"category","embeddable":true,"href":"https:\/\/www.letsportsrock.com\/index.php?rest_route=%2Fwp%2Fv2%2Fcategories&post=17843"},{"taxonomy":"post_tag","embeddable":true,"href":"https:\/\/www.letsportsrock.com\/index.php?rest_route=%2Fwp%2Fv2%2Ftags&post=17843"}],"curies":[{"name":"wp","href":"https:\/\/api.w.org\/{rel}","templated":true}]}}