{"id":18010,"date":"2025-01-08T20:06:46","date_gmt":"2025-01-08T20:06:46","guid":{"rendered":"https:\/\/www.letsportsrock.com\/?p=18010"},"modified":"2025-01-08T20:06:46","modified_gmt":"2025-01-08T20:06:46","slug":"vesti-triste-antrenorul-fc-dinamo-bucuresti-anunta-demisia-in-urma-cu-cateva-minute-din-cauza","status":"publish","type":"post","link":"https:\/\/www.letsportsrock.com\/?p=18010","title":{"rendered":"Ve\u0219ti Triste: Antrenorul FC Dinamo Bucure\u0219ti, anun\u021b\u0103 demisia \u00een urm\u0103 cu c\u00e2teva minute din cauza&#8230;"},"content":{"rendered":"<div class=\"d79db4796efc26332eabfc3f5dafbc76\" data-index=\"1\" style=\"float: none; margin:10px 0 10px 0; text-align:center;\">\n<div class=\"hb-ad-inarticle\">\r\n    <div class=\"hb-ad-inner\"> \r\n    <div class=\"hbagency_cls\"  id=\"hbagency_space_111930\"><\/div><\/div> <\/div>\n<\/div>\n<p>Ve\u0219ti Triste: Antrenorul FC Dinamo Bucure\u0219ti, anun\u021b\u0103 demisia \u00een urm\u0103 cu c\u00e2teva minute din cauza&#8230;<\/p>\n<p>&nbsp;<\/p>\n<p>Ast\u0103zi, un anun\u021b surprinz\u0103tor a \u0219ocat suporterii echipei FC Dinamo Bucure\u0219ti. Antrenorul principal al clubului, care a preluat conducerea echipei cu doar c\u00e2teva luni \u00een urm\u0103, a decis s\u0103 \u00ee\u0219i prezinte demisia din cauza unor motive personale, dar \u0219i a unor tensiuni interne care au afectat evolu\u021bia echipei. Antrenorul, care a venit cu speran\u021ba de a revitaliza clubul \u0219i de a-l readuce pe drumul succesului, nu a reu\u0219it s\u0103 ob\u021bin\u0103 rezultatele dorite, iar presiunea s-a acumulat treptat.<\/p>\n<p>&nbsp;<\/p>\n<p>Decizia sa a fost una dificil\u0103, dar conform celor mai recente declara\u021bii, acesta a afirmat c\u0103 &#8220;situa\u021bia intern\u0103 a devenit insuportabil\u0103&#8221; \u0219i c\u0103 nu mai are energia necesar\u0103 pentru a continua s\u0103 conduc\u0103 echipa \u00eentr-un moment \u00een care rela\u021biile dintre conducere \u0219i staff-ul tehnic deveniser\u0103 din ce \u00een ce mai tensionate. \u00cen plus, lipsa unui sprijin constant \u0219i presiunea mediatic\u0103 au contribuit la aceast\u0103 decizie. De asemenea, o parte din echip\u0103 a avut dificult\u0103\u021bi \u00een a se adapta la stilul s\u0103u de joc, ceea ce a dus la o serie de rezultate sub a\u0219tept\u0103rile fanilor.<\/p>\n<p>&nbsp;<\/p>\n<p>Suporterii dinamovi\u0219ti sunt extrem de dezam\u0103gi\u021bi de aceast\u0103 decizie \u0219i se \u00eentreab\u0103 ce viitor va avea echipa \u00een condi\u021biile \u00een care schimb\u0103rile frecvente de antrenori nu au f\u0103cut dec\u00e2t s\u0103 ad\u00e2nceasc\u0103 criza clubului. Echipa r\u0103m\u00e2ne acum \u00eentr-o perioad\u0103 de incertitudine, iar conducerea va trebui s\u0103 g\u0103seasc\u0103 rapid un \u00eenlocuitor pentru a restabili echilibrul \u0219i performan\u021bele dorite de suporterii loiali.<\/p>\n\n<div style=\"font-size: 0px; height: 0px; line-height: 0px; margin: 0; padding: 0; clear: both;\"><\/div>","protected":false},"excerpt":{"rendered":"<p>Ve\u0219ti Triste: Antrenorul FC Dinamo Bucure\u0219ti, anun\u021b\u0103 demisia \u00een urm\u0103 cu c\u00e2teva minute din cauza&#8230; &nbsp; Ast\u0103zi, un anun\u021b surprinz\u0103tor a \u0219ocat suporterii echipei FC Dinamo Bucure\u0219ti. Antrenorul principal al clubului, care a preluat conducerea echipei cu doar c\u00e2teva luni \u00een urm\u0103, a decis s\u0103 \u00ee\u0219i prezinte demisia din cauza unor motive personale, dar \u0219i [&hellip;]<\/p>\n","protected":false},"author":1,"featured_media":18011,"comment_status":"open","ping_status":"open","sticky":false,"template":"","format":"standard","meta":{"_jetpack_memberships_contains_paid_content":false,"footnotes":""},"categories":[1],"tags":[],"class_list":["post-18010","post","type-post","status-publish","format-standard","has-post-thumbnail","hentry","category-uncategorized"],"yoast_head":"<!-- This site is optimized with the Yoast SEO plugin v27.4 - https:\/\/yoast.com\/product\/yoast-seo-wordpress\/ -->\n<title>Ve\u0219ti Triste: Antrenorul FC Dinamo Bucure\u0219ti, an<\/title>\n<meta name=\"description\" content=\"Ve\u0219ti Triste: Antrenorul FC Dinamo Bucure\u0219ti, anun\u021b\u0103 demisia \u00een urm\u0103 cu c\u00e2teva minute din cauza...............\" \/>\n<meta name=\"robots\" content=\"index, follow, max-snippet:-1, max-image-preview:large, max-video-preview:-1\" \/>\n<link rel=\"canonical\" href=\"https:\/\/www.letsportsrock.com\/?p=18010\" \/>\n<meta property=\"og:locale\" content=\"en_US\" \/>\n<meta property=\"og:type\" content=\"article\" \/>\n<meta property=\"og:title\" content=\"Ve\u0219ti Triste: Antrenorul FC Dinamo Bucure\u0219ti, an\" \/>\n<meta property=\"og:description\" content=\"Ve\u0219ti Triste: Antrenorul FC Dinamo Bucure\u0219ti, anun\u021b\u0103 demisia \u00een urm\u0103 cu c\u00e2teva minute din cauza...............\" \/>\n<meta property=\"og:url\" content=\"https:\/\/www.letsportsrock.com\/?p=18010\" \/>\n<meta property=\"og:site_name\" content=\"letsportsrock\" \/>\n<meta property=\"article:published_time\" content=\"2025-01-08T20:06:46+00:00\" \/>\n<meta property=\"og:image\" content=\"https:\/\/www.letsportsrock.com\/wp-content\/uploads\/2025\/01\/images-2025-01-08T210500.687.jpeg\" \/>\n\t<meta property=\"og:image:width\" content=\"700\" \/>\n\t<meta property=\"og:image:height\" content=\"420\" \/>\n\t<meta property=\"og:image:type\" content=\"image\/jpeg\" \/>\n<meta name=\"author\" content=\"letsportsrock\" \/>\n<meta name=\"twitter:card\" content=\"summary_large_image\" \/>\n<meta name=\"twitter:label1\" content=\"Written by\" \/>\n\t<meta name=\"twitter:data1\" content=\"letsportsrock\" \/>\n\t<meta name=\"twitter:label2\" content=\"Est. reading time\" \/>\n\t<meta name=\"twitter:data2\" content=\"2 minutes\" \/>\n<script type=\"application\/ld+json\" class=\"yoast-schema-graph\">{\"@context\":\"https:\\\/\\\/schema.org\",\"@graph\":[{\"@type\":\"Article\",\"@id\":\"https:\\\/\\\/www.letsportsrock.com\\\/?p=18010#article\",\"isPartOf\":{\"@id\":\"https:\\\/\\\/www.letsportsrock.com\\\/?p=18010\"},\"author\":{\"name\":\"letsportsrock\",\"@id\":\"https:\\\/\\\/www.letsportsrock.com\\\/#\\\/schema\\\/person\\\/a454ac24e58b214ddd97e4b5afb0bf01\"},\"headline\":\"Ve\u0219ti Triste: Antrenorul FC Dinamo Bucure\u0219ti, anun\u021b\u0103 demisia \u00een urm\u0103 cu c\u00e2teva minute din cauza&#8230;\",\"datePublished\":\"2025-01-08T20:06:46+00:00\",\"mainEntityOfPage\":{\"@id\":\"https:\\\/\\\/www.letsportsrock.com\\\/?p=18010\"},\"wordCount\":297,\"commentCount\":0,\"image\":{\"@id\":\"https:\\\/\\\/www.letsportsrock.com\\\/?p=18010#primaryimage\"},\"thumbnailUrl\":\"https:\\\/\\\/www.letsportsrock.com\\\/wp-content\\\/uploads\\\/2025\\\/01\\\/images-2025-01-08T210500.687.jpeg\",\"inLanguage\":\"en-US\",\"potentialAction\":[{\"@type\":\"CommentAction\",\"name\":\"Comment\",\"target\":[\"https:\\\/\\\/www.letsportsrock.com\\\/?p=18010#respond\"]}]},{\"@type\":\"WebPage\",\"@id\":\"https:\\\/\\\/www.letsportsrock.com\\\/?p=18010\",\"url\":\"https:\\\/\\\/www.letsportsrock.com\\\/?p=18010\",\"name\":\"Ve\u0219ti Triste: Antrenorul FC Dinamo Bucure\u0219ti, an\",\"isPartOf\":{\"@id\":\"https:\\\/\\\/www.letsportsrock.com\\\/#website\"},\"primaryImageOfPage\":{\"@id\":\"https:\\\/\\\/www.letsportsrock.com\\\/?p=18010#primaryimage\"},\"image\":{\"@id\":\"https:\\\/\\\/www.letsportsrock.com\\\/?p=18010#primaryimage\"},\"thumbnailUrl\":\"https:\\\/\\\/www.letsportsrock.com\\\/wp-content\\\/uploads\\\/2025\\\/01\\\/images-2025-01-08T210500.687.jpeg\",\"datePublished\":\"2025-01-08T20:06:46+00:00\",\"author\":{\"@id\":\"https:\\\/\\\/www.letsportsrock.com\\\/#\\\/schema\\\/person\\\/a454ac24e58b214ddd97e4b5afb0bf01\"},\"description\":\"Ve\u0219ti Triste: Antrenorul FC Dinamo Bucure\u0219ti, anun\u021b\u0103 demisia \u00een urm\u0103 cu c\u00e2teva minute din cauza...............\",\"breadcrumb\":{\"@id\":\"https:\\\/\\\/www.letsportsrock.com\\\/?p=18010#breadcrumb\"},\"inLanguage\":\"en-US\",\"potentialAction\":[{\"@type\":\"ReadAction\",\"target\":[\"https:\\\/\\\/www.letsportsrock.com\\\/?p=18010\"]}]},{\"@type\":\"ImageObject\",\"inLanguage\":\"en-US\",\"@id\":\"https:\\\/\\\/www.letsportsrock.com\\\/?p=18010#primaryimage\",\"url\":\"https:\\\/\\\/www.letsportsrock.com\\\/wp-content\\\/uploads\\\/2025\\\/01\\\/images-2025-01-08T210500.687.jpeg\",\"contentUrl\":\"https:\\\/\\\/www.letsportsrock.com\\\/wp-content\\\/uploads\\\/2025\\\/01\\\/images-2025-01-08T210500.687.jpeg\",\"width\":700,\"height\":420},{\"@type\":\"BreadcrumbList\",\"@id\":\"https:\\\/\\\/www.letsportsrock.com\\\/?p=18010#breadcrumb\",\"itemListElement\":[{\"@type\":\"ListItem\",\"position\":1,\"name\":\"Home\",\"item\":\"https:\\\/\\\/www.letsportsrock.com\\\/\"},{\"@type\":\"ListItem\",\"position\":2,\"name\":\"Ve\u0219ti Triste: Antrenorul FC Dinamo Bucure\u0219ti, anun\u021b\u0103 demisia \u00een urm\u0103 cu c\u00e2teva minute din cauza&#8230;\"}]},{\"@type\":\"WebSite\",\"@id\":\"https:\\\/\\\/www.letsportsrock.com\\\/#website\",\"url\":\"https:\\\/\\\/www.letsportsrock.com\\\/\",\"name\":\"letsportsrock\",\"description\":\"Sport News and Updates\",\"potentialAction\":[{\"@type\":\"SearchAction\",\"target\":{\"@type\":\"EntryPoint\",\"urlTemplate\":\"https:\\\/\\\/www.letsportsrock.com\\\/?s={search_term_string}\"},\"query-input\":{\"@type\":\"PropertyValueSpecification\",\"valueRequired\":true,\"valueName\":\"search_term_string\"}}],\"inLanguage\":\"en-US\"},{\"@type\":\"Person\",\"@id\":\"https:\\\/\\\/www.letsportsrock.com\\\/#\\\/schema\\\/person\\\/a454ac24e58b214ddd97e4b5afb0bf01\",\"name\":\"letsportsrock\",\"image\":{\"@type\":\"ImageObject\",\"inLanguage\":\"en-US\",\"@id\":\"https:\\\/\\\/secure.gravatar.com\\\/avatar\\\/f8ef950cbb7574c0bc874094b8d307659bfe2d7aa4a9d26fa6917eff010748f9?s=96&d=mm&r=g\",\"url\":\"https:\\\/\\\/secure.gravatar.com\\\/avatar\\\/f8ef950cbb7574c0bc874094b8d307659bfe2d7aa4a9d26fa6917eff010748f9?s=96&d=mm&r=g\",\"contentUrl\":\"https:\\\/\\\/secure.gravatar.com\\\/avatar\\\/f8ef950cbb7574c0bc874094b8d307659bfe2d7aa4a9d26fa6917eff010748f9?s=96&d=mm&r=g\",\"caption\":\"letsportsrock\"},\"sameAs\":[\"https:\\\/\\\/www.letsportsrock.com\"],\"url\":\"https:\\\/\\\/www.letsportsrock.com\\\/?author=1\"}]}<\/script>\n<!-- \/ Yoast SEO plugin. -->","yoast_head_json":{"title":"Ve\u0219ti Triste: Antrenorul FC Dinamo Bucure\u0219ti, an","description":"Ve\u0219ti Triste: Antrenorul FC Dinamo Bucure\u0219ti, anun\u021b\u0103 demisia \u00een urm\u0103 cu c\u00e2teva minute din cauza...............","robots":{"index":"index","follow":"follow","max-snippet":"max-snippet:-1","max-image-preview":"max-image-preview:large","max-video-preview":"max-video-preview:-1"},"canonical":"https:\/\/www.letsportsrock.com\/?p=18010","og_locale":"en_US","og_type":"article","og_title":"Ve\u0219ti Triste: Antrenorul FC Dinamo Bucure\u0219ti, an","og_description":"Ve\u0219ti Triste: Antrenorul FC Dinamo Bucure\u0219ti, anun\u021b\u0103 demisia \u00een urm\u0103 cu c\u00e2teva minute din cauza...............","og_url":"https:\/\/www.letsportsrock.com\/?p=18010","og_site_name":"letsportsrock","article_published_time":"2025-01-08T20:06:46+00:00","og_image":[{"width":700,"height":420,"url":"https:\/\/www.letsportsrock.com\/wp-content\/uploads\/2025\/01\/images-2025-01-08T210500.687.jpeg","type":"image\/jpeg"}],"author":"letsportsrock","twitter_card":"summary_large_image","twitter_misc":{"Written by":"letsportsrock","Est. reading time":"2 minutes"},"schema":{"@context":"https:\/\/schema.org","@graph":[{"@type":"Article","@id":"https:\/\/www.letsportsrock.com\/?p=18010#article","isPartOf":{"@id":"https:\/\/www.letsportsrock.com\/?p=18010"},"author":{"name":"letsportsrock","@id":"https:\/\/www.letsportsrock.com\/#\/schema\/person\/a454ac24e58b214ddd97e4b5afb0bf01"},"headline":"Ve\u0219ti Triste: Antrenorul FC Dinamo Bucure\u0219ti, anun\u021b\u0103 demisia \u00een urm\u0103 cu c\u00e2teva minute din cauza&#8230;","datePublished":"2025-01-08T20:06:46+00:00","mainEntityOfPage":{"@id":"https:\/\/www.letsportsrock.com\/?p=18010"},"wordCount":297,"commentCount":0,"image":{"@id":"https:\/\/www.letsportsrock.com\/?p=18010#primaryimage"},"thumbnailUrl":"https:\/\/www.letsportsrock.com\/wp-content\/uploads\/2025\/01\/images-2025-01-08T210500.687.jpeg","inLanguage":"en-US","potentialAction":[{"@type":"CommentAction","name":"Comment","target":["https:\/\/www.letsportsrock.com\/?p=18010#respond"]}]},{"@type":"WebPage","@id":"https:\/\/www.letsportsrock.com\/?p=18010","url":"https:\/\/www.letsportsrock.com\/?p=18010","name":"Ve\u0219ti Triste: Antrenorul FC Dinamo Bucure\u0219ti, an","isPartOf":{"@id":"https:\/\/www.letsportsrock.com\/#website"},"primaryImageOfPage":{"@id":"https:\/\/www.letsportsrock.com\/?p=18010#primaryimage"},"image":{"@id":"https:\/\/www.letsportsrock.com\/?p=18010#primaryimage"},"thumbnailUrl":"https:\/\/www.letsportsrock.com\/wp-content\/uploads\/2025\/01\/images-2025-01-08T210500.687.jpeg","datePublished":"2025-01-08T20:06:46+00:00","author":{"@id":"https:\/\/www.letsportsrock.com\/#\/schema\/person\/a454ac24e58b214ddd97e4b5afb0bf01"},"description":"Ve\u0219ti Triste: Antrenorul FC Dinamo Bucure\u0219ti, anun\u021b\u0103 demisia \u00een urm\u0103 cu c\u00e2teva minute din cauza...............","breadcrumb":{"@id":"https:\/\/www.letsportsrock.com\/?p=18010#breadcrumb"},"inLanguage":"en-US","potentialAction":[{"@type":"ReadAction","target":["https:\/\/www.letsportsrock.com\/?p=18010"]}]},{"@type":"ImageObject","inLanguage":"en-US","@id":"https:\/\/www.letsportsrock.com\/?p=18010#primaryimage","url":"https:\/\/www.letsportsrock.com\/wp-content\/uploads\/2025\/01\/images-2025-01-08T210500.687.jpeg","contentUrl":"https:\/\/www.letsportsrock.com\/wp-content\/uploads\/2025\/01\/images-2025-01-08T210500.687.jpeg","width":700,"height":420},{"@type":"BreadcrumbList","@id":"https:\/\/www.letsportsrock.com\/?p=18010#breadcrumb","itemListElement":[{"@type":"ListItem","position":1,"name":"Home","item":"https:\/\/www.letsportsrock.com\/"},{"@type":"ListItem","position":2,"name":"Ve\u0219ti Triste: Antrenorul FC Dinamo Bucure\u0219ti, anun\u021b\u0103 demisia \u00een urm\u0103 cu c\u00e2teva minute din cauza&#8230;"}]},{"@type":"WebSite","@id":"https:\/\/www.letsportsrock.com\/#website","url":"https:\/\/www.letsportsrock.com\/","name":"letsportsrock","description":"Sport News and Updates","potentialAction":[{"@type":"SearchAction","target":{"@type":"EntryPoint","urlTemplate":"https:\/\/www.letsportsrock.com\/?s={search_term_string}"},"query-input":{"@type":"PropertyValueSpecification","valueRequired":true,"valueName":"search_term_string"}}],"inLanguage":"en-US"},{"@type":"Person","@id":"https:\/\/www.letsportsrock.com\/#\/schema\/person\/a454ac24e58b214ddd97e4b5afb0bf01","name":"letsportsrock","image":{"@type":"ImageObject","inLanguage":"en-US","@id":"https:\/\/secure.gravatar.com\/avatar\/f8ef950cbb7574c0bc874094b8d307659bfe2d7aa4a9d26fa6917eff010748f9?s=96&d=mm&r=g","url":"https:\/\/secure.gravatar.com\/avatar\/f8ef950cbb7574c0bc874094b8d307659bfe2d7aa4a9d26fa6917eff010748f9?s=96&d=mm&r=g","contentUrl":"https:\/\/secure.gravatar.com\/avatar\/f8ef950cbb7574c0bc874094b8d307659bfe2d7aa4a9d26fa6917eff010748f9?s=96&d=mm&r=g","caption":"letsportsrock"},"sameAs":["https:\/\/www.letsportsrock.com"],"url":"https:\/\/www.letsportsrock.com\/?author=1"}]}},"jetpack_featured_media_url":"https:\/\/www.letsportsrock.com\/wp-content\/uploads\/2025\/01\/images-2025-01-08T210500.687.jpeg","jetpack_sharing_enabled":true,"_links":{"self":[{"href":"https:\/\/www.letsportsrock.com\/index.php?rest_route=\/wp\/v2\/posts\/18010","targetHints":{"allow":["GET"]}}],"collection":[{"href":"https:\/\/www.letsportsrock.com\/index.php?rest_route=\/wp\/v2\/posts"}],"about":[{"href":"https:\/\/www.letsportsrock.com\/index.php?rest_route=\/wp\/v2\/types\/post"}],"author":[{"embeddable":true,"href":"https:\/\/www.letsportsrock.com\/index.php?rest_route=\/wp\/v2\/users\/1"}],"replies":[{"embeddable":true,"href":"https:\/\/www.letsportsrock.com\/index.php?rest_route=%2Fwp%2Fv2%2Fcomments&post=18010"}],"version-history":[{"count":1,"href":"https:\/\/www.letsportsrock.com\/index.php?rest_route=\/wp\/v2\/posts\/18010\/revisions"}],"predecessor-version":[{"id":18012,"href":"https:\/\/www.letsportsrock.com\/index.php?rest_route=\/wp\/v2\/posts\/18010\/revisions\/18012"}],"wp:featuredmedia":[{"embeddable":true,"href":"https:\/\/www.letsportsrock.com\/index.php?rest_route=\/wp\/v2\/media\/18011"}],"wp:attachment":[{"href":"https:\/\/www.letsportsrock.com\/index.php?rest_route=%2Fwp%2Fv2%2Fmedia&parent=18010"}],"wp:term":[{"taxonomy":"category","embeddable":true,"href":"https:\/\/www.letsportsrock.com\/index.php?rest_route=%2Fwp%2Fv2%2Fcategories&post=18010"},{"taxonomy":"post_tag","embeddable":true,"href":"https:\/\/www.letsportsrock.com\/index.php?rest_route=%2Fwp%2Fv2%2Ftags&post=18010"}],"curies":[{"name":"wp","href":"https:\/\/api.w.org\/{rel}","templated":true}]}}