{"id":18215,"date":"2025-01-09T21:05:06","date_gmt":"2025-01-09T21:05:06","guid":{"rendered":"https:\/\/www.letsportsrock.com\/?p=18215"},"modified":"2025-01-09T21:05:08","modified_gmt":"2025-01-09T21:05:08","slug":"este-regretabil-pentru-fc-dinamo-bucuresti-pleaca","status":"publish","type":"post","link":"https:\/\/www.letsportsrock.com\/?p=18215","title":{"rendered":"\u201eEste regretabil pentru FC Dinamo Bucure\u0219ti: Pleac\u0103\u201d"},"content":{"rendered":"<div class=\"d79db4796efc26332eabfc3f5dafbc76\" data-index=\"1\" style=\"float: none; margin:10px 0 10px 0; text-align:center;\">\n<div class=\"hb-ad-inarticle\">\r\n    <div class=\"hb-ad-inner\"> \r\n    <div class=\"hbagency_cls\"  id=\"hbagency_space_111930\"><\/div><\/div> <\/div>\n<\/div>\n<p>\u201eEste regretabil pentru FC Dinamo Bucure\u0219ti: Pleac\u0103.\u201d Aceasta ar putea fi o fraz\u0103 des \u00eent\u00e2lnit\u0103 \u00een ultimele luni \u00een contextul dificult\u0103\u021bilor \u0219i schimb\u0103rilor cu care se confrunt\u0103 clubul bucure\u0219tean. Cu o istorie de succes \u0219i tradi\u021bie, Dinamo se afl\u0103 \u00eentr-un moment de criz\u0103, iar aceast\u0103 declara\u021bie reflect\u0103 un sentiment de regret \u0219i de pierdere, resim\u021bit de to\u021bi cei care iubesc echipa.<\/p>\n<p>&nbsp;<\/p>\n<p>FC Dinamo Bucure\u0219ti, o echip\u0103 ce a dominat fotbalul rom\u00e2nesc \u00een deceniile trecute, trece printr-o perioad\u0103 dificil\u0103, marcat\u0103 de performan\u021be sub a\u0219tept\u0103rile fanilor \u0219i de instabilitate financiar\u0103 \u0219i administrativ\u0103. Plec\u0103rile unor juc\u0103tori importan\u021bi sau ale unor membri ai staff-ului tehnic, precum \u0219i schimb\u0103rile frecvente de conducere, au ad\u00e2ncit criza \u00een care se afl\u0103 clubul. \u201ePleac\u0103\u201d nu reprezint\u0103 doar o plecare fizic\u0103 a unui juc\u0103tor sau antrenor, ci simbolizeaz\u0103 o pierdere mult mai profund\u0103 a unui spirit care c\u00e2ndva aduna mii de suporteri pe stadioane.<\/p>\n<p>&nbsp;<\/p>\n<p>Dinamo nu este doar un club de fotbal, ci o identitate cultural\u0103 pentru Bucure\u0219ti \u0219i pentru \u00eentreg fotbalul rom\u00e2nesc. Fanii s\u0103i sunt renumi\u021bi pentru loialitatea \u0219i pasiunea lor, iar echipa este sinonim\u0103 cu momente de glorie din fotbalul rom\u00e2nesc, cu trofee interna\u021bionale \u0219i na\u021bionale. \u00cens\u0103 \u00een ultima perioad\u0103, echipa a suferit o serie de dezam\u0103giri, iar \u201eplec\u0103rile\u201d sunt v\u0103zute ca semne ale unei schimb\u0103ri dureroase, de neacceptat de mul\u021bi dintre suporterii care se simt p\u0103r\u0103si\u021bi de propriul club.<\/p>\n<p>&nbsp;<\/p>\n<p>Este regretabil pentru FC Dinamo Bucure\u0219ti pentru c\u0103 aceste plec\u0103ri nu reprezint\u0103 doar desp\u0103r\u021biri de juc\u0103tori, ci \u0219i o fractur\u0103 mai ad\u00e2nc\u0103 \u00een inima unui club care a fost c\u00e2ndva un simbol al fotbalului rom\u00e2nesc. R\u0103m\u00e2ne de v\u0103zut cum va evolua aceast\u0103 perioad\u0103 \u0219i ce viitor va avea clubul, dar cu siguran\u021b\u0103, regretul se simte ad\u00e2nc \u00een r\u00e2ndul celor care au tr\u0103it al\u0103turi de echip\u0103 momentele de glorie.<\/p>\n\n<div style=\"font-size: 0px; height: 0px; line-height: 0px; margin: 0; padding: 0; clear: both;\"><\/div>","protected":false},"excerpt":{"rendered":"<p>\u201eEste regretabil pentru FC Dinamo Bucure\u0219ti: Pleac\u0103.\u201d Aceasta ar putea fi o fraz\u0103 des \u00eent\u00e2lnit\u0103 \u00een ultimele luni \u00een contextul dificult\u0103\u021bilor \u0219i schimb\u0103rilor cu care se confrunt\u0103 clubul bucure\u0219tean. Cu o istorie de succes \u0219i tradi\u021bie, Dinamo se afl\u0103 \u00eentr-un moment de criz\u0103, iar aceast\u0103 declara\u021bie reflect\u0103 un sentiment de regret \u0219i de pierdere, resim\u021bit [&hellip;]<\/p>\n","protected":false},"author":1,"featured_media":18216,"comment_status":"open","ping_status":"open","sticky":false,"template":"","format":"standard","meta":{"_jetpack_memberships_contains_paid_content":false,"footnotes":""},"categories":[1],"tags":[],"class_list":["post-18215","post","type-post","status-publish","format-standard","has-post-thumbnail","hentry","category-uncategorized"],"yoast_head":"<!-- This site is optimized with the Yoast SEO plugin v27.5 - https:\/\/yoast.com\/product\/yoast-seo-wordpress\/ -->\n<title>\u201eEste regretabil pentru FC Dinamo Bucure\u0219ti: Pleac\u0103\u201d<\/title>\n<meta name=\"description\" content=\"\u201eEste regretabil pentru FC Dinamo Bucure\u0219ti: Pleac\u0103\u201d........................................................\" \/>\n<meta name=\"robots\" content=\"index, follow, max-snippet:-1, max-image-preview:large, max-video-preview:-1\" \/>\n<link rel=\"canonical\" href=\"https:\/\/www.letsportsrock.com\/?p=18215\" \/>\n<meta property=\"og:locale\" content=\"en_US\" \/>\n<meta property=\"og:type\" content=\"article\" \/>\n<meta property=\"og:title\" content=\"\u201eEste regretabil pentru FC Dinamo Bucure\u0219ti: Pleac\u0103\u201d\" \/>\n<meta property=\"og:description\" content=\"\u201eEste regretabil pentru FC Dinamo Bucure\u0219ti: Pleac\u0103\u201d........................................................\" \/>\n<meta property=\"og:url\" content=\"https:\/\/www.letsportsrock.com\/?p=18215\" \/>\n<meta property=\"og:site_name\" content=\"letsportsrock\" \/>\n<meta property=\"article:published_time\" content=\"2025-01-09T21:05:06+00:00\" \/>\n<meta property=\"article:modified_time\" content=\"2025-01-09T21:05:08+00:00\" \/>\n<meta property=\"og:image\" content=\"https:\/\/www.letsportsrock.com\/wp-content\/uploads\/2025\/01\/images-2025-01-09T220342.679.jpeg\" \/>\n\t<meta property=\"og:image:width\" content=\"700\" \/>\n\t<meta property=\"og:image:height\" content=\"420\" \/>\n\t<meta property=\"og:image:type\" content=\"image\/jpeg\" \/>\n<meta name=\"author\" content=\"letsportsrock\" \/>\n<meta name=\"twitter:card\" content=\"summary_large_image\" \/>\n<meta name=\"twitter:label1\" content=\"Written by\" \/>\n\t<meta name=\"twitter:data1\" content=\"letsportsrock\" \/>\n\t<meta name=\"twitter:label2\" content=\"Est. reading time\" \/>\n\t<meta name=\"twitter:data2\" content=\"2 minutes\" \/>\n<script type=\"application\/ld+json\" class=\"yoast-schema-graph\">{\"@context\":\"https:\\\/\\\/schema.org\",\"@graph\":[{\"@type\":\"Article\",\"@id\":\"https:\\\/\\\/www.letsportsrock.com\\\/?p=18215#article\",\"isPartOf\":{\"@id\":\"https:\\\/\\\/www.letsportsrock.com\\\/?p=18215\"},\"author\":{\"name\":\"letsportsrock\",\"@id\":\"https:\\\/\\\/www.letsportsrock.com\\\/#\\\/schema\\\/person\\\/a454ac24e58b214ddd97e4b5afb0bf01\"},\"headline\":\"\u201eEste regretabil pentru FC Dinamo Bucure\u0219ti: Pleac\u0103\u201d\",\"datePublished\":\"2025-01-09T21:05:06+00:00\",\"dateModified\":\"2025-01-09T21:05:08+00:00\",\"mainEntityOfPage\":{\"@id\":\"https:\\\/\\\/www.letsportsrock.com\\\/?p=18215\"},\"wordCount\":353,\"commentCount\":0,\"image\":{\"@id\":\"https:\\\/\\\/www.letsportsrock.com\\\/?p=18215#primaryimage\"},\"thumbnailUrl\":\"https:\\\/\\\/www.letsportsrock.com\\\/wp-content\\\/uploads\\\/2025\\\/01\\\/images-2025-01-09T220342.679.jpeg\",\"inLanguage\":\"en-US\",\"potentialAction\":[{\"@type\":\"CommentAction\",\"name\":\"Comment\",\"target\":[\"https:\\\/\\\/www.letsportsrock.com\\\/?p=18215#respond\"]}]},{\"@type\":\"WebPage\",\"@id\":\"https:\\\/\\\/www.letsportsrock.com\\\/?p=18215\",\"url\":\"https:\\\/\\\/www.letsportsrock.com\\\/?p=18215\",\"name\":\"\u201eEste regretabil pentru FC Dinamo Bucure\u0219ti: Pleac\u0103\u201d\",\"isPartOf\":{\"@id\":\"https:\\\/\\\/www.letsportsrock.com\\\/#website\"},\"primaryImageOfPage\":{\"@id\":\"https:\\\/\\\/www.letsportsrock.com\\\/?p=18215#primaryimage\"},\"image\":{\"@id\":\"https:\\\/\\\/www.letsportsrock.com\\\/?p=18215#primaryimage\"},\"thumbnailUrl\":\"https:\\\/\\\/www.letsportsrock.com\\\/wp-content\\\/uploads\\\/2025\\\/01\\\/images-2025-01-09T220342.679.jpeg\",\"datePublished\":\"2025-01-09T21:05:06+00:00\",\"dateModified\":\"2025-01-09T21:05:08+00:00\",\"author\":{\"@id\":\"https:\\\/\\\/www.letsportsrock.com\\\/#\\\/schema\\\/person\\\/a454ac24e58b214ddd97e4b5afb0bf01\"},\"description\":\"\u201eEste regretabil pentru FC Dinamo Bucure\u0219ti: Pleac\u0103\u201d........................................................\",\"breadcrumb\":{\"@id\":\"https:\\\/\\\/www.letsportsrock.com\\\/?p=18215#breadcrumb\"},\"inLanguage\":\"en-US\",\"potentialAction\":[{\"@type\":\"ReadAction\",\"target\":[\"https:\\\/\\\/www.letsportsrock.com\\\/?p=18215\"]}]},{\"@type\":\"ImageObject\",\"inLanguage\":\"en-US\",\"@id\":\"https:\\\/\\\/www.letsportsrock.com\\\/?p=18215#primaryimage\",\"url\":\"https:\\\/\\\/www.letsportsrock.com\\\/wp-content\\\/uploads\\\/2025\\\/01\\\/images-2025-01-09T220342.679.jpeg\",\"contentUrl\":\"https:\\\/\\\/www.letsportsrock.com\\\/wp-content\\\/uploads\\\/2025\\\/01\\\/images-2025-01-09T220342.679.jpeg\",\"width\":700,\"height\":420},{\"@type\":\"BreadcrumbList\",\"@id\":\"https:\\\/\\\/www.letsportsrock.com\\\/?p=18215#breadcrumb\",\"itemListElement\":[{\"@type\":\"ListItem\",\"position\":1,\"name\":\"Home\",\"item\":\"https:\\\/\\\/www.letsportsrock.com\\\/\"},{\"@type\":\"ListItem\",\"position\":2,\"name\":\"\u201eEste regretabil pentru FC Dinamo Bucure\u0219ti: Pleac\u0103\u201d\"}]},{\"@type\":\"WebSite\",\"@id\":\"https:\\\/\\\/www.letsportsrock.com\\\/#website\",\"url\":\"https:\\\/\\\/www.letsportsrock.com\\\/\",\"name\":\"letsportsrock\",\"description\":\"Sport News and Updates\",\"potentialAction\":[{\"@type\":\"SearchAction\",\"target\":{\"@type\":\"EntryPoint\",\"urlTemplate\":\"https:\\\/\\\/www.letsportsrock.com\\\/?s={search_term_string}\"},\"query-input\":{\"@type\":\"PropertyValueSpecification\",\"valueRequired\":true,\"valueName\":\"search_term_string\"}}],\"inLanguage\":\"en-US\"},{\"@type\":\"Person\",\"@id\":\"https:\\\/\\\/www.letsportsrock.com\\\/#\\\/schema\\\/person\\\/a454ac24e58b214ddd97e4b5afb0bf01\",\"name\":\"letsportsrock\",\"image\":{\"@type\":\"ImageObject\",\"inLanguage\":\"en-US\",\"@id\":\"https:\\\/\\\/secure.gravatar.com\\\/avatar\\\/f8ef950cbb7574c0bc874094b8d307659bfe2d7aa4a9d26fa6917eff010748f9?s=96&d=mm&r=g\",\"url\":\"https:\\\/\\\/secure.gravatar.com\\\/avatar\\\/f8ef950cbb7574c0bc874094b8d307659bfe2d7aa4a9d26fa6917eff010748f9?s=96&d=mm&r=g\",\"contentUrl\":\"https:\\\/\\\/secure.gravatar.com\\\/avatar\\\/f8ef950cbb7574c0bc874094b8d307659bfe2d7aa4a9d26fa6917eff010748f9?s=96&d=mm&r=g\",\"caption\":\"letsportsrock\"},\"sameAs\":[\"https:\\\/\\\/www.letsportsrock.com\"],\"url\":\"https:\\\/\\\/www.letsportsrock.com\\\/?author=1\"}]}<\/script>\n<!-- \/ Yoast SEO plugin. -->","yoast_head_json":{"title":"\u201eEste regretabil pentru FC Dinamo Bucure\u0219ti: Pleac\u0103\u201d","description":"\u201eEste regretabil pentru FC Dinamo Bucure\u0219ti: Pleac\u0103\u201d........................................................","robots":{"index":"index","follow":"follow","max-snippet":"max-snippet:-1","max-image-preview":"max-image-preview:large","max-video-preview":"max-video-preview:-1"},"canonical":"https:\/\/www.letsportsrock.com\/?p=18215","og_locale":"en_US","og_type":"article","og_title":"\u201eEste regretabil pentru FC Dinamo Bucure\u0219ti: Pleac\u0103\u201d","og_description":"\u201eEste regretabil pentru FC Dinamo Bucure\u0219ti: Pleac\u0103\u201d........................................................","og_url":"https:\/\/www.letsportsrock.com\/?p=18215","og_site_name":"letsportsrock","article_published_time":"2025-01-09T21:05:06+00:00","article_modified_time":"2025-01-09T21:05:08+00:00","og_image":[{"width":700,"height":420,"url":"https:\/\/www.letsportsrock.com\/wp-content\/uploads\/2025\/01\/images-2025-01-09T220342.679.jpeg","type":"image\/jpeg"}],"author":"letsportsrock","twitter_card":"summary_large_image","twitter_misc":{"Written by":"letsportsrock","Est. reading time":"2 minutes"},"schema":{"@context":"https:\/\/schema.org","@graph":[{"@type":"Article","@id":"https:\/\/www.letsportsrock.com\/?p=18215#article","isPartOf":{"@id":"https:\/\/www.letsportsrock.com\/?p=18215"},"author":{"name":"letsportsrock","@id":"https:\/\/www.letsportsrock.com\/#\/schema\/person\/a454ac24e58b214ddd97e4b5afb0bf01"},"headline":"\u201eEste regretabil pentru FC Dinamo Bucure\u0219ti: Pleac\u0103\u201d","datePublished":"2025-01-09T21:05:06+00:00","dateModified":"2025-01-09T21:05:08+00:00","mainEntityOfPage":{"@id":"https:\/\/www.letsportsrock.com\/?p=18215"},"wordCount":353,"commentCount":0,"image":{"@id":"https:\/\/www.letsportsrock.com\/?p=18215#primaryimage"},"thumbnailUrl":"https:\/\/www.letsportsrock.com\/wp-content\/uploads\/2025\/01\/images-2025-01-09T220342.679.jpeg","inLanguage":"en-US","potentialAction":[{"@type":"CommentAction","name":"Comment","target":["https:\/\/www.letsportsrock.com\/?p=18215#respond"]}]},{"@type":"WebPage","@id":"https:\/\/www.letsportsrock.com\/?p=18215","url":"https:\/\/www.letsportsrock.com\/?p=18215","name":"\u201eEste regretabil pentru FC Dinamo Bucure\u0219ti: Pleac\u0103\u201d","isPartOf":{"@id":"https:\/\/www.letsportsrock.com\/#website"},"primaryImageOfPage":{"@id":"https:\/\/www.letsportsrock.com\/?p=18215#primaryimage"},"image":{"@id":"https:\/\/www.letsportsrock.com\/?p=18215#primaryimage"},"thumbnailUrl":"https:\/\/www.letsportsrock.com\/wp-content\/uploads\/2025\/01\/images-2025-01-09T220342.679.jpeg","datePublished":"2025-01-09T21:05:06+00:00","dateModified":"2025-01-09T21:05:08+00:00","author":{"@id":"https:\/\/www.letsportsrock.com\/#\/schema\/person\/a454ac24e58b214ddd97e4b5afb0bf01"},"description":"\u201eEste regretabil pentru FC Dinamo Bucure\u0219ti: Pleac\u0103\u201d........................................................","breadcrumb":{"@id":"https:\/\/www.letsportsrock.com\/?p=18215#breadcrumb"},"inLanguage":"en-US","potentialAction":[{"@type":"ReadAction","target":["https:\/\/www.letsportsrock.com\/?p=18215"]}]},{"@type":"ImageObject","inLanguage":"en-US","@id":"https:\/\/www.letsportsrock.com\/?p=18215#primaryimage","url":"https:\/\/www.letsportsrock.com\/wp-content\/uploads\/2025\/01\/images-2025-01-09T220342.679.jpeg","contentUrl":"https:\/\/www.letsportsrock.com\/wp-content\/uploads\/2025\/01\/images-2025-01-09T220342.679.jpeg","width":700,"height":420},{"@type":"BreadcrumbList","@id":"https:\/\/www.letsportsrock.com\/?p=18215#breadcrumb","itemListElement":[{"@type":"ListItem","position":1,"name":"Home","item":"https:\/\/www.letsportsrock.com\/"},{"@type":"ListItem","position":2,"name":"\u201eEste regretabil pentru FC Dinamo Bucure\u0219ti: Pleac\u0103\u201d"}]},{"@type":"WebSite","@id":"https:\/\/www.letsportsrock.com\/#website","url":"https:\/\/www.letsportsrock.com\/","name":"letsportsrock","description":"Sport News and Updates","potentialAction":[{"@type":"SearchAction","target":{"@type":"EntryPoint","urlTemplate":"https:\/\/www.letsportsrock.com\/?s={search_term_string}"},"query-input":{"@type":"PropertyValueSpecification","valueRequired":true,"valueName":"search_term_string"}}],"inLanguage":"en-US"},{"@type":"Person","@id":"https:\/\/www.letsportsrock.com\/#\/schema\/person\/a454ac24e58b214ddd97e4b5afb0bf01","name":"letsportsrock","image":{"@type":"ImageObject","inLanguage":"en-US","@id":"https:\/\/secure.gravatar.com\/avatar\/f8ef950cbb7574c0bc874094b8d307659bfe2d7aa4a9d26fa6917eff010748f9?s=96&d=mm&r=g","url":"https:\/\/secure.gravatar.com\/avatar\/f8ef950cbb7574c0bc874094b8d307659bfe2d7aa4a9d26fa6917eff010748f9?s=96&d=mm&r=g","contentUrl":"https:\/\/secure.gravatar.com\/avatar\/f8ef950cbb7574c0bc874094b8d307659bfe2d7aa4a9d26fa6917eff010748f9?s=96&d=mm&r=g","caption":"letsportsrock"},"sameAs":["https:\/\/www.letsportsrock.com"],"url":"https:\/\/www.letsportsrock.com\/?author=1"}]}},"jetpack_featured_media_url":"https:\/\/www.letsportsrock.com\/wp-content\/uploads\/2025\/01\/images-2025-01-09T220342.679.jpeg","jetpack_sharing_enabled":true,"_links":{"self":[{"href":"https:\/\/www.letsportsrock.com\/index.php?rest_route=\/wp\/v2\/posts\/18215","targetHints":{"allow":["GET"]}}],"collection":[{"href":"https:\/\/www.letsportsrock.com\/index.php?rest_route=\/wp\/v2\/posts"}],"about":[{"href":"https:\/\/www.letsportsrock.com\/index.php?rest_route=\/wp\/v2\/types\/post"}],"author":[{"embeddable":true,"href":"https:\/\/www.letsportsrock.com\/index.php?rest_route=\/wp\/v2\/users\/1"}],"replies":[{"embeddable":true,"href":"https:\/\/www.letsportsrock.com\/index.php?rest_route=%2Fwp%2Fv2%2Fcomments&post=18215"}],"version-history":[{"count":1,"href":"https:\/\/www.letsportsrock.com\/index.php?rest_route=\/wp\/v2\/posts\/18215\/revisions"}],"predecessor-version":[{"id":18217,"href":"https:\/\/www.letsportsrock.com\/index.php?rest_route=\/wp\/v2\/posts\/18215\/revisions\/18217"}],"wp:featuredmedia":[{"embeddable":true,"href":"https:\/\/www.letsportsrock.com\/index.php?rest_route=\/wp\/v2\/media\/18216"}],"wp:attachment":[{"href":"https:\/\/www.letsportsrock.com\/index.php?rest_route=%2Fwp%2Fv2%2Fmedia&parent=18215"}],"wp:term":[{"taxonomy":"category","embeddable":true,"href":"https:\/\/www.letsportsrock.com\/index.php?rest_route=%2Fwp%2Fv2%2Fcategories&post=18215"},{"taxonomy":"post_tag","embeddable":true,"href":"https:\/\/www.letsportsrock.com\/index.php?rest_route=%2Fwp%2Fv2%2Ftags&post=18215"}],"curies":[{"name":"wp","href":"https:\/\/api.w.org\/{rel}","templated":true}]}}