{"id":18235,"date":"2025-01-09T21:28:05","date_gmt":"2025-01-09T21:28:05","guid":{"rendered":"https:\/\/www.letsportsrock.com\/?p=18235"},"modified":"2025-01-09T21:28:05","modified_gmt":"2025-01-09T21:28:05","slug":"sfarsitul-unei-ere-steaua-bucuresti-starul-fc-rapid-bucuresti-a-spus-oficial-la-revedere-fanilor-dupa-ce-si-a-confirmat-plecarea","status":"publish","type":"post","link":"https:\/\/www.letsportsrock.com\/?p=18235","title":{"rendered":"Sf\u00e2r\u0219itul unei ere: Steaua Bucure\u0219ti, starul FC Rapid Bucure\u0219ti, a spus oficial \u201ela revedere\u201d fanilor dup\u0103 ce \u0219i-a confirmat plecarea."},"content":{"rendered":"<div class=\"d79db4796efc26332eabfc3f5dafbc76\" data-index=\"1\" style=\"float: none; margin:10px 0 10px 0; text-align:center;\">\n<div class=\"hb-ad-inarticle\">\r\n    <div class=\"hb-ad-inner\"> \r\n    <div class=\"hbagency_cls\"  id=\"hbagency_space_111930\"><\/div><\/div> <\/div>\n<\/div>\n<p>**Sf\u00e2r\u0219itul unei ere: Steaua Bucure\u0219ti, starul FC Rapid Bucure\u0219ti, a spus oficial \u201ela revedere\u201d fanilor dup\u0103 ce \u0219i-a confirmat plecarea**<\/p>\n<p>&nbsp;<\/p>\n<p>Ast\u0103zi, un capitol important din istoria fotbalului rom\u00e2nesc s-a \u00eencheiat. Starul echipei FC Rapid Bucure\u0219ti, o legend\u0103 a fotbalului din Rom\u00e2nia, \u0219i-a anun\u021bat oficial plecarea, l\u0103s\u00e2nd \u00een urm\u0103 amintiri pre\u021bioase \u0219i o mare golire \u00een inimile fanilor. Dup\u0103 o perioad\u0103 lung\u0103 de succes \u0219i dedicare, juc\u0103torul a decis s\u0103 \u00ee\u0219i \u00eencheie cariera la clubul giule\u0219tean, iar anun\u021bul s\u0103u a fost \u00eent\u00e2mpinat cu un amestec de emo\u021bii \u0219i regrete.<\/p>\n<p>&nbsp;<\/p>\n<p>Fotbalistul a fost o pies\u0103 central\u0103 \u00een echipa Rapidului, av\u00e2nd o contribu\u021bie major\u0103 \u00een performan\u021bele echipei pe parcursul anilor. De-a lungul carierei sale, a demonstrat o abilitate remarcabil\u0103 pe teren, iar rela\u021bia sa cu suporterii a fost una special\u0103. Fanii echipei giule\u0219tene l-au considerat nu doar un juc\u0103tor de top, ci \u0219i un simbol al clubului, iar acum, cu plecarea sa, se \u00eencheie o er\u0103 de glorie \u0219i devotament.<\/p>\n<p>&nbsp;<\/p>\n<p>\u00cen mesajul s\u0103u de adio, fotbalistul a mul\u021bumit suporterilor pentru sprijinul constant, pentru momentele de neuitat \u0219i pentru loialitatea lor de-a lungul anilor. De asemenea, a afirmat c\u0103 plecarea sa nu este un \u201ela revedere\u201d definitiv, ci o schimbare de drum \u00een cariera sa, cu speran\u021ba c\u0103 va continua s\u0103 fie parte din familia fotbalistic\u0103 rom\u00e2neasc\u0103, chiar dac\u0103 \u00een alt\u0103 form\u0103.<\/p>\n<p>&nbsp;<\/p>\n<p>Aceast\u0103 plecare marcheaz\u0103 sf\u00e2r\u0219itul unui capitol important \u00een istoria FC Rapid Bucure\u0219ti \u0219i las\u0103 o amprent\u0103 de ne\u0219ters \u00een istoria fotbalului rom\u00e2nesc. Fanii vor p\u0103stra mereu amintirea acestui juc\u0103tor extraordinar, care a fost parte din succesul echipei \u0219i care a devenit, f\u0103r\u0103 \u00eendoial\u0103, o adev\u0103rat\u0103 legend\u0103.<\/p>\n\n<div style=\"font-size: 0px; height: 0px; line-height: 0px; margin: 0; padding: 0; clear: both;\"><\/div>","protected":false},"excerpt":{"rendered":"<p>**Sf\u00e2r\u0219itul unei ere: Steaua Bucure\u0219ti, starul FC Rapid Bucure\u0219ti, a spus oficial \u201ela revedere\u201d fanilor dup\u0103 ce \u0219i-a confirmat plecarea** &nbsp; Ast\u0103zi, un capitol important din istoria fotbalului rom\u00e2nesc s-a \u00eencheiat. Starul echipei FC Rapid Bucure\u0219ti, o legend\u0103 a fotbalului din Rom\u00e2nia, \u0219i-a anun\u021bat oficial plecarea, l\u0103s\u00e2nd \u00een urm\u0103 amintiri pre\u021bioase \u0219i o mare golire [&hellip;]<\/p>\n","protected":false},"author":1,"featured_media":18236,"comment_status":"open","ping_status":"open","sticky":false,"template":"","format":"standard","meta":{"_jetpack_memberships_contains_paid_content":false,"footnotes":""},"categories":[1],"tags":[],"class_list":["post-18235","post","type-post","status-publish","format-standard","has-post-thumbnail","hentry","category-uncategorized"],"yoast_head":"<!-- This site is optimized with the Yoast SEO plugin v27.4 - https:\/\/yoast.com\/product\/yoast-seo-wordpress\/ -->\n<title>Sf\u00e2r\u0219itul unei ere: Steaua Bucure\u0219ti, starul FC Rapid Bucure\u0219ti, a<\/title>\n<meta name=\"description\" content=\"Sf\u00e2r\u0219itul unei ere: Steaua Bucure\u0219ti, starul FC Rapid Bucure\u0219ti, a spus oficial \u201ela revedere\u201d fanilor dup\u0103 ce \u0219i-a confirmat plecarea.\" \/>\n<meta name=\"robots\" content=\"index, follow, max-snippet:-1, max-image-preview:large, max-video-preview:-1\" \/>\n<link rel=\"canonical\" href=\"https:\/\/www.letsportsrock.com\/?p=18235\" \/>\n<meta property=\"og:locale\" content=\"en_US\" \/>\n<meta property=\"og:type\" content=\"article\" \/>\n<meta property=\"og:title\" content=\"Sf\u00e2r\u0219itul unei ere: Steaua Bucure\u0219ti, starul FC Rapid Bucure\u0219ti, a\" \/>\n<meta property=\"og:description\" content=\"Sf\u00e2r\u0219itul unei ere: Steaua Bucure\u0219ti, starul FC Rapid Bucure\u0219ti, a spus oficial \u201ela revedere\u201d fanilor dup\u0103 ce \u0219i-a confirmat plecarea.\" \/>\n<meta property=\"og:url\" content=\"https:\/\/www.letsportsrock.com\/?p=18235\" \/>\n<meta property=\"og:site_name\" content=\"letsportsrock\" \/>\n<meta property=\"article:published_time\" content=\"2025-01-09T21:28:05+00:00\" \/>\n<meta property=\"og:image\" content=\"https:\/\/www.letsportsrock.com\/wp-content\/uploads\/2025\/01\/images-2025-01-09T222732.307.jpeg\" \/>\n\t<meta property=\"og:image:width\" content=\"640\" \/>\n\t<meta property=\"og:image:height\" content=\"480\" \/>\n\t<meta property=\"og:image:type\" content=\"image\/jpeg\" \/>\n<meta name=\"author\" content=\"letsportsrock\" \/>\n<meta name=\"twitter:card\" content=\"summary_large_image\" \/>\n<meta name=\"twitter:label1\" content=\"Written by\" \/>\n\t<meta name=\"twitter:data1\" content=\"letsportsrock\" \/>\n\t<meta name=\"twitter:label2\" content=\"Est. reading time\" \/>\n\t<meta name=\"twitter:data2\" content=\"2 minutes\" \/>\n<script type=\"application\/ld+json\" class=\"yoast-schema-graph\">{\"@context\":\"https:\\\/\\\/schema.org\",\"@graph\":[{\"@type\":\"Article\",\"@id\":\"https:\\\/\\\/www.letsportsrock.com\\\/?p=18235#article\",\"isPartOf\":{\"@id\":\"https:\\\/\\\/www.letsportsrock.com\\\/?p=18235\"},\"author\":{\"name\":\"letsportsrock\",\"@id\":\"https:\\\/\\\/www.letsportsrock.com\\\/#\\\/schema\\\/person\\\/a454ac24e58b214ddd97e4b5afb0bf01\"},\"headline\":\"Sf\u00e2r\u0219itul unei ere: Steaua Bucure\u0219ti, starul FC Rapid Bucure\u0219ti, a spus oficial \u201ela revedere\u201d fanilor dup\u0103 ce \u0219i-a confirmat plecarea.\",\"datePublished\":\"2025-01-09T21:28:05+00:00\",\"mainEntityOfPage\":{\"@id\":\"https:\\\/\\\/www.letsportsrock.com\\\/?p=18235\"},\"wordCount\":329,\"commentCount\":0,\"image\":{\"@id\":\"https:\\\/\\\/www.letsportsrock.com\\\/?p=18235#primaryimage\"},\"thumbnailUrl\":\"https:\\\/\\\/www.letsportsrock.com\\\/wp-content\\\/uploads\\\/2025\\\/01\\\/images-2025-01-09T222732.307.jpeg\",\"inLanguage\":\"en-US\",\"potentialAction\":[{\"@type\":\"CommentAction\",\"name\":\"Comment\",\"target\":[\"https:\\\/\\\/www.letsportsrock.com\\\/?p=18235#respond\"]}]},{\"@type\":\"WebPage\",\"@id\":\"https:\\\/\\\/www.letsportsrock.com\\\/?p=18235\",\"url\":\"https:\\\/\\\/www.letsportsrock.com\\\/?p=18235\",\"name\":\"Sf\u00e2r\u0219itul unei ere: Steaua Bucure\u0219ti, starul FC Rapid Bucure\u0219ti, a\",\"isPartOf\":{\"@id\":\"https:\\\/\\\/www.letsportsrock.com\\\/#website\"},\"primaryImageOfPage\":{\"@id\":\"https:\\\/\\\/www.letsportsrock.com\\\/?p=18235#primaryimage\"},\"image\":{\"@id\":\"https:\\\/\\\/www.letsportsrock.com\\\/?p=18235#primaryimage\"},\"thumbnailUrl\":\"https:\\\/\\\/www.letsportsrock.com\\\/wp-content\\\/uploads\\\/2025\\\/01\\\/images-2025-01-09T222732.307.jpeg\",\"datePublished\":\"2025-01-09T21:28:05+00:00\",\"author\":{\"@id\":\"https:\\\/\\\/www.letsportsrock.com\\\/#\\\/schema\\\/person\\\/a454ac24e58b214ddd97e4b5afb0bf01\"},\"description\":\"Sf\u00e2r\u0219itul unei ere: Steaua Bucure\u0219ti, starul FC Rapid Bucure\u0219ti, a spus oficial \u201ela revedere\u201d fanilor dup\u0103 ce \u0219i-a confirmat plecarea.\",\"breadcrumb\":{\"@id\":\"https:\\\/\\\/www.letsportsrock.com\\\/?p=18235#breadcrumb\"},\"inLanguage\":\"en-US\",\"potentialAction\":[{\"@type\":\"ReadAction\",\"target\":[\"https:\\\/\\\/www.letsportsrock.com\\\/?p=18235\"]}]},{\"@type\":\"ImageObject\",\"inLanguage\":\"en-US\",\"@id\":\"https:\\\/\\\/www.letsportsrock.com\\\/?p=18235#primaryimage\",\"url\":\"https:\\\/\\\/www.letsportsrock.com\\\/wp-content\\\/uploads\\\/2025\\\/01\\\/images-2025-01-09T222732.307.jpeg\",\"contentUrl\":\"https:\\\/\\\/www.letsportsrock.com\\\/wp-content\\\/uploads\\\/2025\\\/01\\\/images-2025-01-09T222732.307.jpeg\",\"width\":640,\"height\":480},{\"@type\":\"BreadcrumbList\",\"@id\":\"https:\\\/\\\/www.letsportsrock.com\\\/?p=18235#breadcrumb\",\"itemListElement\":[{\"@type\":\"ListItem\",\"position\":1,\"name\":\"Home\",\"item\":\"https:\\\/\\\/www.letsportsrock.com\\\/\"},{\"@type\":\"ListItem\",\"position\":2,\"name\":\"Sf\u00e2r\u0219itul unei ere: Steaua Bucure\u0219ti, starul FC Rapid Bucure\u0219ti, a spus oficial \u201ela revedere\u201d fanilor dup\u0103 ce \u0219i-a confirmat plecarea.\"}]},{\"@type\":\"WebSite\",\"@id\":\"https:\\\/\\\/www.letsportsrock.com\\\/#website\",\"url\":\"https:\\\/\\\/www.letsportsrock.com\\\/\",\"name\":\"letsportsrock\",\"description\":\"Sport News and Updates\",\"potentialAction\":[{\"@type\":\"SearchAction\",\"target\":{\"@type\":\"EntryPoint\",\"urlTemplate\":\"https:\\\/\\\/www.letsportsrock.com\\\/?s={search_term_string}\"},\"query-input\":{\"@type\":\"PropertyValueSpecification\",\"valueRequired\":true,\"valueName\":\"search_term_string\"}}],\"inLanguage\":\"en-US\"},{\"@type\":\"Person\",\"@id\":\"https:\\\/\\\/www.letsportsrock.com\\\/#\\\/schema\\\/person\\\/a454ac24e58b214ddd97e4b5afb0bf01\",\"name\":\"letsportsrock\",\"image\":{\"@type\":\"ImageObject\",\"inLanguage\":\"en-US\",\"@id\":\"https:\\\/\\\/secure.gravatar.com\\\/avatar\\\/f8ef950cbb7574c0bc874094b8d307659bfe2d7aa4a9d26fa6917eff010748f9?s=96&d=mm&r=g\",\"url\":\"https:\\\/\\\/secure.gravatar.com\\\/avatar\\\/f8ef950cbb7574c0bc874094b8d307659bfe2d7aa4a9d26fa6917eff010748f9?s=96&d=mm&r=g\",\"contentUrl\":\"https:\\\/\\\/secure.gravatar.com\\\/avatar\\\/f8ef950cbb7574c0bc874094b8d307659bfe2d7aa4a9d26fa6917eff010748f9?s=96&d=mm&r=g\",\"caption\":\"letsportsrock\"},\"sameAs\":[\"https:\\\/\\\/www.letsportsrock.com\"],\"url\":\"https:\\\/\\\/www.letsportsrock.com\\\/?author=1\"}]}<\/script>\n<!-- \/ Yoast SEO plugin. -->","yoast_head_json":{"title":"Sf\u00e2r\u0219itul unei ere: Steaua Bucure\u0219ti, starul FC Rapid Bucure\u0219ti, a","description":"Sf\u00e2r\u0219itul unei ere: Steaua Bucure\u0219ti, starul FC Rapid Bucure\u0219ti, a spus oficial \u201ela revedere\u201d fanilor dup\u0103 ce \u0219i-a confirmat plecarea.","robots":{"index":"index","follow":"follow","max-snippet":"max-snippet:-1","max-image-preview":"max-image-preview:large","max-video-preview":"max-video-preview:-1"},"canonical":"https:\/\/www.letsportsrock.com\/?p=18235","og_locale":"en_US","og_type":"article","og_title":"Sf\u00e2r\u0219itul unei ere: Steaua Bucure\u0219ti, starul FC Rapid Bucure\u0219ti, a","og_description":"Sf\u00e2r\u0219itul unei ere: Steaua Bucure\u0219ti, starul FC Rapid Bucure\u0219ti, a spus oficial \u201ela revedere\u201d fanilor dup\u0103 ce \u0219i-a confirmat plecarea.","og_url":"https:\/\/www.letsportsrock.com\/?p=18235","og_site_name":"letsportsrock","article_published_time":"2025-01-09T21:28:05+00:00","og_image":[{"width":640,"height":480,"url":"https:\/\/www.letsportsrock.com\/wp-content\/uploads\/2025\/01\/images-2025-01-09T222732.307.jpeg","type":"image\/jpeg"}],"author":"letsportsrock","twitter_card":"summary_large_image","twitter_misc":{"Written by":"letsportsrock","Est. reading time":"2 minutes"},"schema":{"@context":"https:\/\/schema.org","@graph":[{"@type":"Article","@id":"https:\/\/www.letsportsrock.com\/?p=18235#article","isPartOf":{"@id":"https:\/\/www.letsportsrock.com\/?p=18235"},"author":{"name":"letsportsrock","@id":"https:\/\/www.letsportsrock.com\/#\/schema\/person\/a454ac24e58b214ddd97e4b5afb0bf01"},"headline":"Sf\u00e2r\u0219itul unei ere: Steaua Bucure\u0219ti, starul FC Rapid Bucure\u0219ti, a spus oficial \u201ela revedere\u201d fanilor dup\u0103 ce \u0219i-a confirmat plecarea.","datePublished":"2025-01-09T21:28:05+00:00","mainEntityOfPage":{"@id":"https:\/\/www.letsportsrock.com\/?p=18235"},"wordCount":329,"commentCount":0,"image":{"@id":"https:\/\/www.letsportsrock.com\/?p=18235#primaryimage"},"thumbnailUrl":"https:\/\/www.letsportsrock.com\/wp-content\/uploads\/2025\/01\/images-2025-01-09T222732.307.jpeg","inLanguage":"en-US","potentialAction":[{"@type":"CommentAction","name":"Comment","target":["https:\/\/www.letsportsrock.com\/?p=18235#respond"]}]},{"@type":"WebPage","@id":"https:\/\/www.letsportsrock.com\/?p=18235","url":"https:\/\/www.letsportsrock.com\/?p=18235","name":"Sf\u00e2r\u0219itul unei ere: Steaua Bucure\u0219ti, starul FC Rapid Bucure\u0219ti, a","isPartOf":{"@id":"https:\/\/www.letsportsrock.com\/#website"},"primaryImageOfPage":{"@id":"https:\/\/www.letsportsrock.com\/?p=18235#primaryimage"},"image":{"@id":"https:\/\/www.letsportsrock.com\/?p=18235#primaryimage"},"thumbnailUrl":"https:\/\/www.letsportsrock.com\/wp-content\/uploads\/2025\/01\/images-2025-01-09T222732.307.jpeg","datePublished":"2025-01-09T21:28:05+00:00","author":{"@id":"https:\/\/www.letsportsrock.com\/#\/schema\/person\/a454ac24e58b214ddd97e4b5afb0bf01"},"description":"Sf\u00e2r\u0219itul unei ere: Steaua Bucure\u0219ti, starul FC Rapid Bucure\u0219ti, a spus oficial \u201ela revedere\u201d fanilor dup\u0103 ce \u0219i-a confirmat plecarea.","breadcrumb":{"@id":"https:\/\/www.letsportsrock.com\/?p=18235#breadcrumb"},"inLanguage":"en-US","potentialAction":[{"@type":"ReadAction","target":["https:\/\/www.letsportsrock.com\/?p=18235"]}]},{"@type":"ImageObject","inLanguage":"en-US","@id":"https:\/\/www.letsportsrock.com\/?p=18235#primaryimage","url":"https:\/\/www.letsportsrock.com\/wp-content\/uploads\/2025\/01\/images-2025-01-09T222732.307.jpeg","contentUrl":"https:\/\/www.letsportsrock.com\/wp-content\/uploads\/2025\/01\/images-2025-01-09T222732.307.jpeg","width":640,"height":480},{"@type":"BreadcrumbList","@id":"https:\/\/www.letsportsrock.com\/?p=18235#breadcrumb","itemListElement":[{"@type":"ListItem","position":1,"name":"Home","item":"https:\/\/www.letsportsrock.com\/"},{"@type":"ListItem","position":2,"name":"Sf\u00e2r\u0219itul unei ere: Steaua Bucure\u0219ti, starul FC Rapid Bucure\u0219ti, a spus oficial \u201ela revedere\u201d fanilor dup\u0103 ce \u0219i-a confirmat plecarea."}]},{"@type":"WebSite","@id":"https:\/\/www.letsportsrock.com\/#website","url":"https:\/\/www.letsportsrock.com\/","name":"letsportsrock","description":"Sport News and Updates","potentialAction":[{"@type":"SearchAction","target":{"@type":"EntryPoint","urlTemplate":"https:\/\/www.letsportsrock.com\/?s={search_term_string}"},"query-input":{"@type":"PropertyValueSpecification","valueRequired":true,"valueName":"search_term_string"}}],"inLanguage":"en-US"},{"@type":"Person","@id":"https:\/\/www.letsportsrock.com\/#\/schema\/person\/a454ac24e58b214ddd97e4b5afb0bf01","name":"letsportsrock","image":{"@type":"ImageObject","inLanguage":"en-US","@id":"https:\/\/secure.gravatar.com\/avatar\/f8ef950cbb7574c0bc874094b8d307659bfe2d7aa4a9d26fa6917eff010748f9?s=96&d=mm&r=g","url":"https:\/\/secure.gravatar.com\/avatar\/f8ef950cbb7574c0bc874094b8d307659bfe2d7aa4a9d26fa6917eff010748f9?s=96&d=mm&r=g","contentUrl":"https:\/\/secure.gravatar.com\/avatar\/f8ef950cbb7574c0bc874094b8d307659bfe2d7aa4a9d26fa6917eff010748f9?s=96&d=mm&r=g","caption":"letsportsrock"},"sameAs":["https:\/\/www.letsportsrock.com"],"url":"https:\/\/www.letsportsrock.com\/?author=1"}]}},"jetpack_featured_media_url":"https:\/\/www.letsportsrock.com\/wp-content\/uploads\/2025\/01\/images-2025-01-09T222732.307.jpeg","jetpack_sharing_enabled":true,"_links":{"self":[{"href":"https:\/\/www.letsportsrock.com\/index.php?rest_route=\/wp\/v2\/posts\/18235","targetHints":{"allow":["GET"]}}],"collection":[{"href":"https:\/\/www.letsportsrock.com\/index.php?rest_route=\/wp\/v2\/posts"}],"about":[{"href":"https:\/\/www.letsportsrock.com\/index.php?rest_route=\/wp\/v2\/types\/post"}],"author":[{"embeddable":true,"href":"https:\/\/www.letsportsrock.com\/index.php?rest_route=\/wp\/v2\/users\/1"}],"replies":[{"embeddable":true,"href":"https:\/\/www.letsportsrock.com\/index.php?rest_route=%2Fwp%2Fv2%2Fcomments&post=18235"}],"version-history":[{"count":1,"href":"https:\/\/www.letsportsrock.com\/index.php?rest_route=\/wp\/v2\/posts\/18235\/revisions"}],"predecessor-version":[{"id":18237,"href":"https:\/\/www.letsportsrock.com\/index.php?rest_route=\/wp\/v2\/posts\/18235\/revisions\/18237"}],"wp:featuredmedia":[{"embeddable":true,"href":"https:\/\/www.letsportsrock.com\/index.php?rest_route=\/wp\/v2\/media\/18236"}],"wp:attachment":[{"href":"https:\/\/www.letsportsrock.com\/index.php?rest_route=%2Fwp%2Fv2%2Fmedia&parent=18235"}],"wp:term":[{"taxonomy":"category","embeddable":true,"href":"https:\/\/www.letsportsrock.com\/index.php?rest_route=%2Fwp%2Fv2%2Fcategories&post=18235"},{"taxonomy":"post_tag","embeddable":true,"href":"https:\/\/www.letsportsrock.com\/index.php?rest_route=%2Fwp%2Fv2%2Ftags&post=18235"}],"curies":[{"name":"wp","href":"https:\/\/api.w.org\/{rel}","templated":true}]}}