{"id":18282,"date":"2025-01-10T18:40:23","date_gmt":"2025-01-10T18:40:23","guid":{"rendered":"https:\/\/www.letsportsrock.com\/?p=18282"},"modified":"2025-01-10T18:40:23","modified_gmt":"2025-01-10T18:40:23","slug":"din-pacate-andrei-nicolescu-presedintele-fc-dinamo-bucuresti-a-anuntat-plecarea-sa-din-functie-din-cauza","status":"publish","type":"post","link":"https:\/\/www.letsportsrock.com\/?p=18282","title":{"rendered":"&#8220;Din p\u0103cate, Andrei Nicolescu, pre\u0219edintele FC Dinamo Bucure\u0219ti, a anun\u021bat plecarea sa din func\u021bie din cauza&#8230;&#8221;"},"content":{"rendered":"<div class=\"d79db4796efc26332eabfc3f5dafbc76\" data-index=\"1\" style=\"float: none; margin:10px 0 10px 0; text-align:center;\">\n<div class=\"hb-ad-inarticle\">\r\n    <div class=\"hb-ad-inner\"> \r\n    <div class=\"hbagency_cls\"  id=\"hbagency_space_111930\"><\/div><\/div> <\/div>\n<\/div>\n<p>Din p\u0103cate, Andrei Nicolescu, pre\u0219edintele FC Dinamo Bucure\u0219ti, a anun\u021bat plecarea sa din func\u021bie din cauza unor motive personale \u0219i profesionale care au fost greu de gestionat \u00een contextul actual al clubului. Anun\u021bul a venit ca o surpriz\u0103 pentru mul\u021bi dintre fanii echipei, av\u00e2nd \u00een vedere implicarea sa activ\u0103 \u00een dezvoltarea \u0219i stabilizarea clubului \u00een ultimele luni. De asemenea, plecarea sa este un semn al complexit\u0103\u021bii \u0219i provoc\u0103rilor cu care se confrunt\u0103 cluburile din fotbalul rom\u00e2nesc, mai ales \u00een perioada de instabilitate financiar\u0103 \u0219i organizatoric\u0103.<\/p>\n<p>&nbsp;<\/p>\n<p>\u00cen ultimii ani, FC Dinamo Bucure\u0219ti a traversat o perioad\u0103 dificil\u0103, marcat\u0103 de probleme financiare, schimb\u0103ri frecvente de conducere \u0219i lipsa unor performan\u021be notabile pe teren. Andrei Nicolescu a preluat func\u021bia de pre\u0219edinte cu scopul de a redresa situa\u021bia \u0219i de a aduce un nou suflu clubului, \u00eens\u0103 provoc\u0103rile s-au dovedit a fi mult mai mari dec\u00e2t s-ar fi anticipat. \u00cen ciuda eforturilor sale, inclusiv atragerea unor investitori \u0219i implementarea unor strategii de dezvoltare pe termen lung, rezultatele nu au fost pe m\u0103sura a\u0219tept\u0103rilor.<\/p>\n<p>&nbsp;<\/p>\n<p>Pe l\u00e2ng\u0103 dificult\u0103\u021bile interne, presiunile externe \u0219i a\u0219tept\u0103rile mari din partea suporterilor au avut un impact semnificativ asupra st\u0103rii psihologice \u0219i profesionale a lui Nicolescu. Astfel, decizia sa de a p\u0103r\u0103si func\u021bia a fost luat\u0103 \u00een urma unei analize ample a situa\u021biei \u0219i a dialogurilor cu cei din conducerea clubului.<\/p>\n<p>&nbsp;<\/p>\n<p>\u00cenlocuirea lui Nicolescu va reprezenta un moment crucial pentru viitorul clubului, iar fanii sper\u0103 c\u0103 urm\u0103toarea conducere va reu\u0219i s\u0103 aduc\u0103 stabilitate \u0219i performan\u021b\u0103 echipei.<\/p>\n\n<div style=\"font-size: 0px; height: 0px; line-height: 0px; margin: 0; padding: 0; clear: both;\"><\/div>","protected":false},"excerpt":{"rendered":"<p>Din p\u0103cate, Andrei Nicolescu, pre\u0219edintele FC Dinamo Bucure\u0219ti, a anun\u021bat plecarea sa din func\u021bie din cauza unor motive personale \u0219i profesionale care au fost greu de gestionat \u00een contextul actual al clubului. Anun\u021bul a venit ca o surpriz\u0103 pentru mul\u021bi dintre fanii echipei, av\u00e2nd \u00een vedere implicarea sa activ\u0103 \u00een dezvoltarea \u0219i stabilizarea clubului \u00een [&hellip;]<\/p>\n","protected":false},"author":1,"featured_media":18283,"comment_status":"open","ping_status":"open","sticky":false,"template":"","format":"standard","meta":{"_jetpack_memberships_contains_paid_content":false,"footnotes":""},"categories":[1],"tags":[],"class_list":["post-18282","post","type-post","status-publish","format-standard","has-post-thumbnail","hentry","category-uncategorized"],"yoast_head":"<!-- This site is optimized with the Yoast SEO plugin v27.5 - https:\/\/yoast.com\/product\/yoast-seo-wordpress\/ -->\n<title>&quot;Din p\u0103cate, Andrei Nicolescu, pre\u0219edintele FC Dinamo Bucure\u0219ti, a<\/title>\n<meta name=\"description\" content=\"&quot;Din p\u0103cate, Andrei Nicolescu, pre\u0219edintele FC Dinamo Bucure\u0219ti, a anun\u021bat plecarea sa din func\u021bie din cauza...&quot;\" \/>\n<meta name=\"robots\" content=\"index, follow, max-snippet:-1, max-image-preview:large, max-video-preview:-1\" \/>\n<link rel=\"canonical\" href=\"https:\/\/www.letsportsrock.com\/?p=18282\" \/>\n<meta property=\"og:locale\" content=\"en_US\" \/>\n<meta property=\"og:type\" content=\"article\" \/>\n<meta property=\"og:title\" content=\"&quot;Din p\u0103cate, Andrei Nicolescu, pre\u0219edintele FC Dinamo Bucure\u0219ti, a\" \/>\n<meta property=\"og:description\" content=\"&quot;Din p\u0103cate, Andrei Nicolescu, pre\u0219edintele FC Dinamo Bucure\u0219ti, a anun\u021bat plecarea sa din func\u021bie din cauza...&quot;\" \/>\n<meta property=\"og:url\" content=\"https:\/\/www.letsportsrock.com\/?p=18282\" \/>\n<meta property=\"og:site_name\" content=\"letsportsrock\" \/>\n<meta property=\"article:published_time\" content=\"2025-01-10T18:40:23+00:00\" \/>\n<meta property=\"og:image\" content=\"https:\/\/www.letsportsrock.com\/wp-content\/uploads\/2025\/01\/images-2025-01-10T193629.056.jpeg\" \/>\n\t<meta property=\"og:image:width\" content=\"739\" \/>\n\t<meta property=\"og:image:height\" content=\"415\" \/>\n\t<meta property=\"og:image:type\" content=\"image\/jpeg\" \/>\n<meta name=\"author\" content=\"letsportsrock\" \/>\n<meta name=\"twitter:card\" content=\"summary_large_image\" \/>\n<meta name=\"twitter:label1\" content=\"Written by\" \/>\n\t<meta name=\"twitter:data1\" content=\"letsportsrock\" \/>\n\t<meta name=\"twitter:label2\" content=\"Est. reading time\" \/>\n\t<meta name=\"twitter:data2\" content=\"2 minutes\" \/>\n<script type=\"application\/ld+json\" class=\"yoast-schema-graph\">{\"@context\":\"https:\\\/\\\/schema.org\",\"@graph\":[{\"@type\":\"Article\",\"@id\":\"https:\\\/\\\/www.letsportsrock.com\\\/?p=18282#article\",\"isPartOf\":{\"@id\":\"https:\\\/\\\/www.letsportsrock.com\\\/?p=18282\"},\"author\":{\"name\":\"letsportsrock\",\"@id\":\"https:\\\/\\\/www.letsportsrock.com\\\/#\\\/schema\\\/person\\\/a454ac24e58b214ddd97e4b5afb0bf01\"},\"headline\":\"&#8220;Din p\u0103cate, Andrei Nicolescu, pre\u0219edintele FC Dinamo Bucure\u0219ti, a anun\u021bat plecarea sa din func\u021bie din cauza&#8230;&#8221;\",\"datePublished\":\"2025-01-10T18:40:23+00:00\",\"mainEntityOfPage\":{\"@id\":\"https:\\\/\\\/www.letsportsrock.com\\\/?p=18282\"},\"wordCount\":301,\"commentCount\":0,\"image\":{\"@id\":\"https:\\\/\\\/www.letsportsrock.com\\\/?p=18282#primaryimage\"},\"thumbnailUrl\":\"https:\\\/\\\/www.letsportsrock.com\\\/wp-content\\\/uploads\\\/2025\\\/01\\\/images-2025-01-10T193629.056.jpeg\",\"inLanguage\":\"en-US\",\"potentialAction\":[{\"@type\":\"CommentAction\",\"name\":\"Comment\",\"target\":[\"https:\\\/\\\/www.letsportsrock.com\\\/?p=18282#respond\"]}]},{\"@type\":\"WebPage\",\"@id\":\"https:\\\/\\\/www.letsportsrock.com\\\/?p=18282\",\"url\":\"https:\\\/\\\/www.letsportsrock.com\\\/?p=18282\",\"name\":\"\\\"Din p\u0103cate, Andrei Nicolescu, pre\u0219edintele FC Dinamo Bucure\u0219ti, a\",\"isPartOf\":{\"@id\":\"https:\\\/\\\/www.letsportsrock.com\\\/#website\"},\"primaryImageOfPage\":{\"@id\":\"https:\\\/\\\/www.letsportsrock.com\\\/?p=18282#primaryimage\"},\"image\":{\"@id\":\"https:\\\/\\\/www.letsportsrock.com\\\/?p=18282#primaryimage\"},\"thumbnailUrl\":\"https:\\\/\\\/www.letsportsrock.com\\\/wp-content\\\/uploads\\\/2025\\\/01\\\/images-2025-01-10T193629.056.jpeg\",\"datePublished\":\"2025-01-10T18:40:23+00:00\",\"author\":{\"@id\":\"https:\\\/\\\/www.letsportsrock.com\\\/#\\\/schema\\\/person\\\/a454ac24e58b214ddd97e4b5afb0bf01\"},\"description\":\"\\\"Din p\u0103cate, Andrei Nicolescu, pre\u0219edintele FC Dinamo Bucure\u0219ti, a anun\u021bat plecarea sa din func\u021bie din cauza...\\\"\",\"breadcrumb\":{\"@id\":\"https:\\\/\\\/www.letsportsrock.com\\\/?p=18282#breadcrumb\"},\"inLanguage\":\"en-US\",\"potentialAction\":[{\"@type\":\"ReadAction\",\"target\":[\"https:\\\/\\\/www.letsportsrock.com\\\/?p=18282\"]}]},{\"@type\":\"ImageObject\",\"inLanguage\":\"en-US\",\"@id\":\"https:\\\/\\\/www.letsportsrock.com\\\/?p=18282#primaryimage\",\"url\":\"https:\\\/\\\/www.letsportsrock.com\\\/wp-content\\\/uploads\\\/2025\\\/01\\\/images-2025-01-10T193629.056.jpeg\",\"contentUrl\":\"https:\\\/\\\/www.letsportsrock.com\\\/wp-content\\\/uploads\\\/2025\\\/01\\\/images-2025-01-10T193629.056.jpeg\",\"width\":739,\"height\":415},{\"@type\":\"BreadcrumbList\",\"@id\":\"https:\\\/\\\/www.letsportsrock.com\\\/?p=18282#breadcrumb\",\"itemListElement\":[{\"@type\":\"ListItem\",\"position\":1,\"name\":\"Home\",\"item\":\"https:\\\/\\\/www.letsportsrock.com\\\/\"},{\"@type\":\"ListItem\",\"position\":2,\"name\":\"&#8220;Din p\u0103cate, Andrei Nicolescu, pre\u0219edintele FC Dinamo Bucure\u0219ti, a anun\u021bat plecarea sa din func\u021bie din cauza&#8230;&#8221;\"}]},{\"@type\":\"WebSite\",\"@id\":\"https:\\\/\\\/www.letsportsrock.com\\\/#website\",\"url\":\"https:\\\/\\\/www.letsportsrock.com\\\/\",\"name\":\"letsportsrock\",\"description\":\"Sport News and Updates\",\"potentialAction\":[{\"@type\":\"SearchAction\",\"target\":{\"@type\":\"EntryPoint\",\"urlTemplate\":\"https:\\\/\\\/www.letsportsrock.com\\\/?s={search_term_string}\"},\"query-input\":{\"@type\":\"PropertyValueSpecification\",\"valueRequired\":true,\"valueName\":\"search_term_string\"}}],\"inLanguage\":\"en-US\"},{\"@type\":\"Person\",\"@id\":\"https:\\\/\\\/www.letsportsrock.com\\\/#\\\/schema\\\/person\\\/a454ac24e58b214ddd97e4b5afb0bf01\",\"name\":\"letsportsrock\",\"image\":{\"@type\":\"ImageObject\",\"inLanguage\":\"en-US\",\"@id\":\"https:\\\/\\\/secure.gravatar.com\\\/avatar\\\/f8ef950cbb7574c0bc874094b8d307659bfe2d7aa4a9d26fa6917eff010748f9?s=96&d=mm&r=g\",\"url\":\"https:\\\/\\\/secure.gravatar.com\\\/avatar\\\/f8ef950cbb7574c0bc874094b8d307659bfe2d7aa4a9d26fa6917eff010748f9?s=96&d=mm&r=g\",\"contentUrl\":\"https:\\\/\\\/secure.gravatar.com\\\/avatar\\\/f8ef950cbb7574c0bc874094b8d307659bfe2d7aa4a9d26fa6917eff010748f9?s=96&d=mm&r=g\",\"caption\":\"letsportsrock\"},\"sameAs\":[\"https:\\\/\\\/www.letsportsrock.com\"],\"url\":\"https:\\\/\\\/www.letsportsrock.com\\\/?author=1\"}]}<\/script>\n<!-- \/ Yoast SEO plugin. -->","yoast_head_json":{"title":"\"Din p\u0103cate, Andrei Nicolescu, pre\u0219edintele FC Dinamo Bucure\u0219ti, a","description":"\"Din p\u0103cate, Andrei Nicolescu, pre\u0219edintele FC Dinamo Bucure\u0219ti, a anun\u021bat plecarea sa din func\u021bie din cauza...\"","robots":{"index":"index","follow":"follow","max-snippet":"max-snippet:-1","max-image-preview":"max-image-preview:large","max-video-preview":"max-video-preview:-1"},"canonical":"https:\/\/www.letsportsrock.com\/?p=18282","og_locale":"en_US","og_type":"article","og_title":"\"Din p\u0103cate, Andrei Nicolescu, pre\u0219edintele FC Dinamo Bucure\u0219ti, a","og_description":"\"Din p\u0103cate, Andrei Nicolescu, pre\u0219edintele FC Dinamo Bucure\u0219ti, a anun\u021bat plecarea sa din func\u021bie din cauza...\"","og_url":"https:\/\/www.letsportsrock.com\/?p=18282","og_site_name":"letsportsrock","article_published_time":"2025-01-10T18:40:23+00:00","og_image":[{"width":739,"height":415,"url":"https:\/\/www.letsportsrock.com\/wp-content\/uploads\/2025\/01\/images-2025-01-10T193629.056.jpeg","type":"image\/jpeg"}],"author":"letsportsrock","twitter_card":"summary_large_image","twitter_misc":{"Written by":"letsportsrock","Est. reading time":"2 minutes"},"schema":{"@context":"https:\/\/schema.org","@graph":[{"@type":"Article","@id":"https:\/\/www.letsportsrock.com\/?p=18282#article","isPartOf":{"@id":"https:\/\/www.letsportsrock.com\/?p=18282"},"author":{"name":"letsportsrock","@id":"https:\/\/www.letsportsrock.com\/#\/schema\/person\/a454ac24e58b214ddd97e4b5afb0bf01"},"headline":"&#8220;Din p\u0103cate, Andrei Nicolescu, pre\u0219edintele FC Dinamo Bucure\u0219ti, a anun\u021bat plecarea sa din func\u021bie din cauza&#8230;&#8221;","datePublished":"2025-01-10T18:40:23+00:00","mainEntityOfPage":{"@id":"https:\/\/www.letsportsrock.com\/?p=18282"},"wordCount":301,"commentCount":0,"image":{"@id":"https:\/\/www.letsportsrock.com\/?p=18282#primaryimage"},"thumbnailUrl":"https:\/\/www.letsportsrock.com\/wp-content\/uploads\/2025\/01\/images-2025-01-10T193629.056.jpeg","inLanguage":"en-US","potentialAction":[{"@type":"CommentAction","name":"Comment","target":["https:\/\/www.letsportsrock.com\/?p=18282#respond"]}]},{"@type":"WebPage","@id":"https:\/\/www.letsportsrock.com\/?p=18282","url":"https:\/\/www.letsportsrock.com\/?p=18282","name":"\"Din p\u0103cate, Andrei Nicolescu, pre\u0219edintele FC Dinamo Bucure\u0219ti, a","isPartOf":{"@id":"https:\/\/www.letsportsrock.com\/#website"},"primaryImageOfPage":{"@id":"https:\/\/www.letsportsrock.com\/?p=18282#primaryimage"},"image":{"@id":"https:\/\/www.letsportsrock.com\/?p=18282#primaryimage"},"thumbnailUrl":"https:\/\/www.letsportsrock.com\/wp-content\/uploads\/2025\/01\/images-2025-01-10T193629.056.jpeg","datePublished":"2025-01-10T18:40:23+00:00","author":{"@id":"https:\/\/www.letsportsrock.com\/#\/schema\/person\/a454ac24e58b214ddd97e4b5afb0bf01"},"description":"\"Din p\u0103cate, Andrei Nicolescu, pre\u0219edintele FC Dinamo Bucure\u0219ti, a anun\u021bat plecarea sa din func\u021bie din cauza...\"","breadcrumb":{"@id":"https:\/\/www.letsportsrock.com\/?p=18282#breadcrumb"},"inLanguage":"en-US","potentialAction":[{"@type":"ReadAction","target":["https:\/\/www.letsportsrock.com\/?p=18282"]}]},{"@type":"ImageObject","inLanguage":"en-US","@id":"https:\/\/www.letsportsrock.com\/?p=18282#primaryimage","url":"https:\/\/www.letsportsrock.com\/wp-content\/uploads\/2025\/01\/images-2025-01-10T193629.056.jpeg","contentUrl":"https:\/\/www.letsportsrock.com\/wp-content\/uploads\/2025\/01\/images-2025-01-10T193629.056.jpeg","width":739,"height":415},{"@type":"BreadcrumbList","@id":"https:\/\/www.letsportsrock.com\/?p=18282#breadcrumb","itemListElement":[{"@type":"ListItem","position":1,"name":"Home","item":"https:\/\/www.letsportsrock.com\/"},{"@type":"ListItem","position":2,"name":"&#8220;Din p\u0103cate, Andrei Nicolescu, pre\u0219edintele FC Dinamo Bucure\u0219ti, a anun\u021bat plecarea sa din func\u021bie din cauza&#8230;&#8221;"}]},{"@type":"WebSite","@id":"https:\/\/www.letsportsrock.com\/#website","url":"https:\/\/www.letsportsrock.com\/","name":"letsportsrock","description":"Sport News and Updates","potentialAction":[{"@type":"SearchAction","target":{"@type":"EntryPoint","urlTemplate":"https:\/\/www.letsportsrock.com\/?s={search_term_string}"},"query-input":{"@type":"PropertyValueSpecification","valueRequired":true,"valueName":"search_term_string"}}],"inLanguage":"en-US"},{"@type":"Person","@id":"https:\/\/www.letsportsrock.com\/#\/schema\/person\/a454ac24e58b214ddd97e4b5afb0bf01","name":"letsportsrock","image":{"@type":"ImageObject","inLanguage":"en-US","@id":"https:\/\/secure.gravatar.com\/avatar\/f8ef950cbb7574c0bc874094b8d307659bfe2d7aa4a9d26fa6917eff010748f9?s=96&d=mm&r=g","url":"https:\/\/secure.gravatar.com\/avatar\/f8ef950cbb7574c0bc874094b8d307659bfe2d7aa4a9d26fa6917eff010748f9?s=96&d=mm&r=g","contentUrl":"https:\/\/secure.gravatar.com\/avatar\/f8ef950cbb7574c0bc874094b8d307659bfe2d7aa4a9d26fa6917eff010748f9?s=96&d=mm&r=g","caption":"letsportsrock"},"sameAs":["https:\/\/www.letsportsrock.com"],"url":"https:\/\/www.letsportsrock.com\/?author=1"}]}},"jetpack_featured_media_url":"https:\/\/www.letsportsrock.com\/wp-content\/uploads\/2025\/01\/images-2025-01-10T193629.056.jpeg","jetpack_sharing_enabled":true,"_links":{"self":[{"href":"https:\/\/www.letsportsrock.com\/index.php?rest_route=\/wp\/v2\/posts\/18282","targetHints":{"allow":["GET"]}}],"collection":[{"href":"https:\/\/www.letsportsrock.com\/index.php?rest_route=\/wp\/v2\/posts"}],"about":[{"href":"https:\/\/www.letsportsrock.com\/index.php?rest_route=\/wp\/v2\/types\/post"}],"author":[{"embeddable":true,"href":"https:\/\/www.letsportsrock.com\/index.php?rest_route=\/wp\/v2\/users\/1"}],"replies":[{"embeddable":true,"href":"https:\/\/www.letsportsrock.com\/index.php?rest_route=%2Fwp%2Fv2%2Fcomments&post=18282"}],"version-history":[{"count":1,"href":"https:\/\/www.letsportsrock.com\/index.php?rest_route=\/wp\/v2\/posts\/18282\/revisions"}],"predecessor-version":[{"id":18284,"href":"https:\/\/www.letsportsrock.com\/index.php?rest_route=\/wp\/v2\/posts\/18282\/revisions\/18284"}],"wp:featuredmedia":[{"embeddable":true,"href":"https:\/\/www.letsportsrock.com\/index.php?rest_route=\/wp\/v2\/media\/18283"}],"wp:attachment":[{"href":"https:\/\/www.letsportsrock.com\/index.php?rest_route=%2Fwp%2Fv2%2Fmedia&parent=18282"}],"wp:term":[{"taxonomy":"category","embeddable":true,"href":"https:\/\/www.letsportsrock.com\/index.php?rest_route=%2Fwp%2Fv2%2Fcategories&post=18282"},{"taxonomy":"post_tag","embeddable":true,"href":"https:\/\/www.letsportsrock.com\/index.php?rest_route=%2Fwp%2Fv2%2Ftags&post=18282"}],"curies":[{"name":"wp","href":"https:\/\/api.w.org\/{rel}","templated":true}]}}