{"id":18305,"date":"2025-01-10T19:17:00","date_gmt":"2025-01-10T19:17:00","guid":{"rendered":"https:\/\/www.letsportsrock.com\/?p=18305"},"modified":"2025-01-10T19:19:29","modified_gmt":"2025-01-10T19:19:29","slug":"primele-detalii-despre-accidentarea-lui-darius-olaru-cat-timp-va-lipsi-capitanul-celor-de-la-fcsb-exclusiv","status":"publish","type":"post","link":"https:\/\/www.letsportsrock.com\/?p=18305","title":{"rendered":"Primele detalii despre accidentarea lui Darius Olaru. C\u00e2t timp va lipsi c\u0103pitanul celor de la FCSB? EXCLUSIV"},"content":{"rendered":"<div class=\"d79db4796efc26332eabfc3f5dafbc76\" data-index=\"1\" style=\"float: none; margin:10px 0 10px 0; text-align:center;\">\n<div class=\"hb-ad-inarticle\">\r\n    <div class=\"hb-ad-inner\"> \r\n    <div class=\"hbagency_cls\"  id=\"hbagency_space_111930\"><\/div><\/div> <\/div>\n<\/div>\n<p>Darius Olaru, c\u0103pitanul echipei FCSB, a suferit o accidentare \u00een urma unui meci recent \u0219i va lipsi din lotul echipei pentru o perioad\u0103 semnificativ\u0103. Informa\u021biile ob\u021binute \u00een exclusivitate indic\u0103 faptul c\u0103 mijloca\u0219ul a suferit o leziune muscular\u0103, care va necesita o perioad\u0103 de recuperare. \u00cen acest moment, se estimeaz\u0103 c\u0103 Olaru va absenta cel pu\u021bin 3-4 s\u0103pt\u0103m\u00e2ni, depinz\u00e2nd de evolu\u021bia st\u0103rii sale de s\u0103n\u0103tate \u0219i de r\u0103spunsul la tratament.<\/p>\n<p>&nbsp;<\/p>\n<p>Accidentarea a avut loc \u00eentr-un context destul de delicat pentru FCSB, av\u00e2nd \u00een vedere c\u0103 Olaru este unul dintre cei mai importan\u021bi juc\u0103tori din lotul echipei \u0219i un lider de la vestiar. Absen\u021ba sa va reprezenta o pierdere considerabil\u0103, at\u00e2t \u00een planul jocului, c\u00e2t \u0219i ca prezen\u021b\u0103 \u00een vestiar. C\u0103pitanul a fost unul dintre cei mai constan\u021bi juc\u0103tori ai echipei, iar stilul s\u0103u de joc de control al mijlocului \u0219i viziunea de joc l-au f\u0103cut esen\u021bial \u00een sistemul tactico-strategic al antrenorului.<\/p>\n<p>&nbsp;<\/p>\n<p>De asemenea, accidentarea a venit \u00eentr-un moment \u00een care FCSB se afl\u0103 \u00eentr-o competi\u021bie str\u00e2ns\u0103 pentru locurile de top \u00een campionat, iar absen\u021ba lui Olaru ar putea complica planurile echipei \u00een urm\u0103toarele s\u0103pt\u0103m\u00e2ni. Staff-ul medical al clubului lucreaz\u0103 intens pentru a-i asigura o recuperare complet\u0103, iar juc\u0103torul va urma un program strict de fizioterapie \u0219i reabilitare pentru a reveni pe teren c\u00e2t mai repede posibil.<\/p>\n<p>&nbsp;<\/p>\n<p>Fanii FCSB sunt, f\u0103r\u0103 \u00eendoial\u0103, \u00eengrijora\u021bi de situa\u021bia c\u0103pitanului lor \u0219i a\u0219teapt\u0103 ve\u0219ti bune privind recuperarea lui Darius Olaru.<\/p>\n\n<div style=\"font-size: 0px; height: 0px; line-height: 0px; margin: 0; padding: 0; clear: both;\"><\/div>","protected":false},"excerpt":{"rendered":"<p>Darius Olaru, c\u0103pitanul echipei FCSB, a suferit o accidentare \u00een urma unui meci recent \u0219i va lipsi din lotul echipei pentru o perioad\u0103 semnificativ\u0103. Informa\u021biile ob\u021binute \u00een exclusivitate indic\u0103 faptul c\u0103 mijloca\u0219ul a suferit o leziune muscular\u0103, care va necesita o perioad\u0103 de recuperare. \u00cen acest moment, se estimeaz\u0103 c\u0103 Olaru va absenta cel pu\u021bin [&hellip;]<\/p>\n","protected":false},"author":1,"featured_media":18307,"comment_status":"open","ping_status":"open","sticky":false,"template":"","format":"standard","meta":{"_jetpack_memberships_contains_paid_content":false,"footnotes":""},"categories":[1],"tags":[],"class_list":["post-18305","post","type-post","status-publish","format-standard","has-post-thumbnail","hentry","category-uncategorized"],"yoast_head":"<!-- This site is optimized with the Yoast SEO plugin v27.5 - https:\/\/yoast.com\/product\/yoast-seo-wordpress\/ -->\n<title>Primele detalii despre accidentarea lui Darius Olaru. C\u00e2t timp va<\/title>\n<meta name=\"description\" content=\"Primele detalii despre accidentarea lui Darius Olaru. C\u00e2t timp va lipsi c\u0103pitanul celor de la FCSB? EXCLUSIV\" \/>\n<meta name=\"robots\" content=\"index, follow, max-snippet:-1, max-image-preview:large, max-video-preview:-1\" \/>\n<link rel=\"canonical\" href=\"https:\/\/www.letsportsrock.com\/?p=18305\" \/>\n<meta property=\"og:locale\" content=\"en_US\" \/>\n<meta property=\"og:type\" content=\"article\" \/>\n<meta property=\"og:title\" content=\"Primele detalii despre accidentarea lui Darius Olaru. C\u00e2t timp va\" \/>\n<meta property=\"og:description\" content=\"Primele detalii despre accidentarea lui Darius Olaru. C\u00e2t timp va lipsi c\u0103pitanul celor de la FCSB? EXCLUSIV\" \/>\n<meta property=\"og:url\" content=\"https:\/\/www.letsportsrock.com\/?p=18305\" \/>\n<meta property=\"og:site_name\" content=\"letsportsrock\" \/>\n<meta property=\"article:published_time\" content=\"2025-01-10T19:17:00+00:00\" \/>\n<meta property=\"article:modified_time\" content=\"2025-01-10T19:19:29+00:00\" \/>\n<meta property=\"og:image\" content=\"https:\/\/www.letsportsrock.com\/wp-content\/uploads\/2025\/01\/images-2025-01-10T201902.098.jpeg\" \/>\n\t<meta property=\"og:image:width\" content=\"739\" \/>\n\t<meta property=\"og:image:height\" content=\"415\" \/>\n\t<meta property=\"og:image:type\" content=\"image\/jpeg\" \/>\n<meta name=\"author\" content=\"letsportsrock\" \/>\n<meta name=\"twitter:card\" content=\"summary_large_image\" \/>\n<meta name=\"twitter:label1\" content=\"Written by\" \/>\n\t<meta name=\"twitter:data1\" content=\"letsportsrock\" \/>\n\t<meta name=\"twitter:label2\" content=\"Est. reading time\" \/>\n\t<meta name=\"twitter:data2\" content=\"2 minutes\" \/>\n<script type=\"application\/ld+json\" class=\"yoast-schema-graph\">{\"@context\":\"https:\\\/\\\/schema.org\",\"@graph\":[{\"@type\":\"Article\",\"@id\":\"https:\\\/\\\/www.letsportsrock.com\\\/?p=18305#article\",\"isPartOf\":{\"@id\":\"https:\\\/\\\/www.letsportsrock.com\\\/?p=18305\"},\"author\":{\"name\":\"letsportsrock\",\"@id\":\"https:\\\/\\\/www.letsportsrock.com\\\/#\\\/schema\\\/person\\\/a454ac24e58b214ddd97e4b5afb0bf01\"},\"headline\":\"Primele detalii despre accidentarea lui Darius Olaru. C\u00e2t timp va lipsi c\u0103pitanul celor de la FCSB? EXCLUSIV\",\"datePublished\":\"2025-01-10T19:17:00+00:00\",\"dateModified\":\"2025-01-10T19:19:29+00:00\",\"mainEntityOfPage\":{\"@id\":\"https:\\\/\\\/www.letsportsrock.com\\\/?p=18305\"},\"wordCount\":297,\"commentCount\":0,\"image\":{\"@id\":\"https:\\\/\\\/www.letsportsrock.com\\\/?p=18305#primaryimage\"},\"thumbnailUrl\":\"https:\\\/\\\/www.letsportsrock.com\\\/wp-content\\\/uploads\\\/2025\\\/01\\\/images-2025-01-10T201902.098.jpeg\",\"inLanguage\":\"en-US\",\"potentialAction\":[{\"@type\":\"CommentAction\",\"name\":\"Comment\",\"target\":[\"https:\\\/\\\/www.letsportsrock.com\\\/?p=18305#respond\"]}]},{\"@type\":\"WebPage\",\"@id\":\"https:\\\/\\\/www.letsportsrock.com\\\/?p=18305\",\"url\":\"https:\\\/\\\/www.letsportsrock.com\\\/?p=18305\",\"name\":\"Primele detalii despre accidentarea lui Darius Olaru. C\u00e2t timp va\",\"isPartOf\":{\"@id\":\"https:\\\/\\\/www.letsportsrock.com\\\/#website\"},\"primaryImageOfPage\":{\"@id\":\"https:\\\/\\\/www.letsportsrock.com\\\/?p=18305#primaryimage\"},\"image\":{\"@id\":\"https:\\\/\\\/www.letsportsrock.com\\\/?p=18305#primaryimage\"},\"thumbnailUrl\":\"https:\\\/\\\/www.letsportsrock.com\\\/wp-content\\\/uploads\\\/2025\\\/01\\\/images-2025-01-10T201902.098.jpeg\",\"datePublished\":\"2025-01-10T19:17:00+00:00\",\"dateModified\":\"2025-01-10T19:19:29+00:00\",\"author\":{\"@id\":\"https:\\\/\\\/www.letsportsrock.com\\\/#\\\/schema\\\/person\\\/a454ac24e58b214ddd97e4b5afb0bf01\"},\"description\":\"Primele detalii despre accidentarea lui Darius Olaru. C\u00e2t timp va lipsi c\u0103pitanul celor de la FCSB? EXCLUSIV\",\"breadcrumb\":{\"@id\":\"https:\\\/\\\/www.letsportsrock.com\\\/?p=18305#breadcrumb\"},\"inLanguage\":\"en-US\",\"potentialAction\":[{\"@type\":\"ReadAction\",\"target\":[\"https:\\\/\\\/www.letsportsrock.com\\\/?p=18305\"]}]},{\"@type\":\"ImageObject\",\"inLanguage\":\"en-US\",\"@id\":\"https:\\\/\\\/www.letsportsrock.com\\\/?p=18305#primaryimage\",\"url\":\"https:\\\/\\\/www.letsportsrock.com\\\/wp-content\\\/uploads\\\/2025\\\/01\\\/images-2025-01-10T201902.098.jpeg\",\"contentUrl\":\"https:\\\/\\\/www.letsportsrock.com\\\/wp-content\\\/uploads\\\/2025\\\/01\\\/images-2025-01-10T201902.098.jpeg\",\"width\":739,\"height\":415},{\"@type\":\"BreadcrumbList\",\"@id\":\"https:\\\/\\\/www.letsportsrock.com\\\/?p=18305#breadcrumb\",\"itemListElement\":[{\"@type\":\"ListItem\",\"position\":1,\"name\":\"Home\",\"item\":\"https:\\\/\\\/www.letsportsrock.com\\\/\"},{\"@type\":\"ListItem\",\"position\":2,\"name\":\"Primele detalii despre accidentarea lui Darius Olaru. C\u00e2t timp va lipsi c\u0103pitanul celor de la FCSB? EXCLUSIV\"}]},{\"@type\":\"WebSite\",\"@id\":\"https:\\\/\\\/www.letsportsrock.com\\\/#website\",\"url\":\"https:\\\/\\\/www.letsportsrock.com\\\/\",\"name\":\"letsportsrock\",\"description\":\"Sport News and Updates\",\"potentialAction\":[{\"@type\":\"SearchAction\",\"target\":{\"@type\":\"EntryPoint\",\"urlTemplate\":\"https:\\\/\\\/www.letsportsrock.com\\\/?s={search_term_string}\"},\"query-input\":{\"@type\":\"PropertyValueSpecification\",\"valueRequired\":true,\"valueName\":\"search_term_string\"}}],\"inLanguage\":\"en-US\"},{\"@type\":\"Person\",\"@id\":\"https:\\\/\\\/www.letsportsrock.com\\\/#\\\/schema\\\/person\\\/a454ac24e58b214ddd97e4b5afb0bf01\",\"name\":\"letsportsrock\",\"image\":{\"@type\":\"ImageObject\",\"inLanguage\":\"en-US\",\"@id\":\"https:\\\/\\\/secure.gravatar.com\\\/avatar\\\/f8ef950cbb7574c0bc874094b8d307659bfe2d7aa4a9d26fa6917eff010748f9?s=96&d=mm&r=g\",\"url\":\"https:\\\/\\\/secure.gravatar.com\\\/avatar\\\/f8ef950cbb7574c0bc874094b8d307659bfe2d7aa4a9d26fa6917eff010748f9?s=96&d=mm&r=g\",\"contentUrl\":\"https:\\\/\\\/secure.gravatar.com\\\/avatar\\\/f8ef950cbb7574c0bc874094b8d307659bfe2d7aa4a9d26fa6917eff010748f9?s=96&d=mm&r=g\",\"caption\":\"letsportsrock\"},\"sameAs\":[\"https:\\\/\\\/www.letsportsrock.com\"],\"url\":\"https:\\\/\\\/www.letsportsrock.com\\\/?author=1\"}]}<\/script>\n<!-- \/ Yoast SEO plugin. -->","yoast_head_json":{"title":"Primele detalii despre accidentarea lui Darius Olaru. C\u00e2t timp va","description":"Primele detalii despre accidentarea lui Darius Olaru. C\u00e2t timp va lipsi c\u0103pitanul celor de la FCSB? EXCLUSIV","robots":{"index":"index","follow":"follow","max-snippet":"max-snippet:-1","max-image-preview":"max-image-preview:large","max-video-preview":"max-video-preview:-1"},"canonical":"https:\/\/www.letsportsrock.com\/?p=18305","og_locale":"en_US","og_type":"article","og_title":"Primele detalii despre accidentarea lui Darius Olaru. C\u00e2t timp va","og_description":"Primele detalii despre accidentarea lui Darius Olaru. C\u00e2t timp va lipsi c\u0103pitanul celor de la FCSB? EXCLUSIV","og_url":"https:\/\/www.letsportsrock.com\/?p=18305","og_site_name":"letsportsrock","article_published_time":"2025-01-10T19:17:00+00:00","article_modified_time":"2025-01-10T19:19:29+00:00","og_image":[{"width":739,"height":415,"url":"https:\/\/www.letsportsrock.com\/wp-content\/uploads\/2025\/01\/images-2025-01-10T201902.098.jpeg","type":"image\/jpeg"}],"author":"letsportsrock","twitter_card":"summary_large_image","twitter_misc":{"Written by":"letsportsrock","Est. reading time":"2 minutes"},"schema":{"@context":"https:\/\/schema.org","@graph":[{"@type":"Article","@id":"https:\/\/www.letsportsrock.com\/?p=18305#article","isPartOf":{"@id":"https:\/\/www.letsportsrock.com\/?p=18305"},"author":{"name":"letsportsrock","@id":"https:\/\/www.letsportsrock.com\/#\/schema\/person\/a454ac24e58b214ddd97e4b5afb0bf01"},"headline":"Primele detalii despre accidentarea lui Darius Olaru. C\u00e2t timp va lipsi c\u0103pitanul celor de la FCSB? EXCLUSIV","datePublished":"2025-01-10T19:17:00+00:00","dateModified":"2025-01-10T19:19:29+00:00","mainEntityOfPage":{"@id":"https:\/\/www.letsportsrock.com\/?p=18305"},"wordCount":297,"commentCount":0,"image":{"@id":"https:\/\/www.letsportsrock.com\/?p=18305#primaryimage"},"thumbnailUrl":"https:\/\/www.letsportsrock.com\/wp-content\/uploads\/2025\/01\/images-2025-01-10T201902.098.jpeg","inLanguage":"en-US","potentialAction":[{"@type":"CommentAction","name":"Comment","target":["https:\/\/www.letsportsrock.com\/?p=18305#respond"]}]},{"@type":"WebPage","@id":"https:\/\/www.letsportsrock.com\/?p=18305","url":"https:\/\/www.letsportsrock.com\/?p=18305","name":"Primele detalii despre accidentarea lui Darius Olaru. C\u00e2t timp va","isPartOf":{"@id":"https:\/\/www.letsportsrock.com\/#website"},"primaryImageOfPage":{"@id":"https:\/\/www.letsportsrock.com\/?p=18305#primaryimage"},"image":{"@id":"https:\/\/www.letsportsrock.com\/?p=18305#primaryimage"},"thumbnailUrl":"https:\/\/www.letsportsrock.com\/wp-content\/uploads\/2025\/01\/images-2025-01-10T201902.098.jpeg","datePublished":"2025-01-10T19:17:00+00:00","dateModified":"2025-01-10T19:19:29+00:00","author":{"@id":"https:\/\/www.letsportsrock.com\/#\/schema\/person\/a454ac24e58b214ddd97e4b5afb0bf01"},"description":"Primele detalii despre accidentarea lui Darius Olaru. C\u00e2t timp va lipsi c\u0103pitanul celor de la FCSB? EXCLUSIV","breadcrumb":{"@id":"https:\/\/www.letsportsrock.com\/?p=18305#breadcrumb"},"inLanguage":"en-US","potentialAction":[{"@type":"ReadAction","target":["https:\/\/www.letsportsrock.com\/?p=18305"]}]},{"@type":"ImageObject","inLanguage":"en-US","@id":"https:\/\/www.letsportsrock.com\/?p=18305#primaryimage","url":"https:\/\/www.letsportsrock.com\/wp-content\/uploads\/2025\/01\/images-2025-01-10T201902.098.jpeg","contentUrl":"https:\/\/www.letsportsrock.com\/wp-content\/uploads\/2025\/01\/images-2025-01-10T201902.098.jpeg","width":739,"height":415},{"@type":"BreadcrumbList","@id":"https:\/\/www.letsportsrock.com\/?p=18305#breadcrumb","itemListElement":[{"@type":"ListItem","position":1,"name":"Home","item":"https:\/\/www.letsportsrock.com\/"},{"@type":"ListItem","position":2,"name":"Primele detalii despre accidentarea lui Darius Olaru. C\u00e2t timp va lipsi c\u0103pitanul celor de la FCSB? EXCLUSIV"}]},{"@type":"WebSite","@id":"https:\/\/www.letsportsrock.com\/#website","url":"https:\/\/www.letsportsrock.com\/","name":"letsportsrock","description":"Sport News and Updates","potentialAction":[{"@type":"SearchAction","target":{"@type":"EntryPoint","urlTemplate":"https:\/\/www.letsportsrock.com\/?s={search_term_string}"},"query-input":{"@type":"PropertyValueSpecification","valueRequired":true,"valueName":"search_term_string"}}],"inLanguage":"en-US"},{"@type":"Person","@id":"https:\/\/www.letsportsrock.com\/#\/schema\/person\/a454ac24e58b214ddd97e4b5afb0bf01","name":"letsportsrock","image":{"@type":"ImageObject","inLanguage":"en-US","@id":"https:\/\/secure.gravatar.com\/avatar\/f8ef950cbb7574c0bc874094b8d307659bfe2d7aa4a9d26fa6917eff010748f9?s=96&d=mm&r=g","url":"https:\/\/secure.gravatar.com\/avatar\/f8ef950cbb7574c0bc874094b8d307659bfe2d7aa4a9d26fa6917eff010748f9?s=96&d=mm&r=g","contentUrl":"https:\/\/secure.gravatar.com\/avatar\/f8ef950cbb7574c0bc874094b8d307659bfe2d7aa4a9d26fa6917eff010748f9?s=96&d=mm&r=g","caption":"letsportsrock"},"sameAs":["https:\/\/www.letsportsrock.com"],"url":"https:\/\/www.letsportsrock.com\/?author=1"}]}},"jetpack_featured_media_url":"https:\/\/www.letsportsrock.com\/wp-content\/uploads\/2025\/01\/images-2025-01-10T201902.098.jpeg","jetpack_sharing_enabled":true,"_links":{"self":[{"href":"https:\/\/www.letsportsrock.com\/index.php?rest_route=\/wp\/v2\/posts\/18305","targetHints":{"allow":["GET"]}}],"collection":[{"href":"https:\/\/www.letsportsrock.com\/index.php?rest_route=\/wp\/v2\/posts"}],"about":[{"href":"https:\/\/www.letsportsrock.com\/index.php?rest_route=\/wp\/v2\/types\/post"}],"author":[{"embeddable":true,"href":"https:\/\/www.letsportsrock.com\/index.php?rest_route=\/wp\/v2\/users\/1"}],"replies":[{"embeddable":true,"href":"https:\/\/www.letsportsrock.com\/index.php?rest_route=%2Fwp%2Fv2%2Fcomments&post=18305"}],"version-history":[{"count":1,"href":"https:\/\/www.letsportsrock.com\/index.php?rest_route=\/wp\/v2\/posts\/18305\/revisions"}],"predecessor-version":[{"id":18306,"href":"https:\/\/www.letsportsrock.com\/index.php?rest_route=\/wp\/v2\/posts\/18305\/revisions\/18306"}],"wp:featuredmedia":[{"embeddable":true,"href":"https:\/\/www.letsportsrock.com\/index.php?rest_route=\/wp\/v2\/media\/18307"}],"wp:attachment":[{"href":"https:\/\/www.letsportsrock.com\/index.php?rest_route=%2Fwp%2Fv2%2Fmedia&parent=18305"}],"wp:term":[{"taxonomy":"category","embeddable":true,"href":"https:\/\/www.letsportsrock.com\/index.php?rest_route=%2Fwp%2Fv2%2Fcategories&post=18305"},{"taxonomy":"post_tag","embeddable":true,"href":"https:\/\/www.letsportsrock.com\/index.php?rest_route=%2Fwp%2Fv2%2Ftags&post=18305"}],"curies":[{"name":"wp","href":"https:\/\/api.w.org\/{rel}","templated":true}]}}