{"id":18325,"date":"2025-01-10T20:45:42","date_gmt":"2025-01-10T20:45:42","guid":{"rendered":"https:\/\/www.letsportsrock.com\/?p=18325"},"modified":"2025-01-10T20:47:53","modified_gmt":"2025-01-10T20:47:53","slug":"vesti-triste-fc-rapid-bucuresti-a-fost-sanctionata-de-superliga-din-cauza-unui","status":"publish","type":"post","link":"https:\/\/www.letsportsrock.com\/?p=18325","title":{"rendered":"Ve\u0219ti triste: FC Rapid Bucure\u0219ti a fost sanc\u021bionat\u0103 de SuperLiga din cauza unui&#8230;"},"content":{"rendered":"<div class=\"d79db4796efc26332eabfc3f5dafbc76\" data-index=\"1\" style=\"float: none; margin:10px 0 10px 0; text-align:center;\">\n<div class=\"hb-ad-inarticle\">\r\n    <div class=\"hb-ad-inner\"> \r\n    <div class=\"hbagency_cls\"  id=\"hbagency_space_111930\"><\/div><\/div> <\/div>\n<\/div>\n<p>Ve\u0219ti triste pentru suporterii FC Rapid Bucure\u0219ti: echipa a fost sanc\u021bionat\u0103 de SuperLiga din cauza unui incident recent. Autorit\u0103\u021bile fotbalistice au decis s\u0103 aplice o amend\u0103 semnificativ\u0103 clubului, iar decizia a fost luat\u0103 dup\u0103 o analiz\u0103 detaliat\u0103 a comportamentului echipei \u0219i al celor implica\u021bi \u00een evenimentul respectiv.<\/p>\n<p>&nbsp;<\/p>\n<p>De\u0219i detaliile exacte ale incidentului nu au fost f\u0103cute publice \u00een totalitate, se pare c\u0103 sanc\u021biunea a fost impus\u0103 din cauza unor \u00eenc\u0103lc\u0103ri ale regulamentelor competi\u021biei. \u00cen trecut, cluburile au fost sanc\u021bionate pentru comportamente nesportive, comportament inadecvat al juc\u0103torilor sau oficialilor, ori chiar pentru incidente de natur\u0103 administrativ\u0103 sau organizatoric\u0103 care afecteaz\u0103 buna desf\u0103\u0219urare a competi\u021biei.<\/p>\n<p>&nbsp;<\/p>\n<p>Aceast\u0103 decizie vine \u00eentr-un moment delicat pentru FC Rapid Bucure\u0219ti, care se afl\u0103 \u00eentr-o perioad\u0103 de reconstruc\u021bie \u0219i eforturi de a reveni \u00een topul fotbalului rom\u00e2nesc. De\u0219i sanc\u021biunile financiare \u0219i cele sportive nu sunt o noutate \u00een fotbalul rom\u00e2nesc, ele pot afecta moralul echipei \u0219i rela\u021biile cu suporterii, care a\u0219teapt\u0103 performan\u021be notabile din partea echipei lor.<\/p>\n<p>&nbsp;<\/p>\n<p>Conducerea clubului a declarat c\u0103 va analiza cu aten\u021bie decizia \u0219i va lua toate m\u0103surile necesare pentru a evita astfel de incidente \u00een viitor. \u00cen plus, este posibil ca FC Rapid s\u0103 depun\u0103 un apel \u00eempotriva sanc\u021biunii, av\u00e2nd \u00een vedere c\u0103 situa\u021bia nu este \u00eenc\u0103 finalizat\u0103.<\/p>\n<p>&nbsp;<\/p>\n<p>Pentru suporterii Rapidului, aceast\u0103 veste vine ca un \u0219oc, \u00eentruc\u00e2t echipa a fost pe cale s\u0103-\u0219i reg\u0103seasc\u0103 drumul spre succes, iar astfel de evenimente nu fac dec\u00e2t s\u0103 \u00eengreuneze acest proces. Totu\u0219i, fanii r\u0103m\u00e2n optimi\u0219ti \u0219i sper\u0103 ca echipa s\u0103 dep\u0103\u0219easc\u0103 aceast\u0103 perioad\u0103 dificil\u0103.<\/p>\n\n<div style=\"font-size: 0px; height: 0px; line-height: 0px; margin: 0; padding: 0; clear: both;\"><\/div>","protected":false},"excerpt":{"rendered":"<p>Ve\u0219ti triste pentru suporterii FC Rapid Bucure\u0219ti: echipa a fost sanc\u021bionat\u0103 de SuperLiga din cauza unui incident recent. Autorit\u0103\u021bile fotbalistice au decis s\u0103 aplice o amend\u0103 semnificativ\u0103 clubului, iar decizia a fost luat\u0103 dup\u0103 o analiz\u0103 detaliat\u0103 a comportamentului echipei \u0219i al celor implica\u021bi \u00een evenimentul respectiv. &nbsp; De\u0219i detaliile exacte ale incidentului nu au [&hellip;]<\/p>\n","protected":false},"author":1,"featured_media":18327,"comment_status":"open","ping_status":"open","sticky":false,"template":"","format":"standard","meta":{"_jetpack_memberships_contains_paid_content":false,"footnotes":""},"categories":[1],"tags":[],"class_list":["post-18325","post","type-post","status-publish","format-standard","has-post-thumbnail","hentry","category-uncategorized"],"yoast_head":"<!-- This site is optimized with the Yoast SEO plugin v27.4 - https:\/\/yoast.com\/product\/yoast-seo-wordpress\/ -->\n<title>Ve\u0219ti triste: FC Rapid Bucure\u0219ti a fost sanc<\/title>\n<meta name=\"description\" content=\"Ve\u0219ti triste: FC Rapid Bucure\u0219ti a fost sanc\u021bionat\u0103 de SuperLiga din cauza unui..............................\" \/>\n<meta name=\"robots\" content=\"index, follow, max-snippet:-1, max-image-preview:large, max-video-preview:-1\" \/>\n<link rel=\"canonical\" href=\"https:\/\/www.letsportsrock.com\/?p=18325\" \/>\n<meta property=\"og:locale\" content=\"en_US\" \/>\n<meta property=\"og:type\" content=\"article\" \/>\n<meta property=\"og:title\" content=\"Ve\u0219ti triste: FC Rapid Bucure\u0219ti a fost sanc\" \/>\n<meta property=\"og:description\" content=\"Ve\u0219ti triste: FC Rapid Bucure\u0219ti a fost sanc\u021bionat\u0103 de SuperLiga din cauza unui..............................\" \/>\n<meta property=\"og:url\" content=\"https:\/\/www.letsportsrock.com\/?p=18325\" \/>\n<meta property=\"og:site_name\" content=\"letsportsrock\" \/>\n<meta property=\"article:published_time\" content=\"2025-01-10T20:45:42+00:00\" \/>\n<meta property=\"article:modified_time\" content=\"2025-01-10T20:47:53+00:00\" \/>\n<meta property=\"og:image\" content=\"https:\/\/www.letsportsrock.com\/wp-content\/uploads\/2025\/01\/images-2025-01-10T214714.511.jpeg\" \/>\n\t<meta property=\"og:image:width\" content=\"700\" \/>\n\t<meta property=\"og:image:height\" content=\"420\" \/>\n\t<meta property=\"og:image:type\" content=\"image\/jpeg\" \/>\n<meta name=\"author\" content=\"letsportsrock\" \/>\n<meta name=\"twitter:card\" content=\"summary_large_image\" \/>\n<meta name=\"twitter:label1\" content=\"Written by\" \/>\n\t<meta name=\"twitter:data1\" content=\"letsportsrock\" \/>\n\t<meta name=\"twitter:label2\" content=\"Est. reading time\" \/>\n\t<meta name=\"twitter:data2\" content=\"2 minutes\" \/>\n<script type=\"application\/ld+json\" class=\"yoast-schema-graph\">{\"@context\":\"https:\\\/\\\/schema.org\",\"@graph\":[{\"@type\":\"Article\",\"@id\":\"https:\\\/\\\/www.letsportsrock.com\\\/?p=18325#article\",\"isPartOf\":{\"@id\":\"https:\\\/\\\/www.letsportsrock.com\\\/?p=18325\"},\"author\":{\"name\":\"letsportsrock\",\"@id\":\"https:\\\/\\\/www.letsportsrock.com\\\/#\\\/schema\\\/person\\\/a454ac24e58b214ddd97e4b5afb0bf01\"},\"headline\":\"Ve\u0219ti triste: FC Rapid Bucure\u0219ti a fost sanc\u021bionat\u0103 de SuperLiga din cauza unui&#8230;\",\"datePublished\":\"2025-01-10T20:45:42+00:00\",\"dateModified\":\"2025-01-10T20:47:53+00:00\",\"mainEntityOfPage\":{\"@id\":\"https:\\\/\\\/www.letsportsrock.com\\\/?p=18325\"},\"wordCount\":308,\"commentCount\":0,\"image\":{\"@id\":\"https:\\\/\\\/www.letsportsrock.com\\\/?p=18325#primaryimage\"},\"thumbnailUrl\":\"https:\\\/\\\/www.letsportsrock.com\\\/wp-content\\\/uploads\\\/2025\\\/01\\\/images-2025-01-10T214714.511.jpeg\",\"inLanguage\":\"en-US\",\"potentialAction\":[{\"@type\":\"CommentAction\",\"name\":\"Comment\",\"target\":[\"https:\\\/\\\/www.letsportsrock.com\\\/?p=18325#respond\"]}]},{\"@type\":\"WebPage\",\"@id\":\"https:\\\/\\\/www.letsportsrock.com\\\/?p=18325\",\"url\":\"https:\\\/\\\/www.letsportsrock.com\\\/?p=18325\",\"name\":\"Ve\u0219ti triste: FC Rapid Bucure\u0219ti a fost sanc\",\"isPartOf\":{\"@id\":\"https:\\\/\\\/www.letsportsrock.com\\\/#website\"},\"primaryImageOfPage\":{\"@id\":\"https:\\\/\\\/www.letsportsrock.com\\\/?p=18325#primaryimage\"},\"image\":{\"@id\":\"https:\\\/\\\/www.letsportsrock.com\\\/?p=18325#primaryimage\"},\"thumbnailUrl\":\"https:\\\/\\\/www.letsportsrock.com\\\/wp-content\\\/uploads\\\/2025\\\/01\\\/images-2025-01-10T214714.511.jpeg\",\"datePublished\":\"2025-01-10T20:45:42+00:00\",\"dateModified\":\"2025-01-10T20:47:53+00:00\",\"author\":{\"@id\":\"https:\\\/\\\/www.letsportsrock.com\\\/#\\\/schema\\\/person\\\/a454ac24e58b214ddd97e4b5afb0bf01\"},\"description\":\"Ve\u0219ti triste: FC Rapid Bucure\u0219ti a fost sanc\u021bionat\u0103 de SuperLiga din cauza unui..............................\",\"breadcrumb\":{\"@id\":\"https:\\\/\\\/www.letsportsrock.com\\\/?p=18325#breadcrumb\"},\"inLanguage\":\"en-US\",\"potentialAction\":[{\"@type\":\"ReadAction\",\"target\":[\"https:\\\/\\\/www.letsportsrock.com\\\/?p=18325\"]}]},{\"@type\":\"ImageObject\",\"inLanguage\":\"en-US\",\"@id\":\"https:\\\/\\\/www.letsportsrock.com\\\/?p=18325#primaryimage\",\"url\":\"https:\\\/\\\/www.letsportsrock.com\\\/wp-content\\\/uploads\\\/2025\\\/01\\\/images-2025-01-10T214714.511.jpeg\",\"contentUrl\":\"https:\\\/\\\/www.letsportsrock.com\\\/wp-content\\\/uploads\\\/2025\\\/01\\\/images-2025-01-10T214714.511.jpeg\",\"width\":700,\"height\":420},{\"@type\":\"BreadcrumbList\",\"@id\":\"https:\\\/\\\/www.letsportsrock.com\\\/?p=18325#breadcrumb\",\"itemListElement\":[{\"@type\":\"ListItem\",\"position\":1,\"name\":\"Home\",\"item\":\"https:\\\/\\\/www.letsportsrock.com\\\/\"},{\"@type\":\"ListItem\",\"position\":2,\"name\":\"Ve\u0219ti triste: FC Rapid Bucure\u0219ti a fost sanc\u021bionat\u0103 de SuperLiga din cauza unui&#8230;\"}]},{\"@type\":\"WebSite\",\"@id\":\"https:\\\/\\\/www.letsportsrock.com\\\/#website\",\"url\":\"https:\\\/\\\/www.letsportsrock.com\\\/\",\"name\":\"letsportsrock\",\"description\":\"Sport News and Updates\",\"potentialAction\":[{\"@type\":\"SearchAction\",\"target\":{\"@type\":\"EntryPoint\",\"urlTemplate\":\"https:\\\/\\\/www.letsportsrock.com\\\/?s={search_term_string}\"},\"query-input\":{\"@type\":\"PropertyValueSpecification\",\"valueRequired\":true,\"valueName\":\"search_term_string\"}}],\"inLanguage\":\"en-US\"},{\"@type\":\"Person\",\"@id\":\"https:\\\/\\\/www.letsportsrock.com\\\/#\\\/schema\\\/person\\\/a454ac24e58b214ddd97e4b5afb0bf01\",\"name\":\"letsportsrock\",\"image\":{\"@type\":\"ImageObject\",\"inLanguage\":\"en-US\",\"@id\":\"https:\\\/\\\/secure.gravatar.com\\\/avatar\\\/f8ef950cbb7574c0bc874094b8d307659bfe2d7aa4a9d26fa6917eff010748f9?s=96&d=mm&r=g\",\"url\":\"https:\\\/\\\/secure.gravatar.com\\\/avatar\\\/f8ef950cbb7574c0bc874094b8d307659bfe2d7aa4a9d26fa6917eff010748f9?s=96&d=mm&r=g\",\"contentUrl\":\"https:\\\/\\\/secure.gravatar.com\\\/avatar\\\/f8ef950cbb7574c0bc874094b8d307659bfe2d7aa4a9d26fa6917eff010748f9?s=96&d=mm&r=g\",\"caption\":\"letsportsrock\"},\"sameAs\":[\"https:\\\/\\\/www.letsportsrock.com\"],\"url\":\"https:\\\/\\\/www.letsportsrock.com\\\/?author=1\"}]}<\/script>\n<!-- \/ Yoast SEO plugin. -->","yoast_head_json":{"title":"Ve\u0219ti triste: FC Rapid Bucure\u0219ti a fost sanc","description":"Ve\u0219ti triste: FC Rapid Bucure\u0219ti a fost sanc\u021bionat\u0103 de SuperLiga din cauza unui..............................","robots":{"index":"index","follow":"follow","max-snippet":"max-snippet:-1","max-image-preview":"max-image-preview:large","max-video-preview":"max-video-preview:-1"},"canonical":"https:\/\/www.letsportsrock.com\/?p=18325","og_locale":"en_US","og_type":"article","og_title":"Ve\u0219ti triste: FC Rapid Bucure\u0219ti a fost sanc","og_description":"Ve\u0219ti triste: FC Rapid Bucure\u0219ti a fost sanc\u021bionat\u0103 de SuperLiga din cauza unui..............................","og_url":"https:\/\/www.letsportsrock.com\/?p=18325","og_site_name":"letsportsrock","article_published_time":"2025-01-10T20:45:42+00:00","article_modified_time":"2025-01-10T20:47:53+00:00","og_image":[{"width":700,"height":420,"url":"https:\/\/www.letsportsrock.com\/wp-content\/uploads\/2025\/01\/images-2025-01-10T214714.511.jpeg","type":"image\/jpeg"}],"author":"letsportsrock","twitter_card":"summary_large_image","twitter_misc":{"Written by":"letsportsrock","Est. reading time":"2 minutes"},"schema":{"@context":"https:\/\/schema.org","@graph":[{"@type":"Article","@id":"https:\/\/www.letsportsrock.com\/?p=18325#article","isPartOf":{"@id":"https:\/\/www.letsportsrock.com\/?p=18325"},"author":{"name":"letsportsrock","@id":"https:\/\/www.letsportsrock.com\/#\/schema\/person\/a454ac24e58b214ddd97e4b5afb0bf01"},"headline":"Ve\u0219ti triste: FC Rapid Bucure\u0219ti a fost sanc\u021bionat\u0103 de SuperLiga din cauza unui&#8230;","datePublished":"2025-01-10T20:45:42+00:00","dateModified":"2025-01-10T20:47:53+00:00","mainEntityOfPage":{"@id":"https:\/\/www.letsportsrock.com\/?p=18325"},"wordCount":308,"commentCount":0,"image":{"@id":"https:\/\/www.letsportsrock.com\/?p=18325#primaryimage"},"thumbnailUrl":"https:\/\/www.letsportsrock.com\/wp-content\/uploads\/2025\/01\/images-2025-01-10T214714.511.jpeg","inLanguage":"en-US","potentialAction":[{"@type":"CommentAction","name":"Comment","target":["https:\/\/www.letsportsrock.com\/?p=18325#respond"]}]},{"@type":"WebPage","@id":"https:\/\/www.letsportsrock.com\/?p=18325","url":"https:\/\/www.letsportsrock.com\/?p=18325","name":"Ve\u0219ti triste: FC Rapid Bucure\u0219ti a fost sanc","isPartOf":{"@id":"https:\/\/www.letsportsrock.com\/#website"},"primaryImageOfPage":{"@id":"https:\/\/www.letsportsrock.com\/?p=18325#primaryimage"},"image":{"@id":"https:\/\/www.letsportsrock.com\/?p=18325#primaryimage"},"thumbnailUrl":"https:\/\/www.letsportsrock.com\/wp-content\/uploads\/2025\/01\/images-2025-01-10T214714.511.jpeg","datePublished":"2025-01-10T20:45:42+00:00","dateModified":"2025-01-10T20:47:53+00:00","author":{"@id":"https:\/\/www.letsportsrock.com\/#\/schema\/person\/a454ac24e58b214ddd97e4b5afb0bf01"},"description":"Ve\u0219ti triste: FC Rapid Bucure\u0219ti a fost sanc\u021bionat\u0103 de SuperLiga din cauza unui..............................","breadcrumb":{"@id":"https:\/\/www.letsportsrock.com\/?p=18325#breadcrumb"},"inLanguage":"en-US","potentialAction":[{"@type":"ReadAction","target":["https:\/\/www.letsportsrock.com\/?p=18325"]}]},{"@type":"ImageObject","inLanguage":"en-US","@id":"https:\/\/www.letsportsrock.com\/?p=18325#primaryimage","url":"https:\/\/www.letsportsrock.com\/wp-content\/uploads\/2025\/01\/images-2025-01-10T214714.511.jpeg","contentUrl":"https:\/\/www.letsportsrock.com\/wp-content\/uploads\/2025\/01\/images-2025-01-10T214714.511.jpeg","width":700,"height":420},{"@type":"BreadcrumbList","@id":"https:\/\/www.letsportsrock.com\/?p=18325#breadcrumb","itemListElement":[{"@type":"ListItem","position":1,"name":"Home","item":"https:\/\/www.letsportsrock.com\/"},{"@type":"ListItem","position":2,"name":"Ve\u0219ti triste: FC Rapid Bucure\u0219ti a fost sanc\u021bionat\u0103 de SuperLiga din cauza unui&#8230;"}]},{"@type":"WebSite","@id":"https:\/\/www.letsportsrock.com\/#website","url":"https:\/\/www.letsportsrock.com\/","name":"letsportsrock","description":"Sport News and Updates","potentialAction":[{"@type":"SearchAction","target":{"@type":"EntryPoint","urlTemplate":"https:\/\/www.letsportsrock.com\/?s={search_term_string}"},"query-input":{"@type":"PropertyValueSpecification","valueRequired":true,"valueName":"search_term_string"}}],"inLanguage":"en-US"},{"@type":"Person","@id":"https:\/\/www.letsportsrock.com\/#\/schema\/person\/a454ac24e58b214ddd97e4b5afb0bf01","name":"letsportsrock","image":{"@type":"ImageObject","inLanguage":"en-US","@id":"https:\/\/secure.gravatar.com\/avatar\/f8ef950cbb7574c0bc874094b8d307659bfe2d7aa4a9d26fa6917eff010748f9?s=96&d=mm&r=g","url":"https:\/\/secure.gravatar.com\/avatar\/f8ef950cbb7574c0bc874094b8d307659bfe2d7aa4a9d26fa6917eff010748f9?s=96&d=mm&r=g","contentUrl":"https:\/\/secure.gravatar.com\/avatar\/f8ef950cbb7574c0bc874094b8d307659bfe2d7aa4a9d26fa6917eff010748f9?s=96&d=mm&r=g","caption":"letsportsrock"},"sameAs":["https:\/\/www.letsportsrock.com"],"url":"https:\/\/www.letsportsrock.com\/?author=1"}]}},"jetpack_featured_media_url":"https:\/\/www.letsportsrock.com\/wp-content\/uploads\/2025\/01\/images-2025-01-10T214714.511.jpeg","jetpack_sharing_enabled":true,"_links":{"self":[{"href":"https:\/\/www.letsportsrock.com\/index.php?rest_route=\/wp\/v2\/posts\/18325","targetHints":{"allow":["GET"]}}],"collection":[{"href":"https:\/\/www.letsportsrock.com\/index.php?rest_route=\/wp\/v2\/posts"}],"about":[{"href":"https:\/\/www.letsportsrock.com\/index.php?rest_route=\/wp\/v2\/types\/post"}],"author":[{"embeddable":true,"href":"https:\/\/www.letsportsrock.com\/index.php?rest_route=\/wp\/v2\/users\/1"}],"replies":[{"embeddable":true,"href":"https:\/\/www.letsportsrock.com\/index.php?rest_route=%2Fwp%2Fv2%2Fcomments&post=18325"}],"version-history":[{"count":1,"href":"https:\/\/www.letsportsrock.com\/index.php?rest_route=\/wp\/v2\/posts\/18325\/revisions"}],"predecessor-version":[{"id":18326,"href":"https:\/\/www.letsportsrock.com\/index.php?rest_route=\/wp\/v2\/posts\/18325\/revisions\/18326"}],"wp:featuredmedia":[{"embeddable":true,"href":"https:\/\/www.letsportsrock.com\/index.php?rest_route=\/wp\/v2\/media\/18327"}],"wp:attachment":[{"href":"https:\/\/www.letsportsrock.com\/index.php?rest_route=%2Fwp%2Fv2%2Fmedia&parent=18325"}],"wp:term":[{"taxonomy":"category","embeddable":true,"href":"https:\/\/www.letsportsrock.com\/index.php?rest_route=%2Fwp%2Fv2%2Fcategories&post=18325"},{"taxonomy":"post_tag","embeddable":true,"href":"https:\/\/www.letsportsrock.com\/index.php?rest_route=%2Fwp%2Fv2%2Ftags&post=18325"}],"curies":[{"name":"wp","href":"https:\/\/api.w.org\/{rel}","templated":true}]}}