{"id":18336,"date":"2025-01-10T21:07:08","date_gmt":"2025-01-10T21:07:08","guid":{"rendered":"https:\/\/www.letsportsrock.com\/?p=18336"},"modified":"2025-01-10T21:07:08","modified_gmt":"2025-01-10T21:07:08","slug":"afacerea-s-a-incheiat-la-revedere-claudiu-petrila-isi-reziliaza-contractul-cu-fc-rapid-bucuresti-si-anunta-semnarea-cu-dinamo","status":"publish","type":"post","link":"https:\/\/www.letsportsrock.com\/?p=18336","title":{"rendered":"Afacerea s-a \u00eencheiat: \u201eLa revedere\u201d Claudiu Petrila \u00ee\u0219i reziliaz\u0103 contractul cu FC Rapid Bucure\u0219ti \u0219i anun\u021b\u0103 semnarea cu Dinamo&#8230;"},"content":{"rendered":"<div class=\"d79db4796efc26332eabfc3f5dafbc76\" data-index=\"1\" style=\"float: none; margin:10px 0 10px 0; text-align:center;\">\n<div class=\"hb-ad-inarticle\">\r\n    <div class=\"hb-ad-inner\"> \r\n    <div class=\"hbagency_cls\"  id=\"hbagency_space_111930\"><\/div><\/div> <\/div>\n<\/div>\n<p>Afacerea s-a \u00eencheiat: \u201eLa revedere\u201d Claudiu Petrila \u00ee\u0219i reziliaz\u0103 contractul cu FC Rapid Bucure\u0219ti \u0219i anun\u021b\u0103 semnarea cu Dinamo, \u00eentr-o mi\u0219care surprinz\u0103toare care a st\u00e2rnit reac\u021bii amestecate \u00een r\u00e2ndul suporterilor. Mijloca\u0219ul \u00een v\u00e2rst\u0103 de 24 de ani a ajuns la un acord cu clubul din Giule\u0219ti pentru rezilierea contractului, iar imediat dup\u0103, a confirmat semnarea unui nou angajament cu Dinamo Bucure\u0219ti.<\/p>\n<p>&nbsp;<\/p>\n<p>Decizia lui Petrila de a face acest pas a fost motivat\u0103 de dorin\u021ba de a se al\u0103tura unui alt proiect, dar \u0219i de oportunitatea de a juca pentru un club cu o istorie mare \u00een fotbalul rom\u00e2nesc. Dinamo, care se afl\u0103 \u00eentr-o perioad\u0103 de reconstruc\u021bie, l-a convins pe juc\u0103tor s\u0103 \u00ee\u0219i pun\u0103 semn\u0103tura pe un contract care \u00eel va leaga de echipa \u201ealb-ro\u0219ie\u201d pentru urm\u0103toarele sezoane.<\/p>\n<p>&nbsp;<\/p>\n<p>La Rapid, Petrila a avut momente bune, dar \u0219i dificult\u0103\u021bi \u00een a-\u0219i g\u0103si locul constant \u00een echip\u0103, av\u00e2nd \u00een vedere concuren\u021ba mare pentru posturile de titulari. Totu\u0219i, a demonstrat calit\u0103\u021bi remarcabile pe teren, fiind apreciat pentru viziunea sa de joc \u0219i abilit\u0103\u021bile tehnice.<\/p>\n<p>&nbsp;<\/p>\n<p>Pentru suporterii Rapidului, aceast\u0103 plecare reprezint\u0103 o pierdere semnificativ\u0103, mai ales \u00een contextul \u00een care clubul din Giule\u0219ti \u00ee\u0219i propune s\u0103 continue lupta pentru titlu \u0219i s\u0103 \u00ee\u0219i \u00eent\u0103reasc\u0103 lotul. \u00cen schimb, Dinamo sper\u0103 c\u0103 Petrila va aduce un plus de valoare \u0219i va contribui la revitalizarea echipei, av\u00e2nd \u00een vedere poten\u021bialul s\u0103u de a deveni un lider \u00een mijlocul terenului. Astfel, aceast\u0103 mutare marcheaz\u0103 o nou\u0103 etap\u0103 \u00een cariera lui Claudiu Petrila, care se va afla acum sub conducerea tehnic\u0103 a lui Ovidiu Burc\u0103 la Dinamo.<\/p>\n\n<div style=\"font-size: 0px; height: 0px; line-height: 0px; margin: 0; padding: 0; clear: both;\"><\/div>","protected":false},"excerpt":{"rendered":"<p>Afacerea s-a \u00eencheiat: \u201eLa revedere\u201d Claudiu Petrila \u00ee\u0219i reziliaz\u0103 contractul cu FC Rapid Bucure\u0219ti \u0219i anun\u021b\u0103 semnarea cu Dinamo, \u00eentr-o mi\u0219care surprinz\u0103toare care a st\u00e2rnit reac\u021bii amestecate \u00een r\u00e2ndul suporterilor. Mijloca\u0219ul \u00een v\u00e2rst\u0103 de 24 de ani a ajuns la un acord cu clubul din Giule\u0219ti pentru rezilierea contractului, iar imediat dup\u0103, a confirmat semnarea [&hellip;]<\/p>\n","protected":false},"author":1,"featured_media":18337,"comment_status":"open","ping_status":"open","sticky":false,"template":"","format":"standard","meta":{"_jetpack_memberships_contains_paid_content":false,"footnotes":""},"categories":[1],"tags":[],"class_list":["post-18336","post","type-post","status-publish","format-standard","has-post-thumbnail","hentry","category-uncategorized"],"yoast_head":"<!-- This site is optimized with the Yoast SEO plugin v27.5 - https:\/\/yoast.com\/product\/yoast-seo-wordpress\/ -->\n<title>Afacerea s-a \u00eencheiat: \u201eLa revedere\u201d Claudiu Petrila<\/title>\n<meta name=\"description\" content=\"Afacerea s-a \u00eencheiat: \u201eLa revedere\u201d Claudiu Petrila \u00ee\u0219i reziliaz\u0103 contractul cu FC Rapid Bucure\u0219ti \u0219i anun\u021b\u0103 semnarea cu Dinamo...\" \/>\n<meta name=\"robots\" content=\"index, follow, max-snippet:-1, max-image-preview:large, max-video-preview:-1\" \/>\n<link rel=\"canonical\" href=\"https:\/\/www.letsportsrock.com\/?p=18336\" \/>\n<meta property=\"og:locale\" content=\"en_US\" \/>\n<meta property=\"og:type\" content=\"article\" \/>\n<meta property=\"og:title\" content=\"Afacerea s-a \u00eencheiat: \u201eLa revedere\u201d Claudiu Petrila\" \/>\n<meta property=\"og:description\" content=\"Afacerea s-a \u00eencheiat: \u201eLa revedere\u201d Claudiu Petrila \u00ee\u0219i reziliaz\u0103 contractul cu FC Rapid Bucure\u0219ti \u0219i anun\u021b\u0103 semnarea cu Dinamo...\" \/>\n<meta property=\"og:url\" content=\"https:\/\/www.letsportsrock.com\/?p=18336\" \/>\n<meta property=\"og:site_name\" content=\"letsportsrock\" \/>\n<meta property=\"article:published_time\" content=\"2025-01-10T21:07:08+00:00\" \/>\n<meta property=\"og:image\" content=\"https:\/\/www.letsportsrock.com\/wp-content\/uploads\/2025\/01\/images-2025-01-10T220604.226.jpeg\" \/>\n\t<meta property=\"og:image:width\" content=\"739\" \/>\n\t<meta property=\"og:image:height\" content=\"415\" \/>\n\t<meta property=\"og:image:type\" content=\"image\/jpeg\" \/>\n<meta name=\"author\" content=\"letsportsrock\" \/>\n<meta name=\"twitter:card\" content=\"summary_large_image\" \/>\n<meta name=\"twitter:label1\" content=\"Written by\" \/>\n\t<meta name=\"twitter:data1\" content=\"letsportsrock\" \/>\n\t<meta name=\"twitter:label2\" content=\"Est. reading time\" \/>\n\t<meta name=\"twitter:data2\" content=\"2 minutes\" \/>\n<script type=\"application\/ld+json\" class=\"yoast-schema-graph\">{\"@context\":\"https:\\\/\\\/schema.org\",\"@graph\":[{\"@type\":\"Article\",\"@id\":\"https:\\\/\\\/www.letsportsrock.com\\\/?p=18336#article\",\"isPartOf\":{\"@id\":\"https:\\\/\\\/www.letsportsrock.com\\\/?p=18336\"},\"author\":{\"name\":\"letsportsrock\",\"@id\":\"https:\\\/\\\/www.letsportsrock.com\\\/#\\\/schema\\\/person\\\/a454ac24e58b214ddd97e4b5afb0bf01\"},\"headline\":\"Afacerea s-a \u00eencheiat: \u201eLa revedere\u201d Claudiu Petrila \u00ee\u0219i reziliaz\u0103 contractul cu FC Rapid Bucure\u0219ti \u0219i anun\u021b\u0103 semnarea cu Dinamo&#8230;\",\"datePublished\":\"2025-01-10T21:07:08+00:00\",\"mainEntityOfPage\":{\"@id\":\"https:\\\/\\\/www.letsportsrock.com\\\/?p=18336\"},\"wordCount\":310,\"commentCount\":0,\"image\":{\"@id\":\"https:\\\/\\\/www.letsportsrock.com\\\/?p=18336#primaryimage\"},\"thumbnailUrl\":\"https:\\\/\\\/www.letsportsrock.com\\\/wp-content\\\/uploads\\\/2025\\\/01\\\/images-2025-01-10T220604.226.jpeg\",\"inLanguage\":\"en-US\",\"potentialAction\":[{\"@type\":\"CommentAction\",\"name\":\"Comment\",\"target\":[\"https:\\\/\\\/www.letsportsrock.com\\\/?p=18336#respond\"]}]},{\"@type\":\"WebPage\",\"@id\":\"https:\\\/\\\/www.letsportsrock.com\\\/?p=18336\",\"url\":\"https:\\\/\\\/www.letsportsrock.com\\\/?p=18336\",\"name\":\"Afacerea s-a \u00eencheiat: \u201eLa revedere\u201d Claudiu Petrila\",\"isPartOf\":{\"@id\":\"https:\\\/\\\/www.letsportsrock.com\\\/#website\"},\"primaryImageOfPage\":{\"@id\":\"https:\\\/\\\/www.letsportsrock.com\\\/?p=18336#primaryimage\"},\"image\":{\"@id\":\"https:\\\/\\\/www.letsportsrock.com\\\/?p=18336#primaryimage\"},\"thumbnailUrl\":\"https:\\\/\\\/www.letsportsrock.com\\\/wp-content\\\/uploads\\\/2025\\\/01\\\/images-2025-01-10T220604.226.jpeg\",\"datePublished\":\"2025-01-10T21:07:08+00:00\",\"author\":{\"@id\":\"https:\\\/\\\/www.letsportsrock.com\\\/#\\\/schema\\\/person\\\/a454ac24e58b214ddd97e4b5afb0bf01\"},\"description\":\"Afacerea s-a \u00eencheiat: \u201eLa revedere\u201d Claudiu Petrila \u00ee\u0219i reziliaz\u0103 contractul cu FC Rapid Bucure\u0219ti \u0219i anun\u021b\u0103 semnarea cu Dinamo...\",\"breadcrumb\":{\"@id\":\"https:\\\/\\\/www.letsportsrock.com\\\/?p=18336#breadcrumb\"},\"inLanguage\":\"en-US\",\"potentialAction\":[{\"@type\":\"ReadAction\",\"target\":[\"https:\\\/\\\/www.letsportsrock.com\\\/?p=18336\"]}]},{\"@type\":\"ImageObject\",\"inLanguage\":\"en-US\",\"@id\":\"https:\\\/\\\/www.letsportsrock.com\\\/?p=18336#primaryimage\",\"url\":\"https:\\\/\\\/www.letsportsrock.com\\\/wp-content\\\/uploads\\\/2025\\\/01\\\/images-2025-01-10T220604.226.jpeg\",\"contentUrl\":\"https:\\\/\\\/www.letsportsrock.com\\\/wp-content\\\/uploads\\\/2025\\\/01\\\/images-2025-01-10T220604.226.jpeg\",\"width\":739,\"height\":415},{\"@type\":\"BreadcrumbList\",\"@id\":\"https:\\\/\\\/www.letsportsrock.com\\\/?p=18336#breadcrumb\",\"itemListElement\":[{\"@type\":\"ListItem\",\"position\":1,\"name\":\"Home\",\"item\":\"https:\\\/\\\/www.letsportsrock.com\\\/\"},{\"@type\":\"ListItem\",\"position\":2,\"name\":\"Afacerea s-a \u00eencheiat: \u201eLa revedere\u201d Claudiu Petrila \u00ee\u0219i reziliaz\u0103 contractul cu FC Rapid Bucure\u0219ti \u0219i anun\u021b\u0103 semnarea cu Dinamo&#8230;\"}]},{\"@type\":\"WebSite\",\"@id\":\"https:\\\/\\\/www.letsportsrock.com\\\/#website\",\"url\":\"https:\\\/\\\/www.letsportsrock.com\\\/\",\"name\":\"letsportsrock\",\"description\":\"Sport News and Updates\",\"potentialAction\":[{\"@type\":\"SearchAction\",\"target\":{\"@type\":\"EntryPoint\",\"urlTemplate\":\"https:\\\/\\\/www.letsportsrock.com\\\/?s={search_term_string}\"},\"query-input\":{\"@type\":\"PropertyValueSpecification\",\"valueRequired\":true,\"valueName\":\"search_term_string\"}}],\"inLanguage\":\"en-US\"},{\"@type\":\"Person\",\"@id\":\"https:\\\/\\\/www.letsportsrock.com\\\/#\\\/schema\\\/person\\\/a454ac24e58b214ddd97e4b5afb0bf01\",\"name\":\"letsportsrock\",\"image\":{\"@type\":\"ImageObject\",\"inLanguage\":\"en-US\",\"@id\":\"https:\\\/\\\/secure.gravatar.com\\\/avatar\\\/f8ef950cbb7574c0bc874094b8d307659bfe2d7aa4a9d26fa6917eff010748f9?s=96&d=mm&r=g\",\"url\":\"https:\\\/\\\/secure.gravatar.com\\\/avatar\\\/f8ef950cbb7574c0bc874094b8d307659bfe2d7aa4a9d26fa6917eff010748f9?s=96&d=mm&r=g\",\"contentUrl\":\"https:\\\/\\\/secure.gravatar.com\\\/avatar\\\/f8ef950cbb7574c0bc874094b8d307659bfe2d7aa4a9d26fa6917eff010748f9?s=96&d=mm&r=g\",\"caption\":\"letsportsrock\"},\"sameAs\":[\"https:\\\/\\\/www.letsportsrock.com\"],\"url\":\"https:\\\/\\\/www.letsportsrock.com\\\/?author=1\"}]}<\/script>\n<!-- \/ Yoast SEO plugin. -->","yoast_head_json":{"title":"Afacerea s-a \u00eencheiat: \u201eLa revedere\u201d Claudiu Petrila","description":"Afacerea s-a \u00eencheiat: \u201eLa revedere\u201d Claudiu Petrila \u00ee\u0219i reziliaz\u0103 contractul cu FC Rapid Bucure\u0219ti \u0219i anun\u021b\u0103 semnarea cu Dinamo...","robots":{"index":"index","follow":"follow","max-snippet":"max-snippet:-1","max-image-preview":"max-image-preview:large","max-video-preview":"max-video-preview:-1"},"canonical":"https:\/\/www.letsportsrock.com\/?p=18336","og_locale":"en_US","og_type":"article","og_title":"Afacerea s-a \u00eencheiat: \u201eLa revedere\u201d Claudiu Petrila","og_description":"Afacerea s-a \u00eencheiat: \u201eLa revedere\u201d Claudiu Petrila \u00ee\u0219i reziliaz\u0103 contractul cu FC Rapid Bucure\u0219ti \u0219i anun\u021b\u0103 semnarea cu Dinamo...","og_url":"https:\/\/www.letsportsrock.com\/?p=18336","og_site_name":"letsportsrock","article_published_time":"2025-01-10T21:07:08+00:00","og_image":[{"width":739,"height":415,"url":"https:\/\/www.letsportsrock.com\/wp-content\/uploads\/2025\/01\/images-2025-01-10T220604.226.jpeg","type":"image\/jpeg"}],"author":"letsportsrock","twitter_card":"summary_large_image","twitter_misc":{"Written by":"letsportsrock","Est. reading time":"2 minutes"},"schema":{"@context":"https:\/\/schema.org","@graph":[{"@type":"Article","@id":"https:\/\/www.letsportsrock.com\/?p=18336#article","isPartOf":{"@id":"https:\/\/www.letsportsrock.com\/?p=18336"},"author":{"name":"letsportsrock","@id":"https:\/\/www.letsportsrock.com\/#\/schema\/person\/a454ac24e58b214ddd97e4b5afb0bf01"},"headline":"Afacerea s-a \u00eencheiat: \u201eLa revedere\u201d Claudiu Petrila \u00ee\u0219i reziliaz\u0103 contractul cu FC Rapid Bucure\u0219ti \u0219i anun\u021b\u0103 semnarea cu Dinamo&#8230;","datePublished":"2025-01-10T21:07:08+00:00","mainEntityOfPage":{"@id":"https:\/\/www.letsportsrock.com\/?p=18336"},"wordCount":310,"commentCount":0,"image":{"@id":"https:\/\/www.letsportsrock.com\/?p=18336#primaryimage"},"thumbnailUrl":"https:\/\/www.letsportsrock.com\/wp-content\/uploads\/2025\/01\/images-2025-01-10T220604.226.jpeg","inLanguage":"en-US","potentialAction":[{"@type":"CommentAction","name":"Comment","target":["https:\/\/www.letsportsrock.com\/?p=18336#respond"]}]},{"@type":"WebPage","@id":"https:\/\/www.letsportsrock.com\/?p=18336","url":"https:\/\/www.letsportsrock.com\/?p=18336","name":"Afacerea s-a \u00eencheiat: \u201eLa revedere\u201d Claudiu Petrila","isPartOf":{"@id":"https:\/\/www.letsportsrock.com\/#website"},"primaryImageOfPage":{"@id":"https:\/\/www.letsportsrock.com\/?p=18336#primaryimage"},"image":{"@id":"https:\/\/www.letsportsrock.com\/?p=18336#primaryimage"},"thumbnailUrl":"https:\/\/www.letsportsrock.com\/wp-content\/uploads\/2025\/01\/images-2025-01-10T220604.226.jpeg","datePublished":"2025-01-10T21:07:08+00:00","author":{"@id":"https:\/\/www.letsportsrock.com\/#\/schema\/person\/a454ac24e58b214ddd97e4b5afb0bf01"},"description":"Afacerea s-a \u00eencheiat: \u201eLa revedere\u201d Claudiu Petrila \u00ee\u0219i reziliaz\u0103 contractul cu FC Rapid Bucure\u0219ti \u0219i anun\u021b\u0103 semnarea cu Dinamo...","breadcrumb":{"@id":"https:\/\/www.letsportsrock.com\/?p=18336#breadcrumb"},"inLanguage":"en-US","potentialAction":[{"@type":"ReadAction","target":["https:\/\/www.letsportsrock.com\/?p=18336"]}]},{"@type":"ImageObject","inLanguage":"en-US","@id":"https:\/\/www.letsportsrock.com\/?p=18336#primaryimage","url":"https:\/\/www.letsportsrock.com\/wp-content\/uploads\/2025\/01\/images-2025-01-10T220604.226.jpeg","contentUrl":"https:\/\/www.letsportsrock.com\/wp-content\/uploads\/2025\/01\/images-2025-01-10T220604.226.jpeg","width":739,"height":415},{"@type":"BreadcrumbList","@id":"https:\/\/www.letsportsrock.com\/?p=18336#breadcrumb","itemListElement":[{"@type":"ListItem","position":1,"name":"Home","item":"https:\/\/www.letsportsrock.com\/"},{"@type":"ListItem","position":2,"name":"Afacerea s-a \u00eencheiat: \u201eLa revedere\u201d Claudiu Petrila \u00ee\u0219i reziliaz\u0103 contractul cu FC Rapid Bucure\u0219ti \u0219i anun\u021b\u0103 semnarea cu Dinamo&#8230;"}]},{"@type":"WebSite","@id":"https:\/\/www.letsportsrock.com\/#website","url":"https:\/\/www.letsportsrock.com\/","name":"letsportsrock","description":"Sport News and Updates","potentialAction":[{"@type":"SearchAction","target":{"@type":"EntryPoint","urlTemplate":"https:\/\/www.letsportsrock.com\/?s={search_term_string}"},"query-input":{"@type":"PropertyValueSpecification","valueRequired":true,"valueName":"search_term_string"}}],"inLanguage":"en-US"},{"@type":"Person","@id":"https:\/\/www.letsportsrock.com\/#\/schema\/person\/a454ac24e58b214ddd97e4b5afb0bf01","name":"letsportsrock","image":{"@type":"ImageObject","inLanguage":"en-US","@id":"https:\/\/secure.gravatar.com\/avatar\/f8ef950cbb7574c0bc874094b8d307659bfe2d7aa4a9d26fa6917eff010748f9?s=96&d=mm&r=g","url":"https:\/\/secure.gravatar.com\/avatar\/f8ef950cbb7574c0bc874094b8d307659bfe2d7aa4a9d26fa6917eff010748f9?s=96&d=mm&r=g","contentUrl":"https:\/\/secure.gravatar.com\/avatar\/f8ef950cbb7574c0bc874094b8d307659bfe2d7aa4a9d26fa6917eff010748f9?s=96&d=mm&r=g","caption":"letsportsrock"},"sameAs":["https:\/\/www.letsportsrock.com"],"url":"https:\/\/www.letsportsrock.com\/?author=1"}]}},"jetpack_featured_media_url":"https:\/\/www.letsportsrock.com\/wp-content\/uploads\/2025\/01\/images-2025-01-10T220604.226.jpeg","jetpack_sharing_enabled":true,"_links":{"self":[{"href":"https:\/\/www.letsportsrock.com\/index.php?rest_route=\/wp\/v2\/posts\/18336","targetHints":{"allow":["GET"]}}],"collection":[{"href":"https:\/\/www.letsportsrock.com\/index.php?rest_route=\/wp\/v2\/posts"}],"about":[{"href":"https:\/\/www.letsportsrock.com\/index.php?rest_route=\/wp\/v2\/types\/post"}],"author":[{"embeddable":true,"href":"https:\/\/www.letsportsrock.com\/index.php?rest_route=\/wp\/v2\/users\/1"}],"replies":[{"embeddable":true,"href":"https:\/\/www.letsportsrock.com\/index.php?rest_route=%2Fwp%2Fv2%2Fcomments&post=18336"}],"version-history":[{"count":1,"href":"https:\/\/www.letsportsrock.com\/index.php?rest_route=\/wp\/v2\/posts\/18336\/revisions"}],"predecessor-version":[{"id":18338,"href":"https:\/\/www.letsportsrock.com\/index.php?rest_route=\/wp\/v2\/posts\/18336\/revisions\/18338"}],"wp:featuredmedia":[{"embeddable":true,"href":"https:\/\/www.letsportsrock.com\/index.php?rest_route=\/wp\/v2\/media\/18337"}],"wp:attachment":[{"href":"https:\/\/www.letsportsrock.com\/index.php?rest_route=%2Fwp%2Fv2%2Fmedia&parent=18336"}],"wp:term":[{"taxonomy":"category","embeddable":true,"href":"https:\/\/www.letsportsrock.com\/index.php?rest_route=%2Fwp%2Fv2%2Fcategories&post=18336"},{"taxonomy":"post_tag","embeddable":true,"href":"https:\/\/www.letsportsrock.com\/index.php?rest_route=%2Fwp%2Fv2%2Ftags&post=18336"}],"curies":[{"name":"wp","href":"https:\/\/api.w.org\/{rel}","templated":true}]}}